{"id":34978,"date":"2024-04-22T08:21:32","date_gmt":"2024-04-22T12:21:32","guid":{"rendered":"http:\/\/blogdalucianaoliveira.com.br\/blog\/?p=34978"},"modified":"2024-04-22T08:22:16","modified_gmt":"2024-04-22T12:22:16","slug":"conflitos-no-campo-atingem-maior-numero-ja-registrado-no-brasil-desde-1985","status":"publish","type":"post","link":"http:\/\/blogdalucianaoliveira.com.br\/blog\/2024\/04\/22\/conflitos-no-campo-atingem-maior-numero-ja-registrado-no-brasil-desde-1985\/","title":{"rendered":"Conflitos no campo atingem maior n\u00famero j\u00e1 registrado no Brasil desde 1985"},"content":{"rendered":"<p><img data-recalc-dims=\"1\" loading=\"lazy\" decoding=\"async\" data-attachment-id=\"34979\" data-permalink=\"http:\/\/blogdalucianaoliveira.com.br\/blog\/2024\/04\/22\/conflitos-no-campo-atingem-maior-numero-ja-registrado-no-brasil-desde-1985\/img_2259\/\" data-orig-file=\"https:\/\/i0.wp.com\/blogdalucianaoliveira.com.br\/blog\/wp-content\/uploads\/2024\/04\/IMG_2259.jpeg?fit=1170%2C966\" data-orig-size=\"1170,966\" data-comments-opened=\"0\" data-image-meta=\"{&quot;aperture&quot;:&quot;0&quot;,&quot;credit&quot;:&quot;&quot;,&quot;camera&quot;:&quot;&quot;,&quot;caption&quot;:&quot;&quot;,&quot;created_timestamp&quot;:&quot;0&quot;,&quot;copyright&quot;:&quot;&quot;,&quot;focal_length&quot;:&quot;0&quot;,&quot;iso&quot;:&quot;0&quot;,&quot;shutter_speed&quot;:&quot;0&quot;,&quot;title&quot;:&quot;&quot;,&quot;orientation&quot;:&quot;1&quot;}\" data-image-title=\"IMG_2259\" data-image-description=\"\" data-image-caption=\"\" data-medium-file=\"https:\/\/i0.wp.com\/blogdalucianaoliveira.com.br\/blog\/wp-content\/uploads\/2024\/04\/IMG_2259.jpeg?fit=300%2C248\" data-large-file=\"https:\/\/i0.wp.com\/blogdalucianaoliveira.com.br\/blog\/wp-content\/uploads\/2024\/04\/IMG_2259.jpeg?fit=600%2C495\" class=\"alignnone size-full wp-image-34979\" src=\"https:\/\/i0.wp.com\/blogdalucianaoliveira.com.br\/blog\/wp-content\/uploads\/2024\/04\/IMG_2259.jpeg?resize=600%2C495\" alt=\"\" width=\"600\" height=\"495\" srcset=\"https:\/\/i0.wp.com\/blogdalucianaoliveira.com.br\/blog\/wp-content\/uploads\/2024\/04\/IMG_2259.jpeg?w=1170 1170w, https:\/\/i0.wp.com\/blogdalucianaoliveira.com.br\/blog\/wp-content\/uploads\/2024\/04\/IMG_2259.jpeg?resize=300%2C248 300w, https:\/\/i0.wp.com\/blogdalucianaoliveira.com.br\/blog\/wp-content\/uploads\/2024\/04\/IMG_2259.jpeg?resize=1024%2C845 1024w, https:\/\/i0.wp.com\/blogdalucianaoliveira.com.br\/blog\/wp-content\/uploads\/2024\/04\/IMG_2259.jpeg?resize=768%2C634 768w, https:\/\/i0.wp.com\/blogdalucianaoliveira.com.br\/blog\/wp-content\/uploads\/2024\/04\/IMG_2259.jpeg?resize=363%2C300 363w\" sizes=\"auto, (max-width: 600px) 100vw, 600px\" \/><\/p>\n<div class=\"my-5 container\">\n<div class=\"row\">\n<div class=\"col\">\n<p class=\"lead fst-italic text-center\">Novo levantamento aponta aumento de ocorr\u00eancias de despejo judicial e viol\u00eancias causadas por governos estaduais<\/p>\n<\/div>\n<\/div>\n<\/div>\n<p><!--more--><\/p>\n<article id=\"post-159519\" class=\"post-159519 post type-post status-publish format-standard has-post-thumbnail hentry category-portugues tag-amazonia tag-conflitos-no-campo tag-direitos-humanos tag-politica tag-violencia editorial-socioambiental editorial-violencia publica3_post_type-reportagem\">\n<div id=\"content\" class=\"container\" tabindex=\"-1\">\n<div class=\"row\">\n<div id=\"primary\" class=\"col-md content-area\">\n<p><small>A P\u00fablica &#8211;\u00a0 <\/small><span class=\"highlighter\"><span class=\"bg-primary\">O Brasil teve 2.203 conflitos no campo em 2023, o maior n\u00famero j\u00e1 registrado desde 1985<\/span><\/span>, quando come\u00e7aram os levantamentos da Comiss\u00e3o Pastoral da Terra (CPT). No ano passado, os despejos judiciais no meio rural quase triplicaram e as viol\u00eancias causadas por agentes dos governos estaduais mais que dobraram, embora empres\u00e1rios e grileiros continuem liderando as agress\u00f5es.<\/p>\n<div class=\"mb-5\">\n<div class=\"row\">\n<div class=\"col-12 col-md-9 col-lg-8\">\n<div class=\"entry-content fs-5 fst-serif-alt lh-md mb-5\">\n<div id=\"entry-content-wrap\">\n<p>Os dados s\u00e3o do relat\u00f3rio Conflitos no Campo 2023, da CPT, divulgado nesta segunda-feira. A publica\u00e7\u00e3o destaca o n\u00famero recorde de conflitos no campo no Brasil, que envolveram 950 mil pessoas no ano passado. At\u00e9 ent\u00e3o, a maior quantidade de ocorr\u00eancias havia sido registrada em 2020, com 2.130 casos. A regi\u00e3o Norte lidera com 810 conflitos, seguida pela Nordeste (665), Centro-Oeste (353), Sudeste (207) e Sul (168).<\/p>\n<div class=\"py-4 px-0 px-md-4\">\n<div class=\"bg-primary py-2 px-4\">\n<h2 class=\"h5 m-0 fw-bold text-dark text-uppercase\">POR QUE ISSO IMPORTA?<\/h2>\n<\/div>\n<div class=\"bg-light border p-4 border-1 border-primary\">\n<ul class=\"m-0\">\n<li>O levantamento de conflitos no campo feito pela Comiss\u00e3o Pastoral da Terra (CPT) \u00e9 uma das \u00fanicas bases de dados desse tipo no pa\u00eds. Ele serve como indicador para viol\u00eancia no ambiente rural, realidade que afeta milhares de fam\u00edlias no Brasil<\/li>\n<\/ul>\n<\/div>\n<\/div>\n<figure class=\"wp-block-image size-full\">\n<div class=\"image-and-source position-relative\">\n<div class=\"inline-image-source image-source text-end text-light position-absolute m-1 d-flex align-items-center justify-content-center border-0\"><\/div>\n<p><a class=\"border-0\" href=\"https:\/\/apublica.org\/2024\/04\/conflitos-no-campo-atingem-maior-numero-ja-registrado-no-brasil-desde-1985\/#_\"><img loading=\"lazy\" decoding=\"async\" class=\"wp-image-159523\" src=\"https:\/\/i0.wp.com\/apublica.org\/wp-content\/uploads\/2024\/04\/Infografico1-Conflitos-no-campo-atingem-maior-numero-ja-registrado-no-Brasil-desde-1985.png?resize=640%2C894&amp;ssl=1\" sizes=\"auto, (max-width: 709px) 85vw, (max-width: 909px) 67vw, (max-width: 1362px) 62vw, 840px\" srcset=\"https:\/\/i0.wp.com\/apublica.org\/wp-content\/uploads\/2024\/04\/Infografico1-Conflitos-no-campo-atingem-maior-numero-ja-registrado-no-Brasil-desde-1985.png?w=1366&amp;ssl=1 1366w, https:\/\/i0.wp.com\/apublica.org\/wp-content\/uploads\/2024\/04\/Infografico1-Conflitos-no-campo-atingem-maior-numero-ja-registrado-no-Brasil-desde-1985.png?resize=429%2C600&amp;ssl=1 429w, https:\/\/i0.wp.com\/apublica.org\/wp-content\/uploads\/2024\/04\/Infografico1-Conflitos-no-campo-atingem-maior-numero-ja-registrado-no-Brasil-desde-1985.png?resize=859%2C1200&amp;ssl=1 859w, https:\/\/i0.wp.com\/apublica.org\/wp-content\/uploads\/2024\/04\/Infografico1-Conflitos-no-campo-atingem-maior-numero-ja-registrado-no-Brasil-desde-1985.png?resize=1099%2C1536&amp;ssl=1 1099w, https:\/\/i0.wp.com\/apublica.org\/wp-content\/uploads\/2024\/04\/Infografico1-Conflitos-no-campo-atingem-maior-numero-ja-registrado-no-Brasil-desde-1985.png?resize=150%2C210&amp;ssl=1 150w, https:\/\/i0.wp.com\/apublica.org\/wp-content\/uploads\/2024\/04\/Infografico1-Conflitos-no-campo-atingem-maior-numero-ja-registrado-no-Brasil-desde-1985.png?w=1280&amp;ssl=1 1280w\" alt=\"Infogr\u00e1fico mostra n\u00famero de conflitos no campo ano a ano\" width=\"640\" height=\"894\" data-recalc-dims=\"1\" \/><\/a><\/p>\n<\/div>\n<\/figure>\n<p><span class=\"highlighter\"><span class=\"bg-primary\">Do total de ocorr\u00eancias, 78,2%, ou 1.724 conflitos, foram relacionados a disputas pela terra<\/span><\/span>; 11,4% foram motivados pela \u00e1gua; e 10,4% tiveram rela\u00e7\u00e3o com o trabalho. Com mais de 187 mil fam\u00edlias atingidas, a quantidade de conflitos pela terra tamb\u00e9m \u00e9 a maior da s\u00e9rie hist\u00f3rica.<\/p>\n<p>O estado que mais teve conflitos agr\u00e1rios foi a Bahia, com 202 casos. O Par\u00e1 fica em segundo lugar, com 183 registros. Na terceira posi\u00e7\u00e3o, vem o Maranh\u00e3o, com 171 conflitos. Na sequ\u00eancia, Rond\u00f4nia registrou 162 viol\u00eancias pela terra e Goi\u00e1s ocupa o quinto lugar da lista, com 140.<\/p>\n<figure class=\"wp-block-image size-full\">\n<div class=\"image-and-source position-relative\">\n<div class=\"inline-image-source image-source text-end text-light position-absolute m-1 d-flex align-items-center justify-content-center border-0\"><\/div>\n<p><a class=\"border-0\" href=\"https:\/\/apublica.org\/2024\/04\/conflitos-no-campo-atingem-maior-numero-ja-registrado-no-brasil-desde-1985\/#_\"><img loading=\"lazy\" decoding=\"async\" class=\"wp-image-159525\" src=\"https:\/\/i0.wp.com\/apublica.org\/wp-content\/uploads\/2024\/04\/Infografico2-Conflitos-no-campo-atingem-maior-numero-ja-registrado-no-Brasil-desde-1985.png?resize=640%2C756&amp;ssl=1\" sizes=\"auto, (max-width: 709px) 85vw, (max-width: 909px) 67vw, (max-width: 1362px) 62vw, 840px\" srcset=\"https:\/\/i0.wp.com\/apublica.org\/wp-content\/uploads\/2024\/04\/Infografico2-Conflitos-no-campo-atingem-maior-numero-ja-registrado-no-Brasil-desde-1985.png?w=1366&amp;ssl=1 1366w, https:\/\/i0.wp.com\/apublica.org\/wp-content\/uploads\/2024\/04\/Infografico2-Conflitos-no-campo-atingem-maior-numero-ja-registrado-no-Brasil-desde-1985.png?resize=508%2C600&amp;ssl=1 508w, https:\/\/i0.wp.com\/apublica.org\/wp-content\/uploads\/2024\/04\/Infografico2-Conflitos-no-campo-atingem-maior-numero-ja-registrado-no-Brasil-desde-1985.png?resize=1016%2C1200&amp;ssl=1 1016w, https:\/\/i0.wp.com\/apublica.org\/wp-content\/uploads\/2024\/04\/Infografico2-Conflitos-no-campo-atingem-maior-numero-ja-registrado-no-Brasil-desde-1985.png?resize=1300%2C1536&amp;ssl=1 1300w, https:\/\/i0.wp.com\/apublica.org\/wp-content\/uploads\/2024\/04\/Infografico2-Conflitos-no-campo-atingem-maior-numero-ja-registrado-no-Brasil-desde-1985.png?resize=150%2C177&amp;ssl=1 150w\" alt=\"Mapa mostra conflitos no campo por regi\u00e3o no Brasil\" width=\"640\" height=\"756\" data-recalc-dims=\"1\" \/><\/a><\/p>\n<\/div>\n<\/figure>\n<p>Apesar do recorde de conflitos, as a\u00e7\u00f5es de resist\u00eancia tamb\u00e9m se intensificaram. Foram concretizadas 119 novas ocupa\u00e7\u00f5es e retomadas de territ\u00f3rios, um crescimento de 60,8% em rela\u00e7\u00e3o a 2022. Um aumento ainda maior foi verificado na quantidade de novos acampamentos de posseiros e sem-terra, com 17, ou 240% a mais do que no per\u00edodo anterior.<\/p>\n<h3 class=\"wp-block-heading\"><strong>Viol\u00eancias causadas por governos estaduais mais que dobram, mas fazendeiros ainda s\u00e3o maiores agressores<\/strong><\/h3>\n<p><span class=\"highlighter\"><span class=\"bg-primary\">A quantidade de viol\u00eancias perpetradas por agentes dos governos estaduais mais que dobrou em um ano<\/span><\/span>, passando de 63 em 2022 para 132 em 2023. A maior parte envolveu a\u00e7\u00f5es policiais de intimida\u00e7\u00e3o armada e amea\u00e7as variadas, com 103 epis\u00f3dios.<\/p>\n<p>Os estados de Goi\u00e1s e Bahia estiveram \u00e0 frente neste recorte, seguidos por Mato Grosso do Sul, Tocantins, Maranh\u00e3o e Rond\u00f4nia. A CPT denuncia que esses governos t\u00eam intensificado a repress\u00e3o policial contra acampamentos, assentamentos, comunidades quilombolas e terras ind\u00edgenas.<\/p>\n<p>No mesmo per\u00edodo, as viol\u00eancias causadas pelo governo federal ca\u00edram 27%, com 175 ocorr\u00eancias em 2023, primeiro ano da gest\u00e3o Lula. Elas chegaram a 240 no ano anterior, \u00faltimo do mandato de Bolsonaro.<\/p>\n<div class=\"entry-content fs-5 fst-serif-alt lh-md mb-5\">\n<div id=\"entry-content-wrap\">\n<p>Apesar dessa queda e da amplia\u00e7\u00e3o do di\u00e1logo do governo atual com os movimentos sociais, por meio da reestrutura\u00e7\u00e3o de minist\u00e9rios como o do Desenvolvimento Agr\u00e1rio, Direitos Humanos e Justi\u00e7a e a cria\u00e7\u00e3o do Minist\u00e9rio dos Povos Ind\u00edgenas, a CPT avalia que \u201cisto n\u00e3o se refletiu em avan\u00e7os na conquista de direitos pelas popula\u00e7\u00f5es camponesas e tradicionais, como a reforma agr\u00e1ria e a demarca\u00e7\u00e3o das terras ind\u00edgenas\u201d.<\/p>\n<p>Ainda assim, <span class=\"highlighter\"><span class=\"bg-primary\">os maiores causadores de viol\u00eancia no campo s\u00e3o fazendeiros, empres\u00e1rios e grileiros.<\/span><\/span> Juntos, eles respondem por 59,9% de todos os conflitos por terras em 2023. Foram 495 causados por fazendeiros, 313 por empres\u00e1rios e 144 por grileiros.<\/p>\n<h3 class=\"wp-block-heading\"><strong>Despejo judicial no campo quase triplica em um ano<\/strong><\/h3>\n<p>As ocorr\u00eancias de despejo judicial no campo dispararam 194% entre 2022 e 2023, passando de 17 para 50 casos concretizados, que desalojaram mais de 5 mil fam\u00edlias. As amea\u00e7as de despejo tiveram aumento de 32,6%, com 183 registros em 2023, 45 a mais do que no per\u00edodo anterior, e deixaram 21 mil\u00a0 fam\u00edlias sob a expectativa de n\u00e3o ter um local para viver.<\/p>\n<p>De acordo com o relat\u00f3rio, a Bahia \u00e9 l\u00edder isolada em n\u00famero de fam\u00edlias efetivamente despejadas, com 2,9 mil \u2013 mais da metade do total do pa\u00eds.<\/p>\n<p>Quando o recorte \u00e9 a quantidade de fam\u00edlias amea\u00e7adas de despejo, Rond\u00f4nia assume o primeiro lugar, com 7,1 mil fam\u00edlias, seguido pela Bahia, que tem 3,4 mil fam\u00edlias nesta condi\u00e7\u00e3o. Somados, esses estados concentram 48% da popula\u00e7\u00e3o amea\u00e7ada por despejos no campo.<\/p>\n<figure class=\"wp-block-image size-full\">\n<div class=\"image-and-source position-relative\">\n<div class=\"inline-image-source image-source text-end text-light position-absolute m-1 d-flex align-items-center justify-content-center border-0\"><\/div>\n<p><a class=\"border-0\" href=\"https:\/\/apublica.org\/2024\/04\/conflitos-no-campo-atingem-maior-numero-ja-registrado-no-brasil-desde-1985\/#_\"><img loading=\"lazy\" decoding=\"async\" class=\"wp-image-159526\" src=\"https:\/\/i0.wp.com\/apublica.org\/wp-content\/uploads\/2024\/04\/Infografico3-Conflitos-no-campo-atingem-maior-numero-ja-registrado-no-Brasil-desde-1985.png?resize=640%2C543&amp;ssl=1\" sizes=\"auto, (max-width: 709px) 85vw, (max-width: 909px) 67vw, (max-width: 1362px) 62vw, 840px\" srcset=\"https:\/\/i0.wp.com\/apublica.org\/wp-content\/uploads\/2024\/04\/Infografico3-Conflitos-no-campo-atingem-maior-numero-ja-registrado-no-Brasil-desde-1985.png?w=1366&amp;ssl=1 1366w, https:\/\/i0.wp.com\/apublica.org\/wp-content\/uploads\/2024\/04\/Infografico3-Conflitos-no-campo-atingem-maior-numero-ja-registrado-no-Brasil-desde-1985.png?resize=707%2C600&amp;ssl=1 707w, https:\/\/i0.wp.com\/apublica.org\/wp-content\/uploads\/2024\/04\/Infografico3-Conflitos-no-campo-atingem-maior-numero-ja-registrado-no-Brasil-desde-1985.png?resize=150%2C127&amp;ssl=1 150w, https:\/\/i0.wp.com\/apublica.org\/wp-content\/uploads\/2024\/04\/Infografico3-Conflitos-no-campo-atingem-maior-numero-ja-registrado-no-Brasil-desde-1985.png?w=1280&amp;ssl=1 1280w\" alt=\"Infogr\u00e1fico mostra n\u00famero de despejos judiciais no campo em 2022 e 2023\" width=\"640\" height=\"543\" data-recalc-dims=\"1\" \/><\/a><\/p>\n<\/div>\n<\/figure>\n<p>A CPT atribui esse crescimento ao fim da suspens\u00e3o de despejos coletivos, instaurado pela Argui\u00e7\u00e3o de Descumprimento de Poder Fundamental 828, que esteve em vigor entre 2020 e 2022. A medida tinha o objetivo de evitar impactos maiores da pandemia da covid-19 junto \u00e0s popula\u00e7\u00f5es vulner\u00e1veis.<\/p>\n<h3 class=\"wp-block-heading\"><strong>Assassinatos de mulheres aumentam<\/strong><\/h3>\n<p>31 assassinatos foram registrados em conflitos no campo no Brasil em 2023, o que corresponde a uma redu\u00e7\u00e3o de 34% em rela\u00e7\u00e3o ao ano anterior.<\/p>\n<p>A situa\u00e7\u00e3o, no entanto, n\u00e3o \u00e9 uniforme. Na regi\u00e3o da tr\u00edplice fronteira entre Amazonas, Acre e Rond\u00f4nia, conhecida como Amacro, houve oito assassinatos, o mesmo n\u00famero observado em 2022, sendo cinco causados por grileiros.<\/p>\n<p>\u201cPrometida como \u2018modelo\u2019 de desenvolvimento com foco na sociobiodiversidade, [a regi\u00e3o de Amacro] tornou-se epicentro de <span class=\"glossaryLink\" style=\"box-sizing: border-box; padding: 0px 0.25rem; transition: all 0.25s ease-in-out 0s; border-image: none !important; text-decoration: none !important; color: #000000 !important; border-width: 1px !important 1px !important 1px 1px !important; border-color: #ffd400 !important #ffd400 !important #000000 #ffd400 !important; border-style: solid !important solid !important dotted solid !important;\" tabindex=\"0\" role=\"link\" aria-describedby=\"tt\" data-cmtooltip=\"&lt;div class=glossaryItemTitle&gt;Grilagem&lt;\/div&gt;&lt;div class=glossaryItemBody&gt;&amp;lt;!-- wp:tadv\/classic-paragraph --&amp;gt;Posse ilegal de \u00e1reas p\u00fablicas com documenta\u00e7\u00e3o forjada&amp;lt;br\/&amp;gt;&amp;lt;!-- \/wp:tadv\/classic-paragraph --&amp;gt;&lt;\/div&gt;\" data-gt-translate-attributes=\"[{&quot;attribute&quot;:&quot;data-cmtooltip&quot;, &quot;format&quot;:&quot;html&quot;}]\">grilagem<\/span> para explora\u00e7\u00e3o madeireira e cria\u00e7\u00e3o de gado, com altas taxas de desmatamento, queimadas e conflitos\u201d, afirma o relat\u00f3rio.<\/p>\n<p>Quando se analisa os assassinatos de mulheres no campo, a tend\u00eancia \u00e9 de crescimento. Sete mulheres foram executadas em 2023, 16,7% a mais do que no per\u00edodo anterior. Um dos casos que ganhou maior notoriedade foi o de M\u00e3e Bernadete, l\u00edder quilombola morta a tiros em agosto passado, na Bahia.<\/p>\n<h3 class=\"wp-block-heading\"><strong>Ind\u00edgenas s\u00e3o os mais afetados por conflitos envolvendo projetos de cr\u00e9dito de carbono\u00a0<\/strong><\/h3>\n<p><span class=\"highlighter\"><span class=\"bg-primary\">Dentre os conflitos pela terra, os ind\u00edgenas continuam sendo a categoria que mais sofreu viol\u00eancias,<\/span><\/span> com 470 ocorr\u00eancias, ou 29,6% do total registrado em 2023. Tamb\u00e9m s\u00e3o o grupo mais assassinado no meio rural, com 45% do montante de v\u00edtimas.<\/p>\n<p>Os conflitos que envolvem projetos de cr\u00e9ditos de carbono, destinados a compensar as emiss\u00f5es de empresas poluidoras, atingiram 23 localidades diferentes naquele ano, implicando uma \u00e1rea de 9,7 milh\u00f5es de hectares do territ\u00f3rio nacional. Par\u00e1 e Rond\u00f4nia concentram 94% desse total.<\/p>\n<p>Grande parte dessas \u00e1reas, ou 88,4%, fazem parte de terras ind\u00edgenas. Em segundo lugar, aparecem as unidades de conserva\u00e7\u00e3o, com 7,6%, e por fim os assentamentos (3,4%).<\/p>\n<\/div>\n<\/div>\n<div class=\"mb-5\">Edi\u00e7\u00e3o: <a class=\"storyAuthor\" href=\"https:\/\/apublica.org\/autor\/bruno-fonseca\/\" data-user=\"11\">Bruno Fonseca<\/a><\/div>\n<div class=\"py-5\">\n<section id=\"block-30\" class=\"widget widget_block\">\n<div class=\"wp-block-group text-light bg-secondary p-3 mb-5 lh-md fs-5\">\n<div class=\"wp-block-group__inner-container is-layout-flow wp-block-group-is-layout-flow\">\n<p>&nbsp;<\/p>\n<\/div>\n<\/div>\n<\/section>\n<\/div>\n<\/div>\n<\/div>\n<\/div>\n<\/div>\n<\/div>\n<p>&nbsp;<\/p>\n<\/div>\n<\/div>\n<\/div>\n<\/article>\n","protected":false},"excerpt":{"rendered":"<p>Novo levantamento aponta aumento de ocorr\u00eancias de despejo judicial e viol\u00eancias causadas por governos estaduais<\/p>\n","protected":false},"author":1,"featured_media":0,"comment_status":"closed","ping_status":"open","sticky":false,"template":"","format":"standard","meta":{"_exactmetrics_skip_tracking":false,"_exactmetrics_sitenote_active":false,"_exactmetrics_sitenote_note":"","_exactmetrics_sitenote_category":0,"jetpack_post_was_ever_published":false,"_jetpack_newsletter_access":"","_jetpack_dont_email_post_to_subs":false,"_jetpack_newsletter_tier_id":0,"_jetpack_memberships_contains_paywalled_content":false,"_jetpack_memberships_contains_paid_content":false,"footnotes":"","jetpack_publicize_message":"","jetpack_publicize_feature_enabled":true,"jetpack_social_post_already_shared":true,"jetpack_social_options":{"image_generator_settings":{"template":"highway","enabled":false},"version":2}},"categories":[1],"tags":[921,619,34],"class_list":["post-34978","post","type-post","status-publish","format-standard","hentry","category-notas","tag-conflitos-no-campo","tag-cpt","tag-violencia"],"jetpack_publicize_connections":[],"jetpack_sharing_enabled":true,"jetpack_featured_media_url":"","jetpack_shortlink":"https:\/\/wp.me\/p7wKYW-96a","jetpack-related-posts":[],"_links":{"self":[{"href":"http:\/\/blogdalucianaoliveira.com.br\/blog\/wp-json\/wp\/v2\/posts\/34978","targetHints":{"allow":["GET"]}}],"collection":[{"href":"http:\/\/blogdalucianaoliveira.com.br\/blog\/wp-json\/wp\/v2\/posts"}],"about":[{"href":"http:\/\/blogdalucianaoliveira.com.br\/blog\/wp-json\/wp\/v2\/types\/post"}],"author":[{"embeddable":true,"href":"http:\/\/blogdalucianaoliveira.com.br\/blog\/wp-json\/wp\/v2\/users\/1"}],"replies":[{"embeddable":true,"href":"http:\/\/blogdalucianaoliveira.com.br\/blog\/wp-json\/wp\/v2\/comments?post=34978"}],"version-history":[{"count":2,"href":"http:\/\/blogdalucianaoliveira.com.br\/blog\/wp-json\/wp\/v2\/posts\/34978\/revisions"}],"predecessor-version":[{"id":34981,"href":"http:\/\/blogdalucianaoliveira.com.br\/blog\/wp-json\/wp\/v2\/posts\/34978\/revisions\/34981"}],"wp:attachment":[{"href":"http:\/\/blogdalucianaoliveira.com.br\/blog\/wp-json\/wp\/v2\/media?parent=34978"}],"wp:term":[{"taxonomy":"category","embeddable":true,"href":"http:\/\/blogdalucianaoliveira.com.br\/blog\/wp-json\/wp\/v2\/categories?post=34978"},{"taxonomy":"post_tag","embeddable":true,"href":"http:\/\/blogdalucianaoliveira.com.br\/blog\/wp-json\/wp\/v2\/tags?post=34978"}],"curies":[{"name":"wp","href":"https:\/\/api.w.org\/{rel}","templated":true}]}}