{"id":34995,"date":"2024-04-24T13:21:29","date_gmt":"2024-04-24T17:21:29","guid":{"rendered":"http:\/\/blogdalucianaoliveira.com.br\/blog\/?p=34995"},"modified":"2024-04-24T13:21:29","modified_gmt":"2024-04-24T17:21:29","slug":"anderson-benvindo-a-ressonancia-de-rondonia-no-cenario-internacional-sem-apoio-do-poder-publico","status":"publish","type":"post","link":"http:\/\/blogdalucianaoliveira.com.br\/blog\/2024\/04\/24\/anderson-benvindo-a-ressonancia-de-rondonia-no-cenario-internacional-sem-apoio-do-poder-publico\/","title":{"rendered":"Anderson Benvindo: A Resson\u00e2ncia de Rond\u00f4nia no cen\u00e1rio internacional sem apoio do poder p\u00fablico"},"content":{"rendered":"<p><img data-recalc-dims=\"1\" loading=\"lazy\" decoding=\"async\" data-attachment-id=\"34998\" data-permalink=\"http:\/\/blogdalucianaoliveira.com.br\/blog\/2024\/04\/24\/anderson-benvindo-a-ressonancia-de-rondonia-no-cenario-internacional-sem-apoio-do-poder-publico\/img_2342\/\" data-orig-file=\"https:\/\/i0.wp.com\/blogdalucianaoliveira.com.br\/blog\/wp-content\/uploads\/2024\/04\/IMG_2342.jpeg?fit=960%2C640\" data-orig-size=\"960,640\" data-comments-opened=\"0\" data-image-meta=\"{&quot;aperture&quot;:&quot;0&quot;,&quot;credit&quot;:&quot;&quot;,&quot;camera&quot;:&quot;&quot;,&quot;caption&quot;:&quot;&quot;,&quot;created_timestamp&quot;:&quot;0&quot;,&quot;copyright&quot;:&quot;&quot;,&quot;focal_length&quot;:&quot;0&quot;,&quot;iso&quot;:&quot;0&quot;,&quot;shutter_speed&quot;:&quot;0&quot;,&quot;title&quot;:&quot;&quot;,&quot;orientation&quot;:&quot;1&quot;}\" data-image-title=\"IMG_2342\" data-image-description=\"\" data-image-caption=\"\" data-medium-file=\"https:\/\/i0.wp.com\/blogdalucianaoliveira.com.br\/blog\/wp-content\/uploads\/2024\/04\/IMG_2342.jpeg?fit=300%2C200\" data-large-file=\"https:\/\/i0.wp.com\/blogdalucianaoliveira.com.br\/blog\/wp-content\/uploads\/2024\/04\/IMG_2342.jpeg?fit=600%2C400\" class=\"alignnone size-full wp-image-34998\" src=\"https:\/\/i0.wp.com\/blogdalucianaoliveira.com.br\/blog\/wp-content\/uploads\/2024\/04\/IMG_2342.jpeg?resize=600%2C400\" alt=\"\" width=\"600\" height=\"400\" srcset=\"https:\/\/i0.wp.com\/blogdalucianaoliveira.com.br\/blog\/wp-content\/uploads\/2024\/04\/IMG_2342.jpeg?w=960 960w, https:\/\/i0.wp.com\/blogdalucianaoliveira.com.br\/blog\/wp-content\/uploads\/2024\/04\/IMG_2342.jpeg?resize=300%2C200 300w, https:\/\/i0.wp.com\/blogdalucianaoliveira.com.br\/blog\/wp-content\/uploads\/2024\/04\/IMG_2342.jpeg?resize=768%2C512 768w, https:\/\/i0.wp.com\/blogdalucianaoliveira.com.br\/blog\/wp-content\/uploads\/2024\/04\/IMG_2342.jpeg?resize=450%2C300 450w\" sizes=\"auto, (max-width: 600px) 100vw, 600px\" \/><\/p>\n<p><strong>Rond\u00f4nia Din\u00e2mica, por Vin\u00edcius Canova \u2013 <\/strong>Anderson Benvindo, de Porto Velho, Rond\u00f4nia, tem desempenhado um papel fundamental na perpetua\u00e7\u00e3o e na inova\u00e7\u00e3o da tradi\u00e7\u00e3o musical de sua fam\u00edlia, estabelecendo-se como um multi-instrumentista influente no cen\u00e1rio global.<!--more--><\/p>\n<p>Filho do compositor p\u00f3s-tropicalista Aderson Benvindo Pereira, que deixou sua marca com colabora\u00e7\u00f5es not\u00e1veis, como a com Tom Z\u00e9 e a banda Perfume Azul do Sol, Anderson absorveu a ess\u00eancia musical que reverbera em seu trabalho diversificado e rico. Este \u00faltimo, uma figura lend\u00e1ria no cen\u00e1rio musical local, deixou um legado de composi\u00e7\u00f5es inesquec\u00edveis e jingles que se tornaram trilha sonora da vida dos rondonienses, como os temas da Papelaria Prisma e Eletrotel, e a marchinha para a banda do Vai Quem Quer.<\/p>\n<p><img data-recalc-dims=\"1\" decoding=\"async\" src=\"https:\/\/i0.wp.com\/www.rondoniadinamica.com\/uploads\/01_358.jpg?w=600&#038;ssl=1\" alt=\"\" \/><\/p>\n<p>Anderson possui um s\u00f3lido embasamento acad\u00eamico, sendo licenciado em m\u00fasica pela Universidade Federal de Rond\u00f4nia e especialista em Trilha Sonora pela Academia Internacional de Cinema. A amplitude de seu talento se reflete na diversidade de seus projetos, que abrangem desde a dire\u00e7\u00e3o musical em teatros e filmes at\u00e9 a composi\u00e7\u00e3o de trilhas sonoras envolventes. Em 2021, ele lan\u00e7ou dois \u00e1lbuns, &#8220;Terra Firme&#8221; com a banda Benvindo ao Pac\u00edfico e &#8220;Entortando o Clich\u00ea&#8221; com a Soda Ac\u00fastica, ambos demonstrando sua habilidade de transcender os g\u00eaneros musicais tradicionais.<\/p>\n<p><img data-recalc-dims=\"1\" decoding=\"async\" src=\"https:\/\/i0.wp.com\/www.rondoniadinamica.com\/uploads\/02_337.jpg?w=600&#038;ssl=1\" alt=\"\" \/><\/p>\n<p>Al\u00e9m de suas contribui\u00e7\u00f5es para o cinema e o teatro, Anderson se destaca tamb\u00e9m no campo acad\u00eamico e comunit\u00e1rio. Ele atua como diretor musical na School of Rock Porto Velho, onde inspira jovens m\u00fasicos, e colabora em pesquisas sobre paisagens sonoras amaz\u00f4nicas. Seu engajamento em projetos como o \u201cMapa Sonoro de Porto Velho\u201d evidencia sua dedica\u00e7\u00e3o em capturar e preservar a riqueza sonora de sua regi\u00e3o.<\/p>\n<p>Recentemente, Anderson teve a oportunidade de levar sua arte para um dos maiores palcos mundiais com a exposi\u00e7\u00e3o na Fran\u00e7a, onde apresentou sua obra em um festival renomado. A pe\u00e7a, uma fus\u00e3o de concerto e performance sonora, explora a m\u00fasica acusm\u00e1tica e convida \u00e0 uma experi\u00eancia de escuta profunda, tanto para m\u00fasicos quanto para o p\u00fablico.<\/p>\n<p>Essa exposi\u00e7\u00e3o n\u00e3o apenas solidifica sua reputa\u00e7\u00e3o como artista inovador, mas tamb\u00e9m como um embaixador da cultura de Rond\u00f4nia.<\/p>\n<p><img data-recalc-dims=\"1\" decoding=\"async\" src=\"https:\/\/i0.wp.com\/www.rondoniadinamica.com\/uploads\/05_154.jpg?w=600&#038;ssl=1\" alt=\"\" \/><\/p>\n<p>A trajet\u00f3ria de Anderson, embora recheada de sucessos, tamb\u00e9m ilustra a neglig\u00eancia frequente por parte das autoridades locais de Rond\u00f4nia e Porto Velho no apoio a artistas que levam a cultura regional ao mundo. Artistas do calibre de Anderson, que atuam como verdadeiros diplomatas culturais, deveriam receber suporte consistente do governo, incluindo cobertura de despesas b\u00e1sicas como passagens a\u00e9reas, hospedagem e alimenta\u00e7\u00e3o em eventos internacionais. O apoio insuficiente sublinha a necessidade urgente de uma pol\u00edtica cultural mais robusta e atenciosa que valorize e promova os talentos locais no palco global.\u00a0Faltou sensibilidade\u00a0por parte do presidente da Funda\u00e7\u00e3o Cultural de Porto Velho (Funcultural), Godofredo Gon\u00e7alves Neto; e Lourival J\u00fanior de Ara\u00fajo Lopes, mandat\u00e1rio da Secretaria de Estado da Juventude, Cultura, Esporte e Lazer (Sejucel).<\/p>\n<p><img data-recalc-dims=\"1\" decoding=\"async\" src=\"https:\/\/i0.wp.com\/www.rondoniadinamica.com\/uploads\/04_233.jpg?w=600&#038;ssl=1\" alt=\"\" \/><\/p>\n<p>Anderson Benvindo personifica a riqueza musical e cultural de Rond\u00f4nia. Sua capacidade de integrar e inovar dentro de sua arte merece n\u00e3o apenas reconhecimento local, mas um apoio governamental que esteja \u00e0 altura de seu impacto cultural. \u00c9 essencial que as autoridades reavaliem e fortale\u00e7am suas pol\u00edticas de fomento cultural para assegurar que artistas como Anderson possam continuar a enriquecer o patrim\u00f4nio cultural de Rond\u00f4nia e do Brasil.<\/p>\n<p><strong>CREDENCIAIS DO M\u00daSICO:<\/strong><\/p>\n<p><strong>Forma\u00e7\u00e3o Acad\u00eamica:<\/strong> Licenciado em m\u00fasica pela Universidade Federal de Rond\u00f4nia e t\u00e9cnico em Trilha Sonora pela Academia Internacional de Cinema (2021).<\/p>\n<p><strong>Atua\u00e7\u00e3o Profissional:<\/strong> Professor de contrabaixo e musicaliza\u00e7\u00e3o infantil, e Diretor Musical na School of Rock Porto Velho.<\/p>\n<p><strong>Projetos de Banda: <\/strong>Instrumentista e compositor nas bandas Benvindo ao Pac\u00edfico e Soda Ac\u00fastica, com \u00e1lbuns not\u00e1veis como &#8220;Terra Firme&#8221; e &#8220;Entortando o Clich\u00ea&#8221; (2021), al\u00e9m do EP &#8220;\u00c1gua Turva&#8221; (2018).<\/p>\n<p><strong>Pesquisa em Sonologia:<\/strong> Membro do Grupo AHATA, com foco no registro de paisagens sonoras amaz\u00f4nicas.<\/p>\n<p><strong>Exposi\u00e7\u00f5es e Pr\u00eamios: <\/strong>Premiado com a obra &#8220;Vernissage Sonora&#8221; no 13\u00b0 Sal\u00e3o de Artes de Rond\u00f4nia (2017) e diversas outras premia\u00e7\u00f5es ao longo de sua carreira.<\/p>\n<p><strong>Contribui\u00e7\u00f5es ao Cinema e Teatro: <\/strong>Diretor musical e sound designer de v\u00e1rias produ\u00e7\u00f5es teatrais e filmes, incluindo o premiado &#8220;Ela Mora Logo Ali&#8221; (2022), que ganhou 3 Kikitos no 51\u00ba Festival de Cinema de Gramado, incluindo o de Melhor Filme pelo j\u00fari popular.<\/p>\n<p><strong>Produ\u00e7\u00e3o Musical e Instrumentista: <\/strong>Participa\u00e7\u00e3o em v\u00e1rios projetos e festivais, destacando-se no Carioca Prog Festival e no Festival Nacional da Can\u00e7\u00e3o.<\/p>\n<p><strong>Pesquisa e Educa\u00e7\u00e3o Musical:<\/strong> Fundador e pesquisador do Centro de Estudos Ahata, focado em educa\u00e7\u00e3o musical e sound healing.<\/p>\n<p>&nbsp;<\/p>\n","protected":false},"excerpt":{"rendered":"<p>Rond\u00f4nia Din\u00e2mica, por Vin\u00edcius Canova \u2013 Anderson Benvindo, de Porto Velho, Rond\u00f4nia, tem desempenhado um papel fundamental na perpetua\u00e7\u00e3o e na inova\u00e7\u00e3o da tradi\u00e7\u00e3o musical de sua fam\u00edlia, estabelecendo-se como um multi-instrumentista influente no cen\u00e1rio global.<\/p>\n","protected":false},"author":1,"featured_media":0,"comment_status":"closed","ping_status":"open","sticky":false,"template":"","format":"standard","meta":{"_exactmetrics_skip_tracking":false,"_exactmetrics_sitenote_active":false,"_exactmetrics_sitenote_note":"","_exactmetrics_sitenote_category":0,"jetpack_post_was_ever_published":false,"_jetpack_newsletter_access":"","_jetpack_dont_email_post_to_subs":false,"_jetpack_newsletter_tier_id":0,"_jetpack_memberships_contains_paywalled_content":false,"_jetpack_memberships_contains_paid_content":false,"footnotes":"","jetpack_publicize_message":"","jetpack_publicize_feature_enabled":true,"jetpack_social_post_already_shared":true,"jetpack_social_options":{"image_generator_settings":{"template":"highway","enabled":false},"version":2}},"categories":[1],"tags":[],"class_list":["post-34995","post","type-post","status-publish","format-standard","hentry","category-notas"],"jetpack_publicize_connections":[],"jetpack_sharing_enabled":true,"jetpack_featured_media_url":"","jetpack_shortlink":"https:\/\/wp.me\/p7wKYW-96r","jetpack-related-posts":[],"_links":{"self":[{"href":"http:\/\/blogdalucianaoliveira.com.br\/blog\/wp-json\/wp\/v2\/posts\/34995","targetHints":{"allow":["GET"]}}],"collection":[{"href":"http:\/\/blogdalucianaoliveira.com.br\/blog\/wp-json\/wp\/v2\/posts"}],"about":[{"href":"http:\/\/blogdalucianaoliveira.com.br\/blog\/wp-json\/wp\/v2\/types\/post"}],"author":[{"embeddable":true,"href":"http:\/\/blogdalucianaoliveira.com.br\/blog\/wp-json\/wp\/v2\/users\/1"}],"replies":[{"embeddable":true,"href":"http:\/\/blogdalucianaoliveira.com.br\/blog\/wp-json\/wp\/v2\/comments?post=34995"}],"version-history":[{"count":2,"href":"http:\/\/blogdalucianaoliveira.com.br\/blog\/wp-json\/wp\/v2\/posts\/34995\/revisions"}],"predecessor-version":[{"id":35000,"href":"http:\/\/blogdalucianaoliveira.com.br\/blog\/wp-json\/wp\/v2\/posts\/34995\/revisions\/35000"}],"wp:attachment":[{"href":"http:\/\/blogdalucianaoliveira.com.br\/blog\/wp-json\/wp\/v2\/media?parent=34995"}],"wp:term":[{"taxonomy":"category","embeddable":true,"href":"http:\/\/blogdalucianaoliveira.com.br\/blog\/wp-json\/wp\/v2\/categories?post=34995"},{"taxonomy":"post_tag","embeddable":true,"href":"http:\/\/blogdalucianaoliveira.com.br\/blog\/wp-json\/wp\/v2\/tags?post=34995"}],"curies":[{"name":"wp","href":"https:\/\/api.w.org\/{rel}","templated":true}]}}