{"id":35005,"date":"2024-04-25T12:23:12","date_gmt":"2024-04-25T16:23:12","guid":{"rendered":"http:\/\/blogdalucianaoliveira.com.br\/blog\/?p=35005"},"modified":"2024-04-25T12:23:12","modified_gmt":"2024-04-25T16:23:12","slug":"existem-direitos-que-nao-se-negociam-diz-txai-surui-sobre-decisao-de-gilmar-mendes-que-suspendeu-acoes-contra-o-marco-temporal","status":"publish","type":"post","link":"http:\/\/blogdalucianaoliveira.com.br\/blog\/2024\/04\/25\/existem-direitos-que-nao-se-negociam-diz-txai-surui-sobre-decisao-de-gilmar-mendes-que-suspendeu-acoes-contra-o-marco-temporal\/","title":{"rendered":"\u2018Existem direitos que n\u00e3o se negociam\u2019, diz Txai Suru\u00ed sobre decis\u00e3o de Gilmar Mendes que suspendeu a\u00e7\u00f5es contra o marco temporal"},"content":{"rendered":"<p><img data-recalc-dims=\"1\" loading=\"lazy\" decoding=\"async\" data-attachment-id=\"35006\" data-permalink=\"http:\/\/blogdalucianaoliveira.com.br\/blog\/2024\/04\/25\/existem-direitos-que-nao-se-negociam-diz-txai-surui-sobre-decisao-de-gilmar-mendes-que-suspendeu-acoes-contra-o-marco-temporal\/txai-3\/\" data-orig-file=\"https:\/\/i0.wp.com\/blogdalucianaoliveira.com.br\/blog\/wp-content\/uploads\/2024\/04\/txai-1.jpg?fit=1140%2C815\" data-orig-size=\"1140,815\" data-comments-opened=\"0\" data-image-meta=\"{&quot;aperture&quot;:&quot;0&quot;,&quot;credit&quot;:&quot;&quot;,&quot;camera&quot;:&quot;&quot;,&quot;caption&quot;:&quot;&quot;,&quot;created_timestamp&quot;:&quot;0&quot;,&quot;copyright&quot;:&quot;&quot;,&quot;focal_length&quot;:&quot;0&quot;,&quot;iso&quot;:&quot;0&quot;,&quot;shutter_speed&quot;:&quot;0&quot;,&quot;title&quot;:&quot;&quot;,&quot;orientation&quot;:&quot;0&quot;}\" data-image-title=\"txai\" data-image-description=\"\" data-image-caption=\"\" data-medium-file=\"https:\/\/i0.wp.com\/blogdalucianaoliveira.com.br\/blog\/wp-content\/uploads\/2024\/04\/txai-1.jpg?fit=300%2C214\" data-large-file=\"https:\/\/i0.wp.com\/blogdalucianaoliveira.com.br\/blog\/wp-content\/uploads\/2024\/04\/txai-1.jpg?fit=600%2C429\" class=\"alignnone size-medium wp-image-35006\" src=\"https:\/\/i0.wp.com\/blogdalucianaoliveira.com.br\/blog\/wp-content\/uploads\/2024\/04\/txai-1.jpg?resize=300%2C214\" alt=\"\" width=\"300\" height=\"214\" srcset=\"https:\/\/i0.wp.com\/blogdalucianaoliveira.com.br\/blog\/wp-content\/uploads\/2024\/04\/txai-1.jpg?resize=300%2C214 300w, https:\/\/i0.wp.com\/blogdalucianaoliveira.com.br\/blog\/wp-content\/uploads\/2024\/04\/txai-1.jpg?resize=1024%2C732 1024w, https:\/\/i0.wp.com\/blogdalucianaoliveira.com.br\/blog\/wp-content\/uploads\/2024\/04\/txai-1.jpg?resize=768%2C549 768w, https:\/\/i0.wp.com\/blogdalucianaoliveira.com.br\/blog\/wp-content\/uploads\/2024\/04\/txai-1.jpg?resize=420%2C300 420w, https:\/\/i0.wp.com\/blogdalucianaoliveira.com.br\/blog\/wp-content\/uploads\/2024\/04\/txai-1.jpg?w=1140 1140w\" sizes=\"auto, (max-width: 300px) 100vw, 300px\" \/><\/p>\n<p><strong>Por F\u00e1bio Bispo<\/strong> &#8211; Em entrevista \u00e0 InfoAmazonia durante o Acampamento Terra Livre (ATL), em Bras\u00edlia, a ativista ind\u00edgena criticou as decis\u00f5es do ministro do STF, que, al\u00e9m de suspender a\u00e7\u00f5es que questionavam a lei do marco temporal aprovada pelo Congresso, abriu uma concilia\u00e7\u00e3o sobre o assunto.<\/p>\n<p><!--more--><\/p>\n<div class=\"entry-content\">\n<p>Em entrevista \u00e0\u00a0<strong>InfoAmazonia<\/strong>\u00a0durante o terceiro dia do Acampamento Terra Livre (ATL), que re\u00fane milhares de ind\u00edgenas em Bras\u00edlia at\u00e9 a pr\u00f3xima sexta-feira (26), a lideran\u00e7a ind\u00edgena Txai Suru\u00ed criticou a decis\u00e3o do ministro Gilmar Mendes, do Supremo Tribunal Federal (STF), que suspendeu as a\u00e7\u00f5es que questionam a legalidade da lei\u00a0<a href=\"https:\/\/www.planalto.gov.br\/ccivil_03\/_ato2023-2026\/2023\/lei\/L14701.htm#:~:text=LEI%20N%C2%BA%2014.701%2C%20DE%2020%20DE%20OUTUBRO%20DE%202023&amp;text=Regulamenta%20o%20art.,19%20de%20dezembro%20de%201973.\">14.701\/2023<\/a>, tamb\u00e9m chamada de lei do marco temporal, aprovada e sancionada pelo Congresso no final do ano passado.<\/p>\n<p>\u201cA gente de fato estava esperando uma mudan\u00e7a e o que a gente est\u00e1 vendo \u00e9 que os nossos direitos est\u00e3o sendo negociados. N\u00f3s temos que esperar? Os nossos direitos previstos na Constitui\u00e7\u00e3o t\u00eam que esperar? Enquanto isso, a gente continua sendo violentado, nossas terras continuam sendo invadidas, as nossas vidas continuam sob perigo\u201d, afirmou Txai.<\/p>\n<p>Na segunda-feira (22), no primeiro dia do\u00a0<a href=\"https:\/\/infoamazonia.org\/tag\/atl2024\/\">ATL<\/a>, Gilmar Mendes\u00a0<a href=\"https:\/\/agenciabrasil.ebc.com.br\/justica\/noticia\/2024-04\/gilmar-mendes-determina-conciliacao-em-acoes-sobre-marco-temporal#\">abriu uma concilia\u00e7\u00e3o para discutir a tese do marco temporal para demarca\u00e7\u00e3o de terras ind\u00edgenas<\/a>, ao mesmo tempo em que suspendeu os tr\u00eas pedidos de inconstitucionalidade da lei. Essa defini\u00e7\u00e3o permanecer\u00e1 at\u00e9 que o STF julgue a legalidade da norma, evitando decis\u00f5es conflitantes em inst\u00e2ncias inferiores.<\/p>\n<figure class=\"wp-block-embed is-type-video is-provider-youtube wp-block-embed-youtube wp-embed-aspect-16-9 wp-has-aspect-ratio\">\n<div class=\"wp-block-embed__wrapper\"><iframe loading=\"lazy\" title=\"Txai Suru\u00ed, sobre marco temporal: 'Existem direitos que n\u00e3o se negociam'\" src=\"https:\/\/www.youtube.com\/embed\/l3HyLi9TXms?feature=oembed\" width=\"1200\" height=\"675\" frameborder=\"0\" allowfullscreen=\"allowfullscreen\" data-mce-fragment=\"1\"><\/iframe><\/div>\n<\/figure>\n<p>\u201cParece muito bom a palavra concilia\u00e7\u00e3o, tem um peso favor\u00e1vel. No sentido de \u2018vamos dialogar\u2019, mas existem direitos que n\u00e3o se negociam. Querem continuar negociando a nossa vida? A gente est\u00e1 vendo a situa\u00e7\u00e3o que os Yanomami se encontram at\u00e9 hoje e que o pr\u00f3prio governo federal n\u00e3o consegue resolver. N\u00e3o tem condi\u00e7\u00f5es de resolver. Eles mesmos dizem que n\u00e3o t\u00eam condi\u00e7\u00f5es de resolver. Ent\u00e3o, eles querem que isso seja aberto para os nossos territ\u00f3rios? Isso \u00e9 genoc\u00edcio tamb\u00e9m. Genoc\u00edcio n\u00e3o \u00e9 s\u00f3 meter bala. O genoc\u00eddio vem atrav\u00e9s da canetada tamb\u00e9m\u201d, afirmou Txai.<\/p>\n<figure class=\"wp-block-pullquote alignwide is-style-jeo\">\n<blockquote><p>Parece muito bom a palavra concilia\u00e7\u00e3o, tem um peso favor\u00e1vel. No sentido de \u2018vamos dialogar\u2019, mas existem direitos que n\u00e3o se negociam. Querem continuar negociando a nossa vida? A gente est\u00e1 vendo a situa\u00e7\u00e3o que os Yanomami se encontram at\u00e9 hoje e que o pr\u00f3prio governo federal n\u00e3o consegue resolver. N\u00e3o tem condi\u00e7\u00f5es de resolver. Eles mesmos dizem que n\u00e3o t\u00eam condi\u00e7\u00f5es de resolver. Ent\u00e3o, eles querem que isso seja aberto para os nossos territ\u00f3rios? Isso \u00e9 genoc\u00edcio tamb\u00e9m. Genoc\u00edcio n\u00e3o \u00e9 s\u00f3 meter bala. O genoc\u00eddio vem atrav\u00e9s da canetada tamb\u00e9m.<\/p>\n<p><cite>Txai Suru\u00ed, lideran\u00e7a ind\u00edgena<\/cite><\/p><\/blockquote>\n<\/figure>\n<p>O posicionamento do ministro do STF ocorreu pouco tempo depois de outra decis\u00e3o que estremeceu a rela\u00e7\u00e3o entre ind\u00edgenas e o governo federal. Na semana passada, em 18 de abril, Lula\u00a0<a href=\"https:\/\/infoamazonia.org\/2024\/04\/22\/relacao-entre-lula-e-indigenas-comeca-estremecida-na-semana-do-atl-maior-evento-indigena-do-brasil\/\">surpreendeu os ind\u00edgenas ao anunciar a demarca\u00e7\u00e3o de apenas duas terras ind\u00edgenas em meio \u00e0 expectativa de que fossem seis territ\u00f3rios.<\/a>\u00a0O presidente justificou a decis\u00e3o dizendo que os \u201cgovernadores pediram mais tempo\u201d.<\/p>\n<p>\u201cN\u00e3o estamos pedindo nada al\u00e9m do que j\u00e1 est\u00e1 previsto na Constitui\u00e7\u00e3o, al\u00e9m do que foi prometido pelo pr\u00f3prio governo\u201d, enfatiza Txai, lembrando que\u00a0<a href=\"https:\/\/infoamazonia.org\/2023\/01\/13\/terras-indigenas-da-amazonia-aguardam-ha-mais-de-20-anos-por-demarcacao\/\">Lula prometeu demarcar 14 terras ind\u00edgenas nos 100 primeiros dias de governo<\/a>\u00a0\u2014 at\u00e9 o momento, 264 dias desde a posse, 10 territ\u00f3rios foram demarcados.<\/p>\n<figure class=\"wp-block-image alignwide size-large\"><img data-recalc-dims=\"1\" loading=\"lazy\" decoding=\"async\" class=\"wp-image-181236\" src=\"https:\/\/i0.wp.com\/infoamazonia.org\/wp-content\/uploads\/2024\/04\/52621643671_936900cc03_k-1024x683.jpg?resize=600%2C400&#038;ssl=1\" sizes=\"auto, (max-width: 1024px) 100vw, 1024px\" srcset=\"https:\/\/infoamazonia.org\/wp-content\/uploads\/2024\/04\/52621643671_936900cc03_k-1024x683.jpg 1024w, https:\/\/infoamazonia.org\/wp-content\/uploads\/2024\/04\/52621643671_936900cc03_k-300x200.jpg 300w, https:\/\/infoamazonia.org\/wp-content\/uploads\/2024\/04\/52621643671_936900cc03_k-768x512.jpg 768w, https:\/\/infoamazonia.org\/wp-content\/uploads\/2024\/04\/52621643671_936900cc03_k-1536x1024.jpg 1536w, https:\/\/infoamazonia.org\/wp-content\/uploads\/2024\/04\/52621643671_936900cc03_k-1200x800.jpg 1200w, https:\/\/infoamazonia.org\/wp-content\/uploads\/2024\/04\/52621643671_936900cc03_k-1568x1045.jpg 1568w, https:\/\/infoamazonia.org\/wp-content\/uploads\/2024\/04\/52621643671_936900cc03_k-400x267.jpg 400w, https:\/\/infoamazonia.org\/wp-content\/uploads\/2024\/04\/52621643671_936900cc03_k.jpg 2048w\" alt=\"\" width=\"600\" height=\"400\" \/><figcaption class=\"wp-element-caption\">Lula sobe a rampa do Pal\u00e1cio do Planaldo no dia da posse como Presidente da Rep\u00fablica ao lado do cacique Raoni e outros representantes da sociedade civil. Foto: Ricardo Stuckert\/PR<\/figcaption><\/figure>\n<p>A tese do marco temporal,\u00a0<a href=\"https:\/\/infoamazonia.org\/2023\/09\/04\/tese-do-marco-temporal-vai-beneficiar-gigantes-da-mineracao-com-projetos-em-terras-nao-homologadas\/\">considerada inconstitucional pelo STF em setembro do ano passado<\/a>, afirma que os povos ind\u00edgenas s\u00f3 podem reivindicar terras que estavam ocupando ou disputando em 5 de outubro de 1988, data da promulga\u00e7\u00e3o da Constitui\u00e7\u00e3o Brasileira.<\/p>\n<p>No entanto, ap\u00f3s a decis\u00e3o do STF,\u00a0<a href=\"https:\/\/infoamazonia.org\/2023\/09\/28\/em-dia-de-votacoes-ministros-do-supremo-decidem-por-indenizacoes-e-senadores-aprovam-marco-temporal\/\">o Congresso aprovou a lei 14.701\/2023<\/a>, que, al\u00e9m de desafiar a posi\u00e7\u00e3o pr\u00f3-meio ambiente assumida pelo governo Lula, inclui uma s\u00e9rie de altera\u00e7\u00f5es nas regras para uso e explora\u00e7\u00e3o de terras ind\u00edgenas, como a instala\u00e7\u00e3o de projetos para produ\u00e7\u00e3o agropecu\u00e1ria, constru\u00e7\u00e3o de hidrel\u00e9tricas e rodovias em terras ind\u00edgenas.<\/p>\n<figure class=\"wp-block-image alignwide size-large\"><img data-recalc-dims=\"1\" loading=\"lazy\" decoding=\"async\" class=\"wp-image-181378\" src=\"https:\/\/i0.wp.com\/infoamazonia.org\/wp-content\/uploads\/2024\/04\/photo_4994682580678847673_y-1024x682.jpg?resize=600%2C400&#038;ssl=1\" sizes=\"auto, (max-width: 1024px) 100vw, 1024px\" srcset=\"https:\/\/infoamazonia.org\/wp-content\/uploads\/2024\/04\/photo_4994682580678847673_y-1024x682.jpg 1024w, https:\/\/infoamazonia.org\/wp-content\/uploads\/2024\/04\/photo_4994682580678847673_y-300x200.jpg 300w, https:\/\/infoamazonia.org\/wp-content\/uploads\/2024\/04\/photo_4994682580678847673_y-768x512.jpg 768w, https:\/\/infoamazonia.org\/wp-content\/uploads\/2024\/04\/photo_4994682580678847673_y-1200x800.jpg 1200w, https:\/\/infoamazonia.org\/wp-content\/uploads\/2024\/04\/photo_4994682580678847673_y-400x267.jpg 400w, https:\/\/infoamazonia.org\/wp-content\/uploads\/2024\/04\/photo_4994682580678847673_y.jpg 1280w\" alt=\"\" width=\"600\" height=\"400\" \/><figcaption class=\"wp-element-caption\">Acampamento Terra Livre acontece em Bras\u00edlia at\u00e9 a pr\u00f3xima sexta-feira, 26 de abril. Foto: F\u00e1bio Bispo\/InfoAmazonia<\/figcaption><\/figure>\n<p>Para ind\u00edgenas entrevistados pela\u00a0<strong>InfoAmazonia<\/strong>, Lula demonstra estar sendo pressionado para negociar com a bancada ruralista, que tem maioria no Congresso para aprovar ou n\u00e3o outras pautas de interesse do governo.<\/p>\n<p>Enquanto isso, segundo Txai, a viol\u00eancia nos territ\u00f3rios aumentou ap\u00f3s a aprova\u00e7\u00e3o da lei no Congresso, que, al\u00e9m de gerar d\u00favida sobre o que deve ser considerado no ordenamento jur\u00eddico, em tese, autoriza que essas invas\u00f5es se justifiquem pela aprova\u00e7\u00e3o da lei. \u201cEle [Gilmar Mendes] fala que os governos estaduais n\u00e3o podem decidir pela inconstitucionalidade da lei do marco temporal, tem que esperar uma decis\u00e3o do STF, como se o STF j\u00e1 n\u00e3o estivesse decidindo isso. \u00c9 um jogo pol\u00edtico mesmo\u201d, diz a ind\u00edgena.<\/p>\n<figure class=\"wp-block-image alignwide size-large\"><img data-recalc-dims=\"1\" loading=\"lazy\" decoding=\"async\" class=\"wp-image-181407\" src=\"https:\/\/i0.wp.com\/infoamazonia.org\/wp-content\/uploads\/2024\/04\/img_8916-1024x694.jpg?resize=600%2C407&#038;ssl=1\" sizes=\"auto, (max-width: 1024px) 100vw, 1024px\" srcset=\"https:\/\/infoamazonia.org\/wp-content\/uploads\/2024\/04\/img_8916-1024x694.jpg 1024w, https:\/\/infoamazonia.org\/wp-content\/uploads\/2024\/04\/img_8916-300x203.jpg 300w, https:\/\/infoamazonia.org\/wp-content\/uploads\/2024\/04\/img_8916-768x521.jpg 768w, https:\/\/infoamazonia.org\/wp-content\/uploads\/2024\/04\/img_8916-1536x1041.jpg 1536w, https:\/\/infoamazonia.org\/wp-content\/uploads\/2024\/04\/img_8916-2048x1388.jpg 2048w, https:\/\/infoamazonia.org\/wp-content\/uploads\/2024\/04\/img_8916-1200x813.jpg 1200w, https:\/\/infoamazonia.org\/wp-content\/uploads\/2024\/04\/img_8916-1568x1063.jpg 1568w, https:\/\/infoamazonia.org\/wp-content\/uploads\/2024\/04\/img_8916-400x271.jpg 400w\" alt=\"\" width=\"600\" height=\"407\" \/><figcaption class=\"wp-element-caption\">O ministro do STF, Gilmar Mendes, durante entrevista em seu gabinete no \u00faltimo 17 de abril. Foto: Valter Campanato\/Ag\u00eancia Brasil<\/figcaption><\/figure>\n<p>Em fevereiro deste ano, a\u00a0<strong>InfoAmazonia<\/strong>\u00a0revelou que fazendeiros em Rond\u00f4nia\u00a0<a href=\"https:\/\/infoamazonia.org\/2024\/02\/16\/fazendeiros-justificam-invasoes-a-terras-indigenas-com-marco-temporal-aprovado-pelo-congresso\/\">evocaram a lei do marco temporal para promover invas\u00f5es de terras ind\u00edgenas no estado<\/a>. Os epis\u00f3dios foram registrados logo ap\u00f3s o presidente do Senado, Rodrigo Pacheco (PSD-MG), promulgar a lei que chegou a ser vetada pelo presidente Lula.<\/p>\n<p>Nas redes sociais, pol\u00edticos da bancada ruralista passaram a divulgar que a lei estaria em vigor e precisava ser aplicada, ignorando a inconstitucionalidade da tese do marco temporal julgada pelo STF.<\/p>\n<p>Em sua decis\u00e3o, Gilmar Mendes destacou a necessidade de abordar a raiz do conflito, mencionando as intensas controv\u00e9rsias e a complexidade da resolu\u00e7\u00e3o deste tema, tanto pelos m\u00e9todos tradicionais de resolu\u00e7\u00e3o de conflitos, quanto pelo processo pol\u00edtico.<\/p>\n<p>A concilia\u00e7\u00e3o proposta pelo ministro do STF incluir\u00e1 representantes dos partidos que ingressaram contra e a favor \u00e0 tese do marco temporal, entidades civis, e dos poderes Executivo, Legislativo, al\u00e9m da Advocacia-Geral da Uni\u00e3o (AGU) e da Procuradoria-Geral da Rep\u00fablica (PGR), com um prazo de 30 dias para que apresentem propostas para discuss\u00e3o.<\/p>\n<p>Toya Manchineri, da Coordena\u00e7\u00e3o das Organiza\u00e7\u00f5es Ind\u00edgenas da Amaz\u00f4nia Brasileira (Coiab), diz que a decis\u00e3o de Gilmar Mendes coloca a decis\u00e3o sobre a demarca\u00e7\u00e3o de terras ind\u00edgenas nas m\u00e3os de governadores e fazendeiros:<\/p>\n<p>\u201cEle colocou a vida dos povos ind\u00edgenas nas m\u00e3os dos fazendeiros. Deixar que eles negociem demarca\u00e7\u00e3o com os ind\u00edgenas n\u00e3o existe, n\u00e3o vai sair demarca\u00e7\u00e3o nunca\u201d, disse Toya \u00e0\u00a0<strong>InfoAmazonia.\u00a0<\/strong>\u201cVai morrer mais gente, vai morrer mais lideran\u00e7a ind\u00edgena\u201d, completou.<\/p>\n<figure class=\"wp-block-pullquote alignwide is-style-jeo\">\n<blockquote><p>Ele [Gilmar Mendes] colocou a vida dos povos ind\u00edgenas nas m\u00e3os dos fazendeiros. Deixar que eles negociem demarca\u00e7\u00e3o com os ind\u00edgenas n\u00e3o existe, n\u00e3o vai sair demarca\u00e7\u00e3o nunca.<\/p>\n<p><cite>Toya Manchineri, da Coordena\u00e7\u00e3o das Organiza\u00e7\u00f5es Ind\u00edgenas da Amaz\u00f4nia Brasileira (Coiab)<\/cite><\/p><\/blockquote>\n<\/figure>\n<p>No total, segundo o ISA, s\u00e3o 779 terras ind\u00edgenas no Brasil, das quais 528 tiveram todo o processo de demarca\u00e7\u00e3o conclu\u00eddo. Al\u00e9m das terras j\u00e1 declaradas pelo Minist\u00e9rio da Justi\u00e7a, existem ainda 46 territ\u00f3rios identificados que aguardam serem declarados e outros 141 est\u00e3o em processo de identifica\u00e7\u00e3o. Apenas na Amaz\u00f4nia, s\u00e3o 331 terras ind\u00edgenas, sendo 289 com decretos de homologa\u00e7\u00e3o publicados e 42 em processo de demarca\u00e7\u00e3o. Ao menos 21 territ\u00f3rios na Amaz\u00f4nia foram declarados e dependem apenas da homologa\u00e7\u00e3o presidencial.<\/p>\n<p>No ritmo atual, com seis homologa\u00e7\u00f5es por ano, o Brasil levaria 41 anos para concluir a demarca\u00e7\u00e3o das 251 terras ind\u00edgenas que se encontram em alguma das fases do processo de demarca\u00e7\u00e3o.<\/p>\n<\/div>\n","protected":false},"excerpt":{"rendered":"<p>Por F\u00e1bio Bispo &#8211; Em entrevista \u00e0 InfoAmazonia durante o Acampamento Terra Livre (ATL), em Bras\u00edlia, a ativista ind\u00edgena criticou as decis\u00f5es do ministro do STF, que, al\u00e9m de suspender a\u00e7\u00f5es que questionavam a lei do marco temporal aprovada pelo Congresso, abriu uma concilia\u00e7\u00e3o sobre o assunto.<\/p>\n","protected":false},"author":1,"featured_media":0,"comment_status":"closed","ping_status":"open","sticky":false,"template":"","format":"standard","meta":{"_exactmetrics_skip_tracking":false,"_exactmetrics_sitenote_active":false,"_exactmetrics_sitenote_note":"","_exactmetrics_sitenote_category":0,"jetpack_post_was_ever_published":false,"_jetpack_newsletter_access":"","_jetpack_dont_email_post_to_subs":false,"_jetpack_newsletter_tier_id":0,"_jetpack_memberships_contains_paywalled_content":false,"_jetpack_memberships_contains_paid_content":false,"footnotes":"","jetpack_publicize_message":"","jetpack_publicize_feature_enabled":true,"jetpack_social_post_already_shared":true,"jetpack_social_options":{"image_generator_settings":{"template":"highway","enabled":false},"version":2}},"categories":[1],"tags":[695,315,628],"class_list":["post-35005","post","type-post","status-publish","format-standard","hentry","category-notas","tag-atl","tag-gilmar-mendes","tag-txai-surui"],"jetpack_publicize_connections":[],"jetpack_sharing_enabled":true,"jetpack_featured_media_url":"","jetpack_shortlink":"https:\/\/wp.me\/p7wKYW-96B","jetpack-related-posts":[],"_links":{"self":[{"href":"http:\/\/blogdalucianaoliveira.com.br\/blog\/wp-json\/wp\/v2\/posts\/35005","targetHints":{"allow":["GET"]}}],"collection":[{"href":"http:\/\/blogdalucianaoliveira.com.br\/blog\/wp-json\/wp\/v2\/posts"}],"about":[{"href":"http:\/\/blogdalucianaoliveira.com.br\/blog\/wp-json\/wp\/v2\/types\/post"}],"author":[{"embeddable":true,"href":"http:\/\/blogdalucianaoliveira.com.br\/blog\/wp-json\/wp\/v2\/users\/1"}],"replies":[{"embeddable":true,"href":"http:\/\/blogdalucianaoliveira.com.br\/blog\/wp-json\/wp\/v2\/comments?post=35005"}],"version-history":[{"count":1,"href":"http:\/\/blogdalucianaoliveira.com.br\/blog\/wp-json\/wp\/v2\/posts\/35005\/revisions"}],"predecessor-version":[{"id":35007,"href":"http:\/\/blogdalucianaoliveira.com.br\/blog\/wp-json\/wp\/v2\/posts\/35005\/revisions\/35007"}],"wp:attachment":[{"href":"http:\/\/blogdalucianaoliveira.com.br\/blog\/wp-json\/wp\/v2\/media?parent=35005"}],"wp:term":[{"taxonomy":"category","embeddable":true,"href":"http:\/\/blogdalucianaoliveira.com.br\/blog\/wp-json\/wp\/v2\/categories?post=35005"},{"taxonomy":"post_tag","embeddable":true,"href":"http:\/\/blogdalucianaoliveira.com.br\/blog\/wp-json\/wp\/v2\/tags?post=35005"}],"curies":[{"name":"wp","href":"https:\/\/api.w.org\/{rel}","templated":true}]}}