{"id":35011,"date":"2024-04-25T13:27:56","date_gmt":"2024-04-25T17:27:56","guid":{"rendered":"http:\/\/blogdalucianaoliveira.com.br\/blog\/?p=35011"},"modified":"2024-04-25T13:27:56","modified_gmt":"2024-04-25T17:27:56","slug":"lula-sanciona-lei-que-da-aos-blocos-e-escolas-o-status-de-patrimonio-cultural-no-brasil","status":"publish","type":"post","link":"http:\/\/blogdalucianaoliveira.com.br\/blog\/2024\/04\/25\/lula-sanciona-lei-que-da-aos-blocos-e-escolas-o-status-de-patrimonio-cultural-no-brasil\/","title":{"rendered":"Lula sanciona lei que d\u00e1 aos blocos e escolas o status de patrim\u00f4nio cultural no Brasil"},"content":{"rendered":"<p><img data-recalc-dims=\"1\" loading=\"lazy\" decoding=\"async\" data-attachment-id=\"35012\" data-permalink=\"http:\/\/blogdalucianaoliveira.com.br\/blog\/2024\/04\/25\/lula-sanciona-lei-que-da-aos-blocos-e-escolas-o-status-de-patrimonio-cultural-no-brasil\/img_2378\/\" data-orig-file=\"https:\/\/i0.wp.com\/blogdalucianaoliveira.com.br\/blog\/wp-content\/uploads\/2024\/04\/IMG_2378.jpeg?fit=1000%2C664\" data-orig-size=\"1000,664\" data-comments-opened=\"0\" data-image-meta=\"{&quot;aperture&quot;:&quot;0&quot;,&quot;credit&quot;:&quot;&quot;,&quot;camera&quot;:&quot;&quot;,&quot;caption&quot;:&quot;&quot;,&quot;created_timestamp&quot;:&quot;0&quot;,&quot;copyright&quot;:&quot;&quot;,&quot;focal_length&quot;:&quot;0&quot;,&quot;iso&quot;:&quot;0&quot;,&quot;shutter_speed&quot;:&quot;0&quot;,&quot;title&quot;:&quot;&quot;,&quot;orientation&quot;:&quot;0&quot;}\" data-image-title=\"IMG_2378\" data-image-description=\"\" data-image-caption=\"\" data-medium-file=\"https:\/\/i0.wp.com\/blogdalucianaoliveira.com.br\/blog\/wp-content\/uploads\/2024\/04\/IMG_2378.jpeg?fit=300%2C199\" data-large-file=\"https:\/\/i0.wp.com\/blogdalucianaoliveira.com.br\/blog\/wp-content\/uploads\/2024\/04\/IMG_2378.jpeg?fit=600%2C398\" class=\"alignnone size-full wp-image-35012\" src=\"https:\/\/i0.wp.com\/blogdalucianaoliveira.com.br\/blog\/wp-content\/uploads\/2024\/04\/IMG_2378.jpeg?resize=600%2C398\" alt=\"\" width=\"600\" height=\"398\" srcset=\"https:\/\/i0.wp.com\/blogdalucianaoliveira.com.br\/blog\/wp-content\/uploads\/2024\/04\/IMG_2378.jpeg?w=1000 1000w, https:\/\/i0.wp.com\/blogdalucianaoliveira.com.br\/blog\/wp-content\/uploads\/2024\/04\/IMG_2378.jpeg?resize=300%2C199 300w, https:\/\/i0.wp.com\/blogdalucianaoliveira.com.br\/blog\/wp-content\/uploads\/2024\/04\/IMG_2378.jpeg?resize=768%2C510 768w, https:\/\/i0.wp.com\/blogdalucianaoliveira.com.br\/blog\/wp-content\/uploads\/2024\/04\/IMG_2378.jpeg?resize=452%2C300 452w\" sizes=\"auto, (max-width: 600px) 100vw, 600px\" \/><\/p>\n<p>N\u00e3o nos leve a mal, <a href=\"https:\/\/musicnonstop.uol.com.br\/tags\/carnaval\" target=\"_blank\" rel=\"noopener\"><strong>Carnaval<\/strong><\/a> \u00e9 patrim\u00f4nio cultural. Assim mesmo, com rima, para celebrar a not\u00edcia. Nesta quarta feira (25), o presidente <strong>Lula<\/strong>sancionou a <strong>Lei 3.724\/202<\/strong>, que reconhece os blocos de Carnaval e as escolas de samba como manifesta\u00e7\u00e3o da cultura nacional.<!--more--><\/p>\n<p>Segundo a reda\u00e7\u00e3o do texto, \u201cos blocos e bandas de Carnaval re\u00fanem elementos hist\u00f3ricos, sociais e culturais de diversas regi\u00f5es do pa\u00eds\u201d. De acordo com a deputada federal <strong>Maria do Ros\u00e1rio<\/strong>, autora do projeto, \u201co Brasil se orgulha das suas manifesta\u00e7\u00f5es culturais e o Governo Federal assume mais uma vez a responsabilidade de valoriza\u00e7\u00e3o desse patrim\u00f4nio cultural\u201d.<\/p>\n<h2>O que muda?<\/h2>\n<p>Ao reconhecer os blocos e escolas como manifesta\u00e7\u00f5es culturais nacionais, o governo se compromete a assegurar sua realiza\u00e7\u00e3o em n\u00edvel federal. E isso \u00e9 mais importante do que se pensa. Quando falamos em blocos de Carnaval de rua, nos vem \u00e0 mente a folia em grandes cidades, como Recife, Salvador, Rio de Janeiro e, mais recentemente, S\u00e3o Paulo. Milh\u00f5es de pessoas seguindo seus bloquinhos prediletos, em eventos acompanhados pela grande m\u00eddia. No restante do pa\u00eds, no entanto, a banda toca diferente.<\/p>\n<p>Em grande parte dos mun\u00edcipios interioranos, a ocupa\u00e7\u00e3o das ruas para celebrar o Carnaval \u00e9 vista como baderna e perturba\u00e7\u00e3o do sossego p\u00fablico. No interior de S\u00e3o Paulo, prefeituras chegam ao absurdo de delegar aos blocos a seguran\u00e7a durante o cortejo, e a responsabilidade em dispensar os foli\u00f5es depois que a m\u00fasica acaba.<a class=\"rps-thumb\" href=\"https:\/\/musicnonstop.uol.com.br\/melhores-nomes-de-blocos\/\"><br \/>\n<\/a><\/p>\n<p>A tradi\u00e7\u00e3o do Carnaval de rua \u00e9 centen\u00e1ria. Obviamente, m\u00e1 vontade alguma do poder p\u00fablico pode par\u00e1-la. O que se v\u00ea, ent\u00e3o, \u00e9 um eterno jogo de empurra sobre quem tem a responsabilidade de cuidar da festa. Ao deixar claro que as manifesta\u00e7\u00f5es carnavalescas trazem consigo hist\u00f3ria, tradi\u00e7\u00f5es e elementos culturais, a nova lei garante \u00e0s agremia\u00e7\u00f5es o direito de existir e ir para a rua. E obriga o poder p\u00fablico municipal a dar condi\u00e7\u00f5es para isso.<\/p>\n<p>Al\u00e9m disso, devidamente reconhecidos, blocos e escolas de samba ter\u00e3o mais facilidade de acesso a patroc\u00ednios privados e incentivos fiscais. Pode parecer um mero certificado de participa\u00e7\u00e3o dado pelo governo, mas \u00e9 muito mais do que isso. \u00c9 a valida\u00e7\u00e3o depois de s\u00e9culos de luta pelo direito de se expressar atrav\u00e9s da dan\u00e7a e da m\u00fasica.<\/p>\n","protected":false},"excerpt":{"rendered":"<p>N\u00e3o nos leve a mal, Carnaval \u00e9 patrim\u00f4nio cultural. Assim mesmo, com rima, para celebrar a not\u00edcia. Nesta quarta feira (25), o presidente Lulasancionou a Lei 3.724\/202, que reconhece os blocos de Carnaval e as escolas de samba como manifesta\u00e7\u00e3o da cultura nacional.<\/p>\n","protected":false},"author":1,"featured_media":0,"comment_status":"closed","ping_status":"open","sticky":false,"template":"","format":"standard","meta":{"_exactmetrics_skip_tracking":false,"_exactmetrics_sitenote_active":false,"_exactmetrics_sitenote_note":"","_exactmetrics_sitenote_category":0,"jetpack_post_was_ever_published":false,"_jetpack_newsletter_access":"","_jetpack_dont_email_post_to_subs":false,"_jetpack_newsletter_tier_id":0,"_jetpack_memberships_contains_paywalled_content":false,"_jetpack_memberships_contains_paid_content":false,"footnotes":"","jetpack_publicize_message":"","jetpack_publicize_feature_enabled":true,"jetpack_social_post_already_shared":true,"jetpack_social_options":{"image_generator_settings":{"template":"highway","enabled":false},"version":2}},"categories":[1],"tags":[928,927,929],"class_list":["post-35011","post","type-post","status-publish","format-standard","hentry","category-notas","tag-blocos","tag-carnaval-de-rua","tag-patrimonio-cultural"],"jetpack_publicize_connections":[],"jetpack_sharing_enabled":true,"jetpack_featured_media_url":"","jetpack_shortlink":"https:\/\/wp.me\/p7wKYW-96H","jetpack-related-posts":[],"_links":{"self":[{"href":"http:\/\/blogdalucianaoliveira.com.br\/blog\/wp-json\/wp\/v2\/posts\/35011","targetHints":{"allow":["GET"]}}],"collection":[{"href":"http:\/\/blogdalucianaoliveira.com.br\/blog\/wp-json\/wp\/v2\/posts"}],"about":[{"href":"http:\/\/blogdalucianaoliveira.com.br\/blog\/wp-json\/wp\/v2\/types\/post"}],"author":[{"embeddable":true,"href":"http:\/\/blogdalucianaoliveira.com.br\/blog\/wp-json\/wp\/v2\/users\/1"}],"replies":[{"embeddable":true,"href":"http:\/\/blogdalucianaoliveira.com.br\/blog\/wp-json\/wp\/v2\/comments?post=35011"}],"version-history":[{"count":1,"href":"http:\/\/blogdalucianaoliveira.com.br\/blog\/wp-json\/wp\/v2\/posts\/35011\/revisions"}],"predecessor-version":[{"id":35013,"href":"http:\/\/blogdalucianaoliveira.com.br\/blog\/wp-json\/wp\/v2\/posts\/35011\/revisions\/35013"}],"wp:attachment":[{"href":"http:\/\/blogdalucianaoliveira.com.br\/blog\/wp-json\/wp\/v2\/media?parent=35011"}],"wp:term":[{"taxonomy":"category","embeddable":true,"href":"http:\/\/blogdalucianaoliveira.com.br\/blog\/wp-json\/wp\/v2\/categories?post=35011"},{"taxonomy":"post_tag","embeddable":true,"href":"http:\/\/blogdalucianaoliveira.com.br\/blog\/wp-json\/wp\/v2\/tags?post=35011"}],"curies":[{"name":"wp","href":"https:\/\/api.w.org\/{rel}","templated":true}]}}