{"id":35015,"date":"2024-04-26T09:43:44","date_gmt":"2024-04-26T13:43:44","guid":{"rendered":"http:\/\/blogdalucianaoliveira.com.br\/blog\/?p=35015"},"modified":"2024-04-26T09:44:21","modified_gmt":"2024-04-26T13:44:21","slug":"projeto-de-rondonia-vence-competicao-nacional-promovida-por-tradicional-festival-de-cinema-do-rio-de-janeiro","status":"publish","type":"post","link":"http:\/\/blogdalucianaoliveira.com.br\/blog\/2024\/04\/26\/projeto-de-rondonia-vence-competicao-nacional-promovida-por-tradicional-festival-de-cinema-do-rio-de-janeiro\/","title":{"rendered":"Projeto de Rond\u00f4nia vence competi\u00e7\u00e3o nacional promovida por tradicional festival de cinema do Rio de Janeiro"},"content":{"rendered":"<p><img data-recalc-dims=\"1\" loading=\"lazy\" decoding=\"async\" data-attachment-id=\"35016\" data-permalink=\"http:\/\/blogdalucianaoliveira.com.br\/blog\/2024\/04\/26\/projeto-de-rondonia-vence-competicao-nacional-promovida-por-tradicional-festival-de-cinema-do-rio-de-janeiro\/imagem-do-whatsapp-de-2024-04-26-as-08-55-52_cbde46ab\/\" data-orig-file=\"https:\/\/i0.wp.com\/blogdalucianaoliveira.com.br\/blog\/wp-content\/uploads\/2024\/04\/Imagem-do-WhatsApp-de-2024-04-26-as-08.55.52_cbde46ab.jpg?fit=1600%2C1052\" data-orig-size=\"1600,1052\" data-comments-opened=\"0\" data-image-meta=\"{&quot;aperture&quot;:&quot;0&quot;,&quot;credit&quot;:&quot;&quot;,&quot;camera&quot;:&quot;&quot;,&quot;caption&quot;:&quot;&quot;,&quot;created_timestamp&quot;:&quot;0&quot;,&quot;copyright&quot;:&quot;&quot;,&quot;focal_length&quot;:&quot;0&quot;,&quot;iso&quot;:&quot;0&quot;,&quot;shutter_speed&quot;:&quot;0&quot;,&quot;title&quot;:&quot;&quot;,&quot;orientation&quot;:&quot;0&quot;}\" data-image-title=\"Imagem do WhatsApp de 2024-04-26 \u00e0(s) 08.55.52_cbde46ab\" data-image-description=\"\" data-image-caption=\"\" data-medium-file=\"https:\/\/i0.wp.com\/blogdalucianaoliveira.com.br\/blog\/wp-content\/uploads\/2024\/04\/Imagem-do-WhatsApp-de-2024-04-26-as-08.55.52_cbde46ab.jpg?fit=300%2C197\" data-large-file=\"https:\/\/i0.wp.com\/blogdalucianaoliveira.com.br\/blog\/wp-content\/uploads\/2024\/04\/Imagem-do-WhatsApp-de-2024-04-26-as-08.55.52_cbde46ab.jpg?fit=600%2C394\" class=\" wp-image-35016 aligncenter\" src=\"https:\/\/i0.wp.com\/blogdalucianaoliveira.com.br\/blog\/wp-content\/uploads\/2024\/04\/Imagem-do-WhatsApp-de-2024-04-26-as-08.55.52_cbde46ab.jpg?resize=356%2C250\" alt=\"\" width=\"356\" height=\"250\" \/><\/p>\n<p>&nbsp;<\/p>\n<p>\u201cKika N\u00e3o Foi Convidada\u201d, um roteiro in\u00e9dito de Juraci J\u00fanior, levou o pr\u00eamio de Melhor Projeto do 25\u00ba Laborat\u00f3rio de Projetos de Curta-Metragem do Festival Curta Cinema \u2013 33\u00aa edi\u00e7\u00e3o<!--more--><\/p>\n<p>O projeto \u201cKika N\u00e3o Foi Convidada\u201d, um roteiro de fic\u00e7\u00e3o in\u00e9dito de curta-metragem do cineasta porto-velhense Juraci J\u00fanior, foi vencedor da 25\u00aa edi\u00e7\u00e3o do Laborat\u00f3rio de Projetos de Curta-Metragem do Festival Curta Cinema, que acontece h\u00e1 33 anos no Rio de Janeiro. O laborat\u00f3rio tem como principal objetivo fomentar a realiza\u00e7\u00e3o de curtas-metragens nacionais. Foram mais de 150 projetos inscritos de todo o pa\u00eds.<br \/>\nJuraci, idealizador e roteirista do filme, esteve na capital carioca e participou do laborat\u00f3rio, que contou com a consultoria de tr\u00eas renomados profissionais atuantes na \u00e1rea audiovisual. Nesta edi\u00e7\u00e3o, Fl\u00e1via Castro, Felipe Scholl e Clementino Junior foram os consultores respons\u00e1veis pela orienta\u00e7\u00e3o dos 12 (doze) projetos de curta-metragem selecionados no Brasil.<\/p>\n<p>Para o cineasta, a experi\u00eancia do laborat\u00f3rio foi enriquecedora tanto pela oportunidade de troca com os profissionais refer\u00eancia no audiovisual nacional, quanto com os demais projetos participantes, proporcionando um ambiente diverso de di\u00e1logo entre diferentes olhares e expertises, contribuindo positivamente para a constru\u00e7\u00e3o das hist\u00f3rias que cada um deseja contar.<\/p>\n<p>O projeto vencedor conta a hist\u00f3ria de Kika, uma menina preta da periferia da cidade de Porto Velho, que descobre que n\u00e3o \u00e9 bem-vinda em uma festinha de anivers\u00e1rio no bairro. Enquanto aprendem sobre o valor de uma verdadeira amizade, crian\u00e7as ensinam sobre empatia e acolhimento, ao desenrolar da hist\u00f3ria.<\/p>\n<p>A proposta premiada, direcionada ao p\u00fablico infantojuvenil, aborda problemas sociais como a aporofobia, que \u00e9 a avers\u00e3o a pessoas pobres e o racismo. O conflito central do filme gira em torno de uma situa\u00e7\u00e3o real, presenciada na inf\u00e2ncia do roteirista.<\/p>\n<p>Para Juraci, o momento do an\u00fancio do primeiro lugar foi como se o tempo rodasse em c\u00e2mera lenta. Enquanto ouvia o t\u00edtulo da obra, sua mem\u00f3ria viajava ao exato momento da cena vivenciada na inf\u00e2ncia, na zona sul de Porto Velho, e que inspirou o filme. \u201cVoltei \u00e0quele instante compartilhado com outras crian\u00e7as, passando por toda trajet\u00f3ria at\u00e9 chegar aqui: as dificuldades para chegar at\u00e9 ao festival com recursos pr\u00f3prios, a dificuldade que todo artista brasileiro tem de produzir\u201d, relata.<\/p>\n<p>O sentimento, completa, foi sobretudo de gratid\u00e3o \u201cpor estar nesse espa\u00e7o, por ter a oportunidade de receber o pr\u00eamio em um festival nacional e internacionalmente reconhecido e que, por fim, \u00e9 tamb\u00e9m um recado para o restante do Brasil e do mundo: o Norte existe\u201d, finaliza o realizador. O projeto vencedor recebeu o Pr\u00eamio Conecta Acessibilidade, com a produ\u00e7\u00e3o das tr\u00eas acessibilidades: audiodescri\u00e7\u00e3o, Libras e legendas descritivas e o Pr\u00eamio Link Digital \u2013 Servi\u00e7o de encode DCP para a obra, formato padr\u00e3o para exibi\u00e7\u00e3o do filme no Brasil\u00a0e\u00a0no\u00a0exterior.<\/p>\n","protected":false},"excerpt":{"rendered":"<p>&nbsp; \u201cKika N\u00e3o Foi Convidada\u201d, um roteiro in\u00e9dito de Juraci J\u00fanior, levou o pr\u00eamio de Melhor Projeto do 25\u00ba Laborat\u00f3rio de Projetos de Curta-Metragem do Festival Curta Cinema \u2013 33\u00aa edi\u00e7\u00e3o<\/p>\n","protected":false},"author":1,"featured_media":0,"comment_status":"closed","ping_status":"open","sticky":false,"template":"","format":"standard","meta":{"_exactmetrics_skip_tracking":false,"_exactmetrics_sitenote_active":false,"_exactmetrics_sitenote_note":"","_exactmetrics_sitenote_category":0,"jetpack_post_was_ever_published":false,"_jetpack_newsletter_access":"","_jetpack_dont_email_post_to_subs":false,"_jetpack_newsletter_tier_id":0,"_jetpack_memberships_contains_paywalled_content":false,"_jetpack_memberships_contains_paid_content":false,"footnotes":"","jetpack_publicize_message":"","jetpack_publicize_feature_enabled":true,"jetpack_social_post_already_shared":true,"jetpack_social_options":{"image_generator_settings":{"template":"highway","enabled":false},"version":2}},"categories":[1],"tags":[],"class_list":["post-35015","post","type-post","status-publish","format-standard","hentry","category-notas"],"jetpack_publicize_connections":[],"jetpack_sharing_enabled":true,"jetpack_featured_media_url":"","jetpack_shortlink":"https:\/\/wp.me\/p7wKYW-96L","jetpack-related-posts":[],"_links":{"self":[{"href":"http:\/\/blogdalucianaoliveira.com.br\/blog\/wp-json\/wp\/v2\/posts\/35015","targetHints":{"allow":["GET"]}}],"collection":[{"href":"http:\/\/blogdalucianaoliveira.com.br\/blog\/wp-json\/wp\/v2\/posts"}],"about":[{"href":"http:\/\/blogdalucianaoliveira.com.br\/blog\/wp-json\/wp\/v2\/types\/post"}],"author":[{"embeddable":true,"href":"http:\/\/blogdalucianaoliveira.com.br\/blog\/wp-json\/wp\/v2\/users\/1"}],"replies":[{"embeddable":true,"href":"http:\/\/blogdalucianaoliveira.com.br\/blog\/wp-json\/wp\/v2\/comments?post=35015"}],"version-history":[{"count":1,"href":"http:\/\/blogdalucianaoliveira.com.br\/blog\/wp-json\/wp\/v2\/posts\/35015\/revisions"}],"predecessor-version":[{"id":35017,"href":"http:\/\/blogdalucianaoliveira.com.br\/blog\/wp-json\/wp\/v2\/posts\/35015\/revisions\/35017"}],"wp:attachment":[{"href":"http:\/\/blogdalucianaoliveira.com.br\/blog\/wp-json\/wp\/v2\/media?parent=35015"}],"wp:term":[{"taxonomy":"category","embeddable":true,"href":"http:\/\/blogdalucianaoliveira.com.br\/blog\/wp-json\/wp\/v2\/categories?post=35015"},{"taxonomy":"post_tag","embeddable":true,"href":"http:\/\/blogdalucianaoliveira.com.br\/blog\/wp-json\/wp\/v2\/tags?post=35015"}],"curies":[{"name":"wp","href":"https:\/\/api.w.org\/{rel}","templated":true}]}}