{"id":35018,"date":"2024-04-26T10:01:32","date_gmt":"2024-04-26T14:01:32","guid":{"rendered":"http:\/\/blogdalucianaoliveira.com.br\/blog\/?p=35018"},"modified":"2024-04-26T10:01:32","modified_gmt":"2024-04-26T14:01:32","slug":"presidente-lula-destaca-cafe-produzido-em-rondonia-pela-primeira-barista-indigena-do-brasil","status":"publish","type":"post","link":"http:\/\/blogdalucianaoliveira.com.br\/blog\/2024\/04\/26\/presidente-lula-destaca-cafe-produzido-em-rondonia-pela-primeira-barista-indigena-do-brasil\/","title":{"rendered":"Presidente Lula destaca caf\u00e9 produzido em Rond\u00f4nia pela primeira barista ind\u00edgena do Brasil"},"content":{"rendered":"<p><img data-recalc-dims=\"1\" loading=\"lazy\" decoding=\"async\" data-attachment-id=\"35020\" data-permalink=\"http:\/\/blogdalucianaoliveira.com.br\/blog\/2024\/04\/26\/presidente-lula-destaca-cafe-produzido-em-rondonia-pela-primeira-barista-indigena-do-brasil\/img_2428\/\" data-orig-file=\"https:\/\/i0.wp.com\/blogdalucianaoliveira.com.br\/blog\/wp-content\/uploads\/2024\/04\/IMG_2428.jpeg?fit=960%2C640\" data-orig-size=\"960,640\" data-comments-opened=\"0\" data-image-meta=\"{&quot;aperture&quot;:&quot;0&quot;,&quot;credit&quot;:&quot;&quot;,&quot;camera&quot;:&quot;&quot;,&quot;caption&quot;:&quot;&quot;,&quot;created_timestamp&quot;:&quot;0&quot;,&quot;copyright&quot;:&quot;&quot;,&quot;focal_length&quot;:&quot;0&quot;,&quot;iso&quot;:&quot;0&quot;,&quot;shutter_speed&quot;:&quot;0&quot;,&quot;title&quot;:&quot;&quot;,&quot;orientation&quot;:&quot;1&quot;}\" data-image-title=\"IMG_2428\" data-image-description=\"\" data-image-caption=\"\" data-medium-file=\"https:\/\/i0.wp.com\/blogdalucianaoliveira.com.br\/blog\/wp-content\/uploads\/2024\/04\/IMG_2428.jpeg?fit=300%2C200\" data-large-file=\"https:\/\/i0.wp.com\/blogdalucianaoliveira.com.br\/blog\/wp-content\/uploads\/2024\/04\/IMG_2428.jpeg?fit=600%2C400\" class=\"alignnone size-full wp-image-35020\" src=\"https:\/\/i0.wp.com\/blogdalucianaoliveira.com.br\/blog\/wp-content\/uploads\/2024\/04\/IMG_2428.jpeg?resize=600%2C400\" alt=\"\" width=\"600\" height=\"400\" srcset=\"https:\/\/i0.wp.com\/blogdalucianaoliveira.com.br\/blog\/wp-content\/uploads\/2024\/04\/IMG_2428.jpeg?w=960 960w, https:\/\/i0.wp.com\/blogdalucianaoliveira.com.br\/blog\/wp-content\/uploads\/2024\/04\/IMG_2428.jpeg?resize=300%2C200 300w, https:\/\/i0.wp.com\/blogdalucianaoliveira.com.br\/blog\/wp-content\/uploads\/2024\/04\/IMG_2428.jpeg?resize=768%2C512 768w, https:\/\/i0.wp.com\/blogdalucianaoliveira.com.br\/blog\/wp-content\/uploads\/2024\/04\/IMG_2428.jpeg?resize=450%2C300 450w\" sizes=\"auto, (max-width: 600px) 100vw, 600px\" \/><\/p>\n<p><strong>Rond\u00f4nia Din\u00e2mica<\/strong>\u2013\u00a0\u00a0Em um gesto que fortalece a visibilidade das produ\u00e7\u00f5es ind\u00edgenas brasileiras, o presidente Lula publicou em suas redes sociais um v\u00eddeo em que experimenta o caf\u00e9 produzido por Celesty Suru\u00ed, jovem do povo Paiter Suru\u00ed de Rond\u00f4nia, destacando sua qualidade.<!--more--><\/p>\n<p>O caf\u00e9, que tem ganhado espa\u00e7o no mercado, \u00e9 fruto do trabalho e da inova\u00e7\u00e3o da comunidade da aldeia Lapetanha.<\/p>\n<p>Celesty Suru\u00ed, mencionada como a primeira barista ind\u00edgena do Brasil, <a href=\"https:\/\/claudia.abril.com.br\/sociedade\/celesty-surui-conheca-a-primeira-barista-indigena-do-brasil\/\" target=\"_blank\" rel=\"noopener\"><u><strong>foi recentemente mat\u00e9ria de destaque na revista Cl\u00e1udia<\/strong><\/u><\/a>, que narrou a evolu\u00e7\u00e3o de sua comunidade atrav\u00e9s do cultivo do caf\u00e9.<\/p>\n<p><img data-recalc-dims=\"1\" loading=\"lazy\" decoding=\"async\" data-attachment-id=\"35019\" data-permalink=\"http:\/\/blogdalucianaoliveira.com.br\/blog\/2024\/04\/26\/presidente-lula-destaca-cafe-produzido-em-rondonia-pela-primeira-barista-indigena-do-brasil\/img_2429-2\/\" data-orig-file=\"https:\/\/i0.wp.com\/blogdalucianaoliveira.com.br\/blog\/wp-content\/uploads\/2024\/04\/IMG_2429.jpeg?fit=960%2C734\" data-orig-size=\"960,734\" data-comments-opened=\"0\" data-image-meta=\"{&quot;aperture&quot;:&quot;0&quot;,&quot;credit&quot;:&quot;&quot;,&quot;camera&quot;:&quot;&quot;,&quot;caption&quot;:&quot;&quot;,&quot;created_timestamp&quot;:&quot;0&quot;,&quot;copyright&quot;:&quot;&quot;,&quot;focal_length&quot;:&quot;0&quot;,&quot;iso&quot;:&quot;0&quot;,&quot;shutter_speed&quot;:&quot;0&quot;,&quot;title&quot;:&quot;&quot;,&quot;orientation&quot;:&quot;1&quot;}\" data-image-title=\"IMG_2429\" data-image-description=\"\" data-image-caption=\"\" data-medium-file=\"https:\/\/i0.wp.com\/blogdalucianaoliveira.com.br\/blog\/wp-content\/uploads\/2024\/04\/IMG_2429.jpeg?fit=300%2C229\" data-large-file=\"https:\/\/i0.wp.com\/blogdalucianaoliveira.com.br\/blog\/wp-content\/uploads\/2024\/04\/IMG_2429.jpeg?fit=600%2C459\" class=\"alignnone size-full wp-image-35019\" src=\"https:\/\/i0.wp.com\/blogdalucianaoliveira.com.br\/blog\/wp-content\/uploads\/2024\/04\/IMG_2429.jpeg?resize=600%2C459\" alt=\"\" width=\"600\" height=\"459\" srcset=\"https:\/\/i0.wp.com\/blogdalucianaoliveira.com.br\/blog\/wp-content\/uploads\/2024\/04\/IMG_2429.jpeg?w=960 960w, https:\/\/i0.wp.com\/blogdalucianaoliveira.com.br\/blog\/wp-content\/uploads\/2024\/04\/IMG_2429.jpeg?resize=300%2C229 300w, https:\/\/i0.wp.com\/blogdalucianaoliveira.com.br\/blog\/wp-content\/uploads\/2024\/04\/IMG_2429.jpeg?resize=768%2C587 768w, https:\/\/i0.wp.com\/blogdalucianaoliveira.com.br\/blog\/wp-content\/uploads\/2024\/04\/IMG_2429.jpeg?resize=392%2C300 392w\" sizes=\"auto, (max-width: 600px) 100vw, 600px\" \/><\/p>\n<p>&nbsp;<\/p>\n<p>Segundo a publica\u00e7\u00e3o, ap\u00f3s a demarca\u00e7\u00e3o de territ\u00f3rio e a sa\u00edda dos colonos na d\u00e9cada de 80, os cafezais se transformaram em um vetor de desenvolvimento comercial para os Paiter Suru\u00ed.<\/p>\n<p>A incurs\u00e3o de Celesty no mundo do caf\u00e9 come\u00e7ou quando a COFFEA Trips proporcionou um curso de barista para as mulheres da aldeia. Desafiando estere\u00f3tipos e expectativas, Celesty n\u00e3o apenas se tornou uma especialista no ramo, mas tamb\u00e9m uma pe\u00e7a-chave para o avan\u00e7o t\u00e9cnico da produ\u00e7\u00e3o local.<\/p>\n<p>O reconhecimento n\u00e3o tardou, e a dedica\u00e7\u00e3o dos Suru\u00ed ao caf\u00e9 de qualidade foi coroada com um pr\u00eamio na competi\u00e7\u00e3o Florada Premiada, evidenciando n\u00e3o apenas a excel\u00eancia do produto, mas tamb\u00e9m a persist\u00eancia e resili\u00eancia de Celesty e seu povo.<\/p>\n<p>O apoio presidencial vem em um momento crucial, destacando a import\u00e2ncia do reconhecimento e da valoriza\u00e7\u00e3o das comunidades ind\u00edgenas e de seus produtos no Brasil.<\/p>\n<p>A men\u00e7\u00e3o do presidente Lula serve n\u00e3o apenas como um elogio ao sabor do caf\u00e9, mas tamb\u00e9m como um reconhecimento do papel vital que as pr\u00e1ticas sustent\u00e1veis e culturalmente enraizadas dos povos ind\u00edgenas desempenham na sociedade e economia brasileira.<\/p>\n<p><strong>CONFIRA:<\/p>\n<p><\/strong><\/p>\n<div class=\"jetpack-video-wrapper\"><span class=\"embed-youtube\" style=\"text-align:center; display: block;\"><iframe loading=\"lazy\" class=\"youtube-player\" width=\"600\" height=\"338\" src=\"https:\/\/www.youtube.com\/embed\/0dHc?version=3&#038;rel=1&#038;showsearch=0&#038;showinfo=1&#038;iv_load_policy=1&#038;fs=1&#038;hl=pt-BR&#038;autohide=2&#038;wmode=transparent\" allowfullscreen=\"true\" style=\"border:0;\" sandbox=\"allow-scripts allow-same-origin allow-popups allow-presentation allow-popups-to-escape-sandbox\"><\/iframe><\/span><\/div>\n","protected":false},"excerpt":{"rendered":"<p>Rond\u00f4nia Din\u00e2mica\u2013\u00a0\u00a0Em um gesto que fortalece a visibilidade das produ\u00e7\u00f5es ind\u00edgenas brasileiras, o presidente Lula publicou em suas redes sociais um v\u00eddeo em que experimenta o caf\u00e9 produzido por Celesty Suru\u00ed, jovem do povo Paiter Suru\u00ed de Rond\u00f4nia, destacando sua qualidade.<\/p>\n","protected":false},"author":1,"featured_media":0,"comment_status":"closed","ping_status":"open","sticky":false,"template":"","format":"standard","meta":{"_exactmetrics_skip_tracking":false,"_exactmetrics_sitenote_active":false,"_exactmetrics_sitenote_note":"","_exactmetrics_sitenote_category":0,"jetpack_post_was_ever_published":false,"_jetpack_newsletter_access":"","_jetpack_dont_email_post_to_subs":false,"_jetpack_newsletter_tier_id":0,"_jetpack_memberships_contains_paywalled_content":false,"_jetpack_memberships_contains_paid_content":false,"footnotes":"","jetpack_publicize_message":"","jetpack_publicize_feature_enabled":true,"jetpack_social_post_already_shared":true,"jetpack_social_options":{"image_generator_settings":{"template":"highway","enabled":false},"version":2}},"categories":[1],"tags":[930,78,931,932],"class_list":["post-35018","post","type-post","status-publish","format-standard","hentry","category-notas","tag-cafe","tag-lula","tag-paiter-surui","tag-presidente"],"jetpack_publicize_connections":[],"jetpack_sharing_enabled":true,"jetpack_featured_media_url":"","jetpack_shortlink":"https:\/\/wp.me\/p7wKYW-96O","jetpack-related-posts":[],"_links":{"self":[{"href":"http:\/\/blogdalucianaoliveira.com.br\/blog\/wp-json\/wp\/v2\/posts\/35018","targetHints":{"allow":["GET"]}}],"collection":[{"href":"http:\/\/blogdalucianaoliveira.com.br\/blog\/wp-json\/wp\/v2\/posts"}],"about":[{"href":"http:\/\/blogdalucianaoliveira.com.br\/blog\/wp-json\/wp\/v2\/types\/post"}],"author":[{"embeddable":true,"href":"http:\/\/blogdalucianaoliveira.com.br\/blog\/wp-json\/wp\/v2\/users\/1"}],"replies":[{"embeddable":true,"href":"http:\/\/blogdalucianaoliveira.com.br\/blog\/wp-json\/wp\/v2\/comments?post=35018"}],"version-history":[{"count":1,"href":"http:\/\/blogdalucianaoliveira.com.br\/blog\/wp-json\/wp\/v2\/posts\/35018\/revisions"}],"predecessor-version":[{"id":35021,"href":"http:\/\/blogdalucianaoliveira.com.br\/blog\/wp-json\/wp\/v2\/posts\/35018\/revisions\/35021"}],"wp:attachment":[{"href":"http:\/\/blogdalucianaoliveira.com.br\/blog\/wp-json\/wp\/v2\/media?parent=35018"}],"wp:term":[{"taxonomy":"category","embeddable":true,"href":"http:\/\/blogdalucianaoliveira.com.br\/blog\/wp-json\/wp\/v2\/categories?post=35018"},{"taxonomy":"post_tag","embeddable":true,"href":"http:\/\/blogdalucianaoliveira.com.br\/blog\/wp-json\/wp\/v2\/tags?post=35018"}],"curies":[{"name":"wp","href":"https:\/\/api.w.org\/{rel}","templated":true}]}}