{"id":35024,"date":"2024-04-26T10:56:32","date_gmt":"2024-04-26T14:56:32","guid":{"rendered":"http:\/\/blogdalucianaoliveira.com.br\/blog\/?p=35024"},"modified":"2024-04-26T14:29:34","modified_gmt":"2024-04-26T18:29:34","slug":"3a-edicao-do-amazonia-das-palavras-comeca-dia-30-de-abril-em-porto-velho","status":"publish","type":"post","link":"http:\/\/blogdalucianaoliveira.com.br\/blog\/2024\/04\/26\/3a-edicao-do-amazonia-das-palavras-comeca-dia-30-de-abril-em-porto-velho\/","title":{"rendered":"3\u00aa Edi\u00e7\u00e3o do Amaz\u00f4nia das Palavras come\u00e7a dia 30 de abril em Porto Velho"},"content":{"rendered":"<p><img data-recalc-dims=\"1\" loading=\"lazy\" decoding=\"async\" data-attachment-id=\"35028\" data-permalink=\"http:\/\/blogdalucianaoliveira.com.br\/blog\/2024\/04\/26\/3a-edicao-do-amazonia-das-palavras-comeca-dia-30-de-abril-em-porto-velho\/redes-sociais-porto-velho-amazonia-das-palavras-4\/\" data-orig-file=\"https:\/\/i0.wp.com\/blogdalucianaoliveira.com.br\/blog\/wp-content\/uploads\/2024\/04\/IMG_2099-3.jpeg?fit=640%2C640\" data-orig-size=\"640,640\" data-comments-opened=\"0\" data-image-meta=\"{&quot;aperture&quot;:&quot;0&quot;,&quot;credit&quot;:&quot;&quot;,&quot;camera&quot;:&quot;&quot;,&quot;caption&quot;:&quot;&quot;,&quot;created_timestamp&quot;:&quot;1712958080&quot;,&quot;copyright&quot;:&quot;&quot;,&quot;focal_length&quot;:&quot;0&quot;,&quot;iso&quot;:&quot;0&quot;,&quot;shutter_speed&quot;:&quot;0&quot;,&quot;title&quot;:&quot;REDES SOCIAIS PORTO VELHO AMAZONIA DAS PALAVRAS&quot;,&quot;orientation&quot;:&quot;0&quot;}\" data-image-title=\"REDES SOCIAIS PORTO VELHO AMAZONIA DAS PALAVRAS\" data-image-description=\"\" data-image-caption=\"\" data-medium-file=\"https:\/\/i0.wp.com\/blogdalucianaoliveira.com.br\/blog\/wp-content\/uploads\/2024\/04\/IMG_2099-3.jpeg?fit=300%2C300\" data-large-file=\"https:\/\/i0.wp.com\/blogdalucianaoliveira.com.br\/blog\/wp-content\/uploads\/2024\/04\/IMG_2099-3.jpeg?fit=600%2C600\" class=\"alignnone size-full wp-image-35028\" src=\"https:\/\/i0.wp.com\/blogdalucianaoliveira.com.br\/blog\/wp-content\/uploads\/2024\/04\/IMG_2099-3.jpeg?resize=600%2C600\" alt=\"\" width=\"600\" height=\"600\" srcset=\"https:\/\/i0.wp.com\/blogdalucianaoliveira.com.br\/blog\/wp-content\/uploads\/2024\/04\/IMG_2099-3.jpeg?w=640 640w, https:\/\/i0.wp.com\/blogdalucianaoliveira.com.br\/blog\/wp-content\/uploads\/2024\/04\/IMG_2099-3.jpeg?resize=300%2C300 300w, https:\/\/i0.wp.com\/blogdalucianaoliveira.com.br\/blog\/wp-content\/uploads\/2024\/04\/IMG_2099-3.jpeg?resize=150%2C150 150w\" sizes=\"auto, (max-width: 600px) 100vw, 600px\" \/><\/p>\n<p>O objetivo da expedi\u00e7\u00e3o liter\u00e1ria \u00e9 o incentivo e fomento \u00e0 leitura, ao livro e \u00e0 educa\u00e7\u00e3o ao longo de 1300 km entre os rios Madeira, Amazonas e Negro.<!--more--><\/p>\n<p>O Amaz\u00f4nia das Palavras \u2013 Terceira Edi\u00e7\u00e3o, come\u00e7a na capital rondoniense na pr\u00f3xima ter\u00e7a-feira, 30, e segue at\u00e9 17 de maio, com atividades em escolas p\u00fablicas da rede de ensino, atendendo estudantes, professores, profissionais da educa\u00e7\u00e3o e comunidades.<\/p>\n<p>O barco liter\u00e1rio vai aportar nas seguintes cidades amaz\u00f4nicas: Porto Velho (30\/04), Humait\u00e1 (02\/05), Manicor\u00e9 (06\/05), Novo Aripuan\u00e3 (08\/05), Borba (10\/05), Nova Olinda do Norte (13\/05), no Rio Madeira, Itacoatiara (15\/05), no Rio Amazonas e Manaus (17\/05), no Rio Negro.<\/p>\n<p><img data-recalc-dims=\"1\" loading=\"lazy\" decoding=\"async\" data-attachment-id=\"35030\" data-permalink=\"http:\/\/blogdalucianaoliveira.com.br\/blog\/2024\/04\/26\/3a-edicao-do-amazonia-das-palavras-comeca-dia-30-de-abril-em-porto-velho\/redes-sociais-mapa-amazonia-das-palavras-2\/\" data-orig-file=\"https:\/\/i0.wp.com\/blogdalucianaoliveira.com.br\/blog\/wp-content\/uploads\/2024\/04\/IMG_2096-1.jpeg?fit=640%2C640\" data-orig-size=\"640,640\" data-comments-opened=\"0\" data-image-meta=\"{&quot;aperture&quot;:&quot;0&quot;,&quot;credit&quot;:&quot;&quot;,&quot;camera&quot;:&quot;&quot;,&quot;caption&quot;:&quot;&quot;,&quot;created_timestamp&quot;:&quot;1712246431&quot;,&quot;copyright&quot;:&quot;&quot;,&quot;focal_length&quot;:&quot;0&quot;,&quot;iso&quot;:&quot;0&quot;,&quot;shutter_speed&quot;:&quot;0&quot;,&quot;title&quot;:&quot;REDES SOCIAIS MAPA AMAZONIA DAS PALAVRAS&quot;,&quot;orientation&quot;:&quot;0&quot;}\" data-image-title=\"REDES SOCIAIS MAPA AMAZONIA DAS PALAVRAS\" data-image-description=\"\" data-image-caption=\"\" data-medium-file=\"https:\/\/i0.wp.com\/blogdalucianaoliveira.com.br\/blog\/wp-content\/uploads\/2024\/04\/IMG_2096-1.jpeg?fit=300%2C300\" data-large-file=\"https:\/\/i0.wp.com\/blogdalucianaoliveira.com.br\/blog\/wp-content\/uploads\/2024\/04\/IMG_2096-1.jpeg?fit=600%2C600\" class=\"alignnone size-full wp-image-35030\" src=\"https:\/\/i0.wp.com\/blogdalucianaoliveira.com.br\/blog\/wp-content\/uploads\/2024\/04\/IMG_2096-1.jpeg?resize=600%2C600\" alt=\"\" width=\"600\" height=\"600\" srcset=\"https:\/\/i0.wp.com\/blogdalucianaoliveira.com.br\/blog\/wp-content\/uploads\/2024\/04\/IMG_2096-1.jpeg?w=640 640w, https:\/\/i0.wp.com\/blogdalucianaoliveira.com.br\/blog\/wp-content\/uploads\/2024\/04\/IMG_2096-1.jpeg?resize=300%2C300 300w, https:\/\/i0.wp.com\/blogdalucianaoliveira.com.br\/blog\/wp-content\/uploads\/2024\/04\/IMG_2096-1.jpeg?resize=150%2C150 150w\" sizes=\"auto, (max-width: 600px) 100vw, 600px\" \/><\/p>\n<p>Em todas as cidades haver\u00e1 Oficinas Liter\u00e1rias realizadas de forma gratuita, cada uma com 08 horas\/aula e com educadores da regi\u00e3o Amaz\u00f4nica e de outras regi\u00f5es do pa\u00eds.<\/p>\n<p>Programa\u00e7\u00e3o de oficinas e os educadores:<\/p>\n<p>Mitos e Hist\u00f3rias Ind\u00edgenas \u2013 Professor Yaguar\u00ea Yam\u00e3<br \/>\nSlam \u2013 A Poesia Falada \u2013 Professora Roberta Estrela D\u00b4Alva<br \/>\nProdu\u00e7\u00e3o de Textos Liter\u00e1rios \u2013 Poeta Dori Carvalho<br \/>\nA Palavra Animada \u2013 Professor Marcos Magalh\u00e3es<br \/>\nM\u00fasica e Literatura \u2013 Professor Thiago Thiago De Mello<br \/>\nComo Utilizar o Cinema em Sala De Aula \u2013 Professora Bete Bullara<br \/>\nLiteratura e a Moda \u2013 Professora Marcela Kopanakis Segismundo<\/p>\n<p>No per\u00edodo noturno o Amaz\u00f4nia das Palavras \u2013 Terceira Edi\u00e7\u00e3o, tem a seguinte programa\u00e7\u00e3o com Aulas Magnas:<\/p>\n<p>Aula Magna Batalha de Slam, com a Professora Roberta Estrela D\u2019Alva, nas cidades de Porto Velho\/RO (30\/04) e Nova Olinda do Norte\/AM (13\/05)<br \/>\nAula Magna: Poesia necess\u00e1ria para a vida \u2013 Leres, escreveres, dizeres e viveres, com o Professor Dori Carvalho, nas cidades de Humait\u00e1\/AM (02\/05) e Novo Aripuan\u00e3\/AM (08\/05);<br \/>\nAula Magna: Basta se lembrar, nada vai sumir, com o Professor Thiago Thiago de Mello, na cidade de Borba\/AM (10\/05);<br \/>\nAula Magna: Identidade Amaz\u00f4nica, com o Professor Yaguar\u00ea Yam\u00e3, na cidade de Manicor\u00e9\/AM (06\/05);<br \/>\nAula Magna da Babil\u00f4nia \u00e0 Amaz\u00f4nia, Uma Hist\u00f3ria da Di\u00e1spora, com o Professor e Escritor M\u00e1rcio Souza, nas cidades de Itacoatiara\/AM (15\/05) e Manaus\/AM (17\/05)<\/p>\n<p>A programa\u00e7\u00e3o di\u00e1ria encerra com o Espet\u00e1culo Circense \u201cSil\u00eancio Total\u201d, com o Palha\u00e7o XUXU, interpretado pelo ator Luiz Carlos Vasconcelos.<\/p>\n<figure id=\"attachment_35029\" aria-describedby=\"caption-attachment-35029\" style=\"width: 640px\" class=\"wp-caption alignnone\"><img data-recalc-dims=\"1\" loading=\"lazy\" decoding=\"async\" data-attachment-id=\"35029\" data-permalink=\"http:\/\/blogdalucianaoliveira.com.br\/blog\/2024\/04\/26\/3a-edicao-do-amazonia-das-palavras-comeca-dia-30-de-abril-em-porto-velho\/festcineamazonia-2012-itinerancia-2\/\" data-orig-file=\"https:\/\/i0.wp.com\/blogdalucianaoliveira.com.br\/blog\/wp-content\/uploads\/2024\/04\/IMG_2433.jpeg?fit=640%2C509\" data-orig-size=\"640,509\" data-comments-opened=\"0\" data-image-meta=\"{&quot;aperture&quot;:&quot;2&quot;,&quot;credit&quot;:&quot;Avener Prado&quot;,&quot;camera&quot;:&quot;NIKON D700&quot;,&quot;caption&quot;:&quot;Foto: Avener Prado \\\/ FESTCINEAMAZONIA&quot;,&quot;created_timestamp&quot;:&quot;1340400183&quot;,&quot;copyright&quot;:&quot;Avener Prado&quot;,&quot;focal_length&quot;:&quot;50&quot;,&quot;iso&quot;:&quot;1600&quot;,&quot;shutter_speed&quot;:&quot;0.02&quot;,&quot;title&quot;:&quot;FESTCINEAMAZONIA 2012 - ITINERANCIA&quot;,&quot;orientation&quot;:&quot;0&quot;}\" data-image-title=\"FESTCINEAMAZONIA 2012 &amp;#8211; ITINERANCIA\" data-image-description=\"\" data-image-caption=\"&lt;p&gt;Foto: Avener Prado \/ FESTCINEAMAZONIA&lt;\/p&gt;\n\" data-medium-file=\"https:\/\/i0.wp.com\/blogdalucianaoliveira.com.br\/blog\/wp-content\/uploads\/2024\/04\/IMG_2433.jpeg?fit=300%2C239\" data-large-file=\"https:\/\/i0.wp.com\/blogdalucianaoliveira.com.br\/blog\/wp-content\/uploads\/2024\/04\/IMG_2433.jpeg?fit=600%2C477\" class=\"size-full wp-image-35029\" src=\"https:\/\/i0.wp.com\/blogdalucianaoliveira.com.br\/blog\/wp-content\/uploads\/2024\/04\/IMG_2433.jpeg?resize=600%2C477\" alt=\"\" width=\"600\" height=\"477\" srcset=\"https:\/\/i0.wp.com\/blogdalucianaoliveira.com.br\/blog\/wp-content\/uploads\/2024\/04\/IMG_2433.jpeg?w=640 640w, https:\/\/i0.wp.com\/blogdalucianaoliveira.com.br\/blog\/wp-content\/uploads\/2024\/04\/IMG_2433.jpeg?resize=300%2C239 300w, https:\/\/i0.wp.com\/blogdalucianaoliveira.com.br\/blog\/wp-content\/uploads\/2024\/04\/IMG_2433.jpeg?resize=377%2C300 377w\" sizes=\"auto, (max-width: 600px) 100vw, 600px\" \/><figcaption id=\"caption-attachment-35029\" class=\"wp-caption-text\">Foto: Avener Prado \/ FESTCINEAMAZONIA<\/figcaption><\/figure>\n<p>Na cidade de Manaus, no dia 17 de maio, haver\u00e1 homenagem ao escritor M\u00e1rcio Souza.<\/p>\n<p>Nas 8 Escolas P\u00fablicas contempladas com o projeto, ser\u00e3o plantadas mudas de Pau-Brasil, s\u00edmbolo de nossa hist\u00f3ria e cultura e do compromisso de sustentabilidade do Amaz\u00f4nia das Palavras Terceira Edi\u00e7\u00e3o, como forma de reduzir as emiss\u00f5es de carbono e contribuir com a restaura\u00e7\u00e3o ambiental.<\/p>\n<p>Ser\u00e3o doados livros em cada escola para incentivar a leitura e o conhecimento.<\/p>\n<p><strong>PROGRAMA\u00c7\u00c3O DE PORTO VELHO:<\/strong><\/p>\n<p>Data: 30 de abril<br \/>\n\ud83d\udccdLocal: EEEFM Bar\u00e3o Do Solim\u00f5es (diurno)<br \/>\nEEEFM Estudo E Trabalho (noturno)<\/p>\n<p>Oficinas Liter\u00e1rias (Per\u00edodo Diurno):<br \/>\n\ud83d\udd39Mitos e Hist\u00f3rias Ind\u00edgenas &#8211; Professor Yaguar\u00ea Yam\u00e3<br \/>\n\ud83d\udd39Slam \u2013 A Poesia Falada &#8211; Professora Roberta Estrela D&#8217;Alva<br \/>\n\ud83d\udd39Produ\u00e7\u00e3o de Textos Liter\u00e1rios &#8211; Poeta Dori Carvalho<br \/>\n\ud83d\udd39A Palavra Animada &#8211; Professor Marcos Magalh\u00e3es<br \/>\n\ud83d\udd39M\u00fasica e Literatura &#8211; Professor Thiago Thiago De Mello<br \/>\n\ud83d\udd39Como Utilizar o Cinema em Sala De Aula &#8211; Professora Bete Bullara<br \/>\n\ud83d\udd39Literatura e a Moda &#8211; Professora Marcela Kopanakis Segismundo<\/p>\n<p>\u00c0 noite, a partir das 19:30 horas, na EEEFM Estudo e Trabalho:<br \/>\n\ud83d\udd39Aula Magna: Batalha de Slam com a professora Roberta Estrela D&#8217;Alva<br \/>\n\ud83d\udd39Espet\u00e1culo Circense &#8220;Sil\u00eancio Total &#8211; Vem Chegando um Palha\u00e7o&#8221; \ud83c\udfaacom o Palha\u00e7o XUXU, interpretado pelo ator Luiz Carlos Vasconcelos.<\/p>\n<p>\ud83d\udcda Oficinas GRATUITAS para estudantes e educadores do Ensino Fundamental e M\u00e9dio, com 8 horas\/aula.<\/p>\n<p>Amaz\u00f4nia das Palavras \u2013 Terceira Edi\u00e7\u00e3o \u2013 de 30 de abril a 17 de maio de 2024<br \/>\nPatroc\u00ednio do Google, Governo Federal, Minist\u00e9rio da Cultura, Secretaria de Economia Criativa e Fomento Cultural atrav\u00e9s da Lei de Incentivo \u00e0 Cultura \u2013 Lei Rouanet.<br \/>\nMarketing Cultural: BFV Cultura e Esporte Apoio Cultural: Da Gaveta Produ\u00e7\u00f5es, Byor Filmes, Agojie \u2013 Blacks Conscientes Bravos , Acapulco Filmes e INCENTIV<br \/>\nRealiza\u00e7\u0101o Associa\u00e7\u0101o Mapinguari<\/p>\n","protected":false},"excerpt":{"rendered":"<p>O objetivo da expedi\u00e7\u00e3o liter\u00e1ria \u00e9 o incentivo e fomento \u00e0 leitura, ao livro e \u00e0 educa\u00e7\u00e3o ao longo de 1300 km entre os rios Madeira, Amazonas e Negro.<\/p>\n","protected":false},"author":1,"featured_media":0,"comment_status":"closed","ping_status":"open","sticky":false,"template":"","format":"standard","meta":{"_exactmetrics_skip_tracking":false,"_exactmetrics_sitenote_active":false,"_exactmetrics_sitenote_note":"","_exactmetrics_sitenote_category":0,"jetpack_post_was_ever_published":false,"_jetpack_newsletter_access":"","_jetpack_dont_email_post_to_subs":false,"_jetpack_newsletter_tier_id":0,"_jetpack_memberships_contains_paywalled_content":false,"_jetpack_memberships_contains_paid_content":false,"footnotes":"","jetpack_publicize_message":"","jetpack_publicize_feature_enabled":true,"jetpack_social_post_already_shared":true,"jetpack_social_options":{"image_generator_settings":{"template":"highway","enabled":false},"version":2}},"categories":[1],"tags":[912,933,915,914],"class_list":["post-35024","post","type-post","status-publish","format-standard","hentry","category-notas","tag-amazonia-das-palavras","tag-leitura","tag-oficinas","tag-rios"],"jetpack_publicize_connections":[],"jetpack_sharing_enabled":true,"jetpack_featured_media_url":"","jetpack_shortlink":"https:\/\/wp.me\/p7wKYW-96U","jetpack-related-posts":[],"_links":{"self":[{"href":"http:\/\/blogdalucianaoliveira.com.br\/blog\/wp-json\/wp\/v2\/posts\/35024","targetHints":{"allow":["GET"]}}],"collection":[{"href":"http:\/\/blogdalucianaoliveira.com.br\/blog\/wp-json\/wp\/v2\/posts"}],"about":[{"href":"http:\/\/blogdalucianaoliveira.com.br\/blog\/wp-json\/wp\/v2\/types\/post"}],"author":[{"embeddable":true,"href":"http:\/\/blogdalucianaoliveira.com.br\/blog\/wp-json\/wp\/v2\/users\/1"}],"replies":[{"embeddable":true,"href":"http:\/\/blogdalucianaoliveira.com.br\/blog\/wp-json\/wp\/v2\/comments?post=35024"}],"version-history":[{"count":3,"href":"http:\/\/blogdalucianaoliveira.com.br\/blog\/wp-json\/wp\/v2\/posts\/35024\/revisions"}],"predecessor-version":[{"id":35048,"href":"http:\/\/blogdalucianaoliveira.com.br\/blog\/wp-json\/wp\/v2\/posts\/35024\/revisions\/35048"}],"wp:attachment":[{"href":"http:\/\/blogdalucianaoliveira.com.br\/blog\/wp-json\/wp\/v2\/media?parent=35024"}],"wp:term":[{"taxonomy":"category","embeddable":true,"href":"http:\/\/blogdalucianaoliveira.com.br\/blog\/wp-json\/wp\/v2\/categories?post=35024"},{"taxonomy":"post_tag","embeddable":true,"href":"http:\/\/blogdalucianaoliveira.com.br\/blog\/wp-json\/wp\/v2\/tags?post=35024"}],"curies":[{"name":"wp","href":"https:\/\/api.w.org\/{rel}","templated":true}]}}