{"id":35033,"date":"2024-04-26T12:23:04","date_gmt":"2024-04-26T16:23:04","guid":{"rendered":"http:\/\/blogdalucianaoliveira.com.br\/blog\/?p=35033"},"modified":"2024-04-26T12:23:04","modified_gmt":"2024-04-26T16:23:04","slug":"asfaltao-mantem-tradicao-com-desfile-na-comunidade-neste-sabado","status":"publish","type":"post","link":"http:\/\/blogdalucianaoliveira.com.br\/blog\/2024\/04\/26\/asfaltao-mantem-tradicao-com-desfile-na-comunidade-neste-sabado\/","title":{"rendered":"Asfalt\u00e3o mant\u00e9m tradi\u00e7\u00e3o com desfile na comunidade neste s\u00e1bado"},"content":{"rendered":"<p><img data-recalc-dims=\"1\" loading=\"lazy\" decoding=\"async\" data-attachment-id=\"35036\" data-permalink=\"http:\/\/blogdalucianaoliveira.com.br\/blog\/2024\/04\/26\/asfaltao-mantem-tradicao-com-desfile-na-comunidade-neste-sabado\/imagem-do-whatsapp-de-2024-04-26-as-12-19-12_cdbbeab7\/\" data-orig-file=\"https:\/\/i0.wp.com\/blogdalucianaoliveira.com.br\/blog\/wp-content\/uploads\/2024\/04\/Imagem-do-WhatsApp-de-2024-04-26-as-12.19.12_cdbbeab7.jpg?fit=1008%2C611\" data-orig-size=\"1008,611\" data-comments-opened=\"0\" data-image-meta=\"{&quot;aperture&quot;:&quot;0&quot;,&quot;credit&quot;:&quot;&quot;,&quot;camera&quot;:&quot;&quot;,&quot;caption&quot;:&quot;&quot;,&quot;created_timestamp&quot;:&quot;0&quot;,&quot;copyright&quot;:&quot;&quot;,&quot;focal_length&quot;:&quot;0&quot;,&quot;iso&quot;:&quot;0&quot;,&quot;shutter_speed&quot;:&quot;0&quot;,&quot;title&quot;:&quot;&quot;,&quot;orientation&quot;:&quot;0&quot;}\" data-image-title=\"Imagem do WhatsApp de 2024-04-26 \u00e0(s) 12.19.12_cdbbeab7\" data-image-description=\"\" data-image-caption=\"\" data-medium-file=\"https:\/\/i0.wp.com\/blogdalucianaoliveira.com.br\/blog\/wp-content\/uploads\/2024\/04\/Imagem-do-WhatsApp-de-2024-04-26-as-12.19.12_cdbbeab7.jpg?fit=300%2C182\" data-large-file=\"https:\/\/i0.wp.com\/blogdalucianaoliveira.com.br\/blog\/wp-content\/uploads\/2024\/04\/Imagem-do-WhatsApp-de-2024-04-26-as-12.19.12_cdbbeab7.jpg?fit=600%2C364\" class=\"alignnone  wp-image-35036\" src=\"https:\/\/i0.wp.com\/blogdalucianaoliveira.com.br\/blog\/wp-content\/uploads\/2024\/04\/Imagem-do-WhatsApp-de-2024-04-26-as-12.19.12_cdbbeab7.jpg?resize=556%2C283\" alt=\"\" width=\"556\" height=\"283\" \/><\/p>\n<p>O desfile Escola de Samba Asfalt\u00e3o na comunidade \u00e9 prova de resist\u00eancia, luta e amor pela cultura popular. A \u00faltima vez que a Escola desfilou com apoio do poder p\u00fablico foi em 2018 , ocasi\u00e3o em que conquistou o tr\u00f3feu de tricampe\u00e3.<\/p>\n<p>De l\u00e1 pra c\u00e1, a agremia\u00e7\u00e3o manteve sua tradi\u00e7\u00e3o de mais de meio s\u00e9culo nesse formato, desfilando na comunidade, na rua Jaci Paran\u00e1, entre a Bras\u00edlia e a Salgado Filho.<!--more--><\/p>\n<p>A comunidade se uniu para revitalizar fantasias, criar alegorias novas e mostrar o samba enredo escolhido em disputado concurso com renomados compositores e compositoras da capital.<\/p>\n<p>&#8216;Na Folia, dentro dum abra\u00e7o, de cora\u00e7\u00e3o, donde ecoam os tambores do Asfalt\u00e3o&#8217; \u00e9 o tema do desfile que tem enredo de Oscar Knightz e samba composto por Waldison Pinheiro e M\u00e1vilo Melo.<\/p>\n<p>Cerca de 700 brincantes, incluindo crian\u00e7as e adolescentes, v\u00e3o desfilar com a Bateria Pura Ra\u00e7a que este ano traz 100 ritmistas sob o comando dos mestres Danilo Cardoso e Admilson Knightz.<\/p>\n<p>&#8220;Sempre enfrentamos dificuldades, mas com a pandemia e a interrup\u00e7\u00e3o das nossas atividades culturais que sustentam nossos desfiles, os desafios foram maiores. O tema deste ano real\u00e7a que precisamos de acolhimento, abra\u00e7o e amor para manter a tradi\u00e7\u00e3o&#8221;, disse Silvia Ferreira, diretora de Comunica\u00e7\u00e3o do GRES Asfalt\u00e3o.<\/p>\n<p>Ela acrescentou que\u00a0 \u201cs\u00e3o tantas as adversidades e indefini\u00e7\u00f5es que as escolas de samba enfrentam, que em alguns momentos d\u00e1 o sentimento de falta de respeito a tudo\u201d.<\/p>\n<p>Certo \u00e9 que neste s\u00e1bado, 27, a concentra\u00e7\u00e3o dos brincantes come\u00e7a a partir das 14 hs, no Bar do Calixto e a previs\u00e3o do desfile \u00e9 por volta das 17 hs.<\/p>\n<p>&nbsp;<\/p>\n<p>&nbsp;<\/p>\n<p>&nbsp;<\/p>\n<p>&nbsp;<\/p>\n","protected":false},"excerpt":{"rendered":"<p>O desfile Escola de Samba Asfalt\u00e3o na comunidade \u00e9 prova de resist\u00eancia, luta e amor pela cultura popular. A \u00faltima vez que a Escola desfilou com apoio do poder p\u00fablico foi em 2018 , ocasi\u00e3o em que conquistou o tr\u00f3feu de tricampe\u00e3. De l\u00e1 pra c\u00e1, a agremia\u00e7\u00e3o manteve sua tradi\u00e7\u00e3o de mais de meio&#8230;<a class=\"more-link\" href=\"http:\/\/blogdalucianaoliveira.com.br\/blog\/2024\/04\/26\/asfaltao-mantem-tradicao-com-desfile-na-comunidade-neste-sabado\/\">Continue a leitura <span class=\"meta-nav\">&raquo;<\/span><\/a><\/p>\n","protected":false},"author":1,"featured_media":0,"comment_status":"closed","ping_status":"open","sticky":false,"template":"","format":"standard","meta":{"_exactmetrics_skip_tracking":false,"_exactmetrics_sitenote_active":false,"_exactmetrics_sitenote_note":"","_exactmetrics_sitenote_category":0,"jetpack_post_was_ever_published":false,"_jetpack_newsletter_access":"","_jetpack_dont_email_post_to_subs":false,"_jetpack_newsletter_tier_id":0,"_jetpack_memberships_contains_paywalled_content":false,"_jetpack_memberships_contains_paid_content":false,"footnotes":"","jetpack_publicize_message":"","jetpack_publicize_feature_enabled":true,"jetpack_social_post_already_shared":true,"jetpack_social_options":{"image_generator_settings":{"template":"highway","enabled":false},"version":2}},"categories":[1],"tags":[934,935,692],"class_list":["post-35033","post","type-post","status-publish","format-standard","hentry","category-notas","tag-asfaltao","tag-desfile","tag-samba"],"jetpack_publicize_connections":[],"jetpack_sharing_enabled":true,"jetpack_featured_media_url":"","jetpack_shortlink":"https:\/\/wp.me\/p7wKYW-973","jetpack-related-posts":[],"_links":{"self":[{"href":"http:\/\/blogdalucianaoliveira.com.br\/blog\/wp-json\/wp\/v2\/posts\/35033","targetHints":{"allow":["GET"]}}],"collection":[{"href":"http:\/\/blogdalucianaoliveira.com.br\/blog\/wp-json\/wp\/v2\/posts"}],"about":[{"href":"http:\/\/blogdalucianaoliveira.com.br\/blog\/wp-json\/wp\/v2\/types\/post"}],"author":[{"embeddable":true,"href":"http:\/\/blogdalucianaoliveira.com.br\/blog\/wp-json\/wp\/v2\/users\/1"}],"replies":[{"embeddable":true,"href":"http:\/\/blogdalucianaoliveira.com.br\/blog\/wp-json\/wp\/v2\/comments?post=35033"}],"version-history":[{"count":2,"href":"http:\/\/blogdalucianaoliveira.com.br\/blog\/wp-json\/wp\/v2\/posts\/35033\/revisions"}],"predecessor-version":[{"id":35038,"href":"http:\/\/blogdalucianaoliveira.com.br\/blog\/wp-json\/wp\/v2\/posts\/35033\/revisions\/35038"}],"wp:attachment":[{"href":"http:\/\/blogdalucianaoliveira.com.br\/blog\/wp-json\/wp\/v2\/media?parent=35033"}],"wp:term":[{"taxonomy":"category","embeddable":true,"href":"http:\/\/blogdalucianaoliveira.com.br\/blog\/wp-json\/wp\/v2\/categories?post=35033"},{"taxonomy":"post_tag","embeddable":true,"href":"http:\/\/blogdalucianaoliveira.com.br\/blog\/wp-json\/wp\/v2\/tags?post=35033"}],"curies":[{"name":"wp","href":"https:\/\/api.w.org\/{rel}","templated":true}]}}