{"id":35042,"date":"2024-04-26T12:38:56","date_gmt":"2024-04-26T16:38:56","guid":{"rendered":"http:\/\/blogdalucianaoliveira.com.br\/blog\/?p=35042"},"modified":"2024-04-26T12:39:52","modified_gmt":"2024-04-26T16:39:52","slug":"fashion-revolution-sera-neste-fim-semana-em-porto-velho","status":"publish","type":"post","link":"http:\/\/blogdalucianaoliveira.com.br\/blog\/2024\/04\/26\/fashion-revolution-sera-neste-fim-semana-em-porto-velho\/","title":{"rendered":"Fashion Revolution ser\u00e1 neste fim semana em Porto Velho"},"content":{"rendered":"<p><img data-recalc-dims=\"1\" loading=\"lazy\" decoding=\"async\" data-attachment-id=\"35044\" data-permalink=\"http:\/\/blogdalucianaoliveira.com.br\/blog\/2024\/04\/26\/fashion-revolution-sera-neste-fim-semana-em-porto-velho\/img_2446\/\" data-orig-file=\"https:\/\/i0.wp.com\/blogdalucianaoliveira.com.br\/blog\/wp-content\/uploads\/2024\/04\/IMG_2446.jpeg?fit=1170%2C1117\" data-orig-size=\"1170,1117\" data-comments-opened=\"0\" data-image-meta=\"{&quot;aperture&quot;:&quot;0&quot;,&quot;credit&quot;:&quot;&quot;,&quot;camera&quot;:&quot;&quot;,&quot;caption&quot;:&quot;&quot;,&quot;created_timestamp&quot;:&quot;0&quot;,&quot;copyright&quot;:&quot;&quot;,&quot;focal_length&quot;:&quot;0&quot;,&quot;iso&quot;:&quot;0&quot;,&quot;shutter_speed&quot;:&quot;0&quot;,&quot;title&quot;:&quot;&quot;,&quot;orientation&quot;:&quot;1&quot;}\" data-image-title=\"IMG_2446\" data-image-description=\"\" data-image-caption=\"\" data-medium-file=\"https:\/\/i0.wp.com\/blogdalucianaoliveira.com.br\/blog\/wp-content\/uploads\/2024\/04\/IMG_2446.jpeg?fit=300%2C286\" data-large-file=\"https:\/\/i0.wp.com\/blogdalucianaoliveira.com.br\/blog\/wp-content\/uploads\/2024\/04\/IMG_2446.jpeg?fit=600%2C573\" class=\"alignnone size-full wp-image-35044\" src=\"https:\/\/i0.wp.com\/blogdalucianaoliveira.com.br\/blog\/wp-content\/uploads\/2024\/04\/IMG_2446.jpeg?resize=600%2C573\" alt=\"\" width=\"600\" height=\"573\" srcset=\"https:\/\/i0.wp.com\/blogdalucianaoliveira.com.br\/blog\/wp-content\/uploads\/2024\/04\/IMG_2446.jpeg?w=1170 1170w, https:\/\/i0.wp.com\/blogdalucianaoliveira.com.br\/blog\/wp-content\/uploads\/2024\/04\/IMG_2446.jpeg?resize=300%2C286 300w, https:\/\/i0.wp.com\/blogdalucianaoliveira.com.br\/blog\/wp-content\/uploads\/2024\/04\/IMG_2446.jpeg?resize=1024%2C978 1024w, https:\/\/i0.wp.com\/blogdalucianaoliveira.com.br\/blog\/wp-content\/uploads\/2024\/04\/IMG_2446.jpeg?resize=768%2C733 768w, https:\/\/i0.wp.com\/blogdalucianaoliveira.com.br\/blog\/wp-content\/uploads\/2024\/04\/IMG_2446.jpeg?resize=314%2C300 314w\" sizes=\"auto, (max-width: 600px) 100vw, 600px\" \/><\/p>\n<p>Considerado o maior movimento ativista de moda no mundo, a semana Fashion Revolution acontece nos pr\u00f3ximos dias 27 e 28 de abril em Porto Velho.<!--more--><\/p>\n<p>O evento tem como objetivo promover uma conscientiza\u00e7\u00e3o coletiva em rela\u00e7\u00e3o a um sistema de moda mais justo e igualit\u00e1rio para as pessoas e o planeta. Em Porto Velho, a campanha conta com uma extensa programa\u00e7\u00e3o de palestras, rodas de conversa e oficinas que ser\u00e3o realizadas na Casa da Mata Projetos Culturais e no Esconderijo Bar &amp; Livraria.<\/p>\n<p>Hoje, presente em 100 pa\u00edses, o Fashion Revolution desenvolve a\u00e7\u00f5es mobilizadoras e incentiva os consumidores a questionarem suas marcas favoritas, convidando-os \u00e0 simples, por\u00e9m poderosa reflex\u00e3o: #QuemFezMinhasRoupas? #DoQueS\u00e3oFeitasMinhasRoupas #ACorDeQuemFezMinhasRoupas<\/p>\n<p>Criada ap\u00f3s o desabamento do edif\u00edcio Rana Plaza em Bangladesh, no dia 24 de abril de 2013, a semana Fashion Revolutions \u00e9 realizada no Brasil desde 2014. O acidente que aconteceu no pa\u00eds asi\u00e1tico causou a morte de 1.134 trabalhadores da confec\u00e7\u00e3o de roupas e deixou mais de 2.500 feridos. A ind\u00fastria da moda \u00e9 a segunda mais poluente do mundo e, com a trag\u00e9dia, tenta mudar este panorama ao promover a\u00e7\u00f5es que sustentam mudan\u00e7as de mentalidade e comportamento em consumidores, empresas e profissionais da moda.<\/p>\n<p>De acordo com estudo da Funda\u00e7\u00e3o Ellen McArthur em 2017, a produ\u00e7\u00e3o de roupas dobrou nos \u00faltimos 15 anos. Deste conte\u00fado, 73% dos res\u00edduos t\u00eaxteis s\u00e3o queimados ou enterrados em aterros sanit\u00e1rios e apenas 1% \u00e9 usado para fabricar pe\u00e7as de roupas novas. Dos danos ao meio ambiente, podemos considerar ainda a perda de biodiversidade, mudan\u00e7as clim\u00e1ticas, aumento do efeito estufa, deteriora\u00e7\u00e3o dos solos, desperd\u00edcio e o crescimento excessivo do lixo. Por isso, este ano, o movimento tem como tema dinheiro, poder e moda.<\/p>\n<p>A #SemanaFashionRevolution acontecer\u00e1 em abril de 2024. vamos mostrar as nossas ideias e manifesta\u00e7\u00f5es rumo \u00e0 mudan\u00e7a, rumo ao respeito, justi\u00e7a social e bem viver com a natureza. em Porto Velho que acontece de 27 e 28 de abril de 2024, acontecer\u00e1 pela segunda vez em Rond\u00f4nia. Esse \u00e9 um grande passo para iniciarmos os di\u00e1logos sobre os impactos da cadeia da moda na sociedade e reimaginar coletivamente um sistema de moda justo e equitativo para as pessoas e para o planeta.<\/p>\n<p>O movimento \u00e9 global e tem entre seus objetivos conscientizar sobre v\u00e1rios aspectos socioambientais, impulsionar a moda sustent\u00e1vel, valorizar quem faz as nossas roupas e provocar nas marcas a responsabilidade de produzir uma moda consciente.<\/p>\n<p>Programa\u00e7\u00e3o Gratuita!<\/p>\n<p>&nbsp;<\/p>\n<p>Consulte nossa programa\u00e7\u00e3o completa aqui:<\/p>\n<p>\u279d \u00a027 de Abril de 2024 \/ s\u00e1bado<\/p>\n<p>ONDE: CASA DA MATA PROJETOS CULTURAIS &#8211; 14h \u00e0s 20h<\/p>\n<p>14h &#8211; Apresenta\u00e7\u00e3o do Fashion Revolution, o maior movimento ativista de moda do mundo<\/p>\n<p>16h &#8211; Roda de conversa Moda Perif\u00e9rica com Abra\u00e3o fantin, Nortismo, Mateus Jesus e Rosa negra.<\/p>\n<p>17h30 &#8211; Roda de Conversa: Moda al\u00e9m do bin\u00e1rio: Express\u00f5es de g\u00eanero em identidade e arte LGBTQIAPN+ com Laura Nobre, Kl\u00e9zi &amp; Joyce<\/p>\n<p>19h &#8211; Processos criativos em projetos de moda com Marcela Kopanakis<\/p>\n<p>14h \u00e0s 20h &#8211; Exposi\u00e7\u00f5es art\u00edsticas com Camila de S\u00e1, \u00c9rika Melo, Nortismo e Camilla Ocampo<\/p>\n<p>\u279d \u00a028 de Abril de 2024 \/ domingo<\/p>\n<p>ONDE: ESCONDERIJO BAR &amp; LIVRARIA &#8211; 18h \u00e0s 20h<\/p>\n<p>18h &#8211; Apresenta\u00e7\u00e3o do Fashion Revolution, o maior movimento ativista de moda do mundo<\/p>\n<p>18h30 &#8211; Exibi\u00e7\u00e3o do filme \u201cL.A.P.A\u201d de Em\u00edlio Domingos e Cavi Borges<\/p>\n<p>20h &#8211; Debate sobre o filme a partir das conflu\u00eancias entre Moda &amp; M\u00fasica com Dj Khaos, Flores, Carla Let\u00edcia &amp; Peste<\/p>\n<p>21h &#8211; Batalha de rima com A LIGA<\/p>\n<p>22h &#8211; Dj set com Custa, Peste e Khaos<\/p>\n<p>&nbsp;<\/p>\n<p>Para mais informa\u00e7\u00f5es acesse: <a href=\"https:\/\/www.google.com\/url?q=https:\/\/www.google.com\/url?q%3Dhttps:\/\/www.instagram.com\/coletivo__yara\/%26amp;sa%3DD%26amp;source%3Deditors%26amp;ust%3D1714152866995871%26amp;usg%3DAOvVaw1lUI3mn37-ye2NuutErfyO&amp;sa=D&amp;source=docs&amp;ust=1714152867004965&amp;usg=AOvVaw3NMUaBFEwOIYLs_dYxaOyC\">https:\/\/www.instagram.com\/coletivo__yara\/<\/a><\/p>\n","protected":false},"excerpt":{"rendered":"<p>Considerado o maior movimento ativista de moda no mundo, a semana Fashion Revolution acontece nos pr\u00f3ximos dias 27 e 28 de abril em Porto Velho.<\/p>\n","protected":false},"author":1,"featured_media":0,"comment_status":"closed","ping_status":"open","sticky":false,"template":"","format":"standard","meta":{"_exactmetrics_skip_tracking":false,"_exactmetrics_sitenote_active":false,"_exactmetrics_sitenote_note":"","_exactmetrics_sitenote_category":0,"jetpack_post_was_ever_published":false,"_jetpack_newsletter_access":"","_jetpack_dont_email_post_to_subs":false,"_jetpack_newsletter_tier_id":0,"_jetpack_memberships_contains_paywalled_content":false,"_jetpack_memberships_contains_paid_content":false,"footnotes":"","jetpack_publicize_message":"","jetpack_publicize_feature_enabled":true,"jetpack_social_post_already_shared":true,"jetpack_social_options":{"image_generator_settings":{"template":"highway","enabled":false},"version":2}},"categories":[1],"tags":[],"class_list":["post-35042","post","type-post","status-publish","format-standard","hentry","category-notas"],"jetpack_publicize_connections":[],"jetpack_sharing_enabled":true,"jetpack_featured_media_url":"","jetpack_shortlink":"https:\/\/wp.me\/p7wKYW-97c","jetpack-related-posts":[],"_links":{"self":[{"href":"http:\/\/blogdalucianaoliveira.com.br\/blog\/wp-json\/wp\/v2\/posts\/35042","targetHints":{"allow":["GET"]}}],"collection":[{"href":"http:\/\/blogdalucianaoliveira.com.br\/blog\/wp-json\/wp\/v2\/posts"}],"about":[{"href":"http:\/\/blogdalucianaoliveira.com.br\/blog\/wp-json\/wp\/v2\/types\/post"}],"author":[{"embeddable":true,"href":"http:\/\/blogdalucianaoliveira.com.br\/blog\/wp-json\/wp\/v2\/users\/1"}],"replies":[{"embeddable":true,"href":"http:\/\/blogdalucianaoliveira.com.br\/blog\/wp-json\/wp\/v2\/comments?post=35042"}],"version-history":[{"count":3,"href":"http:\/\/blogdalucianaoliveira.com.br\/blog\/wp-json\/wp\/v2\/posts\/35042\/revisions"}],"predecessor-version":[{"id":35046,"href":"http:\/\/blogdalucianaoliveira.com.br\/blog\/wp-json\/wp\/v2\/posts\/35042\/revisions\/35046"}],"wp:attachment":[{"href":"http:\/\/blogdalucianaoliveira.com.br\/blog\/wp-json\/wp\/v2\/media?parent=35042"}],"wp:term":[{"taxonomy":"category","embeddable":true,"href":"http:\/\/blogdalucianaoliveira.com.br\/blog\/wp-json\/wp\/v2\/categories?post=35042"},{"taxonomy":"post_tag","embeddable":true,"href":"http:\/\/blogdalucianaoliveira.com.br\/blog\/wp-json\/wp\/v2\/tags?post=35042"}],"curies":[{"name":"wp","href":"https:\/\/api.w.org\/{rel}","templated":true}]}}