{"id":35068,"date":"2024-05-06T16:14:30","date_gmt":"2024-05-06T20:14:30","guid":{"rendered":"http:\/\/blogdalucianaoliveira.com.br\/blog\/?p=35068"},"modified":"2024-05-06T16:14:30","modified_gmt":"2024-05-06T20:14:30","slug":"tragedia-historica-expoe-o-quanto-governo-leite-ignora-alertas-e-atropela-politica-ambiental","status":"publish","type":"post","link":"http:\/\/blogdalucianaoliveira.com.br\/blog\/2024\/05\/06\/tragedia-historica-expoe-o-quanto-governo-leite-ignora-alertas-e-atropela-politica-ambiental\/","title":{"rendered":"Trag\u00e9dia hist\u00f3rica exp\u00f5e o quanto governo Leite ignora alertas e atropela pol\u00edtica ambiental"},"content":{"rendered":"<div><img data-recalc-dims=\"1\" loading=\"lazy\" decoding=\"async\" data-attachment-id=\"35069\" data-permalink=\"http:\/\/blogdalucianaoliveira.com.br\/blog\/2024\/05\/06\/tragedia-historica-expoe-o-quanto-governo-leite-ignora-alertas-e-atropela-politica-ambiental\/53694309986_895a6a3ff8_c\/\" data-orig-file=\"https:\/\/i0.wp.com\/blogdalucianaoliveira.com.br\/blog\/wp-content\/uploads\/2024\/05\/53694309986_895a6a3ff8_c.jpg?fit=799%2C533\" data-orig-size=\"799,533\" data-comments-opened=\"0\" data-image-meta=\"{&quot;aperture&quot;:&quot;0&quot;,&quot;credit&quot;:&quot;&quot;,&quot;camera&quot;:&quot;&quot;,&quot;caption&quot;:&quot;&quot;,&quot;created_timestamp&quot;:&quot;0&quot;,&quot;copyright&quot;:&quot;&quot;,&quot;focal_length&quot;:&quot;0&quot;,&quot;iso&quot;:&quot;0&quot;,&quot;shutter_speed&quot;:&quot;0&quot;,&quot;title&quot;:&quot;&quot;,&quot;orientation&quot;:&quot;0&quot;}\" data-image-title=\"53694309986_895a6a3ff8_c\" data-image-description=\"\" data-image-caption=\"\" data-medium-file=\"https:\/\/i0.wp.com\/blogdalucianaoliveira.com.br\/blog\/wp-content\/uploads\/2024\/05\/53694309986_895a6a3ff8_c.jpg?fit=300%2C200\" data-large-file=\"https:\/\/i0.wp.com\/blogdalucianaoliveira.com.br\/blog\/wp-content\/uploads\/2024\/05\/53694309986_895a6a3ff8_c.jpg?fit=600%2C400\" class=\"alignnone size-medium wp-image-35069\" src=\"https:\/\/i0.wp.com\/blogdalucianaoliveira.com.br\/blog\/wp-content\/uploads\/2024\/05\/53694309986_895a6a3ff8_c.jpg?resize=300%2C200\" alt=\"\" width=\"300\" height=\"200\" srcset=\"https:\/\/i0.wp.com\/blogdalucianaoliveira.com.br\/blog\/wp-content\/uploads\/2024\/05\/53694309986_895a6a3ff8_c.jpg?resize=300%2C200 300w, https:\/\/i0.wp.com\/blogdalucianaoliveira.com.br\/blog\/wp-content\/uploads\/2024\/05\/53694309986_895a6a3ff8_c.jpg?resize=768%2C512 768w, https:\/\/i0.wp.com\/blogdalucianaoliveira.com.br\/blog\/wp-content\/uploads\/2024\/05\/53694309986_895a6a3ff8_c.jpg?resize=450%2C300 450w, https:\/\/i0.wp.com\/blogdalucianaoliveira.com.br\/blog\/wp-content\/uploads\/2024\/05\/53694309986_895a6a3ff8_c.jpg?w=799 799w\" sizes=\"auto, (max-width: 300px) 100vw, 300px\" \/><\/div>\n<div><\/div>\n<div>Governo desfigurou C\u00f3digo Estadual do Meio Ambiente e sancionou constru\u00e7\u00e3o de barragens em \u00e1reas de preserva\u00e7\u00e3o, entre outras medidas.<\/div>\n<p><!--more--><\/p>\n<div><strong>Sul 21<\/strong> &#8211; Poucos dias antes do in\u00edcio das chuvas que infligem ao Rio Grande do Sul a sua maior trag\u00e9dia clim\u00e1tica, a Associa\u00e7\u00e3o Ga\u00facha de Prote\u00e7\u00e3o ao Ambiente Natural (Agapan) enviou ao governador Eduardo Leite (PSDB) um of\u00edcio com o incomum t\u00edtulo de \u201cAlerta ao Estado do Rio Grande do Sul e ao Governador do Estado\u201d, seguido pelo subt\u00edtulo que dizia: \u201cRegistro para fins de tomada de conhecimento sobre alertas emitidos h\u00e1 v\u00e1rias d\u00e9cadas\u201d. O documento foi entregue no \u00faltimo dia 26 de abril.<\/div>\n<div>\n<div class=\"single-content\">\n<section class=\"container\">\n<div class=\"text-block\">\n<p class=\"p1\">Logo no in\u00edcio, o of\u00edcio deixa claro o objetivo de avisar o governador de que o mundo \u201cest\u00e1 enfrentando uma crise clim\u00e1tica\u201d. Antes de parecer estranho que a entidade ambientalista mais antiga do RS e do Brasil se disponha a produzir um documento para informar Leite de algo amplamente discutido no planeta, o of\u00edcio revela a p\u00e9ssima rela\u00e7\u00e3o do governador ga\u00facho com os ambientalistas do estado.<\/p>\n<p class=\"p1\">No documento, a Agapan enfatiza que a crise clim\u00e1tica \u00e9 divulgada pela ci\u00eancia e imprensa h\u00e1 v\u00e1rias d\u00e9cadas e explica que o problema \u201ctem o fator antropog\u00eanico como um de seus principais ingredientes de intensifica\u00e7\u00e3o, sem desconsiderar outros de car\u00e1ter c\u00edclico e universal que possam somar\u201d. Antropog\u00eanico, no caso, significa a a\u00e7\u00e3o do ser humano no meio ambiente.<\/p>\n<p class=\"p1\">O par\u00e1grafo seguinte do documento exp\u00f5e a dist\u00e2ncia que separa o governador, apesar do figurino de colete da Defesa Civil quando a trag\u00e9dia acontece, e os ambientalistas que h\u00e1 anos criticam as medidas adotadas pelo governo Leite.<\/p>\n<p class=\"p1\">\u201cNeste sentido, alertamos que a falta de atitudes para estancar e reverter processos que contribuem para o avan\u00e7o da crise \u2013 a exemplo da libera\u00e7\u00e3o de mais venenos agr\u00edcolas, da autoriza\u00e7\u00e3o para destruir \u00c1reas de Preserva\u00e7\u00e3o Permanente, da falta de uma pol\u00edtica permanente de recupera\u00e7\u00e3o de matas ciliares, do incentivo anacr\u00f4nico \u00e0 constru\u00e7\u00e3o de polos carboqu\u00edmicos e de instala\u00e7\u00f5es de infraestrutura que n\u00e3o reconhe\u00e7am os direitos das comunidades tradicionais, da falta de cuidados e inger\u00eancia dos recursos h\u00eddricos, entre outros \u2013 ser\u00e1 motivo de proposta de A\u00e7\u00e3o Civil P\u00fablica de nossa parte. \u00c9 apenas um alerta com o objetivo claro de contar com a parceria para encontrar \u2018solu\u00e7\u00f5es coletivas\u2019 para estancar e fazer a nossa parte, enquanto povo ga\u00facho, para ajudar a reverter as mudan\u00e7as clim\u00e1ticas.\u201d<\/p>\n<p class=\"p1\">No of\u00edcio, a Agapan afirma n\u00e3o poder mais, por princ\u00edpio de precau\u00e7\u00e3o diante da crise clim\u00e1tica alertada h\u00e1 d\u00e9cadas, \u201cser complacentes com governos que t\u00eam demonstrado pouca ou nenhuma sensibilidade para a situa\u00e7\u00e3o, em especial, da popula\u00e7\u00e3o mais vulner\u00e1vel, que primeiro sofre e sofrer\u00e1 com a amplia\u00e7\u00e3o do ritmo de avan\u00e7o das mudan\u00e7as clim\u00e1ticas\u201d.<\/p>\n<p class=\"p1\">Presidente da Agapan, Heverton Lacerda pondera que a crise clim\u00e1tica vivida no planeta pode levar s\u00e9culos para ser revertida \u2013 ou nunca ser. A \u00fanica chance \u00e9 se, nos pr\u00f3ximos anos e d\u00e9cadas, as sociedades conseguirem, de forma muito dr\u00e1stica, primeiro estancar tudo o que est\u00e1 causando e ampliando a crise clim\u00e1tica, e depois realizar a\u00e7\u00f5es para a revers\u00e3o.<\/p>\n<p class=\"p1\">\u201cN\u00e3o adianta apenas resili\u00eancia ou mitiga\u00e7\u00e3o de danos. O que precisa ser combatido \u00e9 a causa da mudan\u00e7a clim\u00e1tica. O que os governos est\u00e3o fazendo \u00e9 ligado \u00e0 quest\u00e3o da resili\u00eancia e da mitiga\u00e7\u00e3o de danos, tirando a popula\u00e7\u00e3o de locais atingidos, mas v\u00e3o continuar fazendo aquilo que causa a crise clim\u00e1tica\u201d, afirma, sem esconder na voz a insatisfa\u00e7\u00e3o com os rumos da pol\u00edtica ambiental.<\/p>\n<figure id=\"attachment_213681\" class=\"wp-caption aligncenter\" aria-describedby=\"caption-attachment-213681\"><figcaption id=\"caption-attachment-213681\" class=\"wp-caption-text\"><img data-recalc-dims=\"1\" loading=\"lazy\" decoding=\"async\" data-attachment-id=\"35070\" data-permalink=\"http:\/\/blogdalucianaoliveira.com.br\/blog\/2024\/05\/06\/tragedia-historica-expoe-o-quanto-governo-leite-ignora-alertas-e-atropela-politica-ambiental\/f5xpmsqxoaawa9w-1080x720\/\" data-orig-file=\"https:\/\/i0.wp.com\/blogdalucianaoliveira.com.br\/blog\/wp-content\/uploads\/2024\/05\/F5XpmsQXoAAWa9W-1080x720-1.jpeg?fit=1080%2C720\" data-orig-size=\"1080,720\" data-comments-opened=\"0\" data-image-meta=\"{&quot;aperture&quot;:&quot;0&quot;,&quot;credit&quot;:&quot;&quot;,&quot;camera&quot;:&quot;&quot;,&quot;caption&quot;:&quot;&quot;,&quot;created_timestamp&quot;:&quot;0&quot;,&quot;copyright&quot;:&quot;&quot;,&quot;focal_length&quot;:&quot;0&quot;,&quot;iso&quot;:&quot;0&quot;,&quot;shutter_speed&quot;:&quot;0&quot;,&quot;title&quot;:&quot;&quot;,&quot;orientation&quot;:&quot;0&quot;}\" data-image-title=\"F5XpmsQXoAAWa9W-1080&amp;#215;720\" data-image-description=\"\" data-image-caption=\"\" data-medium-file=\"https:\/\/i0.wp.com\/blogdalucianaoliveira.com.br\/blog\/wp-content\/uploads\/2024\/05\/F5XpmsQXoAAWa9W-1080x720-1.jpeg?fit=300%2C200\" data-large-file=\"https:\/\/i0.wp.com\/blogdalucianaoliveira.com.br\/blog\/wp-content\/uploads\/2024\/05\/F5XpmsQXoAAWa9W-1080x720-1.jpeg?fit=600%2C400\" class=\"alignnone size-medium wp-image-35070\" src=\"https:\/\/i0.wp.com\/blogdalucianaoliveira.com.br\/blog\/wp-content\/uploads\/2024\/05\/F5XpmsQXoAAWa9W-1080x720-1.jpeg?resize=300%2C200\" alt=\"\" width=\"300\" height=\"200\" srcset=\"https:\/\/i0.wp.com\/blogdalucianaoliveira.com.br\/blog\/wp-content\/uploads\/2024\/05\/F5XpmsQXoAAWa9W-1080x720-1.jpeg?resize=300%2C200 300w, https:\/\/i0.wp.com\/blogdalucianaoliveira.com.br\/blog\/wp-content\/uploads\/2024\/05\/F5XpmsQXoAAWa9W-1080x720-1.jpeg?resize=1024%2C683 1024w, https:\/\/i0.wp.com\/blogdalucianaoliveira.com.br\/blog\/wp-content\/uploads\/2024\/05\/F5XpmsQXoAAWa9W-1080x720-1.jpeg?resize=768%2C512 768w, https:\/\/i0.wp.com\/blogdalucianaoliveira.com.br\/blog\/wp-content\/uploads\/2024\/05\/F5XpmsQXoAAWa9W-1080x720-1.jpeg?resize=450%2C300 450w, https:\/\/i0.wp.com\/blogdalucianaoliveira.com.br\/blog\/wp-content\/uploads\/2024\/05\/F5XpmsQXoAAWa9W-1080x720-1.jpeg?w=1080 1080w\" sizes=\"auto, (max-width: 300px) 100vw, 300px\" \/><br \/>\nEm setembro de 2023, cidades do Vale do Taquari, como Roca Sales, foram arrasadas pela primeira grande enchente. Foto: Secom\/RS<\/figcaption><\/figure>\n<p class=\"p1\">A calamidade que assola o RS, com 78 mortos e mais de cem desaparecidos at\u00e9 o momento, n\u00famero que tende a crescer nos pr\u00f3ximos dias, \u00e9 uma \u201ctrag\u00e9dia anunciada\u201d na vis\u00e3o de Lacerda. \u201cN\u00e3o existe nada que possa ser feito para evitar o pr\u00f3ximo evento clim\u00e1tico extremo que vai acontecer porque estamos dentro da crise clim\u00e1tica.\u201d<\/p>\n<p class=\"p1\">Se no curto prazo h\u00e1 pouco a fazer, no m\u00e9dio e longo prazo a perspectiva pode ser outra. O presidente da Agapan cita como prioridades a recomposi\u00e7\u00e3o das \u00c1reas de Preserva\u00e7\u00e3o Permanente (APP), a recomposi\u00e7\u00e3o das matas ciliares e o aumento do calado dos rios. A \u00faltima medida com resultado mais r\u00e1pido.<\/p>\n<p class=\"p1\">\u201cDesassorear rios seria uma solu\u00e7\u00e3o de forma imediata, cara e trabalhosa, mas o melhor seria a gente recompor as florestas\u201d, defende. \u201cUm dos grandes problemas \u00e9 o assoreamento dos rios por causa de um modelo agr\u00edcola de desenvolvimento que desmata as bordas dos rios, tanto para construir casas quanto lavouras. Nossos rios est\u00e3o assoreados, nossas cidades est\u00e3o sendo constru\u00eddas na beira dos rios, as encostas dos morros est\u00e3o sendo impactadas, mesmo quando t\u00eam vegeta\u00e7\u00e3o j\u00e1 tiraram as \u00e1rvores grandes com ra\u00edzes profundas, n\u00e3o \u00e9 mais a mata natural.\u201d<\/p>\n<p class=\"p1\">Ao citar os rumos para estancar a devasta\u00e7\u00e3o ambiental que influencia diretamente na mudan\u00e7a clim\u00e1tica e abre caminho para a for\u00e7a das \u00e1guas dos rios, as diverg\u00eancias entre a Agapan (e outras entidades ambientalistas ga\u00fachas) e o governo Leite se tornam evidentes. Mais que isso, explicam o of\u00edcio enviado poucos dias antes da atual trag\u00e9dia causada pelas enchentes.<\/p>\n<p class=\"p1\">\u201cO governo do Rio Grande do Sul vai na contram\u00e3o da ecologia. Estamos regredindo na legisla\u00e7\u00e3o ambiental enquanto estado que foi precursor na cria\u00e7\u00e3o de leis ambientalistas. Outros estados que criaram a sua legisla\u00e7\u00e3o ambiental, inclusive a nacional, se basearam no que foi criado aqui no Rio Grande do Sul\u201d, destaca Lacerda.<\/p>\n<p class=\"p1\">A revolta remonta ao come\u00e7o do primeiro mandato de Leite, em 2020, quando o governador aprovou na Assembleia Legislativa a Lei 15.434. Chamada de Novo C\u00f3digo Estadual do Meio Ambiente, a lei suprimiu ou flexibilizou mais de 500 artigos e incisos do C\u00f3digo Estadual de Meio Ambiente criado no ano 2000, afrouxando regras de prote\u00e7\u00e3o ambiental dos biomas Pampa e Mata Atl\u00e2ntica.<\/p>\n<p class=\"p1\">Em outubro de 2023, j\u00e1 depois da tr\u00e1gica enchente que devastou o Vale do Taquari, durante evento de lan\u00e7amento do Plano de Governan\u00e7a e Conformidade Clim\u00e1tica, a secret\u00e1ria estadual do Meio Ambiente e Infraestrutura (Sema), Marjorie Kauffmann, chegou a dizer que o novo C\u00f3digo Estadual do Meio Ambiente \u201ctrouxe mais elementos para analisar\u201d o tema das mudan\u00e7as clim\u00e1ticas.<\/p>\n<p class=\"p1\">\u201cQuando entra um governo com essa vis\u00e3o mais neoliberal e anti-ecol\u00f3gica, ele se baseia nas legisla\u00e7\u00f5es de fora que est\u00e3o mais permissivas do que as nossas para fragilizar e enfraquecer a nossa legisla\u00e7\u00e3o. As que se basearam nas nossas foram criadas de uma forma mais flex\u00edvel\u201d, explica o presidente da Agapan.<\/p>\n<p class=\"p1\">No mesmo\u00a0<a href=\"https:\/\/sul21.com.br\/noticias\/meio-ambiente\/2023\/10\/com-poucas-novidades-governo-leite-lanca-plano-para-enfrentar-mudancas-climaticas\/\" target=\"_blank\" rel=\"noopener\">evento em outubro do ano passado<\/a>, ao apresentar as\u00a0a\u00e7\u00f5es de enfrentamento \u00e0s mudan\u00e7as do clima que o governo estadual entende j\u00e1 teriam sido realizadas, outros epis\u00f3dios que tiveram ampla repercuss\u00e3o negativa junto as entidades ambientalistas do RS chamaram a aten\u00e7\u00e3o. Foi o caso do Licenciamento por Ades\u00e3o e Compromisso (LAC), conhecido como autolicenciamento privado, criado em dezembro de 2021 e muito\u00a0<a href=\"https:\/\/sul21.com.br\/noticias\/meio-ambiente\/2021\/11\/autolicenciamento-ambiental-no-rs-biologa-critica-tratoraco-no-conselho-estadual-do-meio-ambiente\/\" target=\"_blank\" rel=\"noopener\">criticado por afrouxar a fiscaliza\u00e7\u00e3o ambiental<\/a>. A medida permite que 49 atividades econ\u00f4micas, sendo 31 com alto e m\u00e9dio potenciais poluidores, sejam autorizadas independente do seu porte.<\/p>\n<p class=\"p1\">Quando a LAC foi aprovada pelo Consema, o Centro de Estudos Ambientais (CAE), sediado em Pelotas, declarou que o caso representou o \u201cmaior retrocesso ambiental promovido por um governo nesse colegiado\u201d. A ONG diz que o \u00f3rg\u00e3o atualmente est\u00e1 dominado por uma alian\u00e7a anti-sociedade e anti-natureza, reunindo o governo estadual e o agroneg\u00f3cio, a ind\u00fastria e a constru\u00e7\u00e3o civil.<\/p>\n<p class=\"p1\">Ainda no evento de lan\u00e7amento do Plano de Governan\u00e7a e Conformidade Clim\u00e1tica, entre as medidas listadas pelo governo estadual como a\u00e7\u00f5es para enfrentar a crise clim\u00e1tica no RS esteve a participa\u00e7\u00e3o na Confer\u00eancia do Clima (COP 26), em Glasgow, e na COP 27, no Egito; a ades\u00e3o ao programa\u00a0<i>Race to Zero<\/i>\u00a0e\u00a0<i>Race to Resilience;\u00a0<\/i>a cria\u00e7\u00e3o do F\u00f3rum Ga\u00facho de Mudan\u00e7as Clim\u00e1ticas; o incentivo a cria\u00e7\u00e3o de Comiss\u00f5es Municipais sobre Mudan\u00e7as Clim\u00e1ticas; assim como a assinatura do protocolo de inten\u00e7\u00f5es para a descarboniza\u00e7\u00e3o das cadeias produtivas do RS e o Programa de Desenvolvimento da Cadeia de Hidrog\u00eanio Verde no RS, entre outras a\u00e7\u00f5es consideradas in\u00f3cuas ou insuficientes pelas entidades ambientalistas do estado.<\/p>\n<\/div>\n<\/section>\n<section class=\"space-block-20\"><\/section>\n<section class=\"container\">\n<div class=\"newsletter-page-intro\">Discurso x pr\u00e1tica<\/div>\n<\/section>\n<section class=\"space-block-20\"><\/section>\n<section class=\"container\">\n<div class=\"text-block\">\n<p class=\"p1\">No dia 14 de setembro de 2023, enquanto as fam\u00edlias no Vale do Taquari ainda choravam seu parentes mortos, procuravam desaparecidos e contabilizam os preju\u00edzos econ\u00f4micos causados pela enchente, o Conselho Estadual do Meio Ambiente (Consema)\u00a0<a href=\"https:\/\/sul21.com.br\/noticias\/meio-ambiente\/2023\/09\/sob-critica-de-ambientalistas-consema-aprova-novo-zoneamento-ambiental-da-silvicultura\/\">aprovou a atualiza\u00e7\u00e3o do Zoneamento Ambiental para a Atividade da Silvicultura (ZAS) no estado<\/a>. Pela decis\u00e3o, a altera\u00e7\u00e3o ser\u00e1 aplicada aos novos plantios ou na renova\u00e7\u00e3o dos plantios florestais j\u00e1 existentes.<\/p>\n<p class=\"p1\">As \u00e1reas de plantios da silvicultura passar\u00e3o dos atuais 900 mil ou 1 milh\u00e3o de hectares para 4 milh\u00f5es de hectares em cada Unidade de Paisagem Natural (UPN) x Bacia Hidrogr\u00e1fica (BH). A silvicultura \u00e9 o cultivo de florestas por meio do manejo agr\u00edcola, com o objetivo de suprir o mercado de madeira e aproveitar o uso racional das florestas. No RS, o eucalipto \u00e9 um dos principais cultivos da silvicultura.<\/p>\n<p class=\"p1\">A mudan\u00e7a foi comemorada pela secret\u00e1ria estadual do Meio Ambiente, Marjorie Kauffmann. A aprova\u00e7\u00e3o se concretizou mesmo com os alertas de perda de biodiversidade feitos por t\u00e9cnicos da Funda\u00e7\u00e3o Estadual de Prote\u00e7\u00e3o Ambiental (Fepam). Membro do Consema, o Instituto Ga\u00facho de Estudos Ambientais (InG\u00e1) tamb\u00e9m emitiu parecer contr\u00e1rio a mudan\u00e7a. No documento, a entidade afirmou que a aprova\u00e7\u00e3o poder\u00e1 representar uma \u201cirrevers\u00edvel e extraordin\u00e1ria perda adicional ao Pampa e aos Campos Sulinos\u201d. O InG\u00e1 ainda considerou que a proposta aprovada teve v\u00edcio de origem por ter sido\u00a0<a href=\"https:\/\/sul21.com.br\/noticias\/meio-ambiente\/2023\/04\/mp-rs-diz-que-novas-regras-da-silvicultura-no-rs-favorecem-apenas-empresa-que-fez-a-proposta\/\">elaborada por empresas contratadas pelo pr\u00f3prio setor a ser regulado pelo governo estadual<\/a>.<\/p>\n<p class=\"p1\">A empresa que construiu a proposta foi a Codex, sob financiamento da multinacional chilena CMPC, e protocolada no Consema pela Fiergs. No \u00faltimo dia 29 de abril, cerca de seis meses ap\u00f3s a mudan\u00e7a na regra e quando j\u00e1 chovia no RS, o governo estadual e justamente a CMPC\u00a0<a href=\"https:\/\/www.estado.rs.gov.br\/governo-e-cmpc-anunciam-investimento-de-r-24-bilhoes-no-estado\" target=\"_blank\" rel=\"noopener\">firmaram um protocolo de inten\u00e7\u00f5es<\/a>\u00a0para a instala\u00e7\u00e3o de uma nova planta industrial de produ\u00e7\u00e3o de celulose em Barra do Ribeiro. Com aporte de R$ 24 bilh\u00f5es da empresa, o neg\u00f3cio foi festejado pelo governo como \u201cum dos maiores investimentos privados da hist\u00f3ria do Rio Grande do Sul\u201d.<\/p>\n<p><img data-recalc-dims=\"1\" loading=\"lazy\" decoding=\"async\" data-attachment-id=\"35071\" data-permalink=\"http:\/\/blogdalucianaoliveira.com.br\/blog\/2024\/05\/06\/tragedia-historica-expoe-o-quanto-governo-leite-ignora-alertas-e-atropela-politica-ambiental\/anuncio-de-investimentos-cmpc\/\" data-orig-file=\"https:\/\/i0.wp.com\/blogdalucianaoliveira.com.br\/blog\/wp-content\/uploads\/2024\/05\/Anuncio-de-investimentos-CMPC.jpeg?fit=800%2C533\" data-orig-size=\"800,533\" data-comments-opened=\"0\" data-image-meta=\"{&quot;aperture&quot;:&quot;0&quot;,&quot;credit&quot;:&quot;&quot;,&quot;camera&quot;:&quot;&quot;,&quot;caption&quot;:&quot;&quot;,&quot;created_timestamp&quot;:&quot;0&quot;,&quot;copyright&quot;:&quot;&quot;,&quot;focal_length&quot;:&quot;0&quot;,&quot;iso&quot;:&quot;0&quot;,&quot;shutter_speed&quot;:&quot;0&quot;,&quot;title&quot;:&quot;&quot;,&quot;orientation&quot;:&quot;0&quot;}\" data-image-title=\"Anuncio-de-investimentos-CMPC\" data-image-description=\"\" data-image-caption=\"\" data-medium-file=\"https:\/\/i0.wp.com\/blogdalucianaoliveira.com.br\/blog\/wp-content\/uploads\/2024\/05\/Anuncio-de-investimentos-CMPC.jpeg?fit=300%2C200\" data-large-file=\"https:\/\/i0.wp.com\/blogdalucianaoliveira.com.br\/blog\/wp-content\/uploads\/2024\/05\/Anuncio-de-investimentos-CMPC.jpeg?fit=600%2C400\" class=\"alignnone size-medium wp-image-35071\" src=\"https:\/\/i0.wp.com\/blogdalucianaoliveira.com.br\/blog\/wp-content\/uploads\/2024\/05\/Anuncio-de-investimentos-CMPC.jpeg?resize=300%2C200\" alt=\"\" width=\"300\" height=\"200\" srcset=\"https:\/\/i0.wp.com\/blogdalucianaoliveira.com.br\/blog\/wp-content\/uploads\/2024\/05\/Anuncio-de-investimentos-CMPC.jpeg?resize=300%2C200 300w, https:\/\/i0.wp.com\/blogdalucianaoliveira.com.br\/blog\/wp-content\/uploads\/2024\/05\/Anuncio-de-investimentos-CMPC.jpeg?resize=768%2C512 768w, https:\/\/i0.wp.com\/blogdalucianaoliveira.com.br\/blog\/wp-content\/uploads\/2024\/05\/Anuncio-de-investimentos-CMPC.jpeg?resize=450%2C300 450w, https:\/\/i0.wp.com\/blogdalucianaoliveira.com.br\/blog\/wp-content\/uploads\/2024\/05\/Anuncio-de-investimentos-CMPC.jpeg?w=800 800w\" sizes=\"auto, (max-width: 300px) 100vw, 300px\" \/><\/p>\n<figure id=\"attachment_236184\" class=\"wp-caption aligncenter\" aria-describedby=\"caption-attachment-236184\"><figcaption id=\"caption-attachment-236184\" class=\"wp-caption-text\">Poucos dias antes do in\u00edcio da enchente, Leite se reuniu com representantes da CMPC, empresa que financiou o estudo que mudou as regras da silvicultura e que agora prev\u00ea instalar uma nova ind\u00fastria em Barra do Ribeiro. Foto: Maur\u00edcio Tonetto\/Secom<\/figcaption><\/figure>\n<p class=\"p1\">Recentemente, outro projeto com alto potencial de impacto ambiental colocou Leite e entidades ambientalistas em lados opostos. Trata-se da lei que flexibiliza ainda mais o C\u00f3digo Estadual de Meio Ambiente para permitir a constru\u00e7\u00e3o de barragens e a\u00e7udes em \u00c1reas de Preserva\u00e7\u00e3o Permanente (APP). O objetivo \u00e9 proporcionar alternativas de armazenamento de \u00e1gua para agricultura e pecu\u00e1ria, de modo a enfrentar per\u00edodos de estiagem.\u00a0<a href=\"https:\/\/sul21.com.br\/noticias\/meio-ambiente\/2024\/04\/leite-sanciona-projeto-que-permite-irrigacao-em-area-de-preservacao-permanente\/\" target=\"_blank\" rel=\"noopener\">Leite sancionou no dia 9 de abril<\/a>\u00a0o projeto\u00a0<a href=\"https:\/\/sul21.com.br\/noticias\/meio-ambiente\/2024\/03\/assembleia-aprova-projeto-sobre-irrigacao-que-pode-ser-contestado-na-justica\/\"><span class=\"s1\">aprovado em mar\u00e7o na Assembleia Legislativa<\/span><\/a>.<\/p>\n<p class=\"p1\">Na ocasi\u00e3o da aprova\u00e7\u00e3o do projeto, Rodrigo Dutra, mestre em Ecologia e integrante da Coalis\u00e3o\u00a0pelo\u00a0Pampa, avaliou que a medida \u00e9 resultado da vulgariza\u00e7\u00e3o dos conceitos de utilidade p\u00fablica e interesse social. \u201cEm geral, s\u00e3o exce\u00e7\u00f5es para obras e empreendimentos de interesse coletivo, e nos PLs entram v\u00e1rias atividades particulares como a irriga\u00e7\u00e3o e at\u00e9\u00a0a\u00a0minera\u00e7\u00e3o\u201d, disse.<\/p>\n<p class=\"p1\">Para Dutra, o pano de fundo para a discuss\u00e3o sobre o tema \u00e9 a omiss\u00e3o estadual em implementar o Programa de Regulariza\u00e7\u00e3o Ambiental (PRA), previsto desde 2012 para recuperar passivos de APPs e reserva legal nos biomas Pampa e a Mata Atl\u00e2ntica \u2013 a Reserva Legal determina a preserva\u00e7\u00e3o de no m\u00ednimo 20% de todo im\u00f3vel rural. Ele pontuou ainda que, segundo o Plano Nacional de Recupera\u00e7\u00e3o da Vegeta\u00e7\u00e3o Nativa (PLANAVEG), apenas no bioma Pampa deveriam estar sendo recuperados 300 mil hectares de APPs e Reserva Legal. \u201cNada disso est\u00e1 acontecendo, e o PL prev\u00ea destruir mais APPs para barragens\u201d, lamentou.<\/p>\n<p class=\"p1\">Tamb\u00e9m ap\u00f3s a aprova\u00e7\u00e3o pela Assembleia do projeto que flexibiliza o C\u00f3digo Estadual de Meio Ambiente, a Agapan\u00a0<a href=\"https:\/\/sul21.com.br\/noticias\/meio-ambiente\/2024\/03\/entidade-diz-que-projeto-de-irrigacao-aprovado-na-al-e-a-destruicao-ambiental-do-rs\/\"><span class=\"s1\">emitiu nota<\/span><\/a>\u00a0denunciando o que definiu como a \u201cdestrui\u00e7\u00e3o ambiental\u201d que est\u00e1 sendo incentivada e legalizada no estado. A entidade destacou haver muitas provas cient\u00edficas sobre o impacto das atividades humanas no planeta, com enormes danos ao meio ambiente. E neste contexto de crise ambiental intensificada pelas mudan\u00e7as clim\u00e1ticas, disse que a nova lei aprovada no RS \u00e9 \u201cantiecol\u00f3gica\u201d e \u201cirrespons\u00e1vel\u201d.<\/p>\n<\/div>\n<\/section>\n<section class=\"container\">\n<div class=\"newsletter-page-intro\">Outro lado<\/div>\n<\/section>\n<section class=\"space-block-20\"><\/section>\n<section class=\"container\">\n<div class=\"text-block\">\n<p class=\"p1\">Questionado pela reportagem do\u00a0<b>Sul21<\/b>\u00a0sobre as a\u00e7\u00f5es de enfrentamento a crise clim\u00e1tica implementadas desde a enchente de setembro do ano passado, o governo estadual informou apenas que, neste momento, \u201ctrabalha 24 horas por dia com prioridade total no resgate e atendimento \u00e0s v\u00edtimas das chuvas hist\u00f3ricas\u201d, com toda sua estrutura agindo de forma descentralizada e em conjunto com as for\u00e7as nacionais de seguran\u00e7a.<\/p>\n<p class=\"p1\">\u201cPensando na adapta\u00e7\u00e3o e resili\u00eancia clim\u00e1tica, em novembro de 2023 foi institu\u00eddo o Gabinete de Crise Clim\u00e1tica, que tem como principal fun\u00e7\u00e3o conectar as secretarias de Estado, institui\u00e7\u00f5es e pesquisadores no monitoramento e implementa\u00e7\u00e3o de a\u00e7\u00f5es pr\u00e1ticas de resposta \u00e0 crise do clima\u201d, respondeu, em nota.<\/p>\n<p class=\"p1\">Entre as medidas em andamento citadas pelo governo Leite para enfrentar a crise clim\u00e1tica, est\u00e3o a contrata\u00e7\u00e3o de servi\u00e7o de radar meteorol\u00f3gico pela Defesa Civil, que ser\u00e1 instalado na Regi\u00e3o Metropolitana de Porto Alegre e est\u00e1 em fase final de implementa\u00e7\u00e3o; melhorias na Sala de Situa\u00e7\u00e3o, respons\u00e1vel pelo monitoramento das chuvas e dos n\u00edveis dos rios; e a implementa\u00e7\u00e3o do\u00a0<i>roadmap<\/i>\u00a0clim\u00e1tico dos munic\u00edpios, que mapear\u00e1 as a\u00e7\u00f5es relacionadas ao clima em esfera municipal.<\/p>\n<p class=\"p1\">\u201cO governo refor\u00e7a o seu compromisso, neste momento, em garantir a vida e a seguran\u00e7a da popula\u00e7\u00e3o ga\u00facha neste momento de emerg\u00eancia\u201d, afirma, sem citar nenhuma das a\u00e7\u00f5es defendidas pelos ambientalistas para mudar a trajet\u00f3ria dos futuros eventos clim\u00e1ticos extremos.<\/p>\n<p>Em novembro do ano passado, um dia depois da Assembleia Legislativa aprovar o or\u00e7amento do governo estadual para 2024, com receitas totais de R$ 80,3 bilh\u00f5es e despesas totais de R$ 83 bilh\u00f5es (um d\u00e9ficit de R$ 2,7 bilh\u00f5es), o governo Leite celebrou a fatia do or\u00e7amento de R$ 115 milh\u00f5es para enfrentar os eventos clim\u00e1ticos no RS no ano de 2024. O governo definiu o valor previsto como um \u201cor\u00e7amento robusto\u201d, embora a cifra represente\u00a0<a href=\"https:\/\/sul21.com.br\/noticias\/meio-ambiente\/2023\/11\/governo-leite-comemora-orcamento-de-menos-de-02-para-enfrentar-eventos-climaticos\/\" target=\"_blank\" rel=\"noopener\">menos de 0,2% do or\u00e7amento total aprovado<\/a>.<\/p>\n<p>&nbsp;<\/p>\n<\/div>\n<\/section>\n<\/div>\n<\/div>\n","protected":false},"excerpt":{"rendered":"<p>Governo desfigurou C\u00f3digo Estadual do Meio Ambiente e sancionou constru\u00e7\u00e3o de barragens em \u00e1reas de preserva\u00e7\u00e3o, entre outras medidas.<\/p>\n","protected":false},"author":1,"featured_media":0,"comment_status":"closed","ping_status":"open","sticky":false,"template":"","format":"standard","meta":{"_exactmetrics_skip_tracking":false,"_exactmetrics_sitenote_active":false,"_exactmetrics_sitenote_note":"","_exactmetrics_sitenote_category":0,"jetpack_post_was_ever_published":false,"_jetpack_newsletter_access":"","_jetpack_dont_email_post_to_subs":false,"_jetpack_newsletter_tier_id":0,"_jetpack_memberships_contains_paywalled_content":false,"_jetpack_memberships_contains_paid_content":false,"footnotes":"","jetpack_publicize_message":"","jetpack_publicize_feature_enabled":true,"jetpack_social_post_already_shared":true,"jetpack_social_options":{"image_generator_settings":{"template":"highway","enabled":false},"version":2}},"categories":[1],"tags":[938,937,936],"class_list":["post-35068","post","type-post","status-publish","format-standard","hentry","category-notas","tag-chuva","tag-enchente","tag-rs"],"jetpack_publicize_connections":[],"jetpack_sharing_enabled":true,"jetpack_featured_media_url":"","jetpack_shortlink":"https:\/\/wp.me\/p7wKYW-97C","jetpack-related-posts":[],"_links":{"self":[{"href":"http:\/\/blogdalucianaoliveira.com.br\/blog\/wp-json\/wp\/v2\/posts\/35068","targetHints":{"allow":["GET"]}}],"collection":[{"href":"http:\/\/blogdalucianaoliveira.com.br\/blog\/wp-json\/wp\/v2\/posts"}],"about":[{"href":"http:\/\/blogdalucianaoliveira.com.br\/blog\/wp-json\/wp\/v2\/types\/post"}],"author":[{"embeddable":true,"href":"http:\/\/blogdalucianaoliveira.com.br\/blog\/wp-json\/wp\/v2\/users\/1"}],"replies":[{"embeddable":true,"href":"http:\/\/blogdalucianaoliveira.com.br\/blog\/wp-json\/wp\/v2\/comments?post=35068"}],"version-history":[{"count":2,"href":"http:\/\/blogdalucianaoliveira.com.br\/blog\/wp-json\/wp\/v2\/posts\/35068\/revisions"}],"predecessor-version":[{"id":35073,"href":"http:\/\/blogdalucianaoliveira.com.br\/blog\/wp-json\/wp\/v2\/posts\/35068\/revisions\/35073"}],"wp:attachment":[{"href":"http:\/\/blogdalucianaoliveira.com.br\/blog\/wp-json\/wp\/v2\/media?parent=35068"}],"wp:term":[{"taxonomy":"category","embeddable":true,"href":"http:\/\/blogdalucianaoliveira.com.br\/blog\/wp-json\/wp\/v2\/categories?post=35068"},{"taxonomy":"post_tag","embeddable":true,"href":"http:\/\/blogdalucianaoliveira.com.br\/blog\/wp-json\/wp\/v2\/tags?post=35068"}],"curies":[{"name":"wp","href":"https:\/\/api.w.org\/{rel}","templated":true}]}}