{"id":35075,"date":"2024-05-06T16:22:45","date_gmt":"2024-05-06T20:22:45","guid":{"rendered":"http:\/\/blogdalucianaoliveira.com.br\/blog\/?p=35075"},"modified":"2024-05-06T16:22:45","modified_gmt":"2024-05-06T20:22:45","slug":"subjugada-no-rs-crise-climatica-esta-associada-a-maior-enchente-do-estado-entrevista-especial-com-francisco-eliseu-aquino","status":"publish","type":"post","link":"http:\/\/blogdalucianaoliveira.com.br\/blog\/2024\/05\/06\/subjugada-no-rs-crise-climatica-esta-associada-a-maior-enchente-do-estado-entrevista-especial-com-francisco-eliseu-aquino\/","title":{"rendered":"Subjugada no RS, crise clim\u00e1tica est\u00e1 associada a maior enchente do Estado. Entrevista especial com Francisco Eliseu Aquino"},"content":{"rendered":"<p><img data-recalc-dims=\"1\" loading=\"lazy\" decoding=\"async\" data-attachment-id=\"35076\" data-permalink=\"http:\/\/blogdalucianaoliveira.com.br\/blog\/2024\/05\/06\/subjugada-no-rs-crise-climatica-esta-associada-a-maior-enchente-do-estado-entrevista-especial-com-francisco-eliseu-aquino\/images-1-2\/\" data-orig-file=\"https:\/\/i0.wp.com\/blogdalucianaoliveira.com.br\/blog\/wp-content\/uploads\/2024\/05\/images-1.jpeg?fit=300%2C168\" data-orig-size=\"300,168\" data-comments-opened=\"0\" data-image-meta=\"{&quot;aperture&quot;:&quot;0&quot;,&quot;credit&quot;:&quot;&quot;,&quot;camera&quot;:&quot;&quot;,&quot;caption&quot;:&quot;&quot;,&quot;created_timestamp&quot;:&quot;0&quot;,&quot;copyright&quot;:&quot;&quot;,&quot;focal_length&quot;:&quot;0&quot;,&quot;iso&quot;:&quot;0&quot;,&quot;shutter_speed&quot;:&quot;0&quot;,&quot;title&quot;:&quot;&quot;,&quot;orientation&quot;:&quot;0&quot;}\" data-image-title=\"images (1)\" data-image-description=\"\" data-image-caption=\"\" data-medium-file=\"https:\/\/i0.wp.com\/blogdalucianaoliveira.com.br\/blog\/wp-content\/uploads\/2024\/05\/images-1.jpeg?fit=300%2C168\" data-large-file=\"https:\/\/i0.wp.com\/blogdalucianaoliveira.com.br\/blog\/wp-content\/uploads\/2024\/05\/images-1.jpeg?fit=300%2C168\" class=\"alignnone size-full wp-image-35076\" src=\"https:\/\/i0.wp.com\/blogdalucianaoliveira.com.br\/blog\/wp-content\/uploads\/2024\/05\/images-1.jpeg?resize=300%2C168\" alt=\"\" width=\"300\" height=\"168\" \/><\/p>\n<div class=\"news_special_content_header_title\">\n<p><strong>IHU e Baleia Comunica\u00e7\u00e3o &#8211; <\/strong>Em menos de um ano, o\u00a0<strong>Rio Grande do Sul<\/strong>\u00a0conseguiu bater diversos recordes tr\u00e1gicos e agora passa pela\u00a0<a href=\"https:\/\/ihu.unisinos.br\/639114-maior-enchente-da-historia-em-porto-alegre-rs-esta-no-epicentro-dos-eventos-extremos-de-precipitacao-entrevista-especial-com-rodrigo-paiva\" target=\"_blank\" rel=\"noopener noreferrer\">maior cat\u00e1strofe ambiental j\u00e1 registrada<\/a>. Conforme o boletim da\u00a0<strong>Defesa Civil<\/strong>, do final do dia 4 de maio, s\u00e3o 317 munic\u00edpios atingidos (mais de 63% das cidades), mais de meio milh\u00e3o de pessoas diretamente afetadas, 82,5 mil pessoas fora de casa, sendo 13,3 mil em abrigos e 69,2 mil desalojados, na casa de familiares ou amigos. At\u00e9 o come\u00e7o do domingo eram 55 mortes confirmadas e sete em investiga\u00e7\u00e3o e ao menos 74 desaparecidos. Mas, os n\u00fameros devem ser ainda piores, pois h\u00e1 in\u00fameros locais ilhados e muitos resgates a serem feitos.<\/p>\n<p>Na noite do s\u00e1bado, 4 de maio, a\u00a0<strong>Defesa Civil<\/strong>\u00a0emitiu um novo alerta de tempestades para a metade norte do Estado e um novo mapa com a \u00e1rea para o risco de inunda\u00e7\u00e3o severa. A chuva praticamente n\u00e3o d\u00e1 tr\u00e9gua. Nos \u00faltimos dias a precipita\u00e7\u00e3o alcan\u00e7ou entre 500 e 600 mil\u00edmetros em apenas 24 horas, volume previsto para todos os meses de outono. O n\u00edvel do rio\u00a0<strong>Gua\u00edba<\/strong>\u00a0havia alcan\u00e7ado 5,24 metros \u00e0s 20h.<\/p>\n<p>Em meio \u00e0 sequ\u00eancia de desastres que vive o Estado desde setembro de 2023, recentemente, a\u00a0<strong>Assembleia Legislativa<\/strong>\u00a0aprovou e o\u00a0<a href=\"https:\/\/www.ihu.unisinos.br\/categorias\/638295-leite-sanciona-projeto-que-permite-irrigacao-em-area-de-preservacao-permanente\" target=\"_blank\" rel=\"noopener noreferrer\">governador Eduardo Leite sancionou a Lei 16.111\/24<\/a>. A legisla\u00e7\u00e3o flexibiliza a\u00a0<strong>constru\u00e7\u00e3o de barragens para irriga\u00e7\u00e3o do agroneg\u00f3cio<\/strong>\u00a0em\u00a0<strong>\u00c1reas de Preserva\u00e7\u00e3o Permanente \u2013 APPs<\/strong>, na contram\u00e3o de uma pol\u00edtica de preserva\u00e7\u00e3o ambiental, fundamental para a\u00a0<a href=\"https:\/\/www.ihu.unisinos.br\/categorias\/622757-eventos-climaticos-extremos-e-impactos-socioeconomicos\" target=\"_blank\" rel=\"noopener noreferrer\">mitiga\u00e7\u00e3o de eventos clim\u00e1ticos extremos<\/a>.<\/p>\n<p>Uma cegueira em rela\u00e7\u00e3o ao\u00a0<a href=\"https:\/\/www.ihu.unisinos.br\/632935-desequilibrio-do-clima-nao-sabemos-o-que-acontecera-o-estudo-da-natureza-e-probabilistico-entrevista-especial-com-micheline-coelho\" target=\"_blank\" rel=\"noopener noreferrer\">colapso clim\u00e1tico<\/a>, que literalmente adentrou \u00e0s casas do\u00a0<strong>Rio Grande do Sul<\/strong>, conforme afirma o professor\u00a0<a href=\"https:\/\/www.ihu.unisinos.br\/categorias\/159-entrevistas\/632581-os-oceanos-nunca-estiveram-tao-quentes-como-neste-ano-o-planeta-mais-quente-altera-a-circulacao-oceanica-e-a-circulacao-atmosferica-entrevista-especial-com-francisco-eliseu-aquino\" target=\"_blank\" rel=\"noopener noreferrer\">Francisco Eliseu Aquino<\/a>, ao comentar como o\u00a0<a href=\"https:\/\/ihu.unisinos.br\/categorias\/621126-relatorio-denuncia-lobby-do-agronegocio-no-governo-bolsonaro\" target=\"_blank\" rel=\"noopener noreferrer\">lobby do agroneg\u00f3cio<\/a>\u00a0tem conex\u00e3o direta com as enchentes. \u201cA\u00a0<a href=\"https:\/\/www.ihu.unisinos.br\/categorias\/610832-nova-lei-de-licenciamento-ambiental-flexibilizacao-retrocessos-e-riscos-a-saude\" target=\"_blank\" rel=\"noopener noreferrer\">flexibiliza\u00e7\u00e3o ambiental<\/a>\u00a0de margens de rio, \u00e1reas \u00famidas e alagadas, banhados, a maior expans\u00e3o sobre \u00e1reas de biomas e preserva\u00e7\u00e3o, concorrem diretamente para amplifica\u00e7\u00e3o da mudan\u00e7a clim\u00e1tica e dos desastres\u201d, explica o professor em entrevista por telefone ao\u00a0<strong>Instituto Humanitas Unisinos \u2013 IHU<\/strong>.<\/p>\n<p>Al\u00e9m da\u00a0<strong>mudan\u00e7a clim\u00e1tica<\/strong>, o<strong>\u00a0bloqueio atmosf\u00e9rico<\/strong>, a sa\u00edda do\u00a0<a href=\"https:\/\/ihu.unisinos.br\/publicacoes\/78-noticias\/632443-el-nino-deve-aumentar-volume-de-chuvas-nos-proximos-meses-na-regiao-sul\" target=\"_blank\" rel=\"noopener noreferrer\">El Ni\u00f1o<\/a>, os oceanos aquecidos, e uma grande onda de calor\u00a0provocaram\u00a0essa\u00a0<a href=\"https:\/\/www.ihu.unisinos.br\/categorias\/639090-chuva-no-rio-grande-do-sul-e-crise-climatica-ate-quando-vamos-correr-atras-do-prejuizo-pergunta-paulo-artaxo-membro-do-painel-intergovernamental-sobre-mudancas-climaticas\" target=\"_blank\" rel=\"noopener noreferrer\">alta\u00a0precipita\u00e7\u00e3o<\/a>, relata\u00a0<strong>Aquino<\/strong>. \u201cA combina\u00e7\u00e3o de\u00a0<a href=\"https:\/\/ihu.unisinos.br\/categorias\/632232-ciclone-e-tragedia-socioambiental-nao-somente-natural-artigo-de-roberto-malvezzi-gogo\" target=\"_blank\" rel=\"noopener noreferrer\">ciclones extratropicais<\/a>\u00a0entre a\u00a0<strong>Ant\u00e1rtica<\/strong>\u00a0e o\u00a0<strong>Rio Grande do Sul<\/strong>\u00a0e o calor com\u00a0<strong>bloqueio atmosf\u00e9rico<\/strong>\u00a0da\u00a0<strong>onda de calor do Brasil<\/strong>\u00a0central criou o ambiente atmosf\u00e9rico extremo\u00a0<strong>Tr\u00f3pico-Polo<\/strong>\u00a0respons\u00e1vel por esse desastre que observamos na \u00faltima semana\u201d, esclarece o ge\u00f3grafo.<\/p>\n<div class=\"news-image-credits\"><img data-recalc-dims=\"1\" decoding=\"async\" src=\"https:\/\/i0.wp.com\/www.ihu.unisinos.br\/images\/ihu\/2023\/09\/22-09_francisco_aquino_foto_arquivo_pessoal_.jpg?w=600&#038;ssl=1\" alt=\"\" \/><strong>Francisco Eliseu Aquino<\/strong>\u00a0(Foto: Arquivo pessoal)<\/p>\n<\/div>\n<p><strong>Francisco Eliseu Aquino<\/strong>\u00a0\u00e9 graduado em Geografia, mestre em Geologia Marinha e doutor em Geoci\u00eancias, com \u00eanfase em mudan\u00e7as clim\u00e1ticas entre a Ant\u00e1rtica e o Sul do Brasil, pela Universidade Federal do Rio Grande do Sul (UFRGS). \u00c9 professor do Departamento de Geografia da UFRGS.<\/p>\n<h2>Confira a entrevista.<\/h2>\n<p><strong>IHU \u2013 Os dados atuais sobre as enchentes, ainda em curso, d\u00e3o conta de que esta deve ser a maior trag\u00e9dia clim\u00e1tica do RS. Estamos diante de uma cat\u00e1strofe de que magnitude?<\/strong><\/p>\n<p><strong>Francisco Eliseu Aquino \u2013<\/strong>\u00a0\u00c9 dif\u00edcil categorizar e dar a dimens\u00e3o. Consideramos o evento em curso, sem d\u00favida, na minha interpreta\u00e7\u00e3o e an\u00e1lise, ela\u00a0<a href=\"https:\/\/ihu.unisinos.br\/639114-maior-enchente-da-historia-em-porto-alegre-rs-esta-no-epicentro-dos-eventos-extremos-de-precipitacao-entrevista-especial-com-rodrigo-paiva\" target=\"_blank\" rel=\"noopener noreferrer\">supera com larga facilidade a enchente de 1941<\/a>. Isso pelo volume de \u00e1gua precipitada em um curto espa\u00e7o de tempo \u2013 cercas de uma semana. Comparativamente, em 1941, foram meses de chuva cont\u00ednua, e aqui n\u00f3s estamos falando de poucos dias de chuva excepcionalmente extrema. A\u00a0<strong>condi\u00e7\u00e3o atmosf\u00e9rica<\/strong>\u00a0em que observamos esse fen\u00f4meno e essa magnitude, isto \u00e9, intenso e acelerado, \u00e9, sem d\u00favida, uma combina\u00e7\u00e3o entre\u00a0<a href=\"https:\/\/www.ihu.unisinos.br\/categorias\/637248-era-da-fervura-2-oceanos-tambem-batem-recorde-de-temperatura-em-fevereiro\" target=\"_blank\" rel=\"noopener noreferrer\">oceano<\/a>\u00a0e atmosfera mais quentes, tem toda a quest\u00e3o da\u00a0<a href=\"https:\/\/www.ihu.unisinos.br\/637652-emergencia-climatica-explodiu-todos-os-recordes-em-2023-alerta-agencia\" target=\"_blank\" rel=\"noopener noreferrer\">emerg\u00eancia clim\u00e1tica<\/a>. E a influ\u00eancia do\u00a0<strong>El Ni\u00f1o<\/strong>, que facilita disparar precipita\u00e7\u00e3o intensa para a regi\u00e3o\u00a0<strong>Sul do Brasil<\/strong>, ele condiciona esse ambiente atmosf\u00e9rico, mas o Planeta mais quente intensifica \u2013 e muito \u2013 sistemas meteorol\u00f3gicos chamados de\u00a0<strong>Complexos Convectivos de Mesoescala<\/strong>, que s\u00e3o esses aglomerados envolvendo tempestades com raio, granizo, vendaval e chuva muita intensa. Esses fen\u00f4menos, caracter\u00edsticos da nossa regi\u00e3o, est\u00e3o sendo incrementados e sua capacidade de despejar chuva e tamb\u00e9m na sua dura\u00e7\u00e3o. E, no final, para ampliar mais a dimens\u00e3o desse desastre em curso, \u00e9 a dura\u00e7\u00e3o do fen\u00f4meno. Esse comportamento de um\u00a0<strong>Planeta mais quente<\/strong>\u00a0e do clima, caracter\u00edstico da\u00a0<strong>Regi\u00e3o Sul<\/strong>, que rivaliza com a regi\u00e3o\u00a0<strong>Ant\u00e1rtica<\/strong>, est\u00e1, nesse momento, amplificando os\u00a0<strong>eventos extremos<\/strong>\u00a0em todas as \u00e9pocas e meses do ano, em especial de 2023 para 2024,\u00a0<strong>tr\u00eas inunda\u00e7\u00f5es sem precedentes<\/strong>\u00a0pela magnitude das tr\u00eas e mesmo considerando que a atual j\u00e1 superou a de 1941 do ponto de vista de uma compara\u00e7\u00e3o hist\u00f3rica de, pelo menos, um s\u00e9culo.<\/p>\n<p><em>Imagens da enchente em Montenegro\/RS. O munic\u00edpio \u00e9 banhado pelo rio Ca\u00ed, que no dia 1\u00ba de maio atingiu a 16,67, superando a\u00a0<a href=\"https:\/\/www.ihu.unisinos.br\/categorias\/634629-pequena-historia-futura-das-enchentes-do-rio-cai-artigo-de-caio-fernando-flores-coelho\" target=\"_blank\" rel=\"noopener noreferrer\">pior\u00a0cheia j\u00e1 registrada<\/a>, em 2023, com\u00a016 metros. As imagens foram cedidas pelo colega Jo\u00e3o Vitor Santos, que mora na cidade.\u00a0<\/em><\/p>\n<p><iframe loading=\"lazy\" src=\"https:\/\/www.youtube.com\/embed\/2m-L-Zn6MLg?si=5_hcRJ7WSGK839iX\" width=\"100%\" height=\"450\" allowfullscreen=\"allowfullscreen\" data-mce-fragment=\"1\"><\/iframe><\/p>\n<p><strong>IHU \u2013 Quais foram as condi\u00e7\u00f5es clim\u00e1ticas, do ponto de vista ambiental e geol\u00f3gico, que levaram o RS a atual situa\u00e7\u00e3o?<\/strong><\/p>\n<p><strong>Francisco Eliseu Aquino \u2013<\/strong>\u00a0\u00c9 uma condi\u00e7\u00e3o sin\u00f3tica muito, muito diferenciada do que n\u00f3s vimos no passado. Primeiro, estamos ainda em uma\u00a0<strong>quarta onda de calor<\/strong>, uma regi\u00e3o de\u00a0<strong>bloqueio atmosf\u00e9rico<\/strong>, ar quente e seco, na regi\u00e3o Central e\u00a0Sudeste do Brasil. Esse bloqueio atmosf\u00e9rico gera valores de temperaturas elevadas para essa \u00e9poca do ano \u2013 acima de 7\u00baC e 10\u00baC pelo menos \u2013 em v\u00e1rias regi\u00f5es por ela atingida. Esse mesmo bloqueio impede a passagem de sistemas frontais \u2013 frentes frias \u2013 e tamb\u00e9m aprisiona os\u00a0<strong>ciclones extratropicais<\/strong>\u00a0ao\u00a0<strong>Sul do Rio Grande do Sul<\/strong>\u00a0e a Sudeste do nosso Estado. Paralelamente, esse bloqueio, favorece a intensifica\u00e7\u00e3o e a manuten\u00e7\u00e3o por dias do transporte de\u00a0<strong>umidade da Amaz\u00f4nia<\/strong>, guiado pelos\u00a0<strong>Andes<\/strong>\u00a0at\u00e9 o\u00a0<strong>Rio Grande do Sul<\/strong>. Ent\u00e3o, a combina\u00e7\u00e3o de ciclones extratropicais entre a\u00a0<strong>Ant\u00e1rtica<\/strong>\u00a0e o Rio Grande do Sul e o calor com\u00a0<strong>bloqueio atmosf\u00e9rico da onda de calor do Brasil<\/strong>\u00a0central criou o ambiente atmosf\u00e9rico extremo\u00a0<strong>Tr\u00f3pico-Polo<\/strong>\u00a0respons\u00e1vel por esse desastre que observamos na \u00faltima semana. Os\u00a0<strong>Complexos Convectivos de Mesoescala<\/strong>, que s\u00e3o os maiores e mais duradouros sobre o Rio Grande do Sul ou sobre o Sul do Brasil se olharmos toda a\u00a0<strong>Am\u00e9rica do Sul<\/strong>, ganharam a condi\u00e7\u00e3o extrema gra\u00e7as \u00e0s\u00a0<a href=\"https:\/\/www.ihu.unisinos.br\/categorias\/633164-influencia-da-mudanca-do-clima-foi-maior-do-que-el-nino-na-onda-de-calor-de-setembro-diz-estudo\" target=\"_blank\" rel=\"noopener noreferrer\">mudan\u00e7as do clima<\/a>\u00a0e o\u00a0<strong>El Ni\u00f1o<\/strong>\u00a0para gerar esse fen\u00f4meno que estamos presenciando.<\/p>\n<p><strong>IHU \u2013 Em setembro e novembro de 2023 houve grandes enchentes no RS. Agora, em maio de 2024, menos de seis meses depois, estamos diante de outra situa\u00e7\u00e3o extrema. O que explica a recorr\u00eancia desses eventos em intervalos t\u00e3o curtos?<\/strong><\/p>\n<p><strong>Francisco Eliseu Aquino \u2013<\/strong>\u00a0A\u00a0<a href=\"https:\/\/www.ihu.unisinos.br\/categorias\/630264-como-a-mudanca-climatica-esta-relacionada-ao-clima-extremo\" target=\"_blank\" rel=\"noopener noreferrer\">amplifica\u00e7\u00e3o das mudan\u00e7as clim\u00e1ticas<\/a>, que intensifica os eventos e a sua pr\u00f3pria recorr\u00eancia, o\u00a0<strong>El Ni\u00f1o<\/strong>\u00a0contribui e ainda \u00e9 preciso adicionar a essa interpreta\u00e7\u00e3o que o ano de 2024 j\u00e1 \u00e9 o mais quente comparativamente ao mesmo per\u00edodo de 2023. Portanto, j\u00e1 iniciamos um ano excepcionalmente quente, com os\u00a0<a href=\"https:\/\/www.ihu.unisinos.br\/categorias\/637542-o-tsunami-ignorado-a-temperatura-dos-oceanos-atinge-recordes-nunca-antes-vistos\" target=\"_blank\" rel=\"noopener noreferrer\">oceanos anomalamente quentes<\/a>, mas um<strong>\u00a0El Ni\u00f1o<\/strong>\u00a0em arrefecimento. Ent\u00e3o, a sa\u00edda do\u00a0<strong>El Ni\u00f1o<\/strong>\u00a0ainda gera seus sinais e efeitos na atmosfera, por\u00e9m, a mudan\u00e7a do clima se soma, amplificando \u2013 ou dando uma \u00eanfase maior \u2013 aos fen\u00f4menos meteorol\u00f3gicos aqui vividos na \u00faltima semana.<\/p>\n<div class=\"news-citacao\">\n<div class=\"tweet-intent-box twitter-quote\">\n<p><strong>IHU \u2013 O RS est\u00e1 com 19 barragens em situa\u00e7\u00e3o de risco. O que um rompimento dessas represas pode significar para as regi\u00f5es j\u00e1 atingidas pela enchente?<\/strong><\/p>\n<p><strong>Francisco Eliseu Aquino \u2013<\/strong>\u00a0\u00c9 uma situa\u00e7\u00e3o dif\u00edcil porque temos\u00a0<strong>solos<\/strong>\u00a0e\u00a0<strong>bacias hidrogr\u00e1ficas<\/strong>\u00a0repletos de \u00e1gua, inundados e extravasados, ent\u00e3o, a cont\u00ednua entrada de maior volume h\u00eddrico, seja pela chuva ou seja por essas barragens, caso n\u00e3o suportem as consecutivas inunda\u00e7\u00f5es dos \u00faltimos meses, tornaria o tempo de inunda\u00e7\u00e3o e de desastre para as fam\u00edlias \u2013 mais de 17 mil pessoas em nosso Estado \u2013 ainda mais cruel [conversamos na manh\u00e3 da sexta-feira, 03 de maio]. Porque estamos vendo a capacidade de atendimento [\u00e0s v\u00edtimas] j\u00e1 no seu limite pela magnitude desse evento.<\/p>\n<div class=\"twitter-tweet twitter-tweet-rendered\"><iframe id=\"twitter-widget-0\" class=\"\" title=\"X Post\" src=\"https:\/\/platform.twitter.com\/embed\/Tweet.html?dnt=false&amp;embedId=twitter-widget-0&amp;features=eyJ0ZndfdGltZWxpbmVfbGlzdCI6eyJidWNrZXQiOltdLCJ2ZXJzaW9uIjpudWxsfSwidGZ3X2ZvbGxvd2VyX2NvdW50X3N1bnNldCI6eyJidWNrZXQiOnRydWUsInZlcnNpb24iOm51bGx9LCJ0ZndfdHdlZXRfZWRpdF9iYWNrZW5kIjp7ImJ1Y2tldCI6Im9uIiwidmVyc2lvbiI6bnVsbH0sInRmd19yZWZzcmNfc2Vzc2lvbiI6eyJidWNrZXQiOiJvbiIsInZlcnNpb24iOm51bGx9LCJ0ZndfZm9zbnJfc29mdF9pbnRlcnZlbnRpb25zX2VuYWJsZWQiOnsiYnVja2V0Ijoib24iLCJ2ZXJzaW9uIjpudWxsfSwidGZ3X21peGVkX21lZGlhXzE1ODk3Ijp7ImJ1Y2tldCI6InRyZWF0bWVudCIsInZlcnNpb24iOm51bGx9LCJ0ZndfZXhwZXJpbWVudHNfY29va2llX2V4cGlyYXRpb24iOnsiYnVja2V0IjoxMjA5NjAwLCJ2ZXJzaW9uIjpudWxsfSwidGZ3X3Nob3dfYmlyZHdhdGNoX3Bpdm90c19lbmFibGVkIjp7ImJ1Y2tldCI6Im9uIiwidmVyc2lvbiI6bnVsbH0sInRmd19kdXBsaWNhdGVfc2NyaWJlc190b19zZXR0aW5ncyI6eyJidWNrZXQiOiJvbiIsInZlcnNpb24iOm51bGx9LCJ0ZndfdXNlX3Byb2ZpbGVfaW1hZ2Vfc2hhcGVfZW5hYmxlZCI6eyJidWNrZXQiOiJvbiIsInZlcnNpb24iOm51bGx9LCJ0ZndfdmlkZW9faGxzX2R5bmFtaWNfbWFuaWZlc3RzXzE1MDgyIjp7ImJ1Y2tldCI6InRydWVfYml0cmF0ZSIsInZlcnNpb24iOm51bGx9LCJ0ZndfbGVnYWN5X3RpbWVsaW5lX3N1bnNldCI6eyJidWNrZXQiOnRydWUsInZlcnNpb24iOm51bGx9LCJ0ZndfdHdlZXRfZWRpdF9mcm9udGVuZCI6eyJidWNrZXQiOiJvbiIsInZlcnNpb24iOm51bGx9fQ%3D%3D&amp;frame=false&amp;hideCard=false&amp;hideThread=false&amp;id=1786769190503772173&amp;lang=pt&amp;origin=https%3A%2F%2Fwww.ihu.unisinos.br%2Fcategorias%2F159-entrevistas%2F639115-subjugada-no-rs-crise-climatica-esta-associada-a-maior-enchente-do-estado-entrevista-especial-com-francisco-eliseu-aquino&amp;sessionId=016c9ec156e362fba2d3a405a2a27190fb4ff672&amp;theme=light&amp;widgetsVersion=2615f7e52b7e0%3A1702314776716&amp;width=550px\" frameborder=\"0\" scrolling=\"no\" allowfullscreen=\"allowfullscreen\" data-tweet-id=\"1786769190503772173\" data-mce-fragment=\"1\"><\/iframe><\/div>\n<p>Enfatizo: em\u00a0<strong>1941<\/strong>, n\u00f3s tivemos inunda\u00e7\u00f5es e uma das \u00e1reas mais afetadas foi a regi\u00e3o de\u00a0<strong>Porto Alegre<\/strong>\u00a0e da\u00a0<strong>Grande Porto Alegre<\/strong>. Agora estamos vendo mais da metade dos mun\u00edcipios do Estado e uma por\u00e7\u00e3o importante, em termos de adensamento populacional, que \u00e9 entre Porto Alegre, o\u00a0<strong>Vale do Sinos<\/strong>, entre\u00a0<strong>Porto Alegre<\/strong>\u00a0e o\u00a0<strong>Vale do Taquari<\/strong>, entre\u00a0<strong>Porto Alegre<\/strong>\u00a0e essa regi\u00e3o da\u00a0<strong>Encosta da Serra<\/strong>, que est\u00e3o densamente povoadas e com dif\u00edcil mobilidade. Ainda acrescentaria a dificuldade do pr\u00f3prio voo de reconhecimento e aten\u00e7\u00e3o aos j\u00e1 desabrigados ainda ilhados. Ent\u00e3o, o rompimento dessas barragens ou a contribui\u00e7\u00e3o maior desses volumes h\u00eddricos nessas bacias hidrogr\u00e1ficas, dificulta mais ainda um cen\u00e1rio de desastre.<\/p>\n<div class=\"news-citacao\">\n<div class=\"tweet-intent-box twitter-quote\">\n<p><strong>IHU \u2013 O\u00a0<a href=\"https:\/\/www.ihu.unisinos.br\/categorias\/620832-de-olho-nos-ruralistas-lanca-dossie-sobre-financiamento-da-bancada-ruralista\" target=\"_blank\" rel=\"noopener noreferrer\">lobby do agroneg\u00f3cio<\/a>, tanto no Congresso quanto na Assembleia, vem, sistematicamente, h\u00e1 anos flexibilizando a legisla\u00e7\u00e3o ambiental em favor da exporta\u00e7\u00e3o de commodities sem valor agregado. At\u00e9 que ponto essas trag\u00e9dias s\u00e3o a \u201cconta\u201d desse descaso ambiental?<\/strong><\/p>\n<p><strong>Francisco Eliseu Aquino \u2013<\/strong>\u00a0Elas t\u00eam uma conex\u00e3o direta. A\u00a0<a href=\"https:\/\/www.ihu.unisinos.br\/categorias\/159-entrevistas\/637952-rs-pl-das-barragens-em-area-de-protecao-ambiental-e-inconstitucional-e-agrava-a-estiagem-entrevista-especial-com-heverton-lacerda-e-paulo-brack\" target=\"_blank\" rel=\"noopener noreferrer\">flexibiliza\u00e7\u00e3o ambiental<\/a>\u00a0de margens de rio, \u00e1reas \u00famidas e alagadas, banhados, a maior expans\u00e3o sobre \u00e1reas de biomas e preserva\u00e7\u00e3o, eles concorrem diretamente para amplifica\u00e7\u00e3o da mudan\u00e7a clim\u00e1tica e dos desastres.<\/p>\n<p>Nesse momento em que n\u00f3s falamos [manh\u00e3 do dia 03 de maio], na balan\u00e7a comercial internacional, o\u00a0<strong>pre\u00e7o de comodities<\/strong>\u00a0como soja e farelo de soja j\u00e1 sente os impactos dessas\u00a0<strong>inunda\u00e7\u00f5es no Rio Grande do Sul<\/strong>\u00a0\u2013 isso j\u00e1 existe internacionalmente. Ent\u00e3o, estamos no caminho errado.<\/p>\n<div class=\"twitter-tweet twitter-tweet-rendered\"><iframe id=\"twitter-widget-1\" class=\"\" title=\"X Post\" src=\"https:\/\/platform.twitter.com\/embed\/Tweet.html?dnt=false&amp;embedId=twitter-widget-1&amp;features=eyJ0ZndfdGltZWxpbmVfbGlzdCI6eyJidWNrZXQiOltdLCJ2ZXJzaW9uIjpudWxsfSwidGZ3X2ZvbGxvd2VyX2NvdW50X3N1bnNldCI6eyJidWNrZXQiOnRydWUsInZlcnNpb24iOm51bGx9LCJ0ZndfdHdlZXRfZWRpdF9iYWNrZW5kIjp7ImJ1Y2tldCI6Im9uIiwidmVyc2lvbiI6bnVsbH0sInRmd19yZWZzcmNfc2Vzc2lvbiI6eyJidWNrZXQiOiJvbiIsInZlcnNpb24iOm51bGx9LCJ0ZndfZm9zbnJfc29mdF9pbnRlcnZlbnRpb25zX2VuYWJsZWQiOnsiYnVja2V0Ijoib24iLCJ2ZXJzaW9uIjpudWxsfSwidGZ3X21peGVkX21lZGlhXzE1ODk3Ijp7ImJ1Y2tldCI6InRyZWF0bWVudCIsInZlcnNpb24iOm51bGx9LCJ0ZndfZXhwZXJpbWVudHNfY29va2llX2V4cGlyYXRpb24iOnsiYnVja2V0IjoxMjA5NjAwLCJ2ZXJzaW9uIjpudWxsfSwidGZ3X3Nob3dfYmlyZHdhdGNoX3Bpdm90c19lbmFibGVkIjp7ImJ1Y2tldCI6Im9uIiwidmVyc2lvbiI6bnVsbH0sInRmd19kdXBsaWNhdGVfc2NyaWJlc190b19zZXR0aW5ncyI6eyJidWNrZXQiOiJvbiIsInZlcnNpb24iOm51bGx9LCJ0ZndfdXNlX3Byb2ZpbGVfaW1hZ2Vfc2hhcGVfZW5hYmxlZCI6eyJidWNrZXQiOiJvbiIsInZlcnNpb24iOm51bGx9LCJ0ZndfdmlkZW9faGxzX2R5bmFtaWNfbWFuaWZlc3RzXzE1MDgyIjp7ImJ1Y2tldCI6InRydWVfYml0cmF0ZSIsInZlcnNpb24iOm51bGx9LCJ0ZndfbGVnYWN5X3RpbWVsaW5lX3N1bnNldCI6eyJidWNrZXQiOnRydWUsInZlcnNpb24iOm51bGx9LCJ0ZndfdHdlZXRfZWRpdF9mcm9udGVuZCI6eyJidWNrZXQiOiJvbiIsInZlcnNpb24iOm51bGx9fQ%3D%3D&amp;frame=false&amp;hideCard=false&amp;hideThread=false&amp;id=1786825618799071532&amp;lang=pt&amp;origin=https%3A%2F%2Fwww.ihu.unisinos.br%2Fcategorias%2F159-entrevistas%2F639115-subjugada-no-rs-crise-climatica-esta-associada-a-maior-enchente-do-estado-entrevista-especial-com-francisco-eliseu-aquino&amp;sessionId=016c9ec156e362fba2d3a405a2a27190fb4ff672&amp;theme=light&amp;widgetsVersion=2615f7e52b7e0%3A1702314776716&amp;width=550px\" frameborder=\"0\" scrolling=\"no\" allowfullscreen=\"allowfullscreen\" data-tweet-id=\"1786825618799071532\" data-mce-fragment=\"1\"><\/iframe><\/div>\n<p>O desenvolvimento econ\u00f4mico e social do pa\u00eds e o desenvolvimento da agricultura de modo geral em nosso pa\u00eds, tem que ser compatibilizada com a preserva\u00e7\u00e3o ambiental. Ali\u00e1s, a preserva\u00e7\u00e3o ambiental \u00e9 internacionalmente vista, pelos cientistas do clima e ambientais, como a nossa melhor tecnologia e estrat\u00e9gia para ganhar qualidade de vida e resili\u00eancia para os impactos extremos das pr\u00f3ximas d\u00e9cadas logo \u00e0 frente.<\/p>\n<p><iframe loading=\"lazy\" src=\"https:\/\/www.youtube.com\/embed\/j66Wkpnifms?si=GoskWVIub10RpY8M\" width=\"100%\" height=\"450\" allowfullscreen=\"allowfullscreen\" data-mce-fragment=\"1\"><\/iframe><\/p>\n<p><strong>IHU \u2013 At\u00e9 que ponto \u00e9 poss\u00edvel associar a trag\u00e9dia que o RS tem vivido ao aquecimento global?<\/strong><\/p>\n<p><strong>Francisco Eliseu Aquino \u2013<\/strong>\u00a0\u00c9 direta. A\u00a0<a href=\"https:\/\/www.ihu.unisinos.br\/categorias\/616505-mudanca-climatica-esta-amplificando-o-ciclo-hidrologico\" target=\"_blank\" rel=\"noopener noreferrer\">mudan\u00e7a do clima for\u00e7a o ciclo hidrol\u00f3gico<\/a>\u00a0na atmosfera. Ent\u00e3o, o que n\u00f3s observamos na \u00faltima semana \u2013 a manuten\u00e7\u00e3o de\u00a0<strong>umidade vinda da Amaz\u00f4nia<\/strong>\u00a0pelos\u00a0<a href=\"https:\/\/www.ihu.unisinos.br\/626431\" target=\"_blank\" rel=\"noopener noreferrer\">rios voadores<\/a>\u00a0e o fortalecimento da corrente j\u00e1 com bloqueio atmosf\u00e9rico por conta da\u00a0<strong>onda de calor<\/strong>\u00a0\u2013 s\u00e3o condi\u00e7\u00f5es frequentes e intensificadas de um planeta mais quente.<\/p>\n<div class=\"news-citacao\">\n<div class=\"tweet-intent-box twitter-quote\">\n<p><strong>IHU \u2013 Um discurso recorrente por parte das autoridades \u00e9 de que \u201c\u00e9 um evento de uma magnitude imprevista\u201d, quase sempre usado como uma carta coringa para esses epis\u00f3dios. Como o senhor avalia as a\u00e7\u00f5es do poder p\u00fablico em rela\u00e7\u00e3o a esses eventos clim\u00e1ticos extremos?<\/strong><\/p>\n<p><strong>Francisco Eliseu Aquino \u2013<\/strong>\u00a0De modo geral, essa resposta n\u00e3o vale mais. Se imagin\u00e1ssemos a inunda\u00e7\u00e3o de\u00a0<strong>1941<\/strong>, dir\u00edamos que uma recorr\u00eancia seria algo de 10 mil anos; se olh\u00e1ssemos a inunda\u00e7\u00e3o de setembro de 2023, de novo far\u00edamos uma conta de 10 mil anos. Portanto, em menos de um ano as\u00a0<strong>tr\u00eas inunda\u00e7\u00f5es no Estado<\/strong>, as fortes tempestades, os vendavais \u2013 como, por exemplo, do in\u00edcio de janeiro deste ano \u2013 e as frentes de rajadas mostram que, sem d\u00favida, a frequ\u00eancia e a perman\u00eancia desses eventos no\u00a0<strong>Rio Grande do Sul<\/strong>, \u00e9 para ficar para as pr\u00f3ximas d\u00e9cadas. Portanto, estamos muito devagar no real\u00a0<a href=\"https:\/\/www.ihu.unisinos.br\/635208\" target=\"_blank\" rel=\"noopener noreferrer\">enfrentamento<\/a>\u00a0<em>versus<\/em>\u00a0a\u00a0<strong>acelera\u00e7\u00e3o da mudan\u00e7a do clima<\/strong>.<\/p>\n<div class=\"news-citacao\">\n<div class=\"tweet-intent-box twitter-quote\">\n<p><strong>IHU \u2013 Que tipos de a\u00e7\u00f5es podem ser feitas para mitigar o risco de cat\u00e1strofes como est\u00e1 que o RS est\u00e1 vivendo?<\/strong><\/p>\n<p><strong>Francisco Eliseu Aquino \u2013<\/strong>\u00a0Eu iniciaria enfatizando a relev\u00e2ncia do movimento no governo no pa\u00eds e nos estados em modernizar e equipar a\u00a0<strong>Defesa Civil<\/strong>. \u00c9 n\u00edtida a diferen\u00e7a entre\u00a0<strong>inunda\u00e7\u00f5es<\/strong>\u00a0e o\u00a0<strong>n\u00famero de mortes<\/strong>\u00a0no ano passado para o evento desse ano, que tem maior magnitude, j\u00e1 que a popula\u00e7\u00e3o compreende um pouco melhor os alertas e a necessidade de buscar e visualizar melhor seus riscos.<\/p>\n<div class=\"twitter-tweet twitter-tweet-rendered\"><iframe id=\"twitter-widget-2\" class=\"\" title=\"X Post\" src=\"https:\/\/platform.twitter.com\/embed\/Tweet.html?dnt=false&amp;embedId=twitter-widget-2&amp;features=eyJ0ZndfdGltZWxpbmVfbGlzdCI6eyJidWNrZXQiOltdLCJ2ZXJzaW9uIjpudWxsfSwidGZ3X2ZvbGxvd2VyX2NvdW50X3N1bnNldCI6eyJidWNrZXQiOnRydWUsInZlcnNpb24iOm51bGx9LCJ0ZndfdHdlZXRfZWRpdF9iYWNrZW5kIjp7ImJ1Y2tldCI6Im9uIiwidmVyc2lvbiI6bnVsbH0sInRmd19yZWZzcmNfc2Vzc2lvbiI6eyJidWNrZXQiOiJvbiIsInZlcnNpb24iOm51bGx9LCJ0ZndfZm9zbnJfc29mdF9pbnRlcnZlbnRpb25zX2VuYWJsZWQiOnsiYnVja2V0Ijoib24iLCJ2ZXJzaW9uIjpudWxsfSwidGZ3X21peGVkX21lZGlhXzE1ODk3Ijp7ImJ1Y2tldCI6InRyZWF0bWVudCIsInZlcnNpb24iOm51bGx9LCJ0ZndfZXhwZXJpbWVudHNfY29va2llX2V4cGlyYXRpb24iOnsiYnVja2V0IjoxMjA5NjAwLCJ2ZXJzaW9uIjpudWxsfSwidGZ3X3Nob3dfYmlyZHdhdGNoX3Bpdm90c19lbmFibGVkIjp7ImJ1Y2tldCI6Im9uIiwidmVyc2lvbiI6bnVsbH0sInRmd19kdXBsaWNhdGVfc2NyaWJlc190b19zZXR0aW5ncyI6eyJidWNrZXQiOiJvbiIsInZlcnNpb24iOm51bGx9LCJ0ZndfdXNlX3Byb2ZpbGVfaW1hZ2Vfc2hhcGVfZW5hYmxlZCI6eyJidWNrZXQiOiJvbiIsInZlcnNpb24iOm51bGx9LCJ0ZndfdmlkZW9faGxzX2R5bmFtaWNfbWFuaWZlc3RzXzE1MDgyIjp7ImJ1Y2tldCI6InRydWVfYml0cmF0ZSIsInZlcnNpb24iOm51bGx9LCJ0ZndfbGVnYWN5X3RpbWVsaW5lX3N1bnNldCI6eyJidWNrZXQiOnRydWUsInZlcnNpb24iOm51bGx9LCJ0ZndfdHdlZXRfZWRpdF9mcm9udGVuZCI6eyJidWNrZXQiOiJvbiIsInZlcnNpb24iOm51bGx9fQ%3D%3D&amp;frame=false&amp;hideCard=false&amp;hideThread=false&amp;id=1786892259075522571&amp;lang=pt&amp;origin=https%3A%2F%2Fwww.ihu.unisinos.br%2Fcategorias%2F159-entrevistas%2F639115-subjugada-no-rs-crise-climatica-esta-associada-a-maior-enchente-do-estado-entrevista-especial-com-francisco-eliseu-aquino&amp;sessionId=016c9ec156e362fba2d3a405a2a27190fb4ff672&amp;theme=light&amp;widgetsVersion=2615f7e52b7e0%3A1702314776716&amp;width=550px\" frameborder=\"0\" scrolling=\"no\" allowfullscreen=\"allowfullscreen\" data-tweet-id=\"1786892259075522571\" data-mce-fragment=\"1\"><\/iframe><\/div>\n<p>Ao mesmo tempo, percebo que a organiza\u00e7\u00e3o dos agentes de\u00a0<strong>Defesa Civil<\/strong>\u00a0e\u00a0<strong>Corpo de Bombeiros<\/strong>\u00a0t\u00eam avan\u00e7ado \u2013 e bastante. Mas precisamos, sem d\u00favidas, de um investimento financeiro realmente concreto nestas a\u00e7\u00f5es.<\/p>\n<p>Obviamente que a\u00a0<strong>preserva\u00e7\u00e3o ambiental<\/strong>\u00a0teria que ser a nossa pauta primeira, associada a todo o nosso planejamento de alerta de desastres etc. E, friso: as mudan\u00e7as clim\u00e1ticas crescer\u00e3o e os eventos extremos crescer\u00e3o. Portanto, a gente precisa melhorar a nossa conviv\u00eancia e a nossa resili\u00eancia com esse cen\u00e1rio.<\/p>\n<div class=\"twitter-tweet twitter-tweet-rendered\"><iframe id=\"twitter-widget-3\" class=\"\" title=\"X Post\" src=\"https:\/\/platform.twitter.com\/embed\/Tweet.html?dnt=false&amp;embedId=twitter-widget-3&amp;features=eyJ0ZndfdGltZWxpbmVfbGlzdCI6eyJidWNrZXQiOltdLCJ2ZXJzaW9uIjpudWxsfSwidGZ3X2ZvbGxvd2VyX2NvdW50X3N1bnNldCI6eyJidWNrZXQiOnRydWUsInZlcnNpb24iOm51bGx9LCJ0ZndfdHdlZXRfZWRpdF9iYWNrZW5kIjp7ImJ1Y2tldCI6Im9uIiwidmVyc2lvbiI6bnVsbH0sInRmd19yZWZzcmNfc2Vzc2lvbiI6eyJidWNrZXQiOiJvbiIsInZlcnNpb24iOm51bGx9LCJ0ZndfZm9zbnJfc29mdF9pbnRlcnZlbnRpb25zX2VuYWJsZWQiOnsiYnVja2V0Ijoib24iLCJ2ZXJzaW9uIjpudWxsfSwidGZ3X21peGVkX21lZGlhXzE1ODk3Ijp7ImJ1Y2tldCI6InRyZWF0bWVudCIsInZlcnNpb24iOm51bGx9LCJ0ZndfZXhwZXJpbWVudHNfY29va2llX2V4cGlyYXRpb24iOnsiYnVja2V0IjoxMjA5NjAwLCJ2ZXJzaW9uIjpudWxsfSwidGZ3X3Nob3dfYmlyZHdhdGNoX3Bpdm90c19lbmFibGVkIjp7ImJ1Y2tldCI6Im9uIiwidmVyc2lvbiI6bnVsbH0sInRmd19kdXBsaWNhdGVfc2NyaWJlc190b19zZXR0aW5ncyI6eyJidWNrZXQiOiJvbiIsInZlcnNpb24iOm51bGx9LCJ0ZndfdXNlX3Byb2ZpbGVfaW1hZ2Vfc2hhcGVfZW5hYmxlZCI6eyJidWNrZXQiOiJvbiIsInZlcnNpb24iOm51bGx9LCJ0ZndfdmlkZW9faGxzX2R5bmFtaWNfbWFuaWZlc3RzXzE1MDgyIjp7ImJ1Y2tldCI6InRydWVfYml0cmF0ZSIsInZlcnNpb24iOm51bGx9LCJ0ZndfbGVnYWN5X3RpbWVsaW5lX3N1bnNldCI6eyJidWNrZXQiOnRydWUsInZlcnNpb24iOm51bGx9LCJ0ZndfdHdlZXRfZWRpdF9mcm9udGVuZCI6eyJidWNrZXQiOiJvbiIsInZlcnNpb24iOm51bGx9fQ%3D%3D&amp;frame=false&amp;hideCard=false&amp;hideThread=false&amp;id=1786954523149213850&amp;lang=pt&amp;origin=https%3A%2F%2Fwww.ihu.unisinos.br%2Fcategorias%2F159-entrevistas%2F639115-subjugada-no-rs-crise-climatica-esta-associada-a-maior-enchente-do-estado-entrevista-especial-com-francisco-eliseu-aquino&amp;sessionId=016c9ec156e362fba2d3a405a2a27190fb4ff672&amp;theme=light&amp;widgetsVersion=2615f7e52b7e0%3A1702314776716&amp;width=550px\" frameborder=\"0\" scrolling=\"no\" allowfullscreen=\"allowfullscreen\" data-tweet-id=\"1786954523149213850\" data-mce-fragment=\"1\"><\/iframe><\/div>\n<p>&nbsp;<\/p>\n<div class=\"twitter-tweet twitter-tweet-rendered\"><iframe id=\"twitter-widget-4\" class=\"\" title=\"X Post\" src=\"https:\/\/platform.twitter.com\/embed\/Tweet.html?dnt=false&amp;embedId=twitter-widget-4&amp;features=eyJ0ZndfdGltZWxpbmVfbGlzdCI6eyJidWNrZXQiOltdLCJ2ZXJzaW9uIjpudWxsfSwidGZ3X2ZvbGxvd2VyX2NvdW50X3N1bnNldCI6eyJidWNrZXQiOnRydWUsInZlcnNpb24iOm51bGx9LCJ0ZndfdHdlZXRfZWRpdF9iYWNrZW5kIjp7ImJ1Y2tldCI6Im9uIiwidmVyc2lvbiI6bnVsbH0sInRmd19yZWZzcmNfc2Vzc2lvbiI6eyJidWNrZXQiOiJvbiIsInZlcnNpb24iOm51bGx9LCJ0ZndfZm9zbnJfc29mdF9pbnRlcnZlbnRpb25zX2VuYWJsZWQiOnsiYnVja2V0Ijoib24iLCJ2ZXJzaW9uIjpudWxsfSwidGZ3X21peGVkX21lZGlhXzE1ODk3Ijp7ImJ1Y2tldCI6InRyZWF0bWVudCIsInZlcnNpb24iOm51bGx9LCJ0ZndfZXhwZXJpbWVudHNfY29va2llX2V4cGlyYXRpb24iOnsiYnVja2V0IjoxMjA5NjAwLCJ2ZXJzaW9uIjpudWxsfSwidGZ3X3Nob3dfYmlyZHdhdGNoX3Bpdm90c19lbmFibGVkIjp7ImJ1Y2tldCI6Im9uIiwidmVyc2lvbiI6bnVsbH0sInRmd19kdXBsaWNhdGVfc2NyaWJlc190b19zZXR0aW5ncyI6eyJidWNrZXQiOiJvbiIsInZlcnNpb24iOm51bGx9LCJ0ZndfdXNlX3Byb2ZpbGVfaW1hZ2Vfc2hhcGVfZW5hYmxlZCI6eyJidWNrZXQiOiJvbiIsInZlcnNpb24iOm51bGx9LCJ0ZndfdmlkZW9faGxzX2R5bmFtaWNfbWFuaWZlc3RzXzE1MDgyIjp7ImJ1Y2tldCI6InRydWVfYml0cmF0ZSIsInZlcnNpb24iOm51bGx9LCJ0ZndfbGVnYWN5X3RpbWVsaW5lX3N1bnNldCI6eyJidWNrZXQiOnRydWUsInZlcnNpb24iOm51bGx9LCJ0ZndfdHdlZXRfZWRpdF9mcm9udGVuZCI6eyJidWNrZXQiOiJvbiIsInZlcnNpb24iOm51bGx9fQ%3D%3D&amp;frame=false&amp;hideCard=false&amp;hideThread=false&amp;id=1786891545204941223&amp;lang=pt&amp;origin=https%3A%2F%2Fwww.ihu.unisinos.br%2Fcategorias%2F159-entrevistas%2F639115-subjugada-no-rs-crise-climatica-esta-associada-a-maior-enchente-do-estado-entrevista-especial-com-francisco-eliseu-aquino&amp;sessionId=016c9ec156e362fba2d3a405a2a27190fb4ff672&amp;theme=light&amp;widgetsVersion=2615f7e52b7e0%3A1702314776716&amp;width=550px\" frameborder=\"0\" scrolling=\"no\" allowfullscreen=\"allowfullscreen\" data-tweet-id=\"1786891545204941223\" data-mce-fragment=\"1\"><\/iframe><\/div>\n<\/div>\n<\/div>\n<\/div>\n<\/div>\n<\/div>\n<\/div>\n<\/div>\n<\/div>\n<\/div>\n<p>&nbsp;<\/p>\n<p>&nbsp;<\/p>\n","protected":false},"excerpt":{"rendered":"<p>IHU e Baleia Comunica\u00e7\u00e3o &#8211; Em menos de um ano, o\u00a0Rio Grande do Sul\u00a0conseguiu bater diversos recordes tr\u00e1gicos e agora passa pela\u00a0maior cat\u00e1strofe ambiental j\u00e1 registrada. Conforme o boletim da\u00a0Defesa Civil, do final do dia 4 de maio, s\u00e3o 317 munic\u00edpios atingidos (mais de 63% das cidades), mais de meio milh\u00e3o de pessoas diretamente afetadas,&#8230;<a class=\"more-link\" href=\"http:\/\/blogdalucianaoliveira.com.br\/blog\/2024\/05\/06\/subjugada-no-rs-crise-climatica-esta-associada-a-maior-enchente-do-estado-entrevista-especial-com-francisco-eliseu-aquino\/\">Continue a leitura <span class=\"meta-nav\">&raquo;<\/span><\/a><\/p>\n","protected":false},"author":1,"featured_media":0,"comment_status":"closed","ping_status":"open","sticky":false,"template":"","format":"standard","meta":{"_exactmetrics_skip_tracking":false,"_exactmetrics_sitenote_active":false,"_exactmetrics_sitenote_note":"","_exactmetrics_sitenote_category":0,"jetpack_post_was_ever_published":false,"_jetpack_newsletter_access":"","_jetpack_dont_email_post_to_subs":false,"_jetpack_newsletter_tier_id":0,"_jetpack_memberships_contains_paywalled_content":false,"_jetpack_memberships_contains_paid_content":false,"footnotes":"","jetpack_publicize_message":"","jetpack_publicize_feature_enabled":true,"jetpack_social_post_already_shared":true,"jetpack_social_options":{"image_generator_settings":{"template":"highway","enabled":false},"version":2}},"categories":[1],"tags":[],"class_list":["post-35075","post","type-post","status-publish","format-standard","hentry","category-notas"],"jetpack_publicize_connections":[],"jetpack_sharing_enabled":true,"jetpack_featured_media_url":"","jetpack_shortlink":"https:\/\/wp.me\/p7wKYW-97J","jetpack-related-posts":[],"_links":{"self":[{"href":"http:\/\/blogdalucianaoliveira.com.br\/blog\/wp-json\/wp\/v2\/posts\/35075","targetHints":{"allow":["GET"]}}],"collection":[{"href":"http:\/\/blogdalucianaoliveira.com.br\/blog\/wp-json\/wp\/v2\/posts"}],"about":[{"href":"http:\/\/blogdalucianaoliveira.com.br\/blog\/wp-json\/wp\/v2\/types\/post"}],"author":[{"embeddable":true,"href":"http:\/\/blogdalucianaoliveira.com.br\/blog\/wp-json\/wp\/v2\/users\/1"}],"replies":[{"embeddable":true,"href":"http:\/\/blogdalucianaoliveira.com.br\/blog\/wp-json\/wp\/v2\/comments?post=35075"}],"version-history":[{"count":1,"href":"http:\/\/blogdalucianaoliveira.com.br\/blog\/wp-json\/wp\/v2\/posts\/35075\/revisions"}],"predecessor-version":[{"id":35077,"href":"http:\/\/blogdalucianaoliveira.com.br\/blog\/wp-json\/wp\/v2\/posts\/35075\/revisions\/35077"}],"wp:attachment":[{"href":"http:\/\/blogdalucianaoliveira.com.br\/blog\/wp-json\/wp\/v2\/media?parent=35075"}],"wp:term":[{"taxonomy":"category","embeddable":true,"href":"http:\/\/blogdalucianaoliveira.com.br\/blog\/wp-json\/wp\/v2\/categories?post=35075"},{"taxonomy":"post_tag","embeddable":true,"href":"http:\/\/blogdalucianaoliveira.com.br\/blog\/wp-json\/wp\/v2\/tags?post=35075"}],"curies":[{"name":"wp","href":"https:\/\/api.w.org\/{rel}","templated":true}]}}