{"id":35080,"date":"2024-05-07T09:53:21","date_gmt":"2024-05-07T13:53:21","guid":{"rendered":"http:\/\/blogdalucianaoliveira.com.br\/blog\/?p=35080"},"modified":"2024-05-07T09:53:21","modified_gmt":"2024-05-07T13:53:21","slug":"o-problema-nao-e-o-show-da-madonna-e-o-desmatamento","status":"publish","type":"post","link":"http:\/\/blogdalucianaoliveira.com.br\/blog\/2024\/05\/07\/o-problema-nao-e-o-show-da-madonna-e-o-desmatamento\/","title":{"rendered":"O problema n\u00e3o \u00e9 o show da Madonna, \u00e9 o desmatamento"},"content":{"rendered":"<p><img data-recalc-dims=\"1\" loading=\"lazy\" decoding=\"async\" data-attachment-id=\"35082\" data-permalink=\"http:\/\/blogdalucianaoliveira.com.br\/blog\/2024\/05\/07\/o-problema-nao-e-o-show-da-madonna-e-o-desmatamento\/img_3329\/\" data-orig-file=\"https:\/\/i0.wp.com\/blogdalucianaoliveira.com.br\/blog\/wp-content\/uploads\/2024\/05\/IMG_3329.jpeg?fit=1200%2C807\" data-orig-size=\"1200,807\" data-comments-opened=\"0\" data-image-meta=\"{&quot;aperture&quot;:&quot;0&quot;,&quot;credit&quot;:&quot;&quot;,&quot;camera&quot;:&quot;&quot;,&quot;caption&quot;:&quot;&quot;,&quot;created_timestamp&quot;:&quot;0&quot;,&quot;copyright&quot;:&quot;&quot;,&quot;focal_length&quot;:&quot;0&quot;,&quot;iso&quot;:&quot;0&quot;,&quot;shutter_speed&quot;:&quot;0&quot;,&quot;title&quot;:&quot;&quot;,&quot;orientation&quot;:&quot;0&quot;}\" data-image-title=\"IMG_3329\" data-image-description=\"\" data-image-caption=\"\" data-medium-file=\"https:\/\/i0.wp.com\/blogdalucianaoliveira.com.br\/blog\/wp-content\/uploads\/2024\/05\/IMG_3329.jpeg?fit=300%2C202\" data-large-file=\"https:\/\/i0.wp.com\/blogdalucianaoliveira.com.br\/blog\/wp-content\/uploads\/2024\/05\/IMG_3329.jpeg?fit=600%2C404\" class=\"alignnone size-full wp-image-35082\" src=\"https:\/\/i0.wp.com\/blogdalucianaoliveira.com.br\/blog\/wp-content\/uploads\/2024\/05\/IMG_3329.jpeg?resize=600%2C404\" alt=\"\" width=\"600\" height=\"404\" srcset=\"https:\/\/i0.wp.com\/blogdalucianaoliveira.com.br\/blog\/wp-content\/uploads\/2024\/05\/IMG_3329.jpeg?w=1200 1200w, https:\/\/i0.wp.com\/blogdalucianaoliveira.com.br\/blog\/wp-content\/uploads\/2024\/05\/IMG_3329.jpeg?resize=300%2C202 300w, https:\/\/i0.wp.com\/blogdalucianaoliveira.com.br\/blog\/wp-content\/uploads\/2024\/05\/IMG_3329.jpeg?resize=1024%2C689 1024w, https:\/\/i0.wp.com\/blogdalucianaoliveira.com.br\/blog\/wp-content\/uploads\/2024\/05\/IMG_3329.jpeg?resize=768%2C516 768w, https:\/\/i0.wp.com\/blogdalucianaoliveira.com.br\/blog\/wp-content\/uploads\/2024\/05\/IMG_3329.jpeg?resize=446%2C300 446w\" sizes=\"auto, (max-width: 600px) 100vw, 600px\" \/><\/p>\n<p>Infoamazonia, por Carolina Dantas &#8211; Em meio \u00e0 trag\u00e9dia devido \u00e0 enchente no Rio Grande do Sul, brasileiros disseminam informa\u00e7\u00f5es falsas sobre a festa em Copacabana e, assim, esquecem de olhar para o que realmente influencia o aquecimento global. As emiss\u00f5es brasileiras de gases do efeito estufa s\u00e3o consequ\u00eancia da devasta\u00e7\u00e3o da Amaz\u00f4nia ano a ano e, se bobear, o governo federal vai flertar cada vez mais com a explora\u00e7\u00e3o do petr\u00f3leo no pa\u00eds.<!--more--><\/p>\n<p>Domingo, 5 de maio de 2024, um dia depois de um show hist\u00f3rico em Copacabana com 1,6 milh\u00e3o de pessoas assistindo Madonna, a Secretaria de Comunica\u00e7\u00e3o Social do Governo Federal publica um texto com o seguinte t\u00edtulo: \u201c<a href=\"https:\/\/www.gov.br\/secom\/pt-br\/fatos\/brasil-contra-fake\/noticias\/2023\/3\/governo-federal-nao-patrocinou-show-da-madonna-no-rio\">Governo Federal n\u00e3o patrocinou show da Madonna no Rio\u201d<\/a>.<\/p>\n<p><em>\u201cEm meio \u00e0 calamidade no Rio Grande do Sul, circulam falsas informa\u00e7\u00f5es sobre o financiamento do show da Madonna pelo Governo Federal, desviando o foco das verdadeiras necessidades da regi\u00e3o\u201d, diz um trecho.\u00a0<\/em><\/p>\n<p>A declara\u00e7\u00e3o da Secretaria de Comunica\u00e7\u00e3o \u00e9 uma resposta a alguns posts com informa\u00e7\u00f5es falsas que circularam em meio \u00e0 cat\u00e1strofe clim\u00e1tica no sul do pa\u00eds, ligando o financiamento do show a uma suposta verba do governo federal. H\u00e1, ainda, um <a href=\"https:\/\/twitter.com\/ale_sblack\/status\/1787072180083388505\">tom moralista nas redes, no sentido de questionar aqueles que festejaram em Copacabana<\/a> enquanto outros estavam em estado de calamidade. N\u00e3o pretendo debater isso por aqui. Com show da Madonna, sem show da Madonna, o problema n\u00e3o \u00e9 esse.<\/p>\n<div class=\"entry-content\">\n<p>Nos \u00faltimos anos, lecionei alguns cursos sobre dados de mudan\u00e7as clim\u00e1ticas. Comecei jogando alto, falando das emiss\u00f5es de carbono diretamente, sem explicar a rela\u00e7\u00e3o entre Amaz\u00f4nia, agropecu\u00e1ria, desmatamento e gases do efeito estufa. Entendi com o tempo que uma parte das pessoas n\u00e3o entende ainda a conex\u00e3o entre uma coisa e outra. A come\u00e7ar pelo tamanho da Amaz\u00f4nia: 58% do territ\u00f3rio do Brasil. Sim, o bioma amaz\u00f4nico \u00e9 mais da metade do pa\u00eds.<\/p>\n<p>S\u00e3o os estados da Amaz\u00f4nia que representam a maior fatia de emiss\u00f5es brasileiras de gases que levam ao aquecimento global, que causa uma frequ\u00eancia cada vez maior de eventos extremos como o que vemos no Rio Grande do Sul. Hoje, temos o Sistema de Estimativas de Emiss\u00f5es e Remo\u00e7\u00f5es de Gases de Efeito Estufa (<a href=\"https:\/\/seeg.eco.br\/\">SEEG<\/a>), uma iniciativa do Observat\u00f3rio do Clima que faz o c\u00e1lculo do que emitimos no pa\u00eds em cinco setores: agropecu\u00e1ria, mudan\u00e7a de uso da terra (basicamente desmatamento), energia, ind\u00fastria e res\u00edduos.<\/p>\n<p>No Brasil, o setor de mudan\u00e7a de uso da terra \u00e9 o que mais emite carbono e respondeu por 1,12 bilh\u00e3o de toneladas brutas de g\u00e1s carb\u00f4nico equivalente (CO2e), ou <strong>48% do total nacional em todo o ano de 2022<\/strong>. Depois, em segundo lugar, vem a agropecu\u00e1ria, com 27% (617 milh\u00f5es de toneladas de CO2e), sendo aqui a maior parte dos gases ligados \u00e0 fermenta\u00e7\u00e3o ent\u00e9rica do gado no pa\u00eds, os famosos \u201carrotos e puns\u201d. Vale lembrar que o agro \u00e9 <a href=\"https:\/\/alerta.mapbiomas.org\/dados-sobre-fiscalizacao-mostram-que-impunidade-ainda-predomina-no-combate-ao-desmatamento\">respons\u00e1vel por 97% do desmatamento<\/a> do pa\u00eds, segundo dados do MapBiomas de 2021 e, por isso, indiretamente \u00e9 o setor que mais libera gases de efeito estufa no pa\u00eds.<\/p>\n<p>Juntos, os setores de energia, ind\u00fastria e de res\u00edduos representaram metade (581,9 milh\u00f5es de toneladas brutas) do que emitimos de CO2e ao desmatar a floresta naquele ano. Ou seja: mesmo que o show da Madonna conseguisse representar o mesmo que todas as emiss\u00f5es do pa\u00eds no setor industrial, energ\u00e9tico e de res\u00edduos, ele n\u00e3o chegaria nem perto do impacto do desmatamento no problema. Boicotar a festa no Rio n\u00e3o vai deixar o estado do Rio Grande do Sul mais seguro, muito menos reduzir nossa contribui\u00e7\u00e3o para o aquecimento global.<\/p>\n<p>Dito isso, a mensagem que a Madonna trouxe no show, com fotos de lideran\u00e7as ind\u00edgenas que defendem a floresta, est\u00e1 mais conectada com a crise clim\u00e1tica do que os \u201creclam\u00f5es\u201d da internet. Isso porque as \u00e1reas protegidas \u2014 terras ind\u00edgenas e unidades de conserva\u00e7\u00e3o \u2014 s\u00e3o as menos desmatadas dentro da Amaz\u00f4nia.<\/p>\n<figure class=\"wp-block-embed is-type-rich is-provider-twitter wp-block-embed-twitter\">\n<div class=\"wp-block-embed__wrapper\">\n<div class=\"twitter-tweet twitter-tweet-rendered\"><iframe id=\"twitter-widget-0\" class=\"\" title=\"X Post\" src=\"https:\/\/platform.twitter.com\/embed\/Tweet.html?creatorScreenName=cacaudantas&amp;dnt=true&amp;embedId=twitter-widget-0&amp;features=eyJ0ZndfdGltZWxpbmVfbGlzdCI6eyJidWNrZXQiOltdLCJ2ZXJzaW9uIjpudWxsfSwidGZ3X2ZvbGxvd2VyX2NvdW50X3N1bnNldCI6eyJidWNrZXQiOnRydWUsInZlcnNpb24iOm51bGx9LCJ0ZndfdHdlZXRfZWRpdF9iYWNrZW5kIjp7ImJ1Y2tldCI6Im9uIiwidmVyc2lvbiI6bnVsbH0sInRmd19yZWZzcmNfc2Vzc2lvbiI6eyJidWNrZXQiOiJvbiIsInZlcnNpb24iOm51bGx9LCJ0ZndfZm9zbnJfc29mdF9pbnRlcnZlbnRpb25zX2VuYWJsZWQiOnsiYnVja2V0Ijoib24iLCJ2ZXJzaW9uIjpudWxsfSwidGZ3X21peGVkX21lZGlhXzE1ODk3Ijp7ImJ1Y2tldCI6InRyZWF0bWVudCIsInZlcnNpb24iOm51bGx9LCJ0ZndfZXhwZXJpbWVudHNfY29va2llX2V4cGlyYXRpb24iOnsiYnVja2V0IjoxMjA5NjAwLCJ2ZXJzaW9uIjpudWxsfSwidGZ3X3Nob3dfYmlyZHdhdGNoX3Bpdm90c19lbmFibGVkIjp7ImJ1Y2tldCI6Im9uIiwidmVyc2lvbiI6bnVsbH0sInRmd19kdXBsaWNhdGVfc2NyaWJlc190b19zZXR0aW5ncyI6eyJidWNrZXQiOiJvbiIsInZlcnNpb24iOm51bGx9LCJ0ZndfdXNlX3Byb2ZpbGVfaW1hZ2Vfc2hhcGVfZW5hYmxlZCI6eyJidWNrZXQiOiJvbiIsInZlcnNpb24iOm51bGx9LCJ0ZndfdmlkZW9faGxzX2R5bmFtaWNfbWFuaWZlc3RzXzE1MDgyIjp7ImJ1Y2tldCI6InRydWVfYml0cmF0ZSIsInZlcnNpb24iOm51bGx9LCJ0ZndfbGVnYWN5X3RpbWVsaW5lX3N1bnNldCI6eyJidWNrZXQiOnRydWUsInZlcnNpb24iOm51bGx9LCJ0ZndfdHdlZXRfZWRpdF9mcm9udGVuZCI6eyJidWNrZXQiOiJvbiIsInZlcnNpb24iOm51bGx9fQ%3D%3D&amp;frame=false&amp;hideCard=false&amp;hideThread=false&amp;id=1787226146540569072&amp;lang=pt&amp;origin=https%3A%2F%2Finfoamazonia.org%2F2024%2F05%2F07%2Fo-problema-nao-e-o-show-da-madonna-e-o-desmatamento%2F&amp;sessionId=ec02673705e07b64ed142fe8d453212a3d24fe04&amp;siteScreenName=InfoAmazonia&amp;theme=light&amp;widgetsVersion=2615f7e52b7e0%3A1702314776716&amp;width=550px\" frameborder=\"0\" scrolling=\"no\" allowfullscreen=\"allowfullscreen\" data-tweet-id=\"1787226146540569072\" data-mce-fragment=\"1\"><\/iframe><\/div>\n<\/div>\n<\/figure>\n<p>Qual \u00e9 o ponto-chave do debate, ent\u00e3o?<\/p>\n<p>\u00c9 <a href=\"https:\/\/infoamazonia.org\/2023\/12\/06\/deputada-ruralista-defende-passe-livre-de-emissoes-para-o-agronegocio-em-mesa-sobre-mercado-de-carbono-na-cop28\/\">questionar o projeto de lei 412\/2022, que tramita no Congresso,<\/a>e cria o Sistema Brasileiro de Com\u00e9rcio de Emiss\u00f5es de Gases de Efeito Estufa (SBCE), estabelecendo um teto de emiss\u00f5es de gases por setores da economia. A bancada ruralista conseguiu retirar as obriga\u00e7\u00f5es do agroneg\u00f3cio, que n\u00e3o deve ter um teto de emiss\u00f5es. Como disse Marcio Astrini, secret\u00e1rio executivo do Observat\u00f3rio do Clima, ao rep\u00f3rter F\u00e1bio Bispo, \u201co agroneg\u00f3cio no Brasil, infelizmente, n\u00e3o quer ser regulado no mercado de carbono, ele n\u00e3o quer ser regulado na legisla\u00e7\u00e3o, ele n\u00e3o quer ser regulado nos impostos\u201d.<\/p>\n<p>Podemos falar tamb\u00e9m sobre os <a href=\"https:\/\/infoamazonia.org\/2024\/02\/22\/amazonas-e-maranhao-tem-60-dos-municipios-da-amazonia-considerados-prioritarios-no-plano-clima\/\">planos de mitiga\u00e7\u00e3o e adapta\u00e7\u00e3o do governo federal para mudan\u00e7as clim\u00e1ticas<\/a>, que ainda n\u00e3o sa\u00edram do papel. Podemos falar, tamb\u00e9m, de como \u00e9 absurdo o governo Lula flertar com a explora\u00e7\u00e3o de petr\u00f3leo na Amaz\u00f4nia mesmo quando o mundo vai na contram\u00e3o dos combust\u00edveis f\u00f3sseis. E n\u00f3s podemos debater os planos dos candidatos para as elei\u00e7\u00f5es municipais neste ano, votando em quem defende a floresta em p\u00e9.<\/p>\n<\/div>\n","protected":false},"excerpt":{"rendered":"<p>Infoamazonia, por Carolina Dantas &#8211; Em meio \u00e0 trag\u00e9dia devido \u00e0 enchente no Rio Grande do Sul, brasileiros disseminam informa\u00e7\u00f5es falsas sobre a festa em Copacabana e, assim, esquecem de olhar para o que realmente influencia o aquecimento global. As emiss\u00f5es brasileiras de gases do efeito estufa s\u00e3o consequ\u00eancia da devasta\u00e7\u00e3o da Amaz\u00f4nia ano a&#8230;<a class=\"more-link\" href=\"http:\/\/blogdalucianaoliveira.com.br\/blog\/2024\/05\/07\/o-problema-nao-e-o-show-da-madonna-e-o-desmatamento\/\">Continue a leitura <span class=\"meta-nav\">&raquo;<\/span><\/a><\/p>\n","protected":false},"author":1,"featured_media":0,"comment_status":"closed","ping_status":"open","sticky":false,"template":"","format":"standard","meta":{"_exactmetrics_skip_tracking":false,"_exactmetrics_sitenote_active":false,"_exactmetrics_sitenote_note":"","_exactmetrics_sitenote_category":0,"jetpack_post_was_ever_published":false,"_jetpack_newsletter_access":"","_jetpack_dont_email_post_to_subs":false,"_jetpack_newsletter_tier_id":0,"_jetpack_memberships_contains_paywalled_content":false,"_jetpack_memberships_contains_paid_content":false,"footnotes":"","jetpack_publicize_message":"","jetpack_publicize_feature_enabled":true,"jetpack_social_post_already_shared":true,"jetpack_social_options":{"image_generator_settings":{"template":"highway","enabled":false},"version":2}},"categories":[1],"tags":[387,937,941],"class_list":["post-35080","post","type-post","status-publish","format-standard","hentry","category-notas","tag-desmatamento","tag-enchente","tag-madonna"],"jetpack_publicize_connections":[],"jetpack_sharing_enabled":true,"jetpack_featured_media_url":"","jetpack_shortlink":"https:\/\/wp.me\/p7wKYW-97O","jetpack-related-posts":[],"_links":{"self":[{"href":"http:\/\/blogdalucianaoliveira.com.br\/blog\/wp-json\/wp\/v2\/posts\/35080","targetHints":{"allow":["GET"]}}],"collection":[{"href":"http:\/\/blogdalucianaoliveira.com.br\/blog\/wp-json\/wp\/v2\/posts"}],"about":[{"href":"http:\/\/blogdalucianaoliveira.com.br\/blog\/wp-json\/wp\/v2\/types\/post"}],"author":[{"embeddable":true,"href":"http:\/\/blogdalucianaoliveira.com.br\/blog\/wp-json\/wp\/v2\/users\/1"}],"replies":[{"embeddable":true,"href":"http:\/\/blogdalucianaoliveira.com.br\/blog\/wp-json\/wp\/v2\/comments?post=35080"}],"version-history":[{"count":2,"href":"http:\/\/blogdalucianaoliveira.com.br\/blog\/wp-json\/wp\/v2\/posts\/35080\/revisions"}],"predecessor-version":[{"id":35083,"href":"http:\/\/blogdalucianaoliveira.com.br\/blog\/wp-json\/wp\/v2\/posts\/35080\/revisions\/35083"}],"wp:attachment":[{"href":"http:\/\/blogdalucianaoliveira.com.br\/blog\/wp-json\/wp\/v2\/media?parent=35080"}],"wp:term":[{"taxonomy":"category","embeddable":true,"href":"http:\/\/blogdalucianaoliveira.com.br\/blog\/wp-json\/wp\/v2\/categories?post=35080"},{"taxonomy":"post_tag","embeddable":true,"href":"http:\/\/blogdalucianaoliveira.com.br\/blog\/wp-json\/wp\/v2\/tags?post=35080"}],"curies":[{"name":"wp","href":"https:\/\/api.w.org\/{rel}","templated":true}]}}