{"id":35084,"date":"2024-05-07T12:46:15","date_gmt":"2024-05-07T16:46:15","guid":{"rendered":"http:\/\/blogdalucianaoliveira.com.br\/blog\/?p=35084"},"modified":"2024-05-07T12:46:15","modified_gmt":"2024-05-07T16:46:15","slug":"quem-e-o-prefeito-de-porto-alegre-e-o-que-ele-nao-tem-feito-nas-enchentes","status":"publish","type":"post","link":"http:\/\/blogdalucianaoliveira.com.br\/blog\/2024\/05\/07\/quem-e-o-prefeito-de-porto-alegre-e-o-que-ele-nao-tem-feito-nas-enchentes\/","title":{"rendered":"Quem \u00e9 o prefeito de Porto Alegre e o que ele (n\u00e3o) tem feito nas enchentes?"},"content":{"rendered":"<header class=\"main-article--header\">\n<h2><img data-recalc-dims=\"1\" decoding=\"async\" src=\"https:\/\/i0.wp.com\/revistaforum.com.br\/u\/fotografias\/m\/2024\/5\/4\/f960x540-128904_202979_23.png?w=600&#038;ssl=1\" \/><\/h2>\n<h2 class=\"bajada\">No ano de 2023, prefeitura da capital ga\u00facha n\u00e3o investiu um centavo sequer na preven\u00e7\u00e3o a enchentes. Mas esta n\u00e3o foi a \u00fanica omiss\u00e3o<\/h2>\n<\/header>\n<p><!--more--><\/p>\n<div class=\"margen-top1\"><strong>Revista F\u00f3rum<\/strong> &#8211; A prefeitura de Porto Alegre n\u00e3o investiu recursos na preven\u00e7\u00e3o <a href=\"https:\/\/revistaforum.com.br\/temas\/porto-alegre-243.html\">a enchentes<\/a>\u00a0em todo o ano de\u00a02023. Antes de chegar a zero, o investimento no setor j\u00e1 vinha caindo desde 2021, primeiro ano do mandato do atual prefeito Sebasti\u00e3o Melo (MDB), quando foram aplicados\u00a0R$ 1.788.882,48. No ano seguinte, o total foi aproximadamente dez vezes menor\u00a0em rela\u00e7\u00e3o ao\u00a0or\u00e7amento anterior, alcan\u00e7ando\u00a0R$ 141.921,72.<\/div>\n<div class=\"main-article--body\">\n<p>Os n\u00fameros foram retirados do Portal da Transpar\u00eancia de Porto Alegre\u00a0<a href=\"https:\/\/noticias.uol.com.br\/cotidiano\/ultimas-noticias\/2024\/05\/07\/porto-alegre-nao-investiu-um-centavo-em-prevencao-contra-enchentes-em-2023.htm\">pelo portal\u00a0<em>Uol<\/em><\/a>. A reportagem destaca ainda que, apesar de n\u00e3o ter investido um centavo sequer em preven\u00e7\u00e3o, a prefeitura conta com o Departamento Municipal de \u00c1guas e Esgotos (DMAE)\u00a0respons\u00e1vel pela gest\u00e3o desta \u00e1rea, que tem hoje R$ 428,9 milh\u00f5es\u00a0como &#8220;ativo circulante&#8221;. S\u00e3o\u00a0os bens de maior liquidez de uma companhia que podem ser convertidos em dinheiro em at\u00e9 12 meses.<\/p>\n<div class=\"content-banner\">\n<p>A gest\u00e3o do departamento mostra o \u00edmpeto privatista da atual administra\u00e7\u00e3o municipal.\u00a0O \u00f3rg\u00e3o tinha 2.049 servidores em 2013 e hoje conta com 1.072, uma\u00a0redu\u00e7\u00e3o de\u00a047,6%. Ao site\u00a0<a href=\"https:\/\/www.matinaljornalismo.com.br\/matinal\/reportagem-matinal\/falta-manutencao-sistema-causou-inundacao-enchente-porto-alegre\/\"><em>Matinal<\/em><\/a>, ex-diretores do antigo Departamento de Esgotos Pluviais (DEP) criticaram a prefeitura, especialmente a\u00a0atual gest\u00e3o.\u00a0\u201cO sistema de prote\u00e7\u00e3o falhou porque n\u00e3o teve manuten\u00e7\u00e3o. Se tivesse funcionado, poderia haver pequenos alagamentos, de menor propor\u00e7\u00e3o, mas n\u00e3o teria a inunda\u00e7\u00e3o da cidade\u201d, alegou o ex-diretor do DEP e do DMAE, entre 2001 e 2004, Carlos Todeschini.<\/p>\n<div class=\"content-banner\">\n<p>Em meio \u00e0 calamidade que vive o estado do Rio Grande do Sul, ap\u00f3s chuvas e enchentes que j\u00e1 afetaram ao menos 873 mil pessoas e 364 dos 496 munic\u00edpios, um dos prefeitos de uma das cidades mais atingidas, Porto Alegre, tem aparecido pouco no notici\u00e1rio nacional.<\/p>\n<p>Se o governador Eduardo Leite (PSDB) tem tentado se sobressair de forma afoita e com poucas a\u00e7\u00f5es concretas, atraindo cr\u00edticas em torno de si, Sebasti\u00e3o Melo (MDB) mostra uma atua\u00e7\u00e3o bem mais discreta. Na tarde desta segunda-feira (6), concedeu uma entrevista coletiva recomendando aos moradores e donos de com\u00e9rcio que moram em andares mais baixos do bairro da Cidade Baixa se protegessem em fun\u00e7\u00e3o do avan\u00e7o da \u00e1gua.<\/p>\n<p>&#8220;Enfrentamos a maior crise clim\u00e1tica do Brasil e n\u00e3o tem faltado uni\u00e3o de esfor\u00e7os com munic\u00edpio, Estado, Uni\u00e3o e Ex\u00e9rcito para abastecer a cidade. Decretei o uso racional da \u00e1gua, n\u00e3o gostamos de multar, mas se for necess\u00e1rio iremos fazer&#8221;, disse ainda, em refer\u00eancia ao racionamento no abastecimento de \u00e1gua imposto pela prefeitura.<\/p>\n<p>As mudan\u00e7as clim\u00e1ticas causam eventos extremos que devem ser cada vez mais frequentes e os\u00a0<a href=\"https:\/\/revistaforum.com.br\/meio-ambiente\/2024\/5\/3\/so-paulo-onda-de-calor-como-cidade-piora-que-ja-ruim-158257.html\">modelos urbanos das cidades brasileiras<\/a>, al\u00e9m de colaborarem para a emiss\u00e3o de carbono na atmosfera, n\u00e3o contemplam a possibilidade de mitigar os efeitos de temporais e enchentes. No entanto, al\u00e9m do volume excessivo de chuva ter sido previsto, o que Sebasti\u00e3o Melo fez para evitar que a trag\u00e9dia tivesse esta dimens\u00e3o?<\/p>\n<p><strong>Os diversos avisos sobre a poss\u00edvel trag\u00e9dia<\/strong><\/p>\n<p>Uma mat\u00e9ria de 2015 do\u00a0<a href=\"https:\/\/sul21.com.br\/ultimas-noticias-geral-areazero-2\/2015\/10\/mudancas-climaticas-devem-aumentar-ocorrencia-de-eventos-extremos-no-rs\/\"><em>Sul21<\/em><\/a>\u00a0trazia a cobertura de um debate realizado na\u00a0Universidade Federal do Rio Grande do Sul (UFRGS), destacando proje\u00e7\u00f5es de cen\u00e1rios clim\u00e1ticos elaborados por institui\u00e7\u00f5es como o Instituto Nacional de Pesquisas Espaciais (INPE). Ali, j\u00e1 se indicava que o regime de chuvas seria significativamente modificado no Rio Grande do Sul, com um aumento das precipita\u00e7\u00f5es. As previs\u00f5es indicavam um aumento da pluviometria entre 5 e 10% at\u00e9 2050.<\/p>\n<p>Em\u00a0<a href=\"https:\/\/sul21.com.br\/noticias\/geral\/2022\/01\/porto-alegre-esta-preparada-para-os-proximos-eventos-climaticos-extremos\/\">outra reportagem<\/a>, de janeiro de 2022, o mestre em Sistema de Produ\u00e7\u00e3o pela Escola de Engenharia da UFRGS e especialista no tema da sa\u00fade ambiental, Rui Muniz falava sobre a capital ga\u00facha n\u00e3o estar preparada para eventos extremos. \u201cN\u00e3o pode acontecer um calor intenso desses e faltar \u00e1gua, n\u00e3o pode acontecer um calor intenso desses, seguido por temporais, e tu n\u00e3o ter uma ocupa\u00e7\u00e3o desses espa\u00e7os sem riscos de queda de \u00e1rvore, de alagamento, de v\u00e1rias quest\u00f5es associadas \u00e0 energia, risco de inc\u00eandio, risco de queimadas. N\u00e3o estamos preparados para isso. Ao contr\u00e1rio, as fun\u00e7\u00f5es de Estado est\u00e3o sendo transferidas\u201d, dizia.<\/p>\n<p>Porto Alegre mantinha \u00e0quela altura apenas cerca de 20% de sua cobertura verde original.\u00a0\u201cIsso \u00e9 uma cat\u00e1strofe, uma agress\u00e3o muito grande. Significa dizer que temos uma ocupa\u00e7\u00e3o que n\u00e3o consegue mais se relacionar de forma amistosa com o meio ambiente, e de forma ecol\u00f3gica, muito menos.\u201d<\/p>\n<p>No mesmo ano, em abril, foi realizado em Porto Alegre o semin\u00e1rio &#8220;<a href=\"https:\/\/www.agapan.org.br\/post\/acao-civil-defesa-guaiba-abr-2022\">O Gua\u00edba \u00e0 margem da Lei&#8221;<\/a>, onde 25 entidades pediam que &#8220;os poderes p\u00fablicos estadual e municipal cumpram o seu dever constitucional de defender e preservar o curso d\u2019\u00e1gua Gua\u00edba (&#8230;) tomando todas as medidas necess\u00e1rias no sentido de assegurar a prote\u00e7\u00e3o, restaura\u00e7\u00e3o e preserva\u00e7\u00e3o de sua faixa marginal.&#8221; Um dever de preserva\u00e7\u00e3o ambiental n\u00e3o cumprido pelo poder p\u00fablico.<\/p>\n<p>Ali, o cientista Carlos Afonso Nobre, pesquisador do Instituto de Estudos Avan\u00e7ados da Universidade de S\u00e3o Paulo (USP), vaticinava: &#8220;Se as emiss\u00f5es continuarem subindo e a temperatura aumentar em 3\u00baC, conforme apontam alguns cen\u00e1rios, o Gua\u00edba vai virar um oceano, mesmo em um futuro distante.&#8221;<\/p>\n<\/div>\n<\/div>\n<\/div>\n","protected":false},"excerpt":{"rendered":"<p>No ano de 2023, prefeitura da capital ga\u00facha n\u00e3o investiu um centavo sequer na preven\u00e7\u00e3o a enchentes. Mas esta n\u00e3o foi a \u00fanica omiss\u00e3o<\/p>\n","protected":false},"author":1,"featured_media":0,"comment_status":"closed","ping_status":"open","sticky":false,"template":"","format":"standard","meta":{"_exactmetrics_skip_tracking":false,"_exactmetrics_sitenote_active":false,"_exactmetrics_sitenote_note":"","_exactmetrics_sitenote_category":0,"jetpack_post_was_ever_published":false,"_jetpack_newsletter_access":"","_jetpack_dont_email_post_to_subs":false,"_jetpack_newsletter_tier_id":0,"_jetpack_memberships_contains_paywalled_content":false,"_jetpack_memberships_contains_paid_content":false,"footnotes":"","jetpack_publicize_message":"","jetpack_publicize_feature_enabled":true,"jetpack_social_post_already_shared":true,"jetpack_social_options":{"image_generator_settings":{"template":"highway","enabled":false},"version":2}},"categories":[1],"tags":[943,944,942,936],"class_list":["post-35084","post","type-post","status-publish","format-standard","hentry","category-notas","tag-enchentes","tag-omissao","tag-prefeito","tag-rs"],"jetpack_publicize_connections":[],"jetpack_sharing_enabled":true,"jetpack_featured_media_url":"","jetpack_shortlink":"https:\/\/wp.me\/p7wKYW-97S","jetpack-related-posts":[],"_links":{"self":[{"href":"http:\/\/blogdalucianaoliveira.com.br\/blog\/wp-json\/wp\/v2\/posts\/35084","targetHints":{"allow":["GET"]}}],"collection":[{"href":"http:\/\/blogdalucianaoliveira.com.br\/blog\/wp-json\/wp\/v2\/posts"}],"about":[{"href":"http:\/\/blogdalucianaoliveira.com.br\/blog\/wp-json\/wp\/v2\/types\/post"}],"author":[{"embeddable":true,"href":"http:\/\/blogdalucianaoliveira.com.br\/blog\/wp-json\/wp\/v2\/users\/1"}],"replies":[{"embeddable":true,"href":"http:\/\/blogdalucianaoliveira.com.br\/blog\/wp-json\/wp\/v2\/comments?post=35084"}],"version-history":[{"count":2,"href":"http:\/\/blogdalucianaoliveira.com.br\/blog\/wp-json\/wp\/v2\/posts\/35084\/revisions"}],"predecessor-version":[{"id":35086,"href":"http:\/\/blogdalucianaoliveira.com.br\/blog\/wp-json\/wp\/v2\/posts\/35084\/revisions\/35086"}],"wp:attachment":[{"href":"http:\/\/blogdalucianaoliveira.com.br\/blog\/wp-json\/wp\/v2\/media?parent=35084"}],"wp:term":[{"taxonomy":"category","embeddable":true,"href":"http:\/\/blogdalucianaoliveira.com.br\/blog\/wp-json\/wp\/v2\/categories?post=35084"},{"taxonomy":"post_tag","embeddable":true,"href":"http:\/\/blogdalucianaoliveira.com.br\/blog\/wp-json\/wp\/v2\/tags?post=35084"}],"curies":[{"name":"wp","href":"https:\/\/api.w.org\/{rel}","templated":true}]}}