{"id":35090,"date":"2024-05-08T09:11:06","date_gmt":"2024-05-08T13:11:06","guid":{"rendered":"http:\/\/blogdalucianaoliveira.com.br\/blog\/?p=35090"},"modified":"2024-05-08T09:11:06","modified_gmt":"2024-05-08T13:11:06","slug":"em-meio-ao-desastre-climatico-no-rs-bancada-ruralista-quer-reduzir-reservas-na-amazonia","status":"publish","type":"post","link":"http:\/\/blogdalucianaoliveira.com.br\/blog\/2024\/05\/08\/em-meio-ao-desastre-climatico-no-rs-bancada-ruralista-quer-reduzir-reservas-na-amazonia\/","title":{"rendered":"Em meio ao desastre clim\u00e1tico no RS, bancada ruralista quer reduzir reservas na Amaz\u00f4nia"},"content":{"rendered":"<h2><img data-recalc-dims=\"1\" loading=\"lazy\" decoding=\"async\" data-attachment-id=\"35094\" data-permalink=\"http:\/\/blogdalucianaoliveira.com.br\/blog\/2024\/05\/08\/em-meio-ao-desastre-climatico-no-rs-bancada-ruralista-quer-reduzir-reservas-na-amazonia\/img_3407\/\" data-orig-file=\"https:\/\/i0.wp.com\/blogdalucianaoliveira.com.br\/blog\/wp-content\/uploads\/2024\/05\/IMG_3407.jpeg?fit=1170%2C740\" data-orig-size=\"1170,740\" data-comments-opened=\"0\" data-image-meta=\"{&quot;aperture&quot;:&quot;0&quot;,&quot;credit&quot;:&quot;&quot;,&quot;camera&quot;:&quot;&quot;,&quot;caption&quot;:&quot;&quot;,&quot;created_timestamp&quot;:&quot;0&quot;,&quot;copyright&quot;:&quot;&quot;,&quot;focal_length&quot;:&quot;0&quot;,&quot;iso&quot;:&quot;0&quot;,&quot;shutter_speed&quot;:&quot;0&quot;,&quot;title&quot;:&quot;&quot;,&quot;orientation&quot;:&quot;1&quot;}\" data-image-title=\"IMG_3407\" data-image-description=\"\" data-image-caption=\"\" data-medium-file=\"https:\/\/i0.wp.com\/blogdalucianaoliveira.com.br\/blog\/wp-content\/uploads\/2024\/05\/IMG_3407.jpeg?fit=300%2C190\" data-large-file=\"https:\/\/i0.wp.com\/blogdalucianaoliveira.com.br\/blog\/wp-content\/uploads\/2024\/05\/IMG_3407.jpeg?fit=600%2C380\" class=\"alignnone size-full wp-image-35094\" src=\"https:\/\/i0.wp.com\/blogdalucianaoliveira.com.br\/blog\/wp-content\/uploads\/2024\/05\/IMG_3407.jpeg?resize=600%2C379\" alt=\"\" width=\"600\" height=\"379\" srcset=\"https:\/\/i0.wp.com\/blogdalucianaoliveira.com.br\/blog\/wp-content\/uploads\/2024\/05\/IMG_3407.jpeg?w=1170 1170w, https:\/\/i0.wp.com\/blogdalucianaoliveira.com.br\/blog\/wp-content\/uploads\/2024\/05\/IMG_3407.jpeg?resize=300%2C190 300w, https:\/\/i0.wp.com\/blogdalucianaoliveira.com.br\/blog\/wp-content\/uploads\/2024\/05\/IMG_3407.jpeg?resize=1024%2C648 1024w, https:\/\/i0.wp.com\/blogdalucianaoliveira.com.br\/blog\/wp-content\/uploads\/2024\/05\/IMG_3407.jpeg?resize=768%2C486 768w, https:\/\/i0.wp.com\/blogdalucianaoliveira.com.br\/blog\/wp-content\/uploads\/2024\/05\/IMG_3407.jpeg?resize=474%2C300 474w\" sizes=\"auto, (max-width: 600px) 100vw, 600px\" \/><\/h2>\n<h2 class=\"description\">Vota\u00e7\u00e3o nesta quarta (8) pode mudar limite de desmatamento; WWF Brasil alerta para &#8216;risco clim\u00e1tico&#8217;<\/h2>\n<p><!--more--><\/p>\n<div class=\"author-time\">\n<div class=\"author\">Murilo Pajolla, no Brasil de Fato &#8211; A Comiss\u00e3o de Constitui\u00e7\u00e3o e Justi\u00e7a (CCJ) do Senado poder\u00e1 votar nesta quarta-feira (8) o <a href=\"https:\/\/www25.senado.leg.br\/web\/atividade\/materias\/-\/materia\/158548#tramitacao_10540873\" target=\"_blank\" rel=\"noopener\">Projeto de Lei (PL) 3.334\/2023<\/a>, que permite a redu\u00e7\u00e3o da reserva legal em propriedades rurais na Amaz\u00f4nia.<\/div>\n<\/div>\n<div>\n<p>O texto, que modifica o <a href=\"https:\/\/www.brasildefato.com.br\/2022\/05\/25\/codigo-florestal-brasileiro-completa-dez-anos-e-ainda-nao-tem-garantias-de-cumprimento\" target=\"_blank\" rel=\"noopener\">C\u00f3digo Florestal<\/a>, \u00e9 de autoria de Jaime Bagattoli (PL-RO) e foi aprovado pela relator\u00a0Marcio Bittar (Uni\u00e3o-AC), ambos senadores bolsonaristas da bancada ruralista.<\/p>\n<p>De acordo com o PL 3.334\/2023, a \u00e1rea de reserva legal da Amaz\u00f4nia Legal poder\u00e1 ser reduzida de 80% para at\u00e9 50% em im\u00f3veis rurais em \u00e1reas de floresta.<\/p>\n<div class=\"ads-googletag article_3\">\n<div id=\"div-gpt-ad-1713433950438-0\" data-google-query-id=\"CKPn4ueN_oUDFedRuAQd-X8Dtg\">\n<p>Proposto em 2023, o projeto voltou tramitar no Congresso em meio \u00e0s graves enchentes que deixaram pelo menos 95 mortos e 131 desaparecidos no <a href=\"https:\/\/www.brasildefato.com.br\/2024\/05\/07\/rio-guaiba-deve-levar-ao-menos-30-dias-para-restabelecer-nivel-abaixo-dos-3-metros-diz-ufrgs\" target=\"_blank\" rel=\"noopener\">Rio Grande do Sul<\/a>.<\/p>\n<p class=\"ckeditor-subtitle\">&#8220;Risco clim\u00e1tico&#8221;, diz WWF<\/p>\n<p>A mudan\u00e7a se aplicaria apenas a fazendas em munic\u00edpios que t\u00eam mais de metade de seu territ\u00f3rio ocupado por unidades de conserva\u00e7\u00e3o da natureza de dom\u00ednio p\u00fablico, terras ind\u00edgenas ou \u00e1reas militares.<\/p>\n<p>&#8220;Evidentemente, esse n\u00edvel de exig\u00eancia conservacionista\u00a0estabelecido para a Amaz\u00f4nia Legal compromete substancialmente o\u00a0desenvolvimento econ\u00f4mico de suas propriedades rurais e de toda a regi\u00e3o&#8221;, justificou <a href=\"https:\/\/www.brasildefato.com.br\/2023\/09\/27\/senador-com-fazenda-sobreposta-a-terra-indigena-faz-defesa-do-marco-temporal-na-ccj\" target=\"_blank\" rel=\"noopener\">Bagatoli<\/a> no texto do PL.<\/p>\n<div class=\"ads-googletag article_before_last\">A WWF Brasil avaliou que o texto constitui uma grave amea\u00e7a \u00e0 prote\u00e7\u00e3o ambiental da Amaz\u00f4nia. Segundo a ONG ambiental, as altera\u00e7\u00f5es propostas colocam em risco o equil\u00edbrio clim\u00e1tico no planeta.<\/div>\n<p>&#8220;Em um cen\u00e1rio de crise clim\u00e1tica, em que a Amaz\u00f4nia protagonizou recentemente uma seca hist\u00f3rica e recordes de inc\u00eandios, medidas que visam legalizar novos desmatamentos em \u00e1reas florestais no bioma colocam em risco n\u00e3o apenas a popula\u00e7\u00e3o local, mas o clima de todo o planeta&#8221;, destacou a ONG em uma <a href=\"https:\/\/wwfbrnew.awsassets.panda.org\/downloads\/nt_wwf-brasil---pl-3334-2023---reserva-legal-na-amazonia_versao08abril24.pdf\" target=\"_blank\" rel=\"noopener\">nota t\u00e9cnica<\/a>.<\/p>\n<p class=\"editor\">Edi\u00e7\u00e3o: Matheus Alves de Almeida<\/p>\n<\/div>\n<\/div>\n<\/div>\n","protected":false},"excerpt":{"rendered":"<p>Vota\u00e7\u00e3o nesta quarta (8) pode mudar limite de desmatamento; WWF Brasil alerta para &#8216;risco clim\u00e1tico&#8217;<\/p>\n","protected":false},"author":1,"featured_media":0,"comment_status":"closed","ping_status":"open","sticky":false,"template":"","format":"standard","meta":{"_exactmetrics_skip_tracking":false,"_exactmetrics_sitenote_active":false,"_exactmetrics_sitenote_note":"","_exactmetrics_sitenote_category":0,"jetpack_post_was_ever_published":false,"_jetpack_newsletter_access":"","_jetpack_dont_email_post_to_subs":false,"_jetpack_newsletter_tier_id":0,"_jetpack_memberships_contains_paywalled_content":false,"_jetpack_memberships_contains_paid_content":false,"footnotes":"","jetpack_publicize_message":"","jetpack_publicize_feature_enabled":true,"jetpack_social_post_already_shared":true,"jetpack_social_options":{"image_generator_settings":{"template":"highway","enabled":false},"version":2}},"categories":[1],"tags":[252,945,946],"class_list":["post-35090","post","type-post","status-publish","format-standard","hentry","category-notas","tag-amazonia","tag-jaime-bagatolli","tag-leis-ambientais"],"jetpack_publicize_connections":[],"jetpack_sharing_enabled":true,"jetpack_featured_media_url":"","jetpack_shortlink":"https:\/\/wp.me\/p7wKYW-97Y","jetpack-related-posts":[],"_links":{"self":[{"href":"http:\/\/blogdalucianaoliveira.com.br\/blog\/wp-json\/wp\/v2\/posts\/35090","targetHints":{"allow":["GET"]}}],"collection":[{"href":"http:\/\/blogdalucianaoliveira.com.br\/blog\/wp-json\/wp\/v2\/posts"}],"about":[{"href":"http:\/\/blogdalucianaoliveira.com.br\/blog\/wp-json\/wp\/v2\/types\/post"}],"author":[{"embeddable":true,"href":"http:\/\/blogdalucianaoliveira.com.br\/blog\/wp-json\/wp\/v2\/users\/1"}],"replies":[{"embeddable":true,"href":"http:\/\/blogdalucianaoliveira.com.br\/blog\/wp-json\/wp\/v2\/comments?post=35090"}],"version-history":[{"count":5,"href":"http:\/\/blogdalucianaoliveira.com.br\/blog\/wp-json\/wp\/v2\/posts\/35090\/revisions"}],"predecessor-version":[{"id":35096,"href":"http:\/\/blogdalucianaoliveira.com.br\/blog\/wp-json\/wp\/v2\/posts\/35090\/revisions\/35096"}],"wp:attachment":[{"href":"http:\/\/blogdalucianaoliveira.com.br\/blog\/wp-json\/wp\/v2\/media?parent=35090"}],"wp:term":[{"taxonomy":"category","embeddable":true,"href":"http:\/\/blogdalucianaoliveira.com.br\/blog\/wp-json\/wp\/v2\/categories?post=35090"},{"taxonomy":"post_tag","embeddable":true,"href":"http:\/\/blogdalucianaoliveira.com.br\/blog\/wp-json\/wp\/v2\/tags?post=35090"}],"curies":[{"name":"wp","href":"https:\/\/api.w.org\/{rel}","templated":true}]}}