{"id":35100,"date":"2024-05-09T10:26:31","date_gmt":"2024-05-09T14:26:31","guid":{"rendered":"http:\/\/blogdalucianaoliveira.com.br\/blog\/?p=35100"},"modified":"2024-05-09T10:28:25","modified_gmt":"2024-05-09T14:28:25","slug":"assentamentos-do-mst-no-rs-perdem-toda-producao-de-arroz-agroecologico","status":"publish","type":"post","link":"http:\/\/blogdalucianaoliveira.com.br\/blog\/2024\/05\/09\/assentamentos-do-mst-no-rs-perdem-toda-producao-de-arroz-agroecologico\/","title":{"rendered":"Assentamentos do MST no RS perdem toda produ\u00e7\u00e3o de arroz agroecol\u00f3gico"},"content":{"rendered":"<header class=\"main-article--header\">\n<h2><img data-recalc-dims=\"1\" loading=\"lazy\" decoding=\"async\" data-attachment-id=\"35103\" data-permalink=\"http:\/\/blogdalucianaoliveira.com.br\/blog\/2024\/05\/09\/assentamentos-do-mst-no-rs-perdem-toda-producao-de-arroz-agroecologico\/f960x540-129136_203211_0\/\" data-orig-file=\"https:\/\/i0.wp.com\/blogdalucianaoliveira.com.br\/blog\/wp-content\/uploads\/2024\/05\/f960x540-129136_203211_0.webp?fit=960%2C540\" data-orig-size=\"960,540\" data-comments-opened=\"0\" data-image-meta=\"{&quot;aperture&quot;:&quot;0&quot;,&quot;credit&quot;:&quot;&quot;,&quot;camera&quot;:&quot;&quot;,&quot;caption&quot;:&quot;&quot;,&quot;created_timestamp&quot;:&quot;0&quot;,&quot;copyright&quot;:&quot;&quot;,&quot;focal_length&quot;:&quot;0&quot;,&quot;iso&quot;:&quot;0&quot;,&quot;shutter_speed&quot;:&quot;0&quot;,&quot;title&quot;:&quot;&quot;,&quot;orientation&quot;:&quot;0&quot;}\" data-image-title=\"f960x540-129136_203211_0\" data-image-description=\"\" data-image-caption=\"\" data-medium-file=\"https:\/\/i0.wp.com\/blogdalucianaoliveira.com.br\/blog\/wp-content\/uploads\/2024\/05\/f960x540-129136_203211_0.webp?fit=300%2C169\" data-large-file=\"https:\/\/i0.wp.com\/blogdalucianaoliveira.com.br\/blog\/wp-content\/uploads\/2024\/05\/f960x540-129136_203211_0.webp?fit=600%2C338\" class=\" wp-image-35103 aligncenter\" src=\"https:\/\/i0.wp.com\/blogdalucianaoliveira.com.br\/blog\/wp-content\/uploads\/2024\/05\/f960x540-129136_203211_0.webp?resize=420%2C259\" alt=\"\" width=\"420\" height=\"259\" \/><\/h2>\n<h2 class=\"bajada\">Em entrevista \u00e0 F\u00f3rum, a coordenadora do movimento no RS relata a situa\u00e7\u00e3o dos assentados, que perderam tudo e dependem de doa\u00e7\u00f5es de alimentos e roupas<\/h2>\n<\/header>\n<p><!--more--><\/p>\n<div class=\"margen-top1\">Revista F\u00f3rum &#8211; As fortes chuvas que assolam o<a href=\"https:\/\/revistaforum.com.br\/temas\/rio-grande-do-sul-182.html\" target=\"_blank\" rel=\"noopener\">\u00a0Rio Grande do Sul<\/a>\u00a0deixam um<strong>\u00a0rastro de destrui\u00e7\u00e3o<\/strong>\u00a0em cada regi\u00e3o que atingem. Esse \u00e9 o caso dos assentamentos do\u00a0<a href=\"https:\/\/revistaforum.com.br\/temas\/mst-138.html\" target=\"_blank\" rel=\"noopener\">Movimento Sem Terra (MST)<\/a>\u00a0no estado, respons\u00e1veis por produzir\u00a0<strong>arroz agroecol\u00f3gico<\/strong>\u00a0e outros alimentos, que foram\u00a0<strong>devastados pelas enchentes<\/strong>.<\/div>\n<div class=\"main-article--body\">\n<p>O arroz org\u00e2nico produzido pelo MST no Rio Grande do Sul corresponde a\u00a0<strong>70% da produ\u00e7\u00e3o nacional<\/strong>. O movimento se constitui como o<strong>\u00a0maior produtor\u00a0<\/strong>do gr\u00e3o da\u00a0<a href=\"https:\/\/revistaforum.com.br\/movimentos\/2022\/8\/26\/mst-maior-produtor-de-arroz-sem-agrotoxicos-da-america-latina-ha-uma-decada-122283.html\" target=\"_blank\" rel=\"noopener\">Am\u00e9rica Latina<\/a>. Ao todo, o MST produz\u00a0<strong>865 mil hectares\u00a0<\/strong>de arroz de todos os tipos &#8211; entre org\u00e2nico e n\u00e3o org\u00e2nico.<\/p>\n<p>Em entrevista \u00e0\u00a0<strong>F\u00f3rum<\/strong>, a coordenadora estadual do MST no RS,\u00a0<strong>Salete Carollo<\/strong>, conta sobre a situa\u00e7\u00e3o das fam\u00edlias assentadas e suas produ\u00e7\u00f5es. Segundo Carollo, o arroz j\u00e1 estava na fase de colheita quando um forte vendaval derrubou a planta\u00e7\u00e3o e as chuvas alagaram o local.<strong>\u00a0&#8220;N\u00e3o vai ter produ\u00e7\u00e3o este ano. Perdemos tudo&#8221;<\/strong>, conta.<\/p>\n<div class=\"content-banner\">\n<p>A planta\u00e7\u00e3o de arroz destru\u00edda j\u00e1 era fruto da\u00a0<strong>resist\u00eancia\u00a0<\/strong>de tentar, novamente, plantar. Nas enchentes passadas que atingiram o RS &#8211; que, em menos de um ano, foi atingido por<strong>\u00a0quatro trag\u00e9dias clim\u00e1ticas<\/strong>\u00a0&#8211; o movimento j\u00e1 havia perdido grande parte da produ\u00e7\u00e3o. Ap\u00f3s o epis\u00f3dio, os assentados conseguiram plantar, mesmo fora de \u00e9poca, em outro canto da regi\u00e3o.<\/p>\n<div class=\"content-banner\">\n<div class=\"amp-hidden\">\n<p>Al\u00e9m do arroz, o movimento tamb\u00e9m perdeu as planta\u00e7\u00f5es de hortas que<strong>\u00a0abastecem 48 feiras org\u00e2nicas<\/strong>\u00a0em Porto Alegre. &#8220;Tudo isso se perdeu, al\u00e9m da estrutura, estufas, m\u00e1quinas e casas&#8221;, conta Salete, que diz ter\u00a0<strong>apenas a roupa do corpo<\/strong>, que veio de doa\u00e7\u00f5es. &#8220;As<strong>\u00a0300 casas<\/strong>\u00a0de Eldorado do Sul foram destru\u00eddas. A gente n\u00e3o sabe nem se vai ter telhado na sede da nossa cooperativa. N\u00e3o sabemos o que vamos encontrar l\u00e1 dentro, onde estavam nossos\u00a0<strong>estoques\u00a0<\/strong>de alimentos.&#8221;<\/p>\n<p>&#8220;O estoque est\u00e1 na mem\u00f3ria das pessoas. A gente est\u00e1<strong>\u00a0literalmente com a roupa do corpo<\/strong>\u00a0porque recebemos doa\u00e7\u00f5es, n\u00f3s temos a comida hoje porque recebemos\u00a0<strong>doa\u00e7\u00f5es&#8221;<\/strong>. Salete acrescenta que, para tentar voltar a produ\u00e7\u00e3o, \u00e9 preciso esperar no\u00a0<strong>m\u00ednimo 100 dias<\/strong>\u00a0ap\u00f3s a \u00e1gua abaixar.<\/p>\n<p>A coordenadora tamb\u00e9m conta sobre o relato de uma assentada\u00a0que afirma<strong>\u00a0n\u00e3o querer voltar ao local\u00a0<\/strong>ap\u00f3s a situa\u00e7\u00e3o normalizar, visto que \u00e9 a\u00a0<strong>terceira vez que os assentados perdem tudo<\/strong>. &#8220;\u00c9 uma decis\u00e3o muito consciente e saud\u00e1vel, porque n\u00f3s j\u00e1 sofremos tr\u00eas vezes essas cat\u00e1strofes. E elas n\u00e3o v\u00e3o parar, porque o\u00a0<strong>modo de produ\u00e7\u00e3o do capital\u00a0<\/strong>for\u00e7a esses\u00a0<a href=\"https:\/\/revistaforum.com.br\/temas\/crise-climatica-48474.html\" target=\"_blank\" rel=\"noopener\">eventos clim\u00e1ticos<\/a>&#8220;, pontua.<\/p>\n<p>Salete tamb\u00e9m ressalta que al\u00e9m da perda atual dos alimentos, h\u00e1 a<strong>\u00a0perda da biodiversidade<\/strong>\u00a0do local, o que impede produ\u00e7\u00f5es futuras. &#8220;O que est\u00e1 em jogo \u00e9 uma guerra de n\u00f3s seres humanos contra a natureza. Essa \u00e9 uma situa\u00e7\u00e3o que a gente nunca viveu e prova que n\u00f3s\u00a0<a href=\"https:\/\/revistaforum.com.br\/brasil\/2024\/5\/7\/quem-prefeito-de-porto-alegre-que-ele-no-tem-feito-nas-enchentes-158429.html\" target=\"_blank\" rel=\"noopener\">n\u00e3o est\u00e1vamos preparados para a gravidade desta cat\u00e1strofe<\/a>&#8220;, diz.<\/p>\n<p>&#8220;Agora, n\u00f3s temos ensinamentos e miss\u00f5es que mostram que\u00a0<strong>a gente n\u00e3o pode voltar a repetir os mesmos erros<\/strong>. Os governos t\u00eam compromissos que eles t\u00eam que colocar em pr\u00e1tica, e n\u00f3s da sociedade civil temos a necessidade de forjar um\u00a0<strong>novo processo de debate, proposi\u00e7\u00f5es e a\u00e7\u00f5es<\/strong>&#8220;, concluiu.<\/p>\n<h2><strong>Solidariedade<\/strong><\/h2>\n<p><img data-recalc-dims=\"1\" loading=\"lazy\" decoding=\"async\" data-attachment-id=\"35101\" data-permalink=\"http:\/\/blogdalucianaoliveira.com.br\/blog\/2024\/05\/09\/assentamentos-do-mst-no-rs-perdem-toda-producao-de-arroz-agroecologico\/f768x1-129138_129265_5050\/\" data-orig-file=\"https:\/\/i0.wp.com\/blogdalucianaoliveira.com.br\/blog\/wp-content\/uploads\/2024\/05\/f768x1-129138_129265_5050.webp?fit=768%2C1016\" data-orig-size=\"768,1016\" data-comments-opened=\"0\" data-image-meta=\"{&quot;aperture&quot;:&quot;0&quot;,&quot;credit&quot;:&quot;&quot;,&quot;camera&quot;:&quot;&quot;,&quot;caption&quot;:&quot;&quot;,&quot;created_timestamp&quot;:&quot;0&quot;,&quot;copyright&quot;:&quot;&quot;,&quot;focal_length&quot;:&quot;0&quot;,&quot;iso&quot;:&quot;0&quot;,&quot;shutter_speed&quot;:&quot;0&quot;,&quot;title&quot;:&quot;&quot;,&quot;orientation&quot;:&quot;0&quot;}\" data-image-title=\"f768x1-129138_129265_5050\" data-image-description=\"\" data-image-caption=\"\" data-medium-file=\"https:\/\/i0.wp.com\/blogdalucianaoliveira.com.br\/blog\/wp-content\/uploads\/2024\/05\/f768x1-129138_129265_5050.webp?fit=227%2C300\" data-large-file=\"https:\/\/i0.wp.com\/blogdalucianaoliveira.com.br\/blog\/wp-content\/uploads\/2024\/05\/f768x1-129138_129265_5050.webp?fit=600%2C794\" class=\"alignnone size-medium wp-image-35101\" src=\"https:\/\/i0.wp.com\/blogdalucianaoliveira.com.br\/blog\/wp-content\/uploads\/2024\/05\/f768x1-129138_129265_5050.webp?resize=227%2C300\" alt=\"\" width=\"227\" height=\"300\" srcset=\"https:\/\/i0.wp.com\/blogdalucianaoliveira.com.br\/blog\/wp-content\/uploads\/2024\/05\/f768x1-129138_129265_5050.webp?resize=227%2C300 227w, https:\/\/i0.wp.com\/blogdalucianaoliveira.com.br\/blog\/wp-content\/uploads\/2024\/05\/f768x1-129138_129265_5050.webp?w=768 768w\" sizes=\"auto, (max-width: 227px) 100vw, 227px\" \/><\/p>\n<p>Mesmo em meio \u00e0 cat\u00e1strofe e ap\u00f3s ter perdido tudo, os assentados do MST refor\u00e7am a import\u00e2ncia da\u00a0<strong>solidariedade<\/strong>. Nesta ter\u00e7a-feira (7), o<a href=\"https:\/\/revistaforum.com.br\/brasil\/2024\/5\/7\/mst-inicia-cozinha-solidaria-para-fornecer-marmitas-familias-desabrigadas-no-rs-158463.html\" target=\"_blank\" rel=\"noopener\">\u00a0movimento iniciou uma cozinha solid\u00e1ria em Viam\u00e3o<\/a>\u00a0para<strong>\u00a0fornecer quentinhas a fam\u00edlias desabrigadas\u00a0<\/strong>de Eldorado do Sul. O\u00a0objetivo \u00e9 abrir ainda mais iniciativas como essa, al\u00e9m de\u00a0<strong>postos de sa\u00fade e brigadas<\/strong>.<\/p>\n<p>&#8220;\u00c0 medida que as condi\u00e7\u00f5es foram melhorando, conseguimos fortalecer as cozinhas que j\u00e1 estavam funcionando em Porto Alegre e abrimos uma em Viam\u00e3o, onde o helic\u00f3ptero vai l\u00e1 pegar as marmitas e levar para os locais isolados. Al\u00e9m disso, n\u00f3s\u00a0<strong>estamos fornecendo h\u00e1 dois dias uma quantidade muito grande de \u00e1gua<\/strong>\u00a0pelos trajetos poss\u00edveis por terra&#8221;, conta. &#8220;N\u00f3s anunciamos um pix e o pessoal est\u00e1 sendo bastante solid\u00e1rio, e n\u00f3s\u00a0<strong>precisamos transmitir essa nossa por\u00e7\u00e3o de solidariedade<\/strong>\u00a0nos colocando \u00e0 disposi\u00e7\u00e3o naquilo que a gente\u00a0consegue fazer&#8221;, acrescenta.<\/p>\n<p><img data-recalc-dims=\"1\" loading=\"lazy\" decoding=\"async\" data-attachment-id=\"35102\" data-permalink=\"http:\/\/blogdalucianaoliveira.com.br\/blog\/2024\/05\/09\/assentamentos-do-mst-no-rs-perdem-toda-producao-de-arroz-agroecologico\/f768x400-129137_173040_79\/\" data-orig-file=\"https:\/\/i0.wp.com\/blogdalucianaoliveira.com.br\/blog\/wp-content\/uploads\/2024\/05\/f768x400-129137_173040_79.jpg?fit=768%2C400\" data-orig-size=\"768,400\" data-comments-opened=\"0\" data-image-meta=\"{&quot;aperture&quot;:&quot;0&quot;,&quot;credit&quot;:&quot;&quot;,&quot;camera&quot;:&quot;&quot;,&quot;caption&quot;:&quot;&quot;,&quot;created_timestamp&quot;:&quot;0&quot;,&quot;copyright&quot;:&quot;&quot;,&quot;focal_length&quot;:&quot;0&quot;,&quot;iso&quot;:&quot;0&quot;,&quot;shutter_speed&quot;:&quot;0&quot;,&quot;title&quot;:&quot;&quot;,&quot;orientation&quot;:&quot;0&quot;}\" data-image-title=\"f768x400-129137_173040_79\" data-image-description=\"\" data-image-caption=\"\" data-medium-file=\"https:\/\/i0.wp.com\/blogdalucianaoliveira.com.br\/blog\/wp-content\/uploads\/2024\/05\/f768x400-129137_173040_79.jpg?fit=300%2C156\" data-large-file=\"https:\/\/i0.wp.com\/blogdalucianaoliveira.com.br\/blog\/wp-content\/uploads\/2024\/05\/f768x400-129137_173040_79.jpg?fit=600%2C313\" class=\"alignnone size-medium wp-image-35102\" src=\"https:\/\/i0.wp.com\/blogdalucianaoliveira.com.br\/blog\/wp-content\/uploads\/2024\/05\/f768x400-129137_173040_79.jpg?resize=300%2C156\" alt=\"\" width=\"300\" height=\"156\" srcset=\"https:\/\/i0.wp.com\/blogdalucianaoliveira.com.br\/blog\/wp-content\/uploads\/2024\/05\/f768x400-129137_173040_79.jpg?resize=300%2C156 300w, https:\/\/i0.wp.com\/blogdalucianaoliveira.com.br\/blog\/wp-content\/uploads\/2024\/05\/f768x400-129137_173040_79.jpg?resize=576%2C300 576w, https:\/\/i0.wp.com\/blogdalucianaoliveira.com.br\/blog\/wp-content\/uploads\/2024\/05\/f768x400-129137_173040_79.jpg?w=768 768w\" sizes=\"auto, (max-width: 300px) 100vw, 300px\" \/><\/p>\n<p>O objetivo futuro, quando as \u00e1guas baixarem, \u00e9 montar um<strong>\u00a0QG do MST\u00a0<\/strong>em Eldorado para\u00a0<strong>atendimento gratuito \u00e0 sa\u00fade<\/strong>\u00a0com a rede de\u00a0<strong>m\u00e9dicos\u00a0<\/strong>e\u00a0<strong>psic\u00f3logos\u00a0<\/strong>que conta com mais de<strong>\u00a0200 volunt\u00e1rios<\/strong>. Al\u00e9m disso, o movimento prev\u00ea a instala\u00e7\u00e3o de brigadas para ajudar a\u00a0<strong>reconstruir os territ\u00f3rios<\/strong>.<\/p>\n<h2><strong>Como doar ao MST no RS<\/strong><\/h2>\n<p>Campanha de Solidariedade \u00e0s v\u00edtimas das enchentes no RS.<\/p>\n<p>Contribua com qualquer doa\u00e7\u00e3o atrav\u00e9s dos dados banc\u00e1rios:<\/p>\n<ul>\n<li>Banco: 350;<\/li>\n<li>Ag\u00eancia: 3001;<\/li>\n<li>Conta: 30253-8;<\/li>\n<li>CNPJ: 09.352.141\/0001-48;<\/li>\n<li>Nome: Instituto Brasileiro de Solidariedade;<\/li>\n<li>Chave Pix: 09352141000148.<\/li>\n<\/ul>\n<div class=\"tags-cloud\"><\/div>\n<\/div>\n<\/div>\n<\/div>\n<\/div>\n","protected":false},"excerpt":{"rendered":"<p>Em entrevista \u00e0 F\u00f3rum, a coordenadora do movimento no RS relata a situa\u00e7\u00e3o dos assentados, que perderam tudo e dependem de doa\u00e7\u00f5es de alimentos e roupas<\/p>\n","protected":false},"author":1,"featured_media":0,"comment_status":"closed","ping_status":"open","sticky":false,"template":"","format":"standard","meta":{"_exactmetrics_skip_tracking":false,"_exactmetrics_sitenote_active":false,"_exactmetrics_sitenote_note":"","_exactmetrics_sitenote_category":0,"jetpack_post_was_ever_published":false,"_jetpack_newsletter_access":"","_jetpack_dont_email_post_to_subs":false,"_jetpack_newsletter_tier_id":0,"_jetpack_memberships_contains_paywalled_content":false,"_jetpack_memberships_contains_paid_content":false,"footnotes":"","jetpack_publicize_message":"","jetpack_publicize_feature_enabled":true,"jetpack_social_post_already_shared":true,"jetpack_social_options":{"image_generator_settings":{"template":"highway","enabled":false},"version":2}},"categories":[1],"tags":[950,937,635,951],"class_list":["post-35100","post","type-post","status-publish","format-standard","hentry","category-notas","tag-arroz-organico","tag-enchente","tag-mst","tag-rio-grande-do-sul"],"jetpack_publicize_connections":[],"jetpack_sharing_enabled":true,"jetpack_featured_media_url":"","jetpack_shortlink":"https:\/\/wp.me\/p7wKYW-988","jetpack-related-posts":[],"_links":{"self":[{"href":"http:\/\/blogdalucianaoliveira.com.br\/blog\/wp-json\/wp\/v2\/posts\/35100","targetHints":{"allow":["GET"]}}],"collection":[{"href":"http:\/\/blogdalucianaoliveira.com.br\/blog\/wp-json\/wp\/v2\/posts"}],"about":[{"href":"http:\/\/blogdalucianaoliveira.com.br\/blog\/wp-json\/wp\/v2\/types\/post"}],"author":[{"embeddable":true,"href":"http:\/\/blogdalucianaoliveira.com.br\/blog\/wp-json\/wp\/v2\/users\/1"}],"replies":[{"embeddable":true,"href":"http:\/\/blogdalucianaoliveira.com.br\/blog\/wp-json\/wp\/v2\/comments?post=35100"}],"version-history":[{"count":2,"href":"http:\/\/blogdalucianaoliveira.com.br\/blog\/wp-json\/wp\/v2\/posts\/35100\/revisions"}],"predecessor-version":[{"id":35105,"href":"http:\/\/blogdalucianaoliveira.com.br\/blog\/wp-json\/wp\/v2\/posts\/35100\/revisions\/35105"}],"wp:attachment":[{"href":"http:\/\/blogdalucianaoliveira.com.br\/blog\/wp-json\/wp\/v2\/media?parent=35100"}],"wp:term":[{"taxonomy":"category","embeddable":true,"href":"http:\/\/blogdalucianaoliveira.com.br\/blog\/wp-json\/wp\/v2\/categories?post=35100"},{"taxonomy":"post_tag","embeddable":true,"href":"http:\/\/blogdalucianaoliveira.com.br\/blog\/wp-json\/wp\/v2\/tags?post=35100"}],"curies":[{"name":"wp","href":"https:\/\/api.w.org\/{rel}","templated":true}]}}