{"id":35106,"date":"2024-05-09T11:19:18","date_gmt":"2024-05-09T15:19:18","guid":{"rendered":"http:\/\/blogdalucianaoliveira.com.br\/blog\/?p=35106"},"modified":"2024-05-09T11:19:18","modified_gmt":"2024-05-09T15:19:18","slug":"cidades-inteiras-do-rs-terao-que-mudar-de-lugar-diz-pesquisador-que-alertou-para-despreparo-contra-chuvas","status":"publish","type":"post","link":"http:\/\/blogdalucianaoliveira.com.br\/blog\/2024\/05\/09\/cidades-inteiras-do-rs-terao-que-mudar-de-lugar-diz-pesquisador-que-alertou-para-despreparo-contra-chuvas\/","title":{"rendered":"&#8216;Cidades inteiras do RS ter\u00e3o que mudar de lugar&#8217;, diz pesquisador que alertou para despreparo contra chuvas"},"content":{"rendered":"<p><img data-recalc-dims=\"1\" loading=\"lazy\" decoding=\"async\" data-attachment-id=\"35107\" data-permalink=\"http:\/\/blogdalucianaoliveira.com.br\/blog\/2024\/05\/09\/cidades-inteiras-do-rs-terao-que-mudar-de-lugar-diz-pesquisador-que-alertou-para-despreparo-contra-chuvas\/fd8d0a70-0c84-11ef-973f-9ff1ccd1ba8e\/\" data-orig-file=\"https:\/\/i0.wp.com\/blogdalucianaoliveira.com.br\/blog\/wp-content\/uploads\/2024\/05\/fd8d0a70-0c84-11ef-973f-9ff1ccd1ba8e.jpg?fit=800%2C449\" data-orig-size=\"800,449\" data-comments-opened=\"0\" data-image-meta=\"{&quot;aperture&quot;:&quot;0&quot;,&quot;credit&quot;:&quot;&quot;,&quot;camera&quot;:&quot;&quot;,&quot;caption&quot;:&quot;&quot;,&quot;created_timestamp&quot;:&quot;0&quot;,&quot;copyright&quot;:&quot;&quot;,&quot;focal_length&quot;:&quot;0&quot;,&quot;iso&quot;:&quot;0&quot;,&quot;shutter_speed&quot;:&quot;0&quot;,&quot;title&quot;:&quot;&quot;,&quot;orientation&quot;:&quot;0&quot;}\" data-image-title=\"fd8d0a70-0c84-11ef-973f-9ff1ccd1ba8e\" data-image-description=\"\" data-image-caption=\"\" data-medium-file=\"https:\/\/i0.wp.com\/blogdalucianaoliveira.com.br\/blog\/wp-content\/uploads\/2024\/05\/fd8d0a70-0c84-11ef-973f-9ff1ccd1ba8e.jpg?fit=300%2C168\" data-large-file=\"https:\/\/i0.wp.com\/blogdalucianaoliveira.com.br\/blog\/wp-content\/uploads\/2024\/05\/fd8d0a70-0c84-11ef-973f-9ff1ccd1ba8e.jpg?fit=600%2C337\" class=\" wp-image-35107 aligncenter\" src=\"https:\/\/i0.wp.com\/blogdalucianaoliveira.com.br\/blog\/wp-content\/uploads\/2024\/05\/fd8d0a70-0c84-11ef-973f-9ff1ccd1ba8e.jpg?resize=563%2C342\" alt=\"\" width=\"563\" height=\"342\" \/><\/p>\n<div class=\"bbc-19j92fr ebmt73l0\" dir=\"ltr\">\n<p class=\"bbc-hhl7in e17g058b0\" dir=\"ltr\"><strong>BBC, por L\u00edgia Guimar\u00e3es<\/strong> &#8211; &#8220;O comportamento das <a class=\"focusIndicatorReducedWidth bbc-n8oauk e1p3sufg0\" href=\"https:\/\/www.bbc.com\/portuguese\/articles\/ck5kp34nr1do\">chuvas mudou<\/a>. Eu tenho feito um levantamento e j\u00e1 percebi que de 2013 pra frente n\u00f3s temos um acumulado de precipita\u00e7\u00e3o [chuvas] no m\u00eas de mais de 300 mm. A minha pergunta \u00e9: o que n\u00f3s, por exemplo, na Defesa Civil, temos programado para prever essas possibilidades? Em algum momento, vamos come\u00e7ar a ver [inunda\u00e7\u00f5es] em \u00e1reas em que a \u00e1gua n\u00e3o chegava com tanta frequ\u00eancia e vamos lembrar disso que estamos falando aqui.&#8221;<\/p>\n<\/div>\n<p><!--more--><\/p>\n<div class=\"bbc-19j92fr ebmt73l0\" dir=\"ltr\">\n<p class=\"bbc-hhl7in e17g058b0\" dir=\"ltr\">O alerta acima, feito em junho de 2022 durante uma audi\u00eancia p\u00fablica na C\u00e2mara Municipal de Pelotas (RS) e apontado em v\u00eddeos nas redes sociais como &#8220;profecia&#8221; \u00e0 luz das inunda\u00e7\u00f5es que j\u00e1\u00a0<a class=\"focusIndicatorReducedWidth bbc-n8oauk e1p3sufg0\" href=\"https:\/\/www.bbc.com\/portuguese\/topics\/c06gq6k654jt\">deixaram pelo menos 90 mortos no Rio Grande do Sul<\/a>, \u00e9 do eco\u0301logo Marcelo Dutra da Silva, doutor em ci\u00eancias e professor de Ecologia na Universidade Federal do Rio Grande (FURG).<\/p>\n<\/div>\n<div class=\"bbc-19j92fr ebmt73l0\" dir=\"ltr\">\n<p class=\"bbc-hhl7in e17g058b0\" dir=\"ltr\">Na ocasi\u00e3o, durante um debate sobre mudan\u00e7as clim\u00e1ticas, o pesquisador chamava aten\u00e7\u00e3o para o fato de que muitas cidades ga\u00fachas estavam totalmente despreparadas para\u00a0<a class=\"focusIndicatorReducedWidth bbc-n8oauk e1p3sufg0\" href=\"https:\/\/www.bbc.com\/portuguese\/articles\/czkv2mrdv31o\">chuvas extremas<\/a>: n\u00e3o sabiam quais eram suas \u00e1reas de risco, quais regi\u00f5es eram vulner\u00e1veis a inunda\u00e7\u00f5es, ou quem seriam os primeiros moradores do Estado a serem atingidos pelas \u00e1guas.<\/p>\n<\/div>\n<div class=\"bbc-19j92fr ebmt73l0\" dir=\"ltr\">\n<p class=\"bbc-hhl7in e17g058b0\" dir=\"ltr\">&#8220;N\u00e3o podemos impedir que o\u00a0<a class=\"focusIndicatorReducedWidth bbc-n8oauk e1p3sufg0\" href=\"https:\/\/www.bbc.com\/portuguese\/topics\/cdr56rdy40rt\">evento clim\u00e1tico<\/a>\u00a0ocorra, nem os pr\u00f3ximos, porque eles v\u00e3o acontecer. Mas d\u00e1 para sermos mais resilientes a isso? D\u00e1. Talvez se n\u00f3s j\u00e1 tiv\u00e9ssemos afastado as pessoas das \u00e1reas de maior risco. \u00c9 poss\u00edvel saber onde o evento se torna mais grave primeiro&#8221;, pondera, acrescentando que um planejamento ambiental teria tornado poss\u00edvel, por exemplo, retirar moradores das \u00e1reas mais vulner\u00e1veis com anteced\u00eancia.<\/p>\n<\/div>\n<section class=\"bbc-geybui\" role=\"region\" aria-label=\"Publicidade 2\" aria-hidden=\"true\" data-e2e=\"advertisement\"><\/section>\n<div class=\"bbc-19j92fr ebmt73l0\" dir=\"ltr\">\n<p class=\"bbc-hhl7in e17g058b0\" dir=\"ltr\">Diante das cheias devastadoras que\u00a0<a class=\"focusIndicatorReducedWidth bbc-n8oauk e1p3sufg0\" href=\"https:\/\/www.bbc.com\/portuguese\/articles\/cjljpe8gn88o\">atingem o Rio Grande do Sul<\/a>\u00a0menos de seis meses ap\u00f3s enchentes que destru\u00edram parte da serra ga\u00facha em novembro do ano passado, o pesquisador defende que, desta vez, a resposta do poder p\u00fablico precisa mudar radicalmente.<\/p>\n<\/div>\n<div class=\"bbc-1n4f7vm ebmt73l0\" dir=\"ltr\">\n<section class=\"bbc-1saxq9t etbfg571\" role=\"region\" data-e2e=\"recommendations-heading\" aria-labelledby=\"recommendations-heading\">\n<div class=\"bbc-bjn8wh eveec6k2\">\n<div class=\"bbc-19j92fr ebmt73l0\" dir=\"ltr\">\n<p class=\"bbc-hhl7in e17g058b0\" dir=\"ltr\">&#8220;N\u00e3o adianta querer reconstruir tudo o que foi destru\u00eddo nesse evento de agora tentando fazer como era antes. Isso j\u00e1 n\u00e3o d\u00e1 mais&#8221;.<\/p>\n<\/div>\n<div class=\"bbc-19j92fr ebmt73l0\" dir=\"ltr\">\n<p class=\"bbc-hhl7in e17g058b0\" dir=\"ltr\">A reconstru\u00e7\u00e3o do Rio Grande do Sul, diz o acad\u00eamico, precisar\u00e1 ser planejada considerando quais as \u00e1reas mais seguras e resistentes \u00e0s varia\u00e7\u00f5es clim\u00e1ticas extremas, que vieram para ficar.<\/p>\n<\/div>\n<div class=\"bbc-19j92fr ebmt73l0\" dir=\"ltr\">\n<p class=\"bbc-hhl7in e17g058b0\" dir=\"ltr\">&#8220;Cidades inteiras v\u00e3o ter que mudar de lugar. \u00c9 preciso afastar as infraestruturas urbanas desses ambientes de maior risco, que s\u00e3o as \u00e1reas mais baixas, planas e \u00famidas, as \u00e1reas de encostas, as margens de rios e as cidades que est\u00e3o dentro de vales&#8221;, diz.<\/p>\n<\/div>\n<div class=\"bbc-19j92fr ebmt73l0\" dir=\"ltr\">\n<p class=\"bbc-hhl7in e17g058b0\" dir=\"ltr\">Tais mudan\u00e7as envolver\u00e3o o que ele chama de &#8220;desedificar&#8221;: remover as estruturas das cidades que est\u00e3o em \u00e1reas de risco e recome\u00e7ar em regi\u00f5es mais seguras.<\/p>\n<\/div>\n<div class=\"bbc-19j92fr ebmt73l0\" dir=\"ltr\">\n<p class=\"bbc-hhl7in e17g058b0\" dir=\"ltr\">&#8220;Precisamos devolver para a natureza esses espa\u00e7os que est\u00e3o mais sens\u00edveis ao alagamento&#8221;, diz.<\/p>\n<\/div>\n<p><iframe loading=\"lazy\" id=\"flourish-id-dad2700f\" class=\"bbc-axsk9o\" title=\"Interactive or visual content\" src=\"https:\/\/flo.uri.sh\/visualisation\/17864362\/embed?auto=1\" width=\"700\" height=\"575\" frameborder=\"0\" scrolling=\"no\"><\/iframe><\/p>\n<div class=\"bbc-19j92fr ebmt73l0\" dir=\"ltr\">\n<h2 id=\"Onde-est\u00e1-o-maior-perigo-vales-e-margens\" class=\"bbc-1f03ibc eglt09e0\" tabindex=\"-1\">Onde est\u00e1 o maior perigo: vales e margens<\/h2>\n<\/div>\n<div class=\"bbc-4quw3x e1rfboeq7\" dir=\"ltr\">\n<section class=\"e1rfboeq6 bbc-12e4ke4 e1s8ztj50\" role=\"region\" aria-labelledby=\"podcast-promo\">\n<div class=\"bbc-bjn8wh eveec6k2\"><main class=\"bbc-fa0wmp\" role=\"main\"><\/p>\n<div class=\"bbc-19j92fr ebmt73l0\" dir=\"ltr\">\n<p class=\"bbc-hhl7in e17g058b0\" dir=\"ltr\">Grande parte do despreparo das cidades para a nova realidade clim\u00e1tica se d\u00e1 porque elas crescem sem considerar a geografia do Estado e seus n\u00edveis de vulnerabilidade diante das previs\u00f5es clim\u00e1ticas, bem como a preserva\u00e7\u00e3o da natureza.<\/p>\n<\/div>\n<div class=\"bbc-19j92fr ebmt73l0\" dir=\"ltr\">\n<p class=\"bbc-hhl7in e17g058b0\" dir=\"ltr\">&#8220;Os munic\u00edpios ga\u00fachos v\u00eam enfrentando um forte crescimento urbano sobre \u00e1reas \u00famidas remanescentes&#8221;, explica.<\/p>\n<\/div>\n<div class=\"bbc-19j92fr ebmt73l0\" dir=\"ltr\">\n<p class=\"bbc-hhl7in e17g058b0\" dir=\"ltr\">N\u00e3o se trata apenas de retirar a popula\u00e7\u00e3o que mora em \u00e1reas de encostas, mas todas as regi\u00f5es sens\u00edveis a situa\u00e7\u00f5es de alagamento e deslizamento.<\/p>\n<\/div>\n<div class=\"bbc-19j92fr ebmt73l0\" dir=\"ltr\">\n<p class=\"bbc-hhl7in e17g058b0\" dir=\"ltr\">Em geral, as \u00e1reas mais valorizadas pelo setor imobili\u00e1rio para grandes empreendimentos e pela pr\u00f3pria popula\u00e7\u00e3o s\u00e3o justamente as mais vulner\u00e1veis a inunda\u00e7\u00f5es: pr\u00f3ximas a margens de rios e lagos, ou em \u00e1reas planas, baixas e \u00famidas.<\/p>\n<\/div>\n<div class=\"bbc-19j92fr ebmt73l0\" dir=\"ltr\">\n<p class=\"bbc-hhl7in e17g058b0\" dir=\"ltr\">Al\u00e9m de menos resilientes, as \u00e1reas \u00famidas t\u00eam papel importante na preven\u00e7\u00e3o de enchentes, j\u00e1 que deveriam servir como &#8220;esponja&#8221; em per\u00edodos de chuvas fortes, explica o pesquisador.<\/p>\n<\/div>\n<div class=\"bbc-19j92fr ebmt73l0\" dir=\"ltr\">\n<p class=\"bbc-hhl7in e17g058b0\" dir=\"ltr\">&#8220;Essas \u00e1reas s\u00e3o importantes porque tem o que chamamos de efeito esponja: esse servi\u00e7o dado pela natureza \u00e9 justamente para que quando h\u00e1 uma grande carga d\u2019\u00e1gua ela v\u00e1 para l\u00e1, e as zonas mais altas fiquem seguras&#8221;, diz.<\/p>\n<\/div>\n<div class=\"bbc-19j92fr ebmt73l0\" dir=\"ltr\">\n<p class=\"bbc-hhl7in e17g058b0\" dir=\"ltr\">Do ponto de vista do risco ambiental, as decis\u00f5es de expans\u00e3o urbana t\u00eam ido na contram\u00e3o da seguran\u00e7a, diz o ec\u00f3logo.<\/p>\n<\/div>\n<div class=\"bbc-19j92fr ebmt73l0\" dir=\"ltr\">\n<p class=\"bbc-hhl7in e17g058b0\" dir=\"ltr\">&#8220;Estamos fazendo o contr\u00e1rio do que dever\u00edamos: estamos indo para dentro de onde n\u00e3o dever\u00edamos ir, nos expondo ao risco, criando situa\u00e7\u00f5es que colocam vidas em perigo, e preju\u00edzos recorrentes.&#8221;<\/p>\n<\/div>\n<div class=\"bbc-19j92fr ebmt73l0\" dir=\"ltr\">\n<h2 id=\"Trag\u00e9dia-repetida\" class=\"bbc-1f03ibc eglt09e0\" tabindex=\"-1\">Trag\u00e9dia repetida<\/h2>\n<\/div>\n<div class=\"bbc-19j92fr ebmt73l0\" dir=\"ltr\">\n<p class=\"bbc-hhl7in e17g058b0\" dir=\"ltr\">Outro aspecto geogr\u00e1fico do Rio Grande do Sul que precisa ser considerado na adapta\u00e7\u00e3o \u00e0 nova realidade clim\u00e1tica \u00e9 que h\u00e1 muitas cidades localizadas dentro dos vales de rios, que s\u00e3o \u00e1reas de baixa altitude cercadas por \u00e1reas mais altas, como morros e montanhas, e pr\u00f3ximos \u00e0 \u00e1gua.<\/p>\n<\/div>\n<div class=\"bbc-19j92fr ebmt73l0\" dir=\"ltr\">\n<p class=\"bbc-hhl7in e17g058b0\" dir=\"ltr\">&#8220;Tem v\u00e1rias cidades inteiras que est\u00e3o em regi\u00e3o de vale: \u00e1reas sujeitas a receber grandes cargas de \u00e1gua em um evento extremo como esse. E a\u00ed n\u00e3o adianta reconstruir aquela cidade dentro do vale, porque ela vai continuar amea\u00e7ada. Porque os eventos clim\u00e1ticos v\u00e3o se repetir&#8221;, afirma.<\/p>\n<\/div>\n<p><iframe loading=\"lazy\" id=\"flourish-id-8149244e\" class=\"bbc-axsk9o\" title=\"Interactive or visual content\" src=\"https:\/\/flo.uri.sh\/visualisation\/17864651\/embed?auto=1\" width=\"700\" height=\"575\" frameborder=\"0\" scrolling=\"no\"><\/iframe><\/p>\n<div class=\"bbc-19j92fr ebmt73l0\" dir=\"ltr\">\n<p class=\"bbc-hhl7in e17g058b0\" dir=\"ltr\">Ele cita o exemplo de Mu\u00e7um, cidade no Vale do Rio Taquari.<\/p>\n<\/div>\n<div class=\"bbc-19j92fr ebmt73l0\" dir=\"ltr\">\n<p class=\"bbc-hhl7in e17g058b0\" dir=\"ltr\">Reportagem da BBC News Brasil mostrou que o munic\u00edpio j\u00e1 havia sido afetado por\u00a0<a class=\"focusIndicatorReducedWidth bbc-n8oauk e1p3sufg0\" href=\"https:\/\/www.bbc.com\/portuguese\/articles\/cjk42yexl73o\">inunda\u00e7\u00f5es tr\u00eas vezes durante 2023<\/a>\u00a0\u2013 a primeira em junho, que vitimou 16 pessoas no estado; em setembro, quando 53 pessoas morreram em decorr\u00eancia da passagem de um ciclone extratropical; e em novembro, quando mais de 700 mil pessoas foram afetadas por chuvas torrenciais.<\/p>\n<\/div>\n<div class=\"bbc-19j92fr ebmt73l0\" dir=\"ltr\">\n<p class=\"bbc-hhl7in e17g058b0\" dir=\"ltr\">&#8220;Temos exemplos de cidades que foram atingidas em 22, 23, e as pessoas perderam as coisas pela quarta vez, como Mu\u00e7um, Lajeado. Algumas pessoas j\u00e1 est\u00e3o t\u00e3o desalentadas que j\u00e1 dizem em entrevistas que nem compraram mais m\u00f3veis, mais carro, porque sabem que v\u00e3o perder de novo\u201d, diz, destacando que nesse caso, a falha do poder p\u00fablico foi permitir que as fam\u00edlias reconstru\u00edssem suas vidas no mesmo lugar, sem oferecer planos de moradia mais seguros.<\/p>\n<\/div>\n<div class=\"bbc-19j92fr ebmt73l0\" dir=\"ltr\">\n<p class=\"bbc-hhl7in e17g058b0\" dir=\"ltr\">&#8220;Esse novo plano de reconstru\u00e7\u00e3o precisa vir com um plano de adapta\u00e7\u00e3o \u00e0s mudan\u00e7as clim\u00e1ticas&#8221;, afirma.<\/p>\n<\/div>\n<p><iframe loading=\"lazy\" id=\"flourish-id-89c6caa1\" class=\"bbc-axsk9o\" title=\"Interactive or visual content\" src=\"https:\/\/flo.uri.sh\/visualisation\/17864965\/embed?auto=1\" width=\"700\" height=\"575\" frameborder=\"0\" scrolling=\"no\"><\/iframe><\/p>\n<div class=\"bbc-19j92fr ebmt73l0\" dir=\"ltr\">\n<h2 id=\"Nova-l\u00f3gica-para-a-reconstru\u00e7\u00e3o\" class=\"bbc-1f03ibc eglt09e0\" tabindex=\"-1\">Nova l\u00f3gica para a reconstru\u00e7\u00e3o<\/h2>\n<\/div>\n<div class=\"bbc-19j92fr ebmt73l0\" dir=\"ltr\">\n<p class=\"bbc-hhl7in e17g058b0\" dir=\"ltr\">O acad\u00eamico, que defende que todas as cidades atingidas revisem seus planos diretores antes de reconstruir tudo o que foi perdido, diz que &#8220;n\u00e3o adianta mais querer construir, ou reconstruir tudo o que foi destru\u00eddo nesse evento de agora tentando fazer como era antes&#8221;.<\/p>\n<\/div>\n<div class=\"bbc-19j92fr ebmt73l0\" dir=\"ltr\">\n<p class=\"bbc-hhl7in e17g058b0\" dir=\"ltr\">Para o professor, tanto governo estadual quanto federal poderiam estimular tais revis\u00f5es, talvez colocando-as como requisitos para que as prefeituras tenham acesso aos recursos para financiamento da reconstru\u00e7\u00e3o.<\/p>\n<\/div>\n<div class=\"bbc-19j92fr ebmt73l0\" dir=\"ltr\">\n<p class=\"bbc-hhl7in e17g058b0\" dir=\"ltr\">O governador do Rio Grande do Sul, Eduardo Leite (PSDB), j\u00e1 declarou que o Estado vai precisar de um &#8220;plano Marshall&#8221;, fazendo refer\u00eancia ao plano de reconstru\u00e7\u00e3o na Europa ap\u00f3s a Segunda Guerra Mundial.<\/p>\n<\/div>\n<div class=\"bbc-19j92fr ebmt73l0\" dir=\"ltr\">\n<p class=\"bbc-hhl7in e17g058b0\" dir=\"ltr\">O plano de reconstru\u00e7\u00e3o das cidades, alerta o pesquisador, n\u00e3o poder\u00e1 mais se basear em edifica\u00e7\u00f5es nas \u00e1reas baixas, planas e \u00famidas e ambientes de margem de rios, lagos e c\u00f3rregos, como acontece em muitas cidades da costa, como Pelotas, e mesmo em bairros de Porto Alegre pr\u00f3ximos ao Lago Gua\u00edba.<\/p>\n<\/div>\n<div class=\"bbc-19j92fr ebmt73l0\" dir=\"ltr\">\n<p class=\"bbc-hhl7in e17g058b0\" dir=\"ltr\">&#8220;O olhar daqui para a frente precisa ser mais t\u00e9cnico, e pensar em adaptar a cidade para situa\u00e7\u00f5es t\u00e3o extremas&#8221;.<\/p>\n<\/div>\n<div class=\"bbc-19j92fr ebmt73l0\" dir=\"ltr\">\n<p class=\"bbc-hhl7in e17g058b0\" dir=\"ltr\">&#8220;Cr\u00edticos v\u00e3o dizer que estamos preocupados s\u00f3 com a biodiversidade, e argumentam que \u00e9 preciso pensar na vida das pessoas, no desenvolvimento. Se eu estivesse s\u00f3 preocupado com a biodiversidade tudo bem, mas nem estamos mais falando disso, neste caso&#8221;, afirma. &#8220;Estamos falando de sobreviv\u00eancia, porque significa voc\u00ea colocar l\u00e1 um empreendimento e ele ficar debaixo d\u2019\u00e1gua.&#8221;<\/p>\n<\/div>\n<div class=\"bbc-19j92fr ebmt73l0\" dir=\"ltr\">\n<h2 id=\"Mais-resist\u00eancia-a-extremos\" class=\"bbc-1f03ibc eglt09e0\" tabindex=\"-1\">Mais resist\u00eancia a extremos<\/h2>\n<\/div>\n<div class=\"bbc-19j92fr ebmt73l0\" dir=\"ltr\">\n<p class=\"bbc-hhl7in e17g058b0\" dir=\"ltr\">Outro aspecto importante da reconstru\u00e7\u00e3o do Estado, que ser\u00e1 longa e \u00e1rdua, ser\u00e1 investir em estruturas mais preparadas para eventos clim\u00e1ticos.<\/p>\n<\/div>\n<div class=\"bbc-19j92fr ebmt73l0\" dir=\"ltr\">\n<p class=\"bbc-hhl7in e17g058b0\" dir=\"ltr\">&#8220;Vamos ter que reconstruir, sim, s\u00f3 que agora pensando em pontes que s\u00e3o muito mais elevadas e robustas, estradas que s\u00e3o muito mais preparadas e resilientes a processos t\u00e3o extremos de presen\u00e7a de \u00e1gua&#8221;.<\/p>\n<\/div>\n<figure class=\"bbc-1qn0xuy\">\n<div class=\"bbc-18ywsw9\"><picture><img data-recalc-dims=\"1\" loading=\"lazy\" decoding=\"async\" class=\"bbc-139onq\" src=\"https:\/\/i0.wp.com\/ichef.bbci.co.uk\/ace\/ws\/640\/cpsprodpb\/ae30\/live\/bdcdf8e0-0c89-11ef-82e8-cd354766a224.jpg?resize=600%2C400&#038;ssl=1\" sizes=\"auto, (min-width: 1008px) 760px, 100vw\" srcset=\"https:\/\/ichef.bbci.co.uk\/ace\/ws\/240\/cpsprodpb\/ae30\/live\/bdcdf8e0-0c89-11ef-82e8-cd354766a224.jpg 240w, https:\/\/ichef.bbci.co.uk\/ace\/ws\/320\/cpsprodpb\/ae30\/live\/bdcdf8e0-0c89-11ef-82e8-cd354766a224.jpg 320w, https:\/\/ichef.bbci.co.uk\/ace\/ws\/480\/cpsprodpb\/ae30\/live\/bdcdf8e0-0c89-11ef-82e8-cd354766a224.jpg 480w, https:\/\/ichef.bbci.co.uk\/ace\/ws\/624\/cpsprodpb\/ae30\/live\/bdcdf8e0-0c89-11ef-82e8-cd354766a224.jpg 624w, https:\/\/ichef.bbci.co.uk\/ace\/ws\/800\/cpsprodpb\/ae30\/live\/bdcdf8e0-0c89-11ef-82e8-cd354766a224.jpg 800w\" alt=\"Moradores de Canoas aguardam resgate em \u00e1rea alagada\" width=\"600\" height=\"400\" \/><\/picture>\n<p class=\"bbc-by8ykd\" role=\"text\"><span class=\"bbc-m04vo2\">CR\u00c9DITO,<\/span><span lang=\"en-GB\">AMANDA PEROBELLI\/REUTERS<\/span><\/p>\n<\/div><figcaption class=\"bbc-1jsyunq e6i104o0\" dir=\"ltr\"><span role=\"text\"><span class=\"bbc-m04vo2\">Legenda da foto,<\/span><span data-testid=\"caption-paragraph\">Moradores de Canoas aguardam resgate em \u00e1rea alagada<\/span><\/span><\/figcaption><\/figure>\n<div class=\"bbc-19j92fr ebmt73l0\" dir=\"ltr\">\n<p class=\"bbc-hhl7in e17g058b0\" dir=\"ltr\">Tecnologias para alertar a popula\u00e7\u00e3o de maneira mais eficiente sobre potenciais desastres, na vis\u00e3o do professor, t\u00eam efeito limitado se n\u00e3o vierem acompanhadas de mudan\u00e7as mais dr\u00e1sticas.<\/p>\n<\/div>\n<div class=\"bbc-19j92fr ebmt73l0\" dir=\"ltr\">\n<p class=\"bbc-hhl7in e17g058b0\" dir=\"ltr\">&#8220;Quaisquer tecnologias de aviso ser\u00e3o in\u00fateis se continuarmos mantendo as pessoas e as infraestruturas nos lugares que estar\u00e3o sempre em risco. O que adianta avisar que as pessoas saiam se elas v\u00e3o perder absolutamente tudo?&#8221;, questiona.<\/p>\n<\/div>\n<div class=\"bbc-19j92fr ebmt73l0\" dir=\"ltr\">\n<p class=\"bbc-hhl7in e17g058b0\" dir=\"ltr\">&#8220;O investimento r\u00e1pido vai ter que ser na corre\u00e7\u00e3o dessas cidades, na atualiza\u00e7\u00e3o dessas cidades, para que a gente se torne mais adaptado a essa nova condi\u00e7\u00e3o. Porque n\u00e3o \u00e9 s\u00f3 alertar&#8221;.<\/p>\n<\/div>\n<figure class=\"bbc-1qn0xuy\">\n<div class=\"bbc-18ywsw9\"><picture><img data-recalc-dims=\"1\" loading=\"lazy\" decoding=\"async\" class=\"bbc-139onq\" src=\"https:\/\/i0.wp.com\/ichef.bbci.co.uk\/ace\/ws\/640\/cpsprodpb\/8a80\/live\/ead00950-0c89-11ef-973f-9ff1ccd1ba8e.jpg?resize=600%2C338&#038;ssl=1\" sizes=\"auto, (min-width: 1008px) 760px, 100vw\" srcset=\"https:\/\/ichef.bbci.co.uk\/ace\/ws\/240\/cpsprodpb\/8a80\/live\/ead00950-0c89-11ef-973f-9ff1ccd1ba8e.jpg 240w, https:\/\/ichef.bbci.co.uk\/ace\/ws\/320\/cpsprodpb\/8a80\/live\/ead00950-0c89-11ef-973f-9ff1ccd1ba8e.jpg 320w, https:\/\/ichef.bbci.co.uk\/ace\/ws\/480\/cpsprodpb\/8a80\/live\/ead00950-0c89-11ef-973f-9ff1ccd1ba8e.jpg 480w, https:\/\/ichef.bbci.co.uk\/ace\/ws\/624\/cpsprodpb\/8a80\/live\/ead00950-0c89-11ef-973f-9ff1ccd1ba8e.jpg 624w, https:\/\/ichef.bbci.co.uk\/ace\/ws\/800\/cpsprodpb\/8a80\/live\/ead00950-0c89-11ef-973f-9ff1ccd1ba8e.jpg 800w\" alt=\"Homem foi resgatado por helic\u00f3ptero em Canoas no s\u00e1bado (4\/5)\" width=\"600\" height=\"338\" \/><\/picture>\n<p class=\"bbc-by8ykd\" role=\"text\"><span class=\"bbc-m04vo2\">CR\u00c9DITO,<\/span><span lang=\"en-GB\">RENAN MATTOS\/REUTERS<\/span><\/p>\n<\/div><figcaption class=\"bbc-1jsyunq e6i104o0\" dir=\"ltr\"><span role=\"text\"><span class=\"bbc-m04vo2\">Legenda da foto,<\/span><span data-testid=\"caption-paragraph\">Homem foi resgatado por helic\u00f3ptero em Canoas no s\u00e1bado (4\/5)<\/span><\/span><\/figcaption><\/figure>\n<div class=\"bbc-19j92fr ebmt73l0\" dir=\"ltr\">\n<p class=\"bbc-hhl7in e17g058b0\" dir=\"ltr\">Em outra frente, o pesquisador diz que \u00e9 preciso investir em formas menos centralizadas de construir as cidades, de modo a permitir que a \u00e1gua flua com mais facilidade para o oceano.<\/p>\n<\/div>\n<div class=\"bbc-19j92fr ebmt73l0\" dir=\"ltr\">\n<p class=\"bbc-hhl7in e17g058b0\" dir=\"ltr\">&#8220;Precisamos permitir que a \u00e1gua passe, que a \u00e1gua flua, em vez de tentar barr\u00e1-la. Temos que recuperar, por exemplo, a vegeta\u00e7\u00e3o natural nas \u00e1reas de preserva\u00e7\u00e3o permanente e de produ\u00e7\u00e3o&#8221;.<\/p>\n<\/div>\n<div class=\"bbc-19j92fr ebmt73l0\" dir=\"ltr\">\n<p class=\"bbc-hhl7in e17g058b0\" dir=\"ltr\">Outra recomenda\u00e7\u00e3o, considerando que os eventos clim\u00e1ticos extremos tamb\u00e9m prev\u00eaem per\u00edodos de intensa seca, \u00e9 aproveitar os per\u00edodos de chuva para armazenar \u00e1gua em sistemas de a\u00e7udes ou outros reservat\u00f3rios h\u00eddricos.<\/p>\n<\/div>\n<div class=\"bbc-19j92fr ebmt73l0\" dir=\"ltr\">\n<p class=\"bbc-hhl7in e17g058b0\" dir=\"ltr\">&#8220;Boa parte dessa \u00e1gua toda chovendo agora est\u00e1 simplesmente sendo perdida e em algum momento vai fazer falta, porque est\u00e1 chovendo muito agora e vai chover muito pouco depois&#8221;.<\/p>\n<\/div>\n<div class=\"bbc-19j92fr ebmt73l0\" dir=\"ltr\">\n<p class=\"bbc-hhl7in e17g058b0\" dir=\"ltr\">Convencer a popula\u00e7\u00e3o de que a nova realidade clim\u00e1tica veio para ficar, diz, \u00e9 parte importante do trabalho de evitar novas trag\u00e9dias ambientais.<\/p>\n<\/div>\n<div class=\"bbc-19j92fr ebmt73l0\" dir=\"ltr\">\n<p class=\"bbc-hhl7in e17g058b0\" dir=\"ltr\">&#8220;Infelizmente tem gente que acha que isso aconteceu, mas amanh\u00e3 passou e vida que segue&#8221;, lamenta. &#8220;N\u00e3o \u00e9 um momento; \u00e9 um per\u00edodo que talvez ser\u00e1 assim por muito tempo, e precisamos nos preparar para nos encaixar dentro dele&#8221;.<\/p>\n<\/div>\n<p><\/main><\/p>\n<aside class=\"bbc-1l5nxv5 e5jcirq1\" role=\"complementary\" aria-labelledby=\"related-topics\">\n<div class=\"e5jcirq0 bbc-1f2ds04 e1m6nvxw1\">\n<h2 class=\"bbc-1xclg2i e1m6nvxw0\"><\/h2>\n<\/div>\n<\/aside>\n<\/div>\n<\/section>\n<\/div>\n<\/div>\n<\/section>\n<\/div>\n","protected":false},"excerpt":{"rendered":"<p>BBC, por L\u00edgia Guimar\u00e3es &#8211; &#8220;O comportamento das chuvas mudou. Eu tenho feito um levantamento e j\u00e1 percebi que de 2013 pra frente n\u00f3s temos um acumulado de precipita\u00e7\u00e3o [chuvas] no m\u00eas de mais de 300 mm. A minha pergunta \u00e9: o que n\u00f3s, por exemplo, na Defesa Civil, temos programado para prever essas possibilidades?&#8230;<a class=\"more-link\" href=\"http:\/\/blogdalucianaoliveira.com.br\/blog\/2024\/05\/09\/cidades-inteiras-do-rs-terao-que-mudar-de-lugar-diz-pesquisador-que-alertou-para-despreparo-contra-chuvas\/\">Continue a leitura <span class=\"meta-nav\">&raquo;<\/span><\/a><\/p>\n","protected":false},"author":1,"featured_media":0,"comment_status":"closed","ping_status":"open","sticky":false,"template":"","format":"standard","meta":{"_exactmetrics_skip_tracking":false,"_exactmetrics_sitenote_active":false,"_exactmetrics_sitenote_note":"","_exactmetrics_sitenote_category":0,"jetpack_post_was_ever_published":false,"_jetpack_newsletter_access":"","_jetpack_dont_email_post_to_subs":false,"_jetpack_newsletter_tier_id":0,"_jetpack_memberships_contains_paywalled_content":false,"_jetpack_memberships_contains_paid_content":false,"footnotes":"","jetpack_publicize_message":"","jetpack_publicize_feature_enabled":true,"jetpack_social_post_already_shared":true,"jetpack_social_options":{"image_generator_settings":{"template":"highway","enabled":false},"version":2}},"categories":[1],"tags":[952,936,953],"class_list":["post-35106","post","type-post","status-publish","format-standard","hentry","category-notas","tag-crise-climatica","tag-rs","tag-tragedias"],"jetpack_publicize_connections":[],"jetpack_sharing_enabled":true,"jetpack_featured_media_url":"","jetpack_shortlink":"https:\/\/wp.me\/p7wKYW-98e","jetpack-related-posts":[],"_links":{"self":[{"href":"http:\/\/blogdalucianaoliveira.com.br\/blog\/wp-json\/wp\/v2\/posts\/35106","targetHints":{"allow":["GET"]}}],"collection":[{"href":"http:\/\/blogdalucianaoliveira.com.br\/blog\/wp-json\/wp\/v2\/posts"}],"about":[{"href":"http:\/\/blogdalucianaoliveira.com.br\/blog\/wp-json\/wp\/v2\/types\/post"}],"author":[{"embeddable":true,"href":"http:\/\/blogdalucianaoliveira.com.br\/blog\/wp-json\/wp\/v2\/users\/1"}],"replies":[{"embeddable":true,"href":"http:\/\/blogdalucianaoliveira.com.br\/blog\/wp-json\/wp\/v2\/comments?post=35106"}],"version-history":[{"count":1,"href":"http:\/\/blogdalucianaoliveira.com.br\/blog\/wp-json\/wp\/v2\/posts\/35106\/revisions"}],"predecessor-version":[{"id":35108,"href":"http:\/\/blogdalucianaoliveira.com.br\/blog\/wp-json\/wp\/v2\/posts\/35106\/revisions\/35108"}],"wp:attachment":[{"href":"http:\/\/blogdalucianaoliveira.com.br\/blog\/wp-json\/wp\/v2\/media?parent=35106"}],"wp:term":[{"taxonomy":"category","embeddable":true,"href":"http:\/\/blogdalucianaoliveira.com.br\/blog\/wp-json\/wp\/v2\/categories?post=35106"},{"taxonomy":"post_tag","embeddable":true,"href":"http:\/\/blogdalucianaoliveira.com.br\/blog\/wp-json\/wp\/v2\/tags?post=35106"}],"curies":[{"name":"wp","href":"https:\/\/api.w.org\/{rel}","templated":true}]}}