{"id":35113,"date":"2024-05-10T09:46:41","date_gmt":"2024-05-10T13:46:41","guid":{"rendered":"http:\/\/blogdalucianaoliveira.com.br\/blog\/?p=35113"},"modified":"2024-05-10T09:46:41","modified_gmt":"2024-05-10T13:46:41","slug":"amazonia-concentra-metade-dos-conflitos-no-campo-registrados-em-2023-aponta-cpt","status":"publish","type":"post","link":"http:\/\/blogdalucianaoliveira.com.br\/blog\/2024\/05\/10\/amazonia-concentra-metade-dos-conflitos-no-campo-registrados-em-2023-aponta-cpt\/","title":{"rendered":"Amaz\u00f4nia concentra metade dos conflitos no campo registrados em 2023, aponta CPT"},"content":{"rendered":"<p><img data-recalc-dims=\"1\" decoding=\"async\" src=\"https:\/\/i0.wp.com\/images02.brasildefato.com.br\/b653fb6801f89c23edfbe84a381d4459.jpeg?w=600&#038;ssl=1\" \/><\/p>\n<h2 class=\"description\">Amazonas lidera em registros de pistolagem, enquanto Rond\u00f4nia \u00e9 l\u00edder disparado em fam\u00edlias amea\u00e7adas de despejo<\/h2>\n<p><!--more--><\/p>\n<div class=\"details-bar\">\n<div class=\"author-time\">\n<div class=\"author\">Brasil de Fato, por Murilo Pajolla &#8211;\u00a0A Amaz\u00f4nia Legal concentrou quase metade de todos os\u00a0<a href=\"https:\/\/www.brasildefato.com.br\/2023\/10\/10\/conflitos-no-campo-crescem-8-e-assassinatos-caem-50-no-1-semestre-do-governo-lula-aponta-cpt\" target=\"_blank\" rel=\"noopener\">conflitos no campo<\/a>\u00a0registrados em 2023 no Brasil pela Comiss\u00e3o Pastoral da Terra (CPT). Dos 2.203 epis\u00f3dios contabilizados no ano passado, 1.034 ocorreram na regi\u00e3o amaz\u00f4nica, que compreende nove estados brasileiros.<\/div>\n<div>\n<p>Segundo a\u00a0<a href=\"https:\/\/www.brasildefato.com.br\/2024\/04\/22\/proximidade-do-governo-com-o-centrao-e-entrave-para-resolucao-agraria-brasileira-diz-coordenador-da-cpt\" target=\"_blank\" rel=\"noopener\">CPT<\/a>, que produz anualmente o relat\u00f3rio\u00a0<em>Conflitos no Campo<\/em>, este \u00e9 terceiro maior n\u00famero de casos em toda a s\u00e9rie hist\u00f3rica, que come\u00e7ou em 1985. Em primeiro lugar ficou 2020, com 1.167 ocorr\u00eancias, e em segundo vem 2022, com 1.117 registros.<\/p>\n<p>Das 31 pessoas assassinadas por conflitos no campo em 2023, 19 estavam na Amaz\u00f4nia.\u00a0Foram registradas 54 ocorr\u00eancias de trabalho escravo, com 250 trabalhadores resgatados, principalmente no Par\u00e1 e Maranh\u00e3o.\u00a0Dos 180 registros de mulheres vitimadas pela viol\u00eancia no campo no pa\u00eds, 120 foram na\u00a0<a href=\"https:\/\/www.brasildefato.com.br\/2024\/05\/09\/desmatamento-na-amazonia-tem-queda-de-21-8-e-no-pantanal-de-9-2\" target=\"_blank\" rel=\"noopener\">regi\u00e3o amaz\u00f4nica<\/a>.<\/p>\n<div class=\"ads-googletag article_3\">\n<p>Em 2023, o Par\u00e1 liderou a contagem por estado com 226 conflitos. As Terras Ind\u00edgenas (TIs) Munduruku e\u00a0<a href=\"https:\/\/www.brasildefato.com.br\/2024\/03\/18\/documentario-aborda-divisao-interna-de-indigenas-kayapo-sobre-garimpos\" target=\"_blank\" rel=\"noopener\">Kayap\u00f3<\/a>\u00a0foram as mais impactadas. Maranh\u00e3o (206) e Rond\u00f4nia (186) v\u00eam em seguida. A regi\u00e3o Norte foi a que mais teve conflitos no campo em 2023, com 810 ocorr\u00eancias.<\/p>\n<div class=\"ads-googletag article_4\">\n<p>Entre os 5 estados com os maiores n\u00fameros de conflitos no pa\u00eds, 3 est\u00e3o na \u00e1rea da Amaz\u00f4nia Legal: Par\u00e1 (226 ocorr\u00eancias), Maranh\u00e3o (206) e Rond\u00f4nia (186).<\/p>\n<div class=\"ads-googletag article_5\"><\/div>\n<p class=\"ckeditor-subtitle\">Retomadas e ocupa\u00e7\u00f5es<\/p>\n<p>Em 2023, a Regi\u00e3o Norte registrou 22 a\u00e7\u00f5es de ocupa\u00e7\u00f5es e retomadas, com 2.316 fam\u00edlias participantes. Os acampamentos somaram 12 ocorr\u00eancias envolvendo 1.412 fam\u00edlias.<\/p>\n<p>&#8220;No Par\u00e1, o destaque \u00e9 para as ocupa\u00e7\u00f5es nas Fazendas Bom Jesus e Santa Maria, entre os munic\u00edpios de Marab\u00e1, Curion\u00f3polis e Parauapebas, com cerca de 1.000 fam\u00edlias&#8221;, pontuou em nota a CPT.<\/p>\n<p class=\"ckeditor-subtitle\">Quem s\u00e3o as v\u00edtimas e os causadores<\/p>\n<p>A viol\u00eancia individual afetou 1.108 pessoas na Amaz\u00f4nia Legal, o equivalente a 75,5% do total de v\u00edtimas registradas pela CPT em 2023. As principais v\u00edtimas s\u00e3o pequenos propriet\u00e1rios e\u00a0<a href=\"https:\/\/www.brasildefato.com.br\/2024\/04\/04\/estudo-sabotado-por-bolsonaro-revela-contaminacao-por-mercurio-de-indigenas-yanomami\" target=\"_blank\" rel=\"noopener\">ind\u00edgenas<\/a>, seguidos por sem terra, e os principais causadores s\u00e3o fazendeiros, grileiros, garimpeiros e empres\u00e1rios.<\/p>\n<p>As invas\u00f5es motivaram a maior parte dos conflitos, com Roraima e Amazonas mais afetados. O Amazonas lidera em registros de pistolagem no Brasil (7,3 mil fam\u00edlias atingidas), enquanto Rond\u00f4nia \u00e9 l\u00edder disparado em fam\u00edlias amea\u00e7adas de despejo (7,1 mil). O Amazonas vem na sequ\u00eancia, com 2.293 fam\u00edlias sob amea\u00e7a de expuls\u00e3o.<\/p>\n<p>Os conflitos por \u00e1gua na Amaz\u00f4nia diminu\u00edram de 131 para 95 ocorr\u00eancias entre 2022 e 2023, mas ainda est\u00e3o acima da m\u00e9dia dos \u00faltimos 10 anos. Os principais tipos de conflitos s\u00e3o destrui\u00e7\u00e3o\/polui\u00e7\u00e3o e n\u00e3o cumprimento de procedimentos legais.<\/p>\n<p class=\"ckeditor-subtitle\">Cr\u00e9dito de carbono gerou conflitos<\/p>\n<div class=\"ads-googletag article_last\">\n<p>O relat\u00f3rio\u00a0<em>Conflitos no Campo<\/em>\u00a0tamb\u00e9m revela que a viol\u00eancia tem crescido na regi\u00e3o da tr\u00edplice divisa dos estados do Amazonas, Acre e Rond\u00f4nia, chamada de Amacro, com 200 conflitos registrados. 22 comunidades no Brasil estiveram envolvidas em conflitos relacionados a projetos de carbono em 2023, liderados pelo Par\u00e1.<\/p>\n<p class=\"editor\">Edi\u00e7\u00e3o: Matheus Alves de Almeida<\/p>\n<\/div>\n<\/div>\n<\/div>\n<\/div>\n<\/div>\n<\/div>\n","protected":false},"excerpt":{"rendered":"<p>Amazonas lidera em registros de pistolagem, enquanto Rond\u00f4nia \u00e9 l\u00edder disparado em fam\u00edlias amea\u00e7adas de despejo<\/p>\n","protected":false},"author":1,"featured_media":0,"comment_status":"closed","ping_status":"open","sticky":false,"template":"","format":"standard","meta":{"_exactmetrics_skip_tracking":false,"_exactmetrics_sitenote_active":false,"_exactmetrics_sitenote_note":"","_exactmetrics_sitenote_category":0,"jetpack_post_was_ever_published":false,"_jetpack_newsletter_access":"","_jetpack_dont_email_post_to_subs":false,"_jetpack_newsletter_tier_id":0,"_jetpack_memberships_contains_paywalled_content":false,"_jetpack_memberships_contains_paid_content":false,"footnotes":"","jetpack_publicize_message":"","jetpack_publicize_feature_enabled":true,"jetpack_social_post_already_shared":true,"jetpack_social_options":{"image_generator_settings":{"template":"highway","enabled":false},"version":2}},"categories":[1],"tags":[921,619,955,495],"class_list":["post-35113","post","type-post","status-publish","format-standard","hentry","category-notas","tag-conflitos-no-campo","tag-cpt","tag-despejos","tag-invasoes"],"jetpack_publicize_connections":[],"jetpack_sharing_enabled":true,"jetpack_featured_media_url":"","jetpack_shortlink":"https:\/\/wp.me\/p7wKYW-98l","jetpack-related-posts":[],"_links":{"self":[{"href":"http:\/\/blogdalucianaoliveira.com.br\/blog\/wp-json\/wp\/v2\/posts\/35113","targetHints":{"allow":["GET"]}}],"collection":[{"href":"http:\/\/blogdalucianaoliveira.com.br\/blog\/wp-json\/wp\/v2\/posts"}],"about":[{"href":"http:\/\/blogdalucianaoliveira.com.br\/blog\/wp-json\/wp\/v2\/types\/post"}],"author":[{"embeddable":true,"href":"http:\/\/blogdalucianaoliveira.com.br\/blog\/wp-json\/wp\/v2\/users\/1"}],"replies":[{"embeddable":true,"href":"http:\/\/blogdalucianaoliveira.com.br\/blog\/wp-json\/wp\/v2\/comments?post=35113"}],"version-history":[{"count":1,"href":"http:\/\/blogdalucianaoliveira.com.br\/blog\/wp-json\/wp\/v2\/posts\/35113\/revisions"}],"predecessor-version":[{"id":35114,"href":"http:\/\/blogdalucianaoliveira.com.br\/blog\/wp-json\/wp\/v2\/posts\/35113\/revisions\/35114"}],"wp:attachment":[{"href":"http:\/\/blogdalucianaoliveira.com.br\/blog\/wp-json\/wp\/v2\/media?parent=35113"}],"wp:term":[{"taxonomy":"category","embeddable":true,"href":"http:\/\/blogdalucianaoliveira.com.br\/blog\/wp-json\/wp\/v2\/categories?post=35113"},{"taxonomy":"post_tag","embeddable":true,"href":"http:\/\/blogdalucianaoliveira.com.br\/blog\/wp-json\/wp\/v2\/tags?post=35113"}],"curies":[{"name":"wp","href":"https:\/\/api.w.org\/{rel}","templated":true}]}}