{"id":35115,"date":"2024-05-13T08:40:03","date_gmt":"2024-05-13T12:40:03","guid":{"rendered":"http:\/\/blogdalucianaoliveira.com.br\/blog\/?p=35115"},"modified":"2024-05-13T08:40:03","modified_gmt":"2024-05-13T12:40:03","slug":"o-crescimento-de-politicos-populistas-negacionistas-e-um-risco-enorme-entrevista-com-carlos-nobre","status":"publish","type":"post","link":"http:\/\/blogdalucianaoliveira.com.br\/blog\/2024\/05\/13\/o-crescimento-de-politicos-populistas-negacionistas-e-um-risco-enorme-entrevista-com-carlos-nobre\/","title":{"rendered":"\u201cO crescimento de pol\u00edticos populistas negacionistas \u00e9 um risco enorme\u201d. Entrevista com Carlos Nobre"},"content":{"rendered":"<p style=\"text-align: left;\">\n<img data-recalc-dims=\"1\" loading=\"lazy\" decoding=\"async\" data-attachment-id=\"35116\" data-permalink=\"http:\/\/blogdalucianaoliveira.com.br\/blog\/2024\/05\/13\/o-crescimento-de-politicos-populistas-negacionistas-e-um-risco-enorme-entrevista-com-carlos-nobre\/img_3580\/\" data-orig-file=\"https:\/\/i0.wp.com\/blogdalucianaoliveira.com.br\/blog\/wp-content\/uploads\/2024\/05\/IMG_3580.jpeg?fit=800%2C537\" data-orig-size=\"800,537\" data-comments-opened=\"0\" data-image-meta=\"{&quot;aperture&quot;:&quot;0&quot;,&quot;credit&quot;:&quot;&quot;,&quot;camera&quot;:&quot;&quot;,&quot;caption&quot;:&quot;&quot;,&quot;created_timestamp&quot;:&quot;1557323774&quot;,&quot;copyright&quot;:&quot;&quot;,&quot;focal_length&quot;:&quot;0&quot;,&quot;iso&quot;:&quot;0&quot;,&quot;shutter_speed&quot;:&quot;0&quot;,&quot;title&quot;:&quot;&quot;,&quot;orientation&quot;:&quot;1&quot;}\" data-image-title=\"IMG_3580\" data-image-description=\"\" data-image-caption=\"\" data-medium-file=\"https:\/\/i0.wp.com\/blogdalucianaoliveira.com.br\/blog\/wp-content\/uploads\/2024\/05\/IMG_3580.jpeg?fit=300%2C201\" data-large-file=\"https:\/\/i0.wp.com\/blogdalucianaoliveira.com.br\/blog\/wp-content\/uploads\/2024\/05\/IMG_3580.jpeg?fit=600%2C403\" class=\"alignnone size-full wp-image-35116\" src=\"https:\/\/i0.wp.com\/blogdalucianaoliveira.com.br\/blog\/wp-content\/uploads\/2024\/05\/IMG_3580.jpeg?resize=600%2C403\" alt=\"\" width=\"600\" height=\"403\" srcset=\"https:\/\/i0.wp.com\/blogdalucianaoliveira.com.br\/blog\/wp-content\/uploads\/2024\/05\/IMG_3580.jpeg?w=800 800w, https:\/\/i0.wp.com\/blogdalucianaoliveira.com.br\/blog\/wp-content\/uploads\/2024\/05\/IMG_3580.jpeg?resize=300%2C201 300w, https:\/\/i0.wp.com\/blogdalucianaoliveira.com.br\/blog\/wp-content\/uploads\/2024\/05\/IMG_3580.jpeg?resize=768%2C516 768w, https:\/\/i0.wp.com\/blogdalucianaoliveira.com.br\/blog\/wp-content\/uploads\/2024\/05\/IMG_3580.jpeg?resize=447%2C300 447w\" sizes=\"auto, (max-width: 600px) 100vw, 600px\" \/><\/p>\n<div class=\"news_special_content_header\" data-pf_style_display=\"block\" data-pf_style_visibility=\"visible\">\n<div class=\"news_special_content_header_title\" data-pf_style_display=\"block\" data-pf_style_visibility=\"visible\">\n<p class=\"added-to-list1\" data-pf_style_display=\"block\" data-pf_style_visibility=\"visible\"><span class=\"text-node\">Humanitas Unisinos, Alex Rocha | PMPA &#8211; <\/span><a class=\"pf-delete\" href=\"https:\/\/www.ihu.unisinos.br\/categorias\/639200-nao-tem-mais-volta-diz-nobre-sobre-catastrofes-climaticas\" target=\"_blank\" rel=\"noopener noreferrer\" data-pf_style_display=\"inline\" data-pf_style_visibility=\"visible\"><strong data-pf_style_display=\"inline\" data-pf_style_visibility=\"visible\"><span class=\"text-node\">Carlos Nobre<\/span><\/strong><\/a><span class=\"text-node\"> (S\u00e3o Paulo, 1951) \u00e9 uma esp\u00e9cie de astro do rock nos estudos sobre <\/span><a href=\"https:\/\/www.ihu.unisinos.br\/categorias\/633761-mudanca-climatica-intensificou-estacao-seca-na-amazonia-afirma-o-climatologista-carlos-nobre\" target=\"_blank\" rel=\"noopener noreferrer\" data-pf_style_display=\"inline\" data-pf_style_visibility=\"visible\"><span class=\"text-node\">mudan\u00e7as clim\u00e1ticas<\/span><\/a><span class=\"text-node\">. Poucos meteorologistas t\u00eam tantos louros internacionais como ele.<\/span><\/p>\n<p class=\"added-to-list1\" data-pf_style_display=\"block\" data-pf_style_visibility=\"visible\"><span class=\"text-node\">Ao longo da sua vida, acumulou cargos relevantes, como chefe do <\/span><strong data-pf_style_display=\"inline\" data-pf_style_visibility=\"visible\"><span class=\"text-node\">Comit\u00ea Cient\u00edfico do Programa Internacional Geosfera Biosfera<\/span><\/strong><span class=\"text-node\">, conselheiro cient\u00edfico do <\/span><strong data-pf_style_display=\"inline\" data-pf_style_visibility=\"visible\"><span class=\"text-node\">Painel de Sustentabilidade da<\/span><\/strong> <strong data-pf_style_display=\"inline\" data-pf_style_visibility=\"visible\"><span class=\"text-node\">ONU<\/span><\/strong><span class=\"text-node\">, membro do <\/span><strong data-pf_style_display=\"inline\" data-pf_style_visibility=\"visible\"><span class=\"text-node\">Conselho Cient\u00edfico do Secretariado Geral da ONU<\/span><\/strong><span class=\"text-node\"> ou membro da <\/span><strong data-pf_style_display=\"inline\" data-pf_style_visibility=\"visible\"><span class=\"text-node\">Royal Society Brit\u00e2nica<\/span><\/strong><span class=\"text-node\">. Em 2007, recebeu o <\/span><strong data-pf_style_display=\"inline\" data-pf_style_visibility=\"visible\"><span class=\"text-node\">Pr\u00eamio Nobel da Paz<\/span><\/strong><span class=\"text-node\">, juntamente com a equipa do <\/span><strong data-pf_style_display=\"inline\" data-pf_style_visibility=\"visible\"><span class=\"text-node\">Quarto Relat\u00f3rio de Avalia\u00e7\u00e3o do Painel Intergovernamental sobre Altera\u00e7\u00f5es Clim\u00e1ticas<\/span><\/strong><span class=\"text-node\"> (<\/span><strong data-pf_style_display=\"inline\" data-pf_style_visibility=\"visible\"><span class=\"text-node\">IPCC<\/span><\/strong><span class=\"text-node\">) das Na\u00e7\u00f5es Unidas.<\/span><\/p>\n<\/div>\n<\/div>\n<p><!--more--><\/p>\n<section class=\"news_special_content pf-candidate\" data-pf_style_display=\"block\" data-pf_style_visibility=\"visible\">\n<p class=\"added-to-list1\" data-pf_style_display=\"block\" data-pf_style_visibility=\"visible\"><strong data-pf_style_display=\"inline\" data-pf_style_visibility=\"visible\"><span class=\"text-node\">Nobre<\/span><\/strong><span class=\"text-node\"> exige mais financiamento dos pa\u00edses ricos para a <\/span><a href=\"https:\/\/www.ihu.unisinos.br\/categorias\/627098-emissoes-por-desmatamento-e-degradacao-superam-as-taxas-de-regeneracao-florestal\" target=\"_blank\" rel=\"noopener noreferrer\" data-pf_style_display=\"inline\" data-pf_style_visibility=\"visible\"><span class=\"text-node\">conserva\u00e7\u00e3o das florestas tropicais<\/span><\/a><span class=\"text-node\"> e \u00e9 inflex\u00edvel quanto \u00e0 necessidade de parar a <\/span><strong data-pf_style_display=\"inline\" data-pf_style_visibility=\"visible\"><span class=\"text-node\">explora\u00e7\u00e3o do petr\u00f3leo<\/span><\/strong><span class=\"text-node\">. \u201c\u00c9 imposs\u00edvel evitar um aumento de\u00a01,5 grau da temperatura se continuarmos a explorar as \u00e1reas de combust\u00edveis f\u00f3sseis j\u00e1 exploradas\u201d, afirma. \u201cO crescimento de <\/span><a href=\"https:\/\/www.ihu.unisinos.br\/categorias\/610254-vou-explicar-como-funciona-a-maquina-do-negacionismo-climatico-entrevista-com-stella-levantesi\" target=\"_blank\" rel=\"noopener noreferrer\" data-pf_style_display=\"inline\" data-pf_style_visibility=\"visible\"><span class=\"text-node\">pol\u00edticos populistas negacionistas<\/span><\/a><span class=\"text-node\">\u201d \u00e9 uma das suas maiores preocupa\u00e7\u00f5es.<\/span><\/p>\n<p class=\"added-to-list1\" data-pf_style_display=\"block\" data-pf_style_visibility=\"visible\"><strong data-pf_style_display=\"inline\" data-pf_style_visibility=\"visible\"><span class=\"text-node\">Carlos Nobre<\/span><\/strong><span class=\"text-node\"> coordenou, em 2023, o estudo<\/span><a href=\"https:\/\/www.ihu.unisinos.br\/categorias\/159-entrevistas\/588962-bioeconomia-um-modelo-de-desenvolvimento-para-o-brasil-entrevista-especial-com-carlos-nobre\" target=\"_blank\" rel=\"noopener noreferrer\" data-pf_style_display=\"inline\" data-pf_style_visibility=\"visible\"><span class=\"text-node\">\u00a0intitulado \u201cNova Economia Amaz\u00f4nica\u201d<\/span><\/a><span class=\"text-node\"> do <\/span><strong data-pf_style_display=\"inline\" data-pf_style_visibility=\"visible\"><span class=\"text-node\">World Resources Institute Brasil<\/span><\/strong><span class=\"text-node\">, que comprovou que a Amaz\u00f4nia gera mais valor econ\u00f4mico se permanecer em p\u00e9 do que se for desmatada. O PIB da regi\u00e3o aumentaria 67% com a explora\u00e7\u00e3o de produtos da <\/span><a href=\"https:\/\/www.ihu.unisinos.br\/categorias\/620101-bioeconomia-a-evolucao-do-agro-que-mira-na-sociobiodiversidade-brasileira\" target=\"_blank\" rel=\"noopener noreferrer\" data-pf_style_display=\"inline\" data-pf_style_visibility=\"visible\"><span class=\"text-node\">bioeconomia <\/span><\/a><span class=\"text-node\">(s\u00e3o plantados preservando a floresta tropical).<\/span><\/p>\n<p class=\"added-to-list1\" data-pf_style_display=\"block\" data-pf_style_visibility=\"visible\"><span class=\"text-node\">A entrevista foi realizada antes das tr\u00e1gicas chuvas no <\/span><strong data-pf_style_display=\"inline\" data-pf_style_visibility=\"visible\"><span class=\"text-node\">Rio Grande do Sul<\/span><\/strong><span class=\"text-node\"> e finalizada depois delas. As inunda\u00e7\u00f5es, as mais graves da hist\u00f3ria, causaram at\u00e9 agora a morte de 113 pessoas e o deslocamento de 337 mil pessoas.<\/span><\/p>\n<p class=\"added-to-list1\" data-pf_style_display=\"block\" data-pf_style_visibility=\"visible\"><strong data-pf_style_display=\"inline\" data-pf_style_visibility=\"visible\"><span class=\"text-node\">Qual a rela\u00e7\u00e3o entre as devastadoras enchentes no Rio Grande do Sul e o aquecimento global?<\/span><\/strong><\/p>\n<p class=\"added-to-list1\" data-pf_style_display=\"block\" data-pf_style_visibility=\"visible\"><span class=\"text-node\">O <\/span><a href=\"https:\/\/ihu.unisinos.br\/633863-aquecimento-global-50-de-chance-de-atingir-1-5-c-antes-de-2030\" target=\"_blank\" rel=\"noopener noreferrer\" data-pf_style_display=\"inline\" data-pf_style_visibility=\"visible\"><span class=\"text-node\">aquecimento global<\/span><\/a><span class=\"text-node\"> est\u00e1 tornando os <\/span><strong data-pf_style_display=\"inline\" data-pf_style_visibility=\"visible\"><span class=\"text-node\">eventos extremos<\/span><\/strong><span class=\"text-node\"> mais frequentes e provocando a ocorr\u00eancia de novos eventos em locais sem precedentes. Por que chove mais? H\u00e1 mais evapora\u00e7\u00e3o da \u00e1gua dos oceanos. \u00c0 medida que a atmosfera \u00e9 mais quente, ela armazena mais umidade. As fortes chuvas causam <\/span><a href=\"https:\/\/www.ihu.unisinos.br\/categorias\/621224-ondas-de-calor\" target=\"_blank\" rel=\"noopener noreferrer\" data-pf_style_display=\"inline\" data-pf_style_visibility=\"visible\"><span class=\"text-node\">secas e ondas de calor<\/span><\/a><span class=\"text-node\"> em outros lugares. As <\/span><a href=\"https:\/\/www.ihu.unisinos.br\/categorias\/639288-numero-de-atingidos-pelas-enchentes-no-rio-grande-do-sul-chega-a-1-7-milhao\" target=\"_blank\" rel=\"noopener noreferrer\" data-pf_style_display=\"inline\" data-pf_style_visibility=\"visible\"><span class=\"text-node\">enchentes no Rio Grande do Sul<\/span><\/a><span class=\"text-node\"> s\u00e3o causadas pelo bloqueio das ondas. A alta press\u00e3o permaneceu no sudeste e centro-oeste do Brasil, e a circula\u00e7\u00e3o de nuvens e chuva foi bloqueada.<\/span><\/p>\n<p class=\"news-citacao added-to-list1\"><span class=\"twitter-quote\" data-pf_style_display=\"inline\" data-pf_style_visibility=\"visible\"><span class=\"text-node\">O Rio Grande do Sul abriga um dos maiores n\u00fameros de negacionistas do Brasil\u00a0\u2013 Carlos Nobre<\/span><\/span><\/p>\n<p class=\"added-to-list1\" data-pf_style_display=\"block\" data-pf_style_visibility=\"visible\"><strong data-pf_style_display=\"inline\" data-pf_style_visibility=\"visible\"><span class=\"text-node\">O governador do Rio Grande do Sul, Eduardo Leite, do Partido da Social Democracia Brasileira (PSDB), tem sido muito criticado atualmente porque <\/span><\/strong><strong data-pf_style_display=\"inline\" data-pf_style_visibility=\"visible\"><span class=\"text-node\">seu governo vetou pol\u00edticas ambientais. O que poderia ter sido evitado com pol\u00edticas ambientais? O que pode ser feito para evitar trag\u00e9dias futuras?<\/span><\/strong><\/p>\n<p class=\"added-to-list1\" data-pf_style_display=\"block\" data-pf_style_visibility=\"visible\"><span class=\"text-node\">O<\/span><strong data-pf_style_display=\"inline\" data-pf_style_visibility=\"visible\"><span class=\"text-node\"> Rio Grande do Sul<\/span><\/strong><span class=\"text-node\"> abriga um dos maiores n\u00fameros de negacionistas do Brasil. Em 2019, <\/span><strong data-pf_style_display=\"inline\" data-pf_style_visibility=\"visible\"><span class=\"text-node\">Leite<\/span><\/strong><span class=\"text-node\"> acertou com a <\/span><strong data-pf_style_display=\"inline\" data-pf_style_visibility=\"visible\"><span class=\"text-node\">Assembleia Legislativa<\/span><\/strong><span class=\"text-node\"> uma s\u00e9rie de medidas que enfraqueceram a prote\u00e7\u00e3o ambiental e a biodiversidade, todas com uma vis\u00e3o de expans\u00e3o total da ind\u00fastria agr\u00edcola. Se as margens dos rios fossem reflorestadas, o solo absorveria mais \u00e1gua. Nem toda a \u00e1gua da chuva iria para o rio, parte ficaria no solo.<\/span><strong data-pf_style_display=\"inline\" data-pf_style_visibility=\"visible\"><br data-pf_style_display=\"inline\" data-pf_style_visibility=\"visible\" \/><\/strong><\/p>\n<p class=\"added-to-list1\" data-pf_style_display=\"block\" data-pf_style_visibility=\"visible\"><strong data-pf_style_display=\"inline\" data-pf_style_visibility=\"visible\"><span class=\"text-node\">Em entrevista recente, voc\u00ea afirmou que uma pessoa nascida na d\u00e9cada de 60 experimentar\u00e1 cinco ou seis ondas de calor ao longo da vida. Um beb\u00ea nascido em 2020 experimentar\u00e1 trinta ondas de calor. O aquecimento global acelerou mais do que o esperado?<\/span><\/strong><\/p>\n<p class=\"added-to-list1\" data-pf_style_display=\"block\" data-pf_style_visibility=\"visible\"><span class=\"text-node\">Esse estudo foi feito com dados de 2020. Os dados de 2023 e 2024 batem <\/span><a href=\"https:\/\/www.ihu.unisinos.br\/639243-recordes-de-calor-e-eventos-extremos-mostram-vulnerabilidade-climatica-da-america-latina\" target=\"_blank\" rel=\"noopener noreferrer\" data-pf_style_display=\"inline\" data-pf_style_visibility=\"visible\"><span class=\"text-node\">recordes de ondas de calor<\/span><\/a><span class=\"text-node\">. Portanto, um beb\u00ea de 2020 enfrentar\u00e1 mais de trinta ondas de calor durante sua vida. A m\u00eddia divulga amplamente o impacto das chuvas torrenciais, mas a ci\u00eancia mostra que o evento clim\u00e1tico extremo que causa mais mortes \u00e9 a onda de calor. A onda de calor de 2007 matou quinze mil pessoas na <\/span><strong data-pf_style_display=\"inline\" data-pf_style_visibility=\"visible\"><span class=\"text-node\">Fran\u00e7a<\/span><\/strong><span class=\"text-node\"> e na <\/span><strong data-pf_style_display=\"inline\" data-pf_style_visibility=\"visible\"><span class=\"text-node\">Espanha<\/span><\/strong><span class=\"text-node\">, porque muito poucas pessoas tinham ar condicionado. O ver\u00e3o de 2022 matou 65 mil pessoas na Europa, principalmente mulheres com mais de oitenta anos. As cidades sofrem com a chamada <\/span><a href=\"https:\/\/www.ihu.unisinos.br\/categorias\/609615-ilhas-de-calor-urbano-aumentam-o-estresse-termico-nas-arvores\" target=\"_blank\" rel=\"noopener noreferrer\" data-pf_style_display=\"inline\" data-pf_style_visibility=\"visible\"><span class=\"text-node\">ilha de calor urbana<\/span><\/a><span class=\"text-node\">, o asfalto absorve muito calor e mant\u00e9m a temperatura muito elevada, principalmente \u00e0 noite.<\/span><\/p>\n<p class=\"news-citacao added-to-list1\"><span class=\"twitter-quote\" data-pf_style_display=\"inline\" data-pf_style_visibility=\"visible\"><span class=\"text-node\">A m\u00eddia divulga amplamente o impacto das chuvas torrenciais, mas a ci\u00eancia mostra que o evento clim\u00e1tico extremo que causa mais mortes \u00e9 a onda de calor \u2013 Carlos Nobre<\/span><\/span><\/p>\n<p class=\"added-to-list1\" data-pf_style_display=\"block\" data-pf_style_visibility=\"visible\"><strong data-pf_style_display=\"inline\" data-pf_style_visibility=\"visible\"><span class=\"text-node\">Como explicaria as consequ\u00eancias de um aumento de 1,5 grau na temperatura do planeta at\u00e9 2050 para algu\u00e9m no norte do mundo que v\u00ea o aquecimento clim\u00e1tico como algo distante?<\/span><\/strong><\/p>\n<p class=\"added-to-list1\" data-pf_style_display=\"block\" data-pf_style_visibility=\"visible\"><span class=\"text-node\">A <\/span><strong data-pf_style_display=\"inline\" data-pf_style_visibility=\"visible\"><span class=\"text-node\">Europa<\/span><\/strong><span class=\"text-node\"> bateu n\u00fameros recordes de secas e ondas de calor nos \u00faltimos anos. Fortes chuvas na <\/span><strong data-pf_style_display=\"inline\" data-pf_style_visibility=\"visible\"><span class=\"text-node\">Alemanha<\/span><\/strong><span class=\"text-node\"> mataram mais de 100 pessoas. Um megainc\u00eandio devastou a <\/span><strong data-pf_style_display=\"inline\" data-pf_style_visibility=\"visible\"><span class=\"text-node\">Gr\u00e9cia<\/span><\/strong><span class=\"text-node\">. Extremos est\u00e3o a acontecer em todo o mundo e tamb\u00e9m na Europa. Mesmo que n\u00e3o sejam afetados por furac\u00f5es, os europeus n\u00e3o podem pensar que est\u00e3o fora dos extremos.<\/span><\/p>\n<p class=\"added-to-list1\" data-pf_style_display=\"block\" data-pf_style_visibility=\"visible\"><strong data-pf_style_display=\"inline\" data-pf_style_visibility=\"visible\"><span class=\"text-node\">Qual \u00e9 a rela\u00e7\u00e3o entre o desmatamento de florestas tropicais e eventos clim\u00e1ticos extremos?<\/span><\/strong><\/p>\n<p class=\"added-to-list1\" data-pf_style_display=\"block\" data-pf_style_visibility=\"visible\"><span class=\"text-node\">O <\/span><a href=\"https:\/\/www.ihu.unisinos.br\/categorias\/629565-desmatamento-nos-biomas-do-brasil-cresceu-22-3-em-2022\" target=\"_blank\" rel=\"noopener noreferrer\" data-pf_style_display=\"inline\" data-pf_style_visibility=\"visible\"><span class=\"text-node\">desmatamento <\/span><\/a><span class=\"text-node\">tem ocorrido mais nas florestas tropicais h\u00e1 muitas d\u00e9cadas. O desmatamento \u00e9 respons\u00e1vel por uma quantidade relativamente pequena de <\/span><strong data-pf_style_display=\"inline\" data-pf_style_visibility=\"visible\"><span class=\"text-node\">emiss\u00f5es de gases de efeito estufa<\/span><\/strong><span class=\"text-node\">, cerca de 12%. Mas no mundo a queima de combust\u00edveis f\u00f3sseis contribui com 70% das emiss\u00f5es. Portanto, n\u00e3o podemos dizer que o desmatamento esteja causando altera\u00e7\u00f5es clim\u00e1ticas. No Brasil, at\u00e9 2022, o desmatamento contribuiu para 50% das emiss\u00f5es.<\/span><\/p>\n<p class=\"added-to-list1\" data-pf_style_display=\"block\" data-pf_style_visibility=\"visible\"><strong data-pf_style_display=\"inline\" data-pf_style_visibility=\"visible\"><span class=\"text-node\">Deixe-me reformular a pergunta: qual a import\u00e2ncia de manter a Amaz\u00f4nia em p\u00e9, para conservar a temperatura, a umidade e as chuvas do mundo?<\/span><\/strong><\/p>\n<p class=\"added-to-list1\" data-pf_style_display=\"block\" data-pf_style_visibility=\"visible\"><span class=\"text-node\">A <\/span><a href=\"https:\/\/www.google.com\/search?q=floresta+amaz%C3%B4nica+ihu&amp;oq=floresta+amaz%C3%B4nica+ihu&amp;aqs=chrome..69i57j33i160l2.1219j0j4&amp;sourceid=chrome&amp;ie=UTF-8\" data-pf_style_display=\"inline\" data-pf_style_visibility=\"visible\"><span class=\"text-node\">floresta amaz\u00f4nica<\/span><\/a><span class=\"text-node\"> recebe em m\u00e9dia 2,2 ou 2,3 \u200b\u200bmetros de chuva por ano. Absorve uma grande quantidade de carbono da atmosfera e despeja-o no solo e nas \u00e1rvores, mais de 150 mil milh\u00f5es de toneladas de carbono. Proteger a <\/span><strong data-pf_style_display=\"inline\" data-pf_style_visibility=\"visible\"><span class=\"text-node\">Amaz\u00f4nia<\/span><\/strong><span class=\"text-node\"> \u00e9 essencial para o planeta. A selva \u00e9 muito eficiente na reciclagem de \u00e1gua. 55% do vapor d&#8217;\u00e1gua que vem do Oceano Atl\u00e2ntico retorna ao oceano atrav\u00e9s do Rio Amazonas. 45% vai pelo ar.<\/span><\/p>\n<p class=\"added-to-list1\" data-pf_style_display=\"block\" data-pf_style_visibility=\"visible\"><strong data-pf_style_display=\"inline\" data-pf_style_visibility=\"visible\"><span class=\"text-node\">Os famosos rios voadores. Explique como funciona, por favor.<\/span><\/strong><\/p>\n<p class=\"added-to-list1\" data-pf_style_display=\"block\" data-pf_style_visibility=\"visible\"><span class=\"text-node\">O vapor d&#8217;\u00e1gua entra na Amaz\u00f4nia, sobe, condensa, vira \u00e1gua l\u00edquida, gota de chuva. 75% da \u00e1gua \u00e9 reciclada, principalmente gra\u00e7as \u00e0 transpira\u00e7\u00e3o das folhas e \u00e0 evapora\u00e7\u00e3o da \u00e1gua. A \u00e1gua ent\u00e3o sobe e sai da floresta tropical para alimentar os sistemas pluviais fora da Amaz\u00f4nia, principalmente no centro-oeste do Brasil, sul da Am\u00e9rica do Sul, Uruguai, Paraguai e parte da Argentina.<\/span><\/p>\n<p class=\"news-citacao added-to-list1\"><span class=\"twitter-quote\" data-pf_style_display=\"inline\" data-pf_style_visibility=\"visible\"><span class=\"text-node\">O agroneg\u00f3cio em todo o mundo, incluindo a Espanha, \u00e9 o setor econ\u00f4mico mais negacionista do mundo\u00a0\u2013 Carlos Nobre<\/span><\/span><\/p>\n<p class=\"added-to-list1\" data-pf_style_display=\"block\" data-pf_style_visibility=\"visible\"><strong data-pf_style_display=\"inline\" data-pf_style_visibility=\"visible\"><span class=\"text-node\">O agroneg\u00f3cio (agricultura extensiva) no Brasil e no sul do continente depende muito dessas chuvas. Por que esse setor \u00e9 t\u00e3o negacionista e n\u00e3o entende a import\u00e2ncia de manter a Amaz\u00f4nia de p\u00e9?<\/span><\/strong><\/p>\n<p class=\"added-to-list1\" data-pf_style_display=\"block\" data-pf_style_visibility=\"visible\"><span class=\"text-node\">O agroneg\u00f3cio em todo o mundo, incluindo a <\/span><strong data-pf_style_display=\"inline\" data-pf_style_visibility=\"visible\"><span class=\"text-node\">Espanha<\/span><\/strong><span class=\"text-node\">, \u00e9 o setor econ\u00f4mico mais negacionista do mundo. 70% das emiss\u00f5es s\u00e3o provenientes do setor energ\u00e9tico. Apostam numa transi\u00e7\u00e3o energ\u00e9tica lenta, mas n\u00e3o s\u00e3o negacionistas.<\/span><\/p>\n<p class=\"added-to-list1\" data-pf_style_display=\"block\" data-pf_style_visibility=\"visible\"><strong data-pf_style_display=\"inline\" data-pf_style_visibility=\"visible\"><span class=\"text-node\">Tendo tido um presidente negacionista como o Bolsonaro, acho que n\u00e3o ajudou muito&#8230;<\/span><\/strong><\/p>\n<p class=\"added-to-list1\" data-pf_style_display=\"block\" data-pf_style_visibility=\"visible\"><span class=\"text-node\">O <\/span><a href=\"https:\/\/www.ihu.unisinos.br\/categorias\/629334-os-negacionistas-do-clima#:~:text=O%20negacionismo%20ambiental%20decorre%20dessa,parecem%2C%20com%20raz%C3%A3o%2C%20incontrol%C3%A1veis%3F\" target=\"_blank\" rel=\"noopener noreferrer\" data-pf_style_display=\"inline\" data-pf_style_visibility=\"visible\"><span class=\"text-node\">crescimento de pol\u00edticos populistas negacionistas<\/span><\/a><span class=\"text-node\">\u00e9 um risco enorme. <\/span><strong data-pf_style_display=\"inline\" data-pf_style_visibility=\"visible\"><span class=\"text-node\">Bolsonaro<\/span><\/strong><span class=\"text-node\"> n\u00e3o \u00e9 o \u00fanico. <\/span><strong data-pf_style_display=\"inline\" data-pf_style_visibility=\"visible\"><span class=\"text-node\">Milei<\/span><\/strong><span class=\"text-node\">\u00e9 uma negacionista. <\/span><strong data-pf_style_display=\"inline\" data-pf_style_visibility=\"visible\"><span class=\"text-node\">Trump<\/span><\/strong><span class=\"text-node\"> \u00e9 um super negacionista. Quando era presidente, retirou os Estados Unidos do <\/span><a href=\"https:\/\/www.ihu.unisinos.br\/621860-o-fracasso-do-acordo-de-paris-causas-%20e-alternativas\" target=\"_blank\" rel=\"noopener noreferrer\" data-pf_style_display=\"inline\" data-pf_style_visibility=\"visible\"><span class=\"text-node\">Acordo de Paris<\/span><\/a><span class=\"text-node\">. N\u00e3o querem admitir os riscos das altera\u00e7\u00f5es clim\u00e1ticas e n\u00e3o querem implementar medidas. Trump j\u00e1 disse que, se vencer, autorizar\u00e1 a explora\u00e7\u00e3o de petr\u00f3leo e g\u00e1s natural. Durante o governo Bolsonaro, as emiss\u00f5es, o desmatamento e a degrada\u00e7\u00e3o aumentaram muito. Bolsonaro apareceu em 2021 na <\/span><a href=\"https:\/\/www.ihu.unisinos.br\/categorias\/593728-raposa-serra-do-sol-como-esta-a-terra-indigena-apos-uma-decada-da-historica-decisao-do-stf\" target=\"_blank\" rel=\"noopener noreferrer\" data-pf_style_display=\"inline\" data-pf_style_visibility=\"visible\"><span class=\"text-node\">Reserva Ind\u00edgena Raposa Serra do Sol<\/span><\/a><span class=\"text-node\">, em <\/span><strong data-pf_style_display=\"inline\" data-pf_style_visibility=\"visible\"><span class=\"text-node\">Roraima<\/span><\/strong><span class=\"text-node\">, com garimpeiros ilegais. Deveria ter provocado um processo judicial, porque incentivar a extra\u00e7\u00e3o mineral em reserva ind\u00edgena \u00e9 proibido pela Constitui\u00e7\u00e3o.<\/span><\/p>\n<p class=\"added-to-list1\" data-pf_style_display=\"block\" data-pf_style_visibility=\"visible\"><strong data-pf_style_display=\"inline\" data-pf_style_visibility=\"visible\"><span class=\"text-node\">Os povos ind\u00edgenas do Brasil vivem um momento de m\u00e1xima visibilidade. Chegou a hora de reconhec\u00ea-los como os grandes guardi\u00f5es da selva e de trabalhar e aprender com eles?<\/span><\/strong><\/p>\n<p class=\"added-to-list1\" data-pf_style_display=\"block\" data-pf_style_visibility=\"visible\"><span class=\"text-node\">Nunca tivemos o que estamos vivendo nos \u00faltimos anos, principalmente a partir de 2023, com o governo<\/span><strong data-pf_style_display=\"inline\" data-pf_style_visibility=\"visible\"><span class=\"text-node\"> Lula<\/span><\/strong><span class=\"text-node\">, com a ministra <\/span><strong data-pf_style_display=\"inline\" data-pf_style_visibility=\"visible\"><span class=\"text-node\">Marina Silva<\/span><\/strong><span class=\"text-node\"> (Meio Ambiente e Mudan\u00e7as Clim\u00e1ticas), com o ministro <\/span><strong data-pf_style_display=\"inline\" data-pf_style_visibility=\"visible\"><span class=\"text-node\">Haddad<\/span><\/strong><span class=\"text-node\"> (Economia), lan\u00e7ando a transi\u00e7\u00e3o ecol\u00f3gica da economia brasileira. Os ind\u00edgenas nunca tiveram tanta representatividade. O Brasil tem todas as condi\u00e7\u00f5es para ser um dos l\u00edderes mundiais na prote\u00e7\u00e3o dos povos ind\u00edgenas que mant\u00eam os ecossistemas. \u00c9 um desafio, nada f\u00e1cil, porque o Congresso defende a continuidade da expans\u00e3o agr\u00edcola em todos os biomas do Brasil.<\/span><\/p>\n<p class=\"news-citacao added-to-list1\"><span class=\"twitter-quote\" data-pf_style_display=\"inline\" data-pf_style_visibility=\"visible\"><span class=\"text-node\">\u00c9 imposs\u00edvel evitar um aumento de um grau e meio de temperatura se continuarmos a explorar as \u00e1reas de combust\u00edveis f\u00f3sseis j\u00e1 exploradas\u00a0\u2013 Carlos Nobre<\/span><\/span><\/p>\n<p class=\"added-to-list1\" data-pf_style_display=\"block\" data-pf_style_visibility=\"visible\"><strong data-pf_style_display=\"inline\" data-pf_style_visibility=\"visible\"><span class=\"text-node\">O governo Lula acredita na ci\u00eancia, conseguiu reduzir o desmatamento e reconheceu novas reservas ind\u00edgenas. No entanto, quer continuar a explorar petr\u00f3leo. Especificamente, abrir novos po\u00e7os na foz do Rio Amazonas. N\u00e3o \u00e9 contradit\u00f3rio?<\/span><\/strong><\/p>\n<p class=\"added-to-list1\" data-pf_style_display=\"block\" data-pf_style_visibility=\"visible\"><span class=\"text-node\">\u00c9 imposs\u00edvel evitar um aumento de um grau e meio de temperatura se continuarmos a explorar as \u00e1reas de combust\u00edveis f\u00f3sseis j\u00e1 exploradas. Novas minas de carv\u00e3o e po\u00e7os de petr\u00f3leo e g\u00e1s natural n\u00e3o fazem sentido. Nem no Brasil nem no resto do mundo. O Brasil tem um enorme potencial em energia renov\u00e1vel, hidrel\u00e9trica, e\u00f3lica e solar. Esses dois est\u00e3o crescendo muito. O Brasil tamb\u00e9m poderia avan\u00e7ar rapidamente na eletrifica\u00e7\u00e3o de ve\u00edculos.<\/span><\/p>\n<p class=\"added-to-list1\" data-pf_style_display=\"block\" data-pf_style_visibility=\"visible\"><strong data-pf_style_display=\"inline\" data-pf_style_visibility=\"visible\"><span class=\"text-node\">Ap\u00f3s o Acordo de Paris, os pa\u00edses ricos comprometeram-se a financiar parte das medidas necess\u00e1rias para evitar o aquecimento clim\u00e1tico. No entanto, 60% s\u00e3o cr\u00e9ditos e n\u00e3o doa\u00e7\u00f5es. \u00c9 suficiente ou os pa\u00edses ricos deveriam contribuir mais?<\/span><\/strong><\/p>\n<p class=\"added-to-list1\" data-pf_style_display=\"block\" data-pf_style_visibility=\"visible\"><span class=\"text-node\">N\u00e3o chegaram fundos em 2021, 2022, 2023. Este ano, talvez cheguem 100 mil milh\u00f5es de d\u00f3lares. Al\u00e9m disso, 60% s\u00e3o empr\u00e9stimos para apoiar a transi\u00e7\u00e3o energ\u00e9tica dos pa\u00edses em desenvolvimento. O m\u00ednimo necess\u00e1rio seria de 700 bilh\u00f5es de d\u00f3lares. No Egito, em 2022, foi feito um fundo de 800 milh\u00f5es. \u00c9 muito pouco para o que \u00e9 necess\u00e1rio. Os pa\u00edses ricos deveriam investir muito mais.<\/span><\/p>\n<p class=\"added-to-list1\" data-pf_style_display=\"block\" data-pf_style_visibility=\"visible\"><strong data-pf_style_display=\"inline\" data-pf_style_visibility=\"visible\"><span class=\"text-node\">Por que o financiamento internacional \u00e9 t\u00e3o crucial para evitar o \u201cponto sem retorno\u201d da Amaz\u00f4nia?<\/span><\/strong><\/p>\n<p class=\"added-to-list1\" data-pf_style_display=\"block\" data-pf_style_visibility=\"visible\"><strong data-pf_style_display=\"inline\" data-pf_style_visibility=\"visible\"><span class=\"text-node\">Lula<\/span><\/strong><span class=\"text-node\"> defende em seus discursos, com raz\u00e3o, que os pa\u00edses ricos financiem pa\u00edses com florestas tropicais. Na <\/span><a href=\"https:\/\/www.ihu.unisinos.br\/categorias\/634923-cop28-um-evento-midiatico-extremo-que-ignora-o-iminente-colapso-climatico-ambiental\" target=\"_blank\" rel=\"noopener noreferrer\" data-pf_style_display=\"inline\" data-pf_style_visibility=\"visible\"><span class=\"text-node\">COP28<\/span><\/a><span class=\"text-node\">, o Brasil lan\u00e7ou o Projeto Arco de Restaura\u00e7\u00e3o Florestal, para reflorestar 24 milh\u00f5es de hectares at\u00e9 2050. Custa 40 bilh\u00f5es de d\u00f3lares. \u00c9 importante que os ricos ajudem. Tamb\u00e9m para criar uma infraestrutura sustent\u00e1vel para a Amaz\u00f4nia, transporte, energia. Por outro lado, o <\/span><strong data-pf_style_display=\"inline\" data-pf_style_visibility=\"visible\"><span class=\"text-node\">Fundo Amaz\u00f4nia<\/span><\/strong><span class=\"text-node\"> do governo obteve uma doa\u00e7\u00e3o de 14 bilh\u00f5es de d\u00f3lares, mas precisamos de 100 bilh\u00f5es para reflorestar e criar uma nova bioeconomia com os produtos da biodiversidade.<\/span><\/p>\n<p class=\"news-citacao added-to-list1\"><span class=\"twitter-quote\" data-pf_style_display=\"inline\" data-pf_style_visibility=\"visible\"><span class=\"text-node\">Se continuarmos com uma economia tradicional na Amaz\u00f4nia, uma quantidade imensa ser\u00e1 desmatada\u00a0\u2013 Carlos Nobre<\/span><\/span><\/p>\n<p class=\"added-to-list1\" data-pf_style_display=\"block\" data-pf_style_visibility=\"visible\"><strong data-pf_style_display=\"inline\" data-pf_style_visibility=\"visible\"><span class=\"text-node\">No ano passado voc\u00ea coordenou o relat\u00f3rio Nova Economia da Amaz\u00f4nia do World Resources Institute Brasil (WRI). Se o desmatamento da selva for evitado e a bioeconomia for comprometida, estima-se um aumento de 67% no PIB da regi\u00e3o e um saldo positivo de 312 mil empregos na Amaz\u00f4nia brasileira&#8230;<\/span><\/strong><\/p>\n<p class=\"added-to-list1\" data-pf_style_display=\"block\" data-pf_style_visibility=\"visible\"><span class=\"text-node\">Se continuarmos com uma economia tradicional na <\/span><strong data-pf_style_display=\"inline\" data-pf_style_visibility=\"visible\"><span class=\"text-node\">Amaz\u00f4nia<\/span><\/strong><span class=\"text-node\">, uma quantidade imensa ser\u00e1 desmatada. Al\u00e9m disso, os produtos da biodiversidade gerariam uma economia maior e mais empregos do que a pecu\u00e1ria e a agricultura tradicionais, e n\u00e3o adicionamos cr\u00e9ditos de carbono, que poderiam multiplicar por dois ou tr\u00eas o <\/span><a href=\"https:\/\/www.ihu.unisinos.br\/categorias\/628552-amazonia-em-pe-vale-sete-vezes-mais-do-que-lucro-de-exploracao-diz-banco-mundial#:~:text=A%20estimativa%20considera%20que%20a,R%24%201%2C5%20trilh%C3%A3o.\" target=\"_blank\" rel=\"noopener noreferrer\" data-pf_style_display=\"inline\" data-pf_style_visibility=\"visible\"><span class=\"text-node\">valor da floresta em p\u00e9<\/span><\/a><span class=\"text-node\">. Al\u00e9m disso, os sistemas agroflorestais (que combinam a explora\u00e7\u00e3o de recursos e a floresta em p\u00e9) empregam 10 a 20 vezes mais pessoas do que a pecu\u00e1ria ou a soja.<\/span><\/p>\n<p class=\"added-to-list1\" data-pf_style_display=\"block\" data-pf_style_visibility=\"visible\"><strong data-pf_style_display=\"inline\" data-pf_style_visibility=\"visible\"><span class=\"text-node\">Seu irm\u00e3o Ant\u00f4nio Donato Nobre, no relat\u00f3rio O Futuro Clim\u00e1tico da Amaz\u00f4nia, fala sobre o oceano verde, comparando a selva a um parque tecnol\u00f3gico. Qual a import\u00e2ncia de construir narrativas para inventar uma nova hist\u00f3ria inspiradora e novos imagin\u00e1rios?<\/span><\/strong><\/p>\n<p class=\"added-to-list1\" data-pf_style_display=\"block\" data-pf_style_visibility=\"visible\"><span class=\"text-node\">\u00c9 um enorme desafio cultural e filos\u00f3fico. Se conseguimos demonstrar que a agricultura e a pecu\u00e1ria regenerativas s\u00e3o mais produtivas, mais lucrativas, \u00e9 um mist\u00e9rio cultural que o setor do agroneg\u00f3cio esteja em nega\u00e7\u00e3o. O pecuarista quer expandir mais, dominar grandes \u00e1reas&#8230;<\/span><\/p>\n<p class=\"added-to-list1\" data-pf_style_display=\"block\" data-pf_style_visibility=\"visible\"><strong data-pf_style_display=\"inline\" data-pf_style_visibility=\"visible\"><span class=\"text-node\">H\u00e1 esperan\u00e7a?<\/span><\/strong><\/p>\n<p class=\"added-to-list1\" data-pf_style_display=\"block\" data-pf_style_visibility=\"visible\"><span class=\"text-node\">Os jovens de todo o mundo est\u00e3o muito mais preocupados com o futuro. A taxa de suic\u00eddio entre os jovens tem aumentado, porque eles est\u00e3o muito preocupados com o futuro do planeta. Eles v\u00e3o sofrer esse futuro e j\u00e1 est\u00e3o sofrendo. Temos que trabalhar com eles na universidade, para formar futuros l\u00edderes, n\u00e3o s\u00f3 cientistas, mas tamb\u00e9m l\u00edderes empresariais desta nova economia sustent\u00e1vel. Eu sou otimista. N\u00e3o basta fazer isso em um ano, mas talvez em uma ou duas d\u00e9cadas.<\/span><\/p>\n<\/section>\n","protected":false},"excerpt":{"rendered":"<p>Humanitas Unisinos, Alex Rocha | PMPA &#8211; Carlos Nobre (S\u00e3o Paulo, 1951) \u00e9 uma esp\u00e9cie de astro do rock nos estudos sobre mudan\u00e7as clim\u00e1ticas. Poucos meteorologistas t\u00eam tantos louros internacionais como ele. Ao longo da sua vida, acumulou cargos relevantes, como chefe do Comit\u00ea Cient\u00edfico do Programa Internacional Geosfera Biosfera, conselheiro cient\u00edfico do Painel de&#8230;<a class=\"more-link\" href=\"http:\/\/blogdalucianaoliveira.com.br\/blog\/2024\/05\/13\/o-crescimento-de-politicos-populistas-negacionistas-e-um-risco-enorme-entrevista-com-carlos-nobre\/\">Continue a leitura <span class=\"meta-nav\">&raquo;<\/span><\/a><\/p>\n","protected":false},"author":1,"featured_media":0,"comment_status":"closed","ping_status":"open","sticky":false,"template":"","format":"standard","meta":{"_exactmetrics_skip_tracking":false,"_exactmetrics_sitenote_active":false,"_exactmetrics_sitenote_note":"","_exactmetrics_sitenote_category":0,"jetpack_post_was_ever_published":false,"_jetpack_newsletter_access":"","_jetpack_dont_email_post_to_subs":false,"_jetpack_newsletter_tier_id":0,"_jetpack_memberships_contains_paywalled_content":false,"_jetpack_memberships_contains_paid_content":false,"footnotes":"","jetpack_publicize_message":"","jetpack_publicize_feature_enabled":true,"jetpack_social_post_already_shared":true,"jetpack_social_options":{"image_generator_settings":{"template":"highway","enabled":false},"version":2}},"categories":[1],"tags":[952,956],"class_list":["post-35115","post","type-post","status-publish","format-standard","hentry","category-notas","tag-crise-climatica","tag-recuperacao"],"jetpack_publicize_connections":[],"jetpack_sharing_enabled":true,"jetpack_featured_media_url":"","jetpack_shortlink":"https:\/\/wp.me\/p7wKYW-98n","jetpack-related-posts":[],"_links":{"self":[{"href":"http:\/\/blogdalucianaoliveira.com.br\/blog\/wp-json\/wp\/v2\/posts\/35115","targetHints":{"allow":["GET"]}}],"collection":[{"href":"http:\/\/blogdalucianaoliveira.com.br\/blog\/wp-json\/wp\/v2\/posts"}],"about":[{"href":"http:\/\/blogdalucianaoliveira.com.br\/blog\/wp-json\/wp\/v2\/types\/post"}],"author":[{"embeddable":true,"href":"http:\/\/blogdalucianaoliveira.com.br\/blog\/wp-json\/wp\/v2\/users\/1"}],"replies":[{"embeddable":true,"href":"http:\/\/blogdalucianaoliveira.com.br\/blog\/wp-json\/wp\/v2\/comments?post=35115"}],"version-history":[{"count":1,"href":"http:\/\/blogdalucianaoliveira.com.br\/blog\/wp-json\/wp\/v2\/posts\/35115\/revisions"}],"predecessor-version":[{"id":35117,"href":"http:\/\/blogdalucianaoliveira.com.br\/blog\/wp-json\/wp\/v2\/posts\/35115\/revisions\/35117"}],"wp:attachment":[{"href":"http:\/\/blogdalucianaoliveira.com.br\/blog\/wp-json\/wp\/v2\/media?parent=35115"}],"wp:term":[{"taxonomy":"category","embeddable":true,"href":"http:\/\/blogdalucianaoliveira.com.br\/blog\/wp-json\/wp\/v2\/categories?post=35115"},{"taxonomy":"post_tag","embeddable":true,"href":"http:\/\/blogdalucianaoliveira.com.br\/blog\/wp-json\/wp\/v2\/tags?post=35115"}],"curies":[{"name":"wp","href":"https:\/\/api.w.org\/{rel}","templated":true}]}}