{"id":35118,"date":"2024-05-13T08:47:59","date_gmt":"2024-05-13T12:47:59","guid":{"rendered":"http:\/\/blogdalucianaoliveira.com.br\/blog\/?p=35118"},"modified":"2024-05-13T08:47:59","modified_gmt":"2024-05-13T12:47:59","slug":"nao-podemos-ter-um-estado-minimo-diante-das-mudancas-climaticas-diz-carlos-latuff","status":"publish","type":"post","link":"http:\/\/blogdalucianaoliveira.com.br\/blog\/2024\/05\/13\/nao-podemos-ter-um-estado-minimo-diante-das-mudancas-climaticas-diz-carlos-latuff\/","title":{"rendered":"&#8220;N\u00e3o podemos ter um estado m\u00ednimo diante das mudan\u00e7as clim\u00e1ticas&#8221;, diz Carlos Latuff"},"content":{"rendered":"<p><img data-recalc-dims=\"1\" loading=\"lazy\" decoding=\"async\" data-attachment-id=\"35119\" data-permalink=\"http:\/\/blogdalucianaoliveira.com.br\/blog\/2024\/05\/13\/nao-podemos-ter-um-estado-minimo-diante-das-mudancas-climaticas-diz-carlos-latuff\/img_3581\/\" data-orig-file=\"https:\/\/i0.wp.com\/blogdalucianaoliveira.com.br\/blog\/wp-content\/uploads\/2024\/05\/IMG_3581.webp?fit=500%2C240\" data-orig-size=\"500,240\" data-comments-opened=\"0\" data-image-meta=\"{&quot;aperture&quot;:&quot;0&quot;,&quot;credit&quot;:&quot;&quot;,&quot;camera&quot;:&quot;&quot;,&quot;caption&quot;:&quot;&quot;,&quot;created_timestamp&quot;:&quot;0&quot;,&quot;copyright&quot;:&quot;&quot;,&quot;focal_length&quot;:&quot;0&quot;,&quot;iso&quot;:&quot;0&quot;,&quot;shutter_speed&quot;:&quot;0&quot;,&quot;title&quot;:&quot;&quot;,&quot;orientation&quot;:&quot;0&quot;}\" data-image-title=\"IMG_3581\" data-image-description=\"\" data-image-caption=\"\" data-medium-file=\"https:\/\/i0.wp.com\/blogdalucianaoliveira.com.br\/blog\/wp-content\/uploads\/2024\/05\/IMG_3581.webp?fit=300%2C144\" data-large-file=\"https:\/\/i0.wp.com\/blogdalucianaoliveira.com.br\/blog\/wp-content\/uploads\/2024\/05\/IMG_3581.webp?fit=500%2C240\" class=\"alignnone size-full wp-image-35119\" src=\"https:\/\/i0.wp.com\/blogdalucianaoliveira.com.br\/blog\/wp-content\/uploads\/2024\/05\/IMG_3581.webp?resize=500%2C240\" alt=\"\" width=\"500\" height=\"240\" srcset=\"https:\/\/i0.wp.com\/blogdalucianaoliveira.com.br\/blog\/wp-content\/uploads\/2024\/05\/IMG_3581.webp?w=500 500w, https:\/\/i0.wp.com\/blogdalucianaoliveira.com.br\/blog\/wp-content\/uploads\/2024\/05\/IMG_3581.webp?resize=300%2C144 300w\" sizes=\"auto, (max-width: 500px) 100vw, 500px\" \/><\/p>\n<p><b>247 \u2013<\/b> O cartunista Carlos Latuff, durante uma transmiss\u00e3o para a TV 247, trouxe \u00e0 tona as repercuss\u00f5es das intensas chuvas em Porto Alegre. Ele come\u00e7ou descrevendo a inunda\u00e7\u00e3o do Centro Hist\u00f3rico, notando uma redu\u00e7\u00e3o nos n\u00edveis de \u00e1gua em certas \u00e1reas, mas alertando para previs\u00f5es de mais chuvas. Latuff destacou a import\u00e2ncia da restaura\u00e7\u00e3o dos servi\u00e7os b\u00e1sicos, como \u00e1gua e eletricidade, enquanto os esfor\u00e7os de resgate de pessoas e animais continuavam.<\/p>\n<p><!--more--><\/p>\n<p>Latuff enfatizou a necessidade de uma forte presen\u00e7a estatal diante das mudan\u00e7as clim\u00e1ticas, contrariando a ideia de um Estado m\u00ednimo. Ele argumentou que o Estado deve investir em infraestrutura e combater o desmatamento para lidar eficazmente com eventos clim\u00e1ticos extremos. Essa postura contrasta com a vis\u00e3o de um Estado reduzido, especialmente em situa\u00e7\u00f5es de crise como a atual. &#8220;N\u00e3o podemos ter um estado m\u00ednimo diante das mudan\u00e7as clim\u00e1ticas&#8221;, disse ele.<\/p>\n<p>Al\u00e9m disso, Latuff expressou preocupa\u00e7\u00e3o com a situa\u00e7\u00e3o dos hospitais fechados e a necessidade de uma resposta r\u00e1pida do Estado para garantir assist\u00eancia m\u00e9dica adequada \u00e0s pessoas afetadas pelas enchentes. Ele ressaltou a import\u00e2ncia do papel do Estado em fornecer apoio e assist\u00eancia \u00e0s comunidades em momentos de crise, enfatizando que \u00e9 nessas horas que a presen\u00e7a estatal \u00e9 mais crucial.<\/p>\n<p>O cartunista tamb\u00e9m mencionou a solidariedade da popula\u00e7\u00e3o em meio \u00e0 crise, lembrando epis\u00f3dios passados em que as pessoas se uniram para ajudar umas \u00e0s outras. Ele destacou a import\u00e2ncia da coopera\u00e7\u00e3o e do apoio m\u00fatuo em tempos dif\u00edceis, enfatizando que a situa\u00e7\u00e3o atual demanda uma resposta coletiva e coordenada para lidar com os desafios enfrentados pela comunidade.<\/p>\n<p>Em suma, as declara\u00e7\u00f5es de Latuff refletem uma vis\u00e3o cr\u00edtica em rela\u00e7\u00e3o \u00e0 no\u00e7\u00e3o de um Estado m\u00ednimo diante das mudan\u00e7as clim\u00e1ticas e situa\u00e7\u00f5es de crise. Ele destaca a import\u00e2ncia de um Estado forte e ativo na prote\u00e7\u00e3o e assist\u00eancia \u00e0 popula\u00e7\u00e3o em momentos de emerg\u00eancia, ressaltando a necessidade de investimentos em infraestrutura e a\u00e7\u00f5es efetivas para enfrentar os desafios decorrentes das mudan\u00e7as clim\u00e1ticas. Assista:<\/p>\n<div class=\"contentAd contentAd--noBackground marginBottom30\">\n<div class=\"marginTop10 adBackground\"><a href=\"https:\/\/youtu.be\/1s_dSXNtLX4\">https:\/\/youtu.be\/1s_dSXNtLX4<\/a><\/div>\n<\/div>\n<div><\/div>\n<div><\/div>\n","protected":false},"excerpt":{"rendered":"<p>247 \u2013 O cartunista Carlos Latuff, durante uma transmiss\u00e3o para a TV 247, trouxe \u00e0 tona as repercuss\u00f5es das intensas chuvas em Porto Alegre. Ele come\u00e7ou descrevendo a inunda\u00e7\u00e3o do Centro Hist\u00f3rico, notando uma redu\u00e7\u00e3o nos n\u00edveis de \u00e1gua em certas \u00e1reas, mas alertando para previs\u00f5es de mais chuvas. Latuff destacou a import\u00e2ncia da restaura\u00e7\u00e3o&#8230;<a class=\"more-link\" href=\"http:\/\/blogdalucianaoliveira.com.br\/blog\/2024\/05\/13\/nao-podemos-ter-um-estado-minimo-diante-das-mudancas-climaticas-diz-carlos-latuff\/\">Continue a leitura <span class=\"meta-nav\">&raquo;<\/span><\/a><\/p>\n","protected":false},"author":1,"featured_media":0,"comment_status":"closed","ping_status":"open","sticky":false,"template":"","format":"standard","meta":{"_exactmetrics_skip_tracking":false,"_exactmetrics_sitenote_active":false,"_exactmetrics_sitenote_note":"","_exactmetrics_sitenote_category":0,"jetpack_post_was_ever_published":false,"_jetpack_newsletter_access":"","_jetpack_dont_email_post_to_subs":false,"_jetpack_newsletter_tier_id":0,"_jetpack_memberships_contains_paywalled_content":false,"_jetpack_memberships_contains_paid_content":false,"footnotes":"","jetpack_publicize_message":"","jetpack_publicize_feature_enabled":true,"jetpack_social_post_already_shared":true,"jetpack_social_options":{"image_generator_settings":{"template":"highway","enabled":false},"version":2}},"categories":[1],"tags":[958,957,936],"class_list":["post-35118","post","type-post","status-publish","format-standard","hentry","category-notas","tag-catastrofe-ambiental","tag-estado-minimo","tag-rs"],"jetpack_publicize_connections":[],"jetpack_sharing_enabled":true,"jetpack_featured_media_url":"","jetpack_shortlink":"https:\/\/wp.me\/p7wKYW-98q","jetpack-related-posts":[],"_links":{"self":[{"href":"http:\/\/blogdalucianaoliveira.com.br\/blog\/wp-json\/wp\/v2\/posts\/35118","targetHints":{"allow":["GET"]}}],"collection":[{"href":"http:\/\/blogdalucianaoliveira.com.br\/blog\/wp-json\/wp\/v2\/posts"}],"about":[{"href":"http:\/\/blogdalucianaoliveira.com.br\/blog\/wp-json\/wp\/v2\/types\/post"}],"author":[{"embeddable":true,"href":"http:\/\/blogdalucianaoliveira.com.br\/blog\/wp-json\/wp\/v2\/users\/1"}],"replies":[{"embeddable":true,"href":"http:\/\/blogdalucianaoliveira.com.br\/blog\/wp-json\/wp\/v2\/comments?post=35118"}],"version-history":[{"count":1,"href":"http:\/\/blogdalucianaoliveira.com.br\/blog\/wp-json\/wp\/v2\/posts\/35118\/revisions"}],"predecessor-version":[{"id":35120,"href":"http:\/\/blogdalucianaoliveira.com.br\/blog\/wp-json\/wp\/v2\/posts\/35118\/revisions\/35120"}],"wp:attachment":[{"href":"http:\/\/blogdalucianaoliveira.com.br\/blog\/wp-json\/wp\/v2\/media?parent=35118"}],"wp:term":[{"taxonomy":"category","embeddable":true,"href":"http:\/\/blogdalucianaoliveira.com.br\/blog\/wp-json\/wp\/v2\/categories?post=35118"},{"taxonomy":"post_tag","embeddable":true,"href":"http:\/\/blogdalucianaoliveira.com.br\/blog\/wp-json\/wp\/v2\/tags?post=35118"}],"curies":[{"name":"wp","href":"https:\/\/api.w.org\/{rel}","templated":true}]}}