{"id":35121,"date":"2024-05-13T16:32:17","date_gmt":"2024-05-13T20:32:17","guid":{"rendered":"http:\/\/blogdalucianaoliveira.com.br\/blog\/?p=35121"},"modified":"2024-05-13T16:32:31","modified_gmt":"2024-05-13T20:32:31","slug":"levantamento-do-ijsn-aponta-que-15-capitais-brasileiras-nao-tem-plano-de-mudancas-climaticas","status":"publish","type":"post","link":"http:\/\/blogdalucianaoliveira.com.br\/blog\/2024\/05\/13\/levantamento-do-ijsn-aponta-que-15-capitais-brasileiras-nao-tem-plano-de-mudancas-climaticas\/","title":{"rendered":"Levantamento do IJSN aponta que 15 capitais brasileiras n\u00e3o t\u00eam Plano de Mudan\u00e7as Clim\u00e1ticas"},"content":{"rendered":"<p><img data-recalc-dims=\"1\" decoding=\"async\" src=\"https:\/\/i0.wp.com\/ijsn.es.gov.br\/Media\/IJSN\/_Profiles\/c4d8c6e6\/3e1cf425\/European%2520Union%2520Copernicus%2520Sentinel-2%2520via%2520Reuters.png?w=600&#038;ssl=1\" \/><\/p>\n<p>Um levantamento feito pelo Instituto Jones dos Santos Neves (IJSN), que\u00a0coordena o N\u00facleo Vit\u00f3ria da rede internacional de pesquisa do Observat\u00f3rio das Metr\u00f3poles, revelou que, das 27 capitais brasileiras, incluindo o Distrito Federal, 15 n\u00e3o contam com o Plano de Mudan\u00e7as Clim\u00e1ticas. O levantamento foi feito em maio de 2024 com base em pesquisas nos sites de prefeituras e de outras institui\u00e7\u00f5es governamentais.<!--more--><\/p>\n<p>As capitais que n\u00e3o contam com o Plano de Mudan\u00e7as Clim\u00e1ticas s\u00e3o: Aracaju (SE), Bel\u00e9m (PA), Boa Vista (RR), Campo Grande (MS), Cuiab\u00e1 (MT), Goi\u00e2nia (GO), Macei\u00f3 (AL), Macap\u00e1 (AP), Manaus (AM), Natal (RN), Palmas (TO), Porto Alegre (RS), Porto Velho (RO), S\u00e3o Luiz (MA) e Vit\u00f3ria (ES). A capital capixaba \u00e9 a \u00fanica da Regi\u00e3o Sudeste que ainda n\u00e3o est\u00e1 com o Plano em funcionamento.<\/p>\n<p>As 11 capitais brasileiras que t\u00eam o Plano s\u00e3o: Belo Horizonte (MG), Bras\u00edlia (DF), Curitiba (PR), Fortaleza (CE), Florian\u00f3polis (SC), Jo\u00e3o Pessoa (PB), Recife (PE), Rio Branco (AC), Rio de Janeiro (RJ), Salvador (BA) e Terezina (PI). Ainda de acordo com o levantamento, Manaus, Bel\u00e9m, Vit\u00f3ria e Porto Alegre est\u00e3o com o plano em processo de elabora\u00e7\u00e3o.<\/p>\n<p>A recorr\u00eancia cada vez maior de eventos extremos como resultado das mudan\u00e7as clim\u00e1ticas \u00e9 uma realidade mundial que exige planejamento e gest\u00e3o locais para o enfrentamento e preven\u00e7\u00e3o dos desastres socioambientais. Neste contexto, o Plano de Mudan\u00e7as Clim\u00e1ticas \u00e9 um instrumento de planejamento e gest\u00e3o fundamental em n\u00edvel local. No entanto, observa-se um grande despreparo dos munic\u00edpios brasileiros. \u00c9 o que explica o diretor geral do IJSN, Pablo Lira.<\/p>\n<p>\u201cOs eventos extremos no Rio Grande do Sul demonstram a necessidade de os munic\u00edpios brasileiros de se prepararem adequadamente para o enfrentamento e preven\u00e7\u00e3o das cat\u00e1strofes clim\u00e1ticas, por meio de estrat\u00e9gias de respostas, mitiga\u00e7\u00e3o e adapta\u00e7\u00e3o. O Plano de Mudan\u00e7as Clim\u00e1ticas \u00e9 uma das principais ferramentas que possibilita congregar tais estrat\u00e9gicas\u201d, explicou.<\/p>\n<p>O Plano de Mudan\u00e7as Clim\u00e1ticas \u00e9 um desafio global que est\u00e1 alinhado aos Objetivos de Desenvolvimento Sustent\u00e1vel (ODS) de n\u00famero 13 da Organiza\u00e7\u00e3o das Na\u00e7\u00f5es Unidas (ONU) que \u00e9 o de refor\u00e7ar a resili\u00eancia e a capacidade de adapta\u00e7\u00e3o aos riscos relacionados ao clima e cat\u00e1strofes naturais em todos os pa\u00edses.<\/p>\n<p>Acesse o estudo completo no link:\u00a0<a href=\"https:\/\/ijsn.es.gov.br\/publicacoes\/sumarios\/ijsn-especial\">https:\/\/ijsn.es.gov.br\/publicacoes\/sumarios\/ijsn-especial<\/a><\/p>\n<p>&nbsp;<\/p>\n<p><strong>Informa\u00e7\u00f5es \u00e0 Imprensa<\/strong><br \/>\nAssessoria de Comunica\u00e7\u00e3o do IJSN<br \/>\nFilipe Chicarino<br \/>\n(27) 3636-8066 \/ 99892-5291<br \/>\n<a href=\"mailto:comunicacao@ijsn.es.gov.br\">comunicacao@ijsn.es.gov.br<\/a><\/p>\n","protected":false},"excerpt":{"rendered":"<p>Um levantamento feito pelo Instituto Jones dos Santos Neves (IJSN), que\u00a0coordena o N\u00facleo Vit\u00f3ria da rede internacional de pesquisa do Observat\u00f3rio das Metr\u00f3poles, revelou que, das 27 capitais brasileiras, incluindo o Distrito Federal, 15 n\u00e3o contam com o Plano de Mudan\u00e7as Clim\u00e1ticas. O levantamento foi feito em maio de 2024 com base em pesquisas nos&#8230;<a class=\"more-link\" href=\"http:\/\/blogdalucianaoliveira.com.br\/blog\/2024\/05\/13\/levantamento-do-ijsn-aponta-que-15-capitais-brasileiras-nao-tem-plano-de-mudancas-climaticas\/\">Continue a leitura <span class=\"meta-nav\">&raquo;<\/span><\/a><\/p>\n","protected":false},"author":1,"featured_media":0,"comment_status":"closed","ping_status":"open","sticky":false,"template":"","format":"standard","meta":{"_exactmetrics_skip_tracking":false,"_exactmetrics_sitenote_active":false,"_exactmetrics_sitenote_note":"","_exactmetrics_sitenote_category":0,"jetpack_post_was_ever_published":false,"_jetpack_newsletter_access":"","_jetpack_dont_email_post_to_subs":false,"_jetpack_newsletter_tier_id":0,"_jetpack_memberships_contains_paywalled_content":false,"_jetpack_memberships_contains_paid_content":false,"footnotes":"","jetpack_publicize_message":"","jetpack_publicize_feature_enabled":true,"jetpack_social_post_already_shared":true,"jetpack_social_options":{"image_generator_settings":{"template":"highway","enabled":false},"version":2}},"categories":[1],"tags":[959,952,886],"class_list":["post-35121","post","type-post","status-publish","format-standard","hentry","category-notas","tag-capitais","tag-crise-climatica","tag-pesquisa"],"jetpack_publicize_connections":[],"jetpack_sharing_enabled":true,"jetpack_featured_media_url":"","jetpack_shortlink":"https:\/\/wp.me\/p7wKYW-98t","jetpack-related-posts":[],"_links":{"self":[{"href":"http:\/\/blogdalucianaoliveira.com.br\/blog\/wp-json\/wp\/v2\/posts\/35121","targetHints":{"allow":["GET"]}}],"collection":[{"href":"http:\/\/blogdalucianaoliveira.com.br\/blog\/wp-json\/wp\/v2\/posts"}],"about":[{"href":"http:\/\/blogdalucianaoliveira.com.br\/blog\/wp-json\/wp\/v2\/types\/post"}],"author":[{"embeddable":true,"href":"http:\/\/blogdalucianaoliveira.com.br\/blog\/wp-json\/wp\/v2\/users\/1"}],"replies":[{"embeddable":true,"href":"http:\/\/blogdalucianaoliveira.com.br\/blog\/wp-json\/wp\/v2\/comments?post=35121"}],"version-history":[{"count":1,"href":"http:\/\/blogdalucianaoliveira.com.br\/blog\/wp-json\/wp\/v2\/posts\/35121\/revisions"}],"predecessor-version":[{"id":35122,"href":"http:\/\/blogdalucianaoliveira.com.br\/blog\/wp-json\/wp\/v2\/posts\/35121\/revisions\/35122"}],"wp:attachment":[{"href":"http:\/\/blogdalucianaoliveira.com.br\/blog\/wp-json\/wp\/v2\/media?parent=35121"}],"wp:term":[{"taxonomy":"category","embeddable":true,"href":"http:\/\/blogdalucianaoliveira.com.br\/blog\/wp-json\/wp\/v2\/categories?post=35121"},{"taxonomy":"post_tag","embeddable":true,"href":"http:\/\/blogdalucianaoliveira.com.br\/blog\/wp-json\/wp\/v2\/tags?post=35121"}],"curies":[{"name":"wp","href":"https:\/\/api.w.org\/{rel}","templated":true}]}}