{"id":35133,"date":"2024-05-14T13:24:42","date_gmt":"2024-05-14T17:24:42","guid":{"rendered":"http:\/\/blogdalucianaoliveira.com.br\/blog\/?p=35133"},"modified":"2024-05-14T13:24:42","modified_gmt":"2024-05-14T17:24:42","slug":"foi-inimigo-numero-um-das-elites-e-do-proprio-imperador-diz-biografo-de-luis-gama","status":"publish","type":"post","link":"http:\/\/blogdalucianaoliveira.com.br\/blog\/2024\/05\/14\/foi-inimigo-numero-um-das-elites-e-do-proprio-imperador-diz-biografo-de-luis-gama\/","title":{"rendered":"&#8216;Foi inimigo n\u00famero um das elites e do pr\u00f3prio imperador&#8217;, diz bi\u00f3grafo de Lu\u00eds Gama"},"content":{"rendered":"<p><img data-recalc-dims=\"1\" loading=\"lazy\" decoding=\"async\" data-attachment-id=\"35135\" data-permalink=\"http:\/\/blogdalucianaoliveira.com.br\/blog\/2024\/05\/14\/foi-inimigo-numero-um-das-elites-e-do-proprio-imperador-diz-biografo-de-luis-gama\/img_3627\/\" data-orig-file=\"https:\/\/i0.wp.com\/blogdalucianaoliveira.com.br\/blog\/wp-content\/uploads\/2024\/05\/IMG_3627.jpeg?fit=773%2C501\" data-orig-size=\"773,501\" data-comments-opened=\"0\" data-image-meta=\"{&quot;aperture&quot;:&quot;0&quot;,&quot;credit&quot;:&quot;&quot;,&quot;camera&quot;:&quot;&quot;,&quot;caption&quot;:&quot;&quot;,&quot;created_timestamp&quot;:&quot;0&quot;,&quot;copyright&quot;:&quot;&quot;,&quot;focal_length&quot;:&quot;0&quot;,&quot;iso&quot;:&quot;0&quot;,&quot;shutter_speed&quot;:&quot;0&quot;,&quot;title&quot;:&quot;&quot;,&quot;orientation&quot;:&quot;0&quot;}\" data-image-title=\"IMG_3627\" data-image-description=\"\" data-image-caption=\"\" data-medium-file=\"https:\/\/i0.wp.com\/blogdalucianaoliveira.com.br\/blog\/wp-content\/uploads\/2024\/05\/IMG_3627.jpeg?fit=300%2C194\" data-large-file=\"https:\/\/i0.wp.com\/blogdalucianaoliveira.com.br\/blog\/wp-content\/uploads\/2024\/05\/IMG_3627.jpeg?fit=600%2C389\" class=\"alignnone size-full wp-image-35135\" src=\"https:\/\/i0.wp.com\/blogdalucianaoliveira.com.br\/blog\/wp-content\/uploads\/2024\/05\/IMG_3627.jpeg?resize=600%2C389\" alt=\"\" width=\"600\" height=\"389\" srcset=\"https:\/\/i0.wp.com\/blogdalucianaoliveira.com.br\/blog\/wp-content\/uploads\/2024\/05\/IMG_3627.jpeg?w=773 773w, https:\/\/i0.wp.com\/blogdalucianaoliveira.com.br\/blog\/wp-content\/uploads\/2024\/05\/IMG_3627.jpeg?resize=300%2C194 300w, https:\/\/i0.wp.com\/blogdalucianaoliveira.com.br\/blog\/wp-content\/uploads\/2024\/05\/IMG_3627.jpeg?resize=768%2C498 768w, https:\/\/i0.wp.com\/blogdalucianaoliveira.com.br\/blog\/wp-content\/uploads\/2024\/05\/IMG_3627.jpeg?resize=463%2C300 463w\" sizes=\"auto, (max-width: 600px) 100vw, 600px\" \/><\/p>\n<h2 class=\"description\">Com pseud\u00f4nimo de Afro, o renomado advogado abolicionista fundou e foi editor-chefe de jornal intitulado Democracia<\/h2>\n<p><!--more--><\/p>\n<div class=\"person\">\n<div>\n<div class=\"name\">Brasil de Fato, por Lucas Weber<\/div>\n<\/div>\n<div>Apesar de ter nascido livre em 1830, Lu\u00eds Gama teve que conquistar a pr\u00f3pria liberdade ap\u00f3s ter sido vendido pelo seu pai, um fidalgo portugu\u00eas, quando tinha oito anos de idade. Esta foi apenas a primeira vit\u00f3ria que o intelectual, advogado, professor, poeta e abolicionista conquistou ao longo de sua vida.<\/div>\n<div>\n<p>Lu\u00eds Gama garantiu por via judicial a libera\u00e7\u00e3o de, pelo menos, 750 pessoas.<\/p>\n<p>Esta aptid\u00e3o para interpretar as leis da \u00e9poca, somado \u00e0 sua defesa pela democracia fizeram dele o &#8220;inimigo n\u00famero um das elites imperiais e do pr\u00f3prio imperador&#8221;, afirma o historiador Bruno Rodrigues de Lima.<\/p>\n<p>O pesquisador lan\u00e7ou recentemente o livro\u00a0<em><a href=\"https:\/\/www.editoracontracorrente.com.br\/product\/luiz-gama-contra-o-imperio\" target=\"_blank\" rel=\"noopener\">Luiz Gama contra o Imp\u00e9rio: A luta pelo direito no Brasil da Escravid\u00e3o<\/a><\/em>, publicado pela editora <a href=\"https:\/\/www.editoracontracorrente.com.br\/product\/luiz-gama-contra-o-imperio\" target=\"_blank\" rel=\"noopener\">Contracorrente<\/a>. A obra de mais de 600 p\u00e1ginas \u00e9 uma adapta\u00e7\u00e3o e atualiza\u00e7\u00e3o da tese de doutorado do historiador.<\/p>\n<p>Bruno Rodrigues de Lima defendeu seu trabalho na Faculdade de Direito da Johann Wolfgang Goethe-Universit\u00e4t Frankfurt am Main e lhe rendeu o pr\u00eamio Walter Kolb de melhor tese de doutorado da Universidade de Frankfurt e a medalha Otto Hahn de destaque cient\u00edfico da Sociedade Max Planck.<\/p>\n<div class=\"ads-googletag article_5\"><\/div>\n<p class=\"ckeditor-img-caption\"><img data-recalc-dims=\"1\" decoding=\"async\" src=\"https:\/\/i0.wp.com\/images03.brasildefato.com.br\/ec07749f275347ac49a37a6c8bad6433.webp?w=600&#038;ssl=1\" \/><br \/>\nLivro \u00e9 uma adapta\u00e7\u00e3o da tese premiada de doutorado de Lima \/ Reprodu\u00e7\u00e3o\/Contracorrente<\/p>\n<p>&#8220;\u00c9 algo muito valioso, para quem pensa em um projeto de Brasil, pensar o projeto de Lu\u00eds Gama. \u00c9 um projeto abolicionista radical, sem concess\u00f5es aos senhores, sem concess\u00e3o e sem negocia\u00e7\u00e3o, ou seja, \u00e9 algu\u00e9m que consegue ir \u00e0 frente com uma bandeira t\u00e3o dif\u00edcil de ser levada \u00e0 frente. E ele vai l\u00e1 e leva a bandeira da aboli\u00e7\u00e3o, da democracia, da terra, trabalho, direito para todos e todas&#8221;, comenta o pesquisador em entrevista ao programa <em><a href=\"https:\/\/www.brasildefato.com.br\/radioagencia\/podcasts\/bem-viver\" target=\"_blank\" rel=\"noopener\">Bem Viver<\/a><\/em> desta ter\u00e7a-feira (14).<\/p>\n<p>O pesquisador lembra que Gama tamb\u00e9m foi poeta, sendo o primeiro homem negro a publicar um livro deste g\u00eanero liter\u00e1rio no pa\u00eds. Al\u00e9m disso, fundou e foi editor-chefe de um jornal intitulado <em>Democracia<\/em>. Lima comenta que por uma quest\u00e3o de seguran\u00e7a, Gama n\u00e3o assinava com seu pr\u00f3prio nome, mas com o pseud\u00f4nimo Afro.<\/p>\n<p>&#8220;Ele \u00e9 o Afro, ele \u00e9 um homem preto na S\u00e3o Paulo branca, e ele vai afirmar que a democracia dele \u00e9 uma democracia sem pena de morte, \u00e9 uma democracia socialista, palavra do gama antes da Comuna de Paris.&#8221;<\/p>\n<p class=\"ckeditor-subtitle\">Confira a entrevista na \u00edntegra:<\/p>\n<p><strong>Brasil de Fato: No seu livro voc\u00ea demonstra como o Brasil do s\u00e9culo 19 tinha leis que legitimavam a escravid\u00e3o. No entanto, \u00e9 usando destas leis que Lu\u00eds Gama foi capaz de libertar mais de 750 pessoas. Como ele fez isso? Que tipo de truque, magia ou sagacidade ele tinha para furar o sistema usando as regras do pr\u00f3prio sistema?<\/strong><\/p>\n<p><strong>Bruno Rodrigues de Lima:<\/strong> \u00c9 um pouco de truque, um pouco de magia, um pouco de sagacidade. \u00c9 Luiz Gama contra o Imp\u00e9rio.<\/p>\n<p>O nome do livro sintetiza um pouco essa ideia de que ele tinha lado, sabia contra quem estava lutando, e tinha um profundo conhecimento do Imp\u00e9rio, das armas do Imp\u00e9rio, da estrutura do Imp\u00e9rio, de como ele funcionava. Por ter esse conhecimento \u00e9 que ele sagazmente inventou um repert\u00f3rio de ferramentas para abrir caminhos de liberdade dentro do edif\u00edcio escravista.<\/p>\n<p>Brasil, voc\u00ea sabe, era a \u00fanica sociedade escravista de soberania plena das Am\u00e9ricas. Tinha escravid\u00e3o em todos os cantos do Brasil, em todos os lugares. O Brasil tinha 20 prov\u00edncias, tinha escravid\u00e3o nas 20 prov\u00edncias. O Brasil tinha 635 munic\u00edpios, tinha gente escravizada nos 635 munic\u00edpios. O Brasil tinha 1.449 par\u00f3quias, tinha gente escravizada em 1.442 par\u00f3quias.<\/p>\n<p>Tudo isso que eu estou dizendo \u00e9 segundo os dados oficiais do Censo Demogr\u00e1fico de 1872, quando o Luiz Gama tinha 42 anos de idade.<\/p>\n<p>Esse era o Brasil do Luiz Gama. Esse era o Imp\u00e9rio do Brasil: um imp\u00e9rio de cima a baixo, de norte a sul, leste a oeste, o imp\u00e9rio da escravid\u00e3o.<\/p>\n<p>Ele entende o direito, entende que a escravid\u00e3o era justificada, amparada, chancelada pelo direito. Com essa compreens\u00e3o, ele vai conseguindo abrir caminhos para garantir liberdade para mais de 750 pessoas, atrav\u00e9s do judici\u00e1rio e outras estrat\u00e9gias processuais \u00e0 margem do judici\u00e1rio tamb\u00e9m.<\/p>\n<p>\u00c9 por tudo isso que 150 anos depois da exist\u00eancia de Lu\u00eds Gama estamos aqui reunidos falando da hist\u00f3ria de luta pela liberdade no Brasil que ele protagoniza.<\/p>\n<p>Ele n\u00e3o protagoniza no sentido de que ele individualmente se sobrep\u00f5e \u00e0s demais lutas, n\u00e3o \u00e9 nesse sentido, mas \u00e9 no sentido de que ele compreende o seu tempo hist\u00f3rico, os valores que ele luta, a causa que ele encampa e organiza, o movimento abolicionista, quando nem <a href=\"https:\/\/www.brasildefato.com.br\/2021\/05\/13\/13-de-maio-conheca-as-lutas-que-contribuiram-para-a-abolicao-da-escravidao\" target=\"_blank\" rel=\"noopener\">movimento abolicionista<\/a> tinha, e vai coletivamente liderar esse processo.<\/p>\n<p>\u00c9 algo muito valioso, muito importante para quem pensa em um projeto de Brasil, pensar o projeto de Lu\u00eds Gama, que \u00e9 um projeto abolicionista radical, sem concess\u00f5es aos senhores, sem concess\u00e3o e sem negocia\u00e7\u00e3o.<\/p>\n<p>Ou seja, \u00e9 algu\u00e9m que consegue ir \u00e0 frente com uma bandeira t\u00e3o dif\u00edcil de ser levada \u00e0 frente, t\u00e3o desigual eram as armas da \u00e9poca, t\u00e3o desigual as for\u00e7as for\u00e7as e as correla\u00e7\u00f5es. Ele vai l\u00e1 e leva a bandeira da aboli\u00e7\u00e3o, da Rep\u00fablica, da democracia, da terra, trabalho, direito para todos e todas.<\/p>\n<p>Isso quando o movimento abolicionista ainda nem existia.<\/p>\n<p><strong>Seu livro mostra como Lu\u00eds Gama lutou contra o Imp\u00e9rio. Ele morreu antes que a Rep\u00fablica fosse declarada. No entanto, com mais de 100 anos de Rep\u00fablica, o Brasil segue reproduzindo pr\u00e1ticas escravistas. Voc\u00ea acredita que Gama se desiludiria com a Rep\u00fablica brasileira?<\/strong><\/p>\n<p>Essa \u00e9 a pergunta que eu me fa\u00e7o tamb\u00e9m, porque eu quero compreender esse Brasil, quero entender o que est\u00e1 acontecendo nele e fa\u00e7o isso lendo Lu\u00eds Gama.<\/p>\n<p>Ver que a Rep\u00fablica tal qual proclamada e os arranjos de poderes que se sucedem nas primeiras d\u00e9cadas, pelo menos at\u00e9 Get\u00falio, e depois mesmo durante o per\u00edodo de Get\u00falio todos os golpes e contragolpes dessa metade do s\u00e9culo 20 at\u00e9 chegar agora <a href=\"https:\/\/www.brasildefato.com.br\/2023\/10\/05\/35-anos-da-constituicao-texto-foi-resiliente-em-crises-mas-direitos-ainda-estao-so-no-papel-avalia-pesquisadora\" target=\"_blank\" rel=\"noopener\">o pacto de 1988<\/a>\u2026. O Brasil \u00e9 muito jovem.<\/p>\n<p>Ent\u00e3o, se a gente perguntar, os av\u00f3s dos nossos av\u00f3s s\u00e3o contempor\u00e2neos do Luz Gama, sabe? Est\u00e1 muito perto. Ent\u00e3o, a pr\u00f3pria Rep\u00fablica \u00e9 um regime pol\u00edtico rec\u00e9m proclamado. A gente tem um s\u00e9culo e pouco\u2026<\/p>\n<p>Agora, o que eu quero dizer at\u00e9 que as mesmas fam\u00edlias que estavam l\u00e1 atr\u00e1s, no judici\u00e1rio, por exemplo, ou nas for\u00e7as armadas, s\u00e3o as mesmas fam\u00edlias em muitos oficiais de hoje, muitos ju\u00edzes de hoje.<\/p>\n<p>Se a gente analisar a linhagem familiar, vamos ver que o Brasil mudou muito pouco. Se h\u00e1 <a href=\"https:\/\/www.brasildefato.com.br\/2024\/01\/04\/brasil-resgatou-3-1-mil-trabalhadores-escravizados-em-2023\" target=\"_blank\" rel=\"noopener\">trabalho an\u00e1logo \u00e0 escravid\u00e3o<\/a> como h\u00e1 e pesado se formos pensar: Tocantins, Par\u00e1, ou o bairro do Br\u00e1s, em S\u00e3o Paulo, ou bairros da zona central das grandes cidades, do Rio, Belo Horizonte&#8230;<\/p>\n<div class=\"ads-googletag article_middle\"><\/div>\n<p>Voc\u00ea tem coisa acontecendo que o Minist\u00e9rio P\u00fablico nem sonha em investigar, que tem obriga\u00e7\u00e3o funcional de investigar.<\/p>\n<p>Lu\u00eds Gama funda um jornal em 1867 chamado <em>Democracia<\/em>, uma palavra proibida de se enunciar no discurso pol\u00edtico da \u00e9poca.<\/p>\n<p>Lu\u00eds Gama \u00e9 aquele que vai plantar a semente da democracia no Brasil. Ele foi o redator-chefe desse jornal. Ele assina esse jornal com pseud\u00f4nimo, porque n\u00e3o poderia assinar em nome pr\u00f3prio, sen\u00e3o o pesco\u00e7o dele estaria ao alcance da mil\u00edcia dos escravizadores, cafeicultores do interior paulista, por exemplo.<\/p>\n<p>Mas n\u00e3o escondeu que era dele a autoria daquele jornal. Lu\u00eds Gama vai afirmar e outras pessoas v\u00e3o testemunhar que ele estava envolvido em projetos liter\u00e1rios como o <em>Democracia<\/em>.<\/p>\n<p><a href=\"https:\/\/www.brasildefato.com.br\/2018\/05\/17\/obra-de-luiz-gama-revela-a-luta-do-abolicionista-por-uma-terra-sem-rei-e-sem-escravo\" target=\"_blank\" rel=\"noopener\">L\u00facio de Mendon\u00e7a<\/a> vai dizer: &#8220;Eu conheci o Luiz Gama quando ele colaborava na imprensa com o pseud\u00f4nimo Afro nos jornais de S\u00e3o Paulo&#8221;.<\/p>\n<p>Gama n\u00e3o assinava em nome pr\u00f3prio, assinava como Afro, que \u00e9 uma maneira de afirmar sem afirmar, de ocultar a autoria do nome pr\u00f3prio e ao mesmo tempo ele afirma a autoria.<\/p>\n<p>Ele \u00e9 o Afro, ele \u00e9 um homem preto na S\u00e3o Paulo branca, e ele vai afirmar que a democracia dele \u00e9 uma democracia sem pena de morte, \u00e9 uma democracia socialista, palavra do gama antes da <a href=\"https:\/\/www.brasildefato.com.br\/2021\/05\/31\/lenin-dancou-na-neve-para-celebrar-a-comuna-de-paris-e-a-republica-sovietica\" target=\"_blank\" rel=\"noopener\">Comuna de Paris<\/a>.<\/p>\n<p>\u00c9 uma pena que a hist\u00f3ria do movimento oper\u00e1rio brasileiro e do movimento campon\u00eas, por exemplo, saber s\u00f3 agora que Lu\u00eds Gama lan\u00e7ou um jornal chamado Democracia, com um projeto de educa\u00e7\u00e3o inovador, de ensino laico, de educa\u00e7\u00e3o em massa, de obriga\u00e7\u00e3o do Estado investir em educa\u00e7\u00e3o de todos e todas, de meninos e meninas, de todas as faixas et\u00e1rias, um projeto de <a href=\"https:\/\/www.brasildefato.com.br\/2022\/08\/01\/analise-a-destruicao-da-educacao-de-jovens-e-adultos-e-um-projeto-racista\" target=\"_blank\" rel=\"noopener\">alfabetiza\u00e7\u00e3o de jovens e adultos<\/a>.<\/p>\n<p>Ele pr\u00f3prio foi um professor de educa\u00e7\u00e3o de jovens e adultos, ele pr\u00f3prio alfabetizou centenas e centenas de pessoas. A gente est\u00e1 falando de 1867, 1868, 1869, muito antes da queda da monarquia e do fim de trabalho escravizado.<\/p>\n<p>A gente teve um homem preto que se definiu definiu &#8220;democrata e socialista&#8221;, que pensou a rep\u00fablica e que foi o alvo, foi o inimigo n\u00famero um das elites imperiais e do pr\u00f3prio imperador. \u00c9 por isso que a Lu\u00eds Gama contra o Imp\u00e9rio.<\/p>\n<p>A sua pergunta toca nesse ponto do t\u00edtulo do livro\u2026 E por qu\u00ea esse t\u00edtulo? Porque Lu\u00eds Gama estava de um lado, o Imp\u00e9rio estava de outro. Ent\u00e3o, se o Lu\u00eds Gama estivesse hoje aqui, que \u00e9 a sua pergunta, n\u00e3o \u00e9 muito dif\u00edcil imaginar quais seriam suas bandeiras.<\/p>\n<p>\u00c9 a bandeira da democracia, da aboli\u00e7\u00e3o, incompleta, mambembe, capenga, esvaziada, deturpada, que o Gama certamente choraria o choro mais \u00edntimo de sua alma e ao mesmo tempo, da indigna\u00e7\u00e3o do revolucion\u00e1rio. Iria lutar para fazer a aboli\u00e7\u00e3o acontecer.<\/p>\n<p>Como \u00e9 que acontece uma coisa como aconteceu <a href=\"https:\/\/www.brasildefato.com.br\/2022\/05\/13\/helio-santos-o-dia-14-de-maio-de-1888-e-o-dia-mais-longo-da-nossa-historia\" target=\"_blank\" rel=\"noopener\">em 1888<\/a> e leva 30 a 40 anos para que o preto pudesse entrar na escola, pudesse ter um ensino t\u00e9cnico e mais 30 a 40 para que entrasse nas universidades e mais quantos que vamos esperar at\u00e9 que eles entrem na magistratura?<\/p>\n<p>Porque a magistratura do Brasil, as carreiras do Itamaraty, as carreiras militares de alta patente, as carreiras do judici\u00e1rio, da defensoria p\u00fablica, do Minist\u00e9rio P\u00fablico, s\u00e3o ocupados por quem?<\/p>\n<p>N\u00f3s sabemos, \u00e9 estat\u00edstico, 98% s\u00e3o brancos. Ent\u00e3o, o Gama n\u00e3o se surpreenderia com o Brasil que ele ia encontrar.<\/p>\n<p>O Brasil mudou muito pouco. O Brasil, o regime de produ\u00e7\u00e3o do Brasil de hoje, muda muito pouco do modelo de produ\u00e7\u00e3o das grandes plantations de caf\u00e9 do s\u00e9culo 19.<\/p>\n<p>A pr\u00f3pria elite brasileira, muito tacanha, acha que isso aqui \u00e9 uma grande fazenda. O Gama denuncia isso.<\/p>\n<p>O projeto do Gama \u00e9 muito s\u00e9rio, \u00e9 um projeto de democratizar tudo isso que eu falei agora: riqueza, educa\u00e7\u00e3o, conhecimento, terra, e que o trabalho seja algo muito mais valorizado, digno. Trabalhador precisa ser melhor remunerado.<\/p>\n<p><strong>No lan\u00e7amento do seu livro na Bahia, voc\u00ea esteve ao lado de Mateus Aleluia e falou para ele como via ideias de Lu\u00eds Gama nas m\u00fasica dele. Isso tem a ver com as poesias que Lu\u00eds Gama escrevia ou as ideias que defendia?<\/strong><\/p>\n<p>Luiz Gama jogava em todas as posi\u00e7\u00f5es, de modo como voc\u00ea disse tamb\u00e9m, era um poeta, era um jornalista, e, sim, um her\u00f3i nacional.<\/p>\n<p>E <a href=\"https:\/\/www.brasildefato.com.br\/2023\/07\/10\/mateus-aleluia-a-musica-foi-a-primeira-linguagem-que-o-homem-conheceu\" target=\"_blank\" rel=\"noopener\">Mateus Aleluia<\/a> \u00e9 uma dessas raridades que d\u00e1 no Brasil e que a gente tem que saber reconhecer e valorizar enquanto \u00e9 tempo. Valorizar em vida.<\/p>\n<p>Mateus Aleluia tem 80 anos, \u00e9 um homem que foi pra Luanda, foi pra Angola, que viu a vit\u00f3ria do movimento de <a href=\"https:\/\/www.brasildefato.com.br\/2024\/04\/29\/como-as-lutas-de-libertacao-nacional-da-africa-trouxeram-a-democracia-para-a-europa\" target=\"_blank\" rel=\"noopener\">liberta\u00e7\u00e3o de Angola<\/a>. Que estava l\u00e1 na luta de Angola contra o apartheid da \u00c1frica do Sul, ele estava l\u00e1 e tem uma compreens\u00e3o do panafricanismo que d\u00e1 ch\u00e3o na Bahia, que d\u00e1 ch\u00e3o no Brasil, e o lugar do Brasil no mundo.<\/p>\n<p>Ent\u00e3o, numa m\u00fasica, por exemplo, que o Mateus Aleluia fala de um novo est\u00e1gio da humanidade, um est\u00e1gio de algu\u00e9m que tem uma utopia de um Brasil, de um mundo, sem reis e sem escravos como o Luiz Gama diria, sem patr\u00f5es e sem subordinados, o Matheus Aleluia est\u00e1 pensando o Brasil de amanh\u00e3, um Brasil que \u00e9 uma utopia, mas \u00e9 essa utopia que faz a gente sonhar.<\/p>\n<p>Ele vai falar de que a gente precisa de um l\u00edder popular, de algu\u00e9m que pense o Brasil, que seja pragm\u00e1tico como [Nelson] Mandela, que traga poesia e independ\u00eancia como Leopold Cedarsan Singor, que tenha um sonho como Luther King e que seja um her\u00f3i como Zumbi [dos Palmares].<\/p>\n<p>Ele tem uma m\u00fasica que fala exatamente disso, que \u00e9 <em>Homem, o Animal que Fala<\/em>. E eu, dialogando com ele, eu falei: &#8220;Olha, Mestre Mateus Aleluia, eu acho que esse ser humano que re\u00fane essas qualidades de trazer poesia, independ\u00eancia, que lute pragmaticamente por um futuro melhor, e que tenha um sonho ao mesmo tempo uma utopia, esse homem \u00e9 um Lu\u00eds Gama&#8221;.<\/p>\n<p><img data-recalc-dims=\"1\" decoding=\"async\" src=\"https:\/\/i0.wp.com\/images02.brasildefato.com.br\/0bae2af22fcceadad20a79bfb117b41a.jpeg?w=600&#038;ssl=1\" \/><br \/>\nConfira como ouvir e acompanhar o Programa Bem Viver nas r\u00e1dios parceiras e plataformas de podcast \/ Brasil de Fato<\/p>\n<p><strong>Sintonize\u00a0<\/strong><\/p>\n<p>O\u00a0<a href=\"https:\/\/www.brasildefato.com.br\/radioagencia\/podcasts\/bem-viver\" target=\"_blank\" rel=\"noopener\">programa de r\u00e1dio\u00a0<em>Bem Viver<\/em><\/a>\u00a0vai ao ar de segunda a sexta-feira, das 11h \u00e0s 12h, com reprise aos domingos, \u00e0s 10h, na R\u00e1dio Brasil Atual. A sintonia \u00e9 98,9 FM na Grande S\u00e3o Paulo. A vers\u00e3o em v\u00eddeo \u00e9 semanal e vai ao ar aos s\u00e1bados a partir das 13h30 no YouTube do Brasil de Fato e TVs retransmissoras: Basta clicar\u00a0<a href=\"https:\/\/www.youtube.com\/@brasildefato\" target=\"_blank\" rel=\"noopener\">aqui<\/a>.<\/p>\n<p>Em diferentes hor\u00e1rios, de segunda a sexta-feira, o programa \u00e9 transmitido na R\u00e1dio Super de Sorocaba (SP); R\u00e1dio Palermo (SP); R\u00e1dio Cantareira (SP); R\u00e1dio Interativa, de Senador Alexandre Costa (MA); R\u00e1dio Comunit\u00e1ria Malhada do Jatob\u00e1, de S\u00e3o Jo\u00e3o do Piau\u00ed (PI); R\u00e1dio Terra Livre (MST), de Abelardo Luz (SC); R\u00e1dio Timbira, de S\u00e3o Lu\u00eds (MA); R\u00e1dio Terra Livre de Hulha Negra (RN), R\u00e1dio Camponesa, em Itapeva (SP), R\u00e1dio Onda FM, de Novo Cruzeiro (MG), R\u00e1dio Pife, de Bras\u00edlia (DF), R\u00e1dio Cidade, de Jo\u00e3o Pessoa (PB), R\u00e1dio Palermo (SP), R\u00e1dio Torres Cidade (RS); R\u00e1dio Cantareira (SP); R\u00e1dio Keraz; Web R\u00e1dio Studio F; R\u00e1dio Seguros MA; R\u00e1dio Igua\u00e7u FM; R\u00e1dio Unidade Digital ; R\u00e1dio Cidade Classic HIts; Playlisten; R\u00e1dio Cidade; Web R\u00e1dio Apocalipse; R\u00e1dio; Alternativa Sul FM; Alberto dos Anjos; R\u00e1dio Voz da Cidade; R\u00e1dio Nativa FM; R\u00e1dio News 77; Web R\u00e1dio L\u00edder Baixio; R\u00e1dio Super Nova; R\u00e1dio Ribeirinha Libertadora; Uruguaiana FM; Serra Azul FM; Folha 390; R\u00e1dio Chapada FM; Rbn; Web R\u00e1dio Mombassom; Fog\u00e3o 24 Horas; Web R\u00e1dio Brisa; R\u00e1dio Palermo; R\u00e1dio Web Esta\u00e7\u00e3o Mirim; R\u00e1dio L\u00edder; Nova Gera\u00e7\u00e3o; Ana Terra FM; R\u00e1dio Metropolitana de Piracicaba; R\u00e1dio Alternativa FM; R\u00e1dio Web Torres Cidade; Objetiva Cast; DMnews Web R\u00e1dio; Criativa Web R\u00e1dio; R\u00e1dio Not\u00edcias; Topmix Digital MS; R\u00e1dio Oriental Sul; Mogiana Web; R\u00e1dio Atalaia FM Rio; R\u00e1dio Vila Mix; Web R\u00e1dio Palmeira; Web R\u00e1dio Travessia; R\u00e1dio Millennium; R\u00e1dio EsportesNet; R\u00e1dio Altura FM; Web R\u00e1dio Cidade; R\u00e1dio Viva a Vida; R\u00e1dio Regional Vale FM; R\u00e1dio Gerasom; Coruja Web; Vale do Tempo; Servo do Rei; R\u00e1dio Best Sound; R\u00e1dio Lagoa Azul; R\u00e1dio Show Livre; Web R\u00e1dio Sintonizando os Cora\u00e7\u00f5es; R\u00e1dio Campos Belos; R\u00e1dio Mundial; Clic R\u00e1dio Porto Alegre; Web R\u00e1dio Rosana; R\u00e1dio Cidade Light; Uni\u00e3o FM; R\u00e1dio Araras FM; R\u00e1dios Educadora e Transam\u00e9rica; R\u00e1dio Jer\u00f4nimo; Web R\u00e1dio Imaculado Cora\u00e7\u00e3o; Rede L\u00edder Web; R\u00e1dio Club; Rede dos Trabalhadores; Angelu&#8217;Song; Web R\u00e1dio Nacional; R\u00e1dio SINTSEPANSA; Luz News; Montanha R\u00e1dio; Rede Vida Brasil; R\u00e1dio Broto FM; R\u00e1dio Campestre; R\u00e1dio Prof\u00e9tica Gospel; Chip i7 FM; R\u00e1dio Breganejo; R\u00e1dio Web Live; Ldnews; R\u00e1dio Clube Campos Novos; R\u00e1dio Terra Viva; R\u00e1dio interativa; Cristofm.net; R\u00e1dio Master Net; R\u00e1dio Barreto Web; Radio RockChat; R\u00e1dio Happiness; Mex FM; Voadeira R\u00e1dio Web; Lully FM; Web R\u00e1dionin; R\u00e1dio Intera\u00e7\u00e3o; Web R\u00e1dio Engeforest; Web R\u00e1dio Pentecoste; Web R\u00e1dio Liverock; Web R\u00e1dio Fatos; R\u00e1dio Augusto Barbosa Online; Super FM; R\u00e1dio Intera\u00e7\u00e3o Arcoverde; R\u00e1dio; Independ\u00eancia Recife; R\u00e1dio Cidadania FM; Web R\u00e1dio 102; Web R\u00e1dio Fonte da Vida; R\u00e1dio Web Studio P; S\u00e3o Jos\u00e9 Web R\u00e1dio &#8211; Prados (MG); Webr\u00e1dio Cultura de Santa Maria; Web R\u00e1dio Universo Livre; R\u00e1dio Villa; R\u00e1dio Farol FM; Viva FM; R\u00e1dio Interativa de Jequitinhonha; Estilo &#8211; WebR\u00e1dio; Rede Nova Sat FM; R\u00e1dio Comunit\u00e1ria Impacto 87,9FM; Web R\u00e1dio DNA Brasil; Nova onda FM; Cabn; Leal FM; R\u00e1dio Itapetininga; R\u00e1dio Vidas; Primeflashits; R\u00e1dio Deus Vivo; R\u00e1dio Cuieiras FM; R\u00e1dio Comunit\u00e1ria Tupancy; Sete News; Moreno R\u00e1dio Web; R\u00e1dio Web Esperan\u00e7a; Vila Boa FM; Novataweb; Rural FM Web; Bela Vista Web; R\u00e1dio Senzala; R\u00e1dio Pagu; R\u00e1dio Santidade; M&#8217;ysa; Criativa FM de Capit\u00f3lio; R\u00e1dio Nordeste da Bahia; R\u00e1dio Central; R\u00e1dio VHV; Cultura1 Web R\u00e1dio; R\u00e1dio da Rua; Web Music; Piedade FM; R\u00e1dio 94 FM Itarar\u00e9; R\u00e1dio Luna Rio; Mar Azul FM; R\u00e1dio Web Piau\u00ed; Savic; Web R\u00e1dio Link; EG Link; Web R\u00e1dio Brasil Sertaneja; Web R\u00e1dio Sindviarios\/CUT.<\/p>\n<div class=\"ads-googletag article_before_last\"><\/div>\n<p>A programa\u00e7\u00e3o tamb\u00e9m fica dispon\u00edvel na R\u00e1dio\u00a0<strong>Brasil de Fato<\/strong>, das 11h \u00e0s 12h, de segunda a sexta-feira. O programa Bem Viver est\u00e1 nas plataformas: Spotify, Google Podcasts, Itunes, Pocket Casts e Deezer.<\/p>\n<div class=\"ads-googletag article_last\"><\/div>\n<p>Assim como os demais conte\u00fados, o\u00a0<strong>Brasil de Fato<\/strong>\u00a0disponibiliza o programa\u00a0<em>Bem Viver<\/em>\u00a0de forma gratuita para r\u00e1dios comunit\u00e1rias, r\u00e1dios-poste e outras emissoras que manifestarem interesse em veicular o conte\u00fado. Para ser inclu\u00eddo na nossa lista de distribui\u00e7\u00e3o, entre em contato por meio do\u00a0<a href=\"https:\/\/www.brasildefato.com.br\/radioagencia\/seja-parceiro\" target=\"_blank\" rel=\"noopener\">formul\u00e1rio<\/a>.<\/p>\n<p class=\"editor\">Edi\u00e7\u00e3o: Matheus Alves de Almeida<\/p>\n<\/div>\n<\/div>\n","protected":false},"excerpt":{"rendered":"<p>Com pseud\u00f4nimo de Afro, o renomado advogado abolicionista fundou e foi editor-chefe de jornal intitulado Democracia<\/p>\n","protected":false},"author":1,"featured_media":0,"comment_status":"closed","ping_status":"open","sticky":false,"template":"","format":"standard","meta":{"_exactmetrics_skip_tracking":false,"_exactmetrics_sitenote_active":false,"_exactmetrics_sitenote_note":"","_exactmetrics_sitenote_category":0,"jetpack_post_was_ever_published":false,"_jetpack_newsletter_access":"","_jetpack_dont_email_post_to_subs":false,"_jetpack_newsletter_tier_id":0,"_jetpack_memberships_contains_paywalled_content":false,"_jetpack_memberships_contains_paid_content":false,"footnotes":"","jetpack_publicize_message":"","jetpack_publicize_feature_enabled":true,"jetpack_social_post_already_shared":true,"jetpack_social_options":{"image_generator_settings":{"template":"highway","enabled":false},"version":2}},"categories":[1],"tags":[962,963,961,960],"class_list":["post-35133","post","type-post","status-publish","format-standard","hentry","category-notas","tag-abolicao","tag-advogado","tag-escravatura","tag-luis-gama"],"jetpack_publicize_connections":[],"jetpack_sharing_enabled":true,"jetpack_featured_media_url":"","jetpack_shortlink":"https:\/\/wp.me\/p7wKYW-98F","jetpack-related-posts":[],"_links":{"self":[{"href":"http:\/\/blogdalucianaoliveira.com.br\/blog\/wp-json\/wp\/v2\/posts\/35133","targetHints":{"allow":["GET"]}}],"collection":[{"href":"http:\/\/blogdalucianaoliveira.com.br\/blog\/wp-json\/wp\/v2\/posts"}],"about":[{"href":"http:\/\/blogdalucianaoliveira.com.br\/blog\/wp-json\/wp\/v2\/types\/post"}],"author":[{"embeddable":true,"href":"http:\/\/blogdalucianaoliveira.com.br\/blog\/wp-json\/wp\/v2\/users\/1"}],"replies":[{"embeddable":true,"href":"http:\/\/blogdalucianaoliveira.com.br\/blog\/wp-json\/wp\/v2\/comments?post=35133"}],"version-history":[{"count":2,"href":"http:\/\/blogdalucianaoliveira.com.br\/blog\/wp-json\/wp\/v2\/posts\/35133\/revisions"}],"predecessor-version":[{"id":35136,"href":"http:\/\/blogdalucianaoliveira.com.br\/blog\/wp-json\/wp\/v2\/posts\/35133\/revisions\/35136"}],"wp:attachment":[{"href":"http:\/\/blogdalucianaoliveira.com.br\/blog\/wp-json\/wp\/v2\/media?parent=35133"}],"wp:term":[{"taxonomy":"category","embeddable":true,"href":"http:\/\/blogdalucianaoliveira.com.br\/blog\/wp-json\/wp\/v2\/categories?post=35133"},{"taxonomy":"post_tag","embeddable":true,"href":"http:\/\/blogdalucianaoliveira.com.br\/blog\/wp-json\/wp\/v2\/tags?post=35133"}],"curies":[{"name":"wp","href":"https:\/\/api.w.org\/{rel}","templated":true}]}}