{"id":35137,"date":"2024-05-14T13:32:04","date_gmt":"2024-05-14T17:32:04","guid":{"rendered":"http:\/\/blogdalucianaoliveira.com.br\/blog\/?p=35137"},"modified":"2024-05-14T13:32:04","modified_gmt":"2024-05-14T17:32:04","slug":"conflitos-geraram-recorde-de-75-milhoes-de-deslocados-no-mundo-em-2023-alerta-ong","status":"publish","type":"post","link":"http:\/\/blogdalucianaoliveira.com.br\/blog\/2024\/05\/14\/conflitos-geraram-recorde-de-75-milhoes-de-deslocados-no-mundo-em-2023-alerta-ong\/","title":{"rendered":"Conflitos geraram recorde de 75 milh\u00f5es de deslocados no mundo em 2023, alerta ONG"},"content":{"rendered":"<p><img data-recalc-dims=\"1\" loading=\"lazy\" decoding=\"async\" data-attachment-id=\"35138\" data-permalink=\"http:\/\/blogdalucianaoliveira.com.br\/blog\/2024\/05\/14\/conflitos-geraram-recorde-de-75-milhoes-de-deslocados-no-mundo-em-2023-alerta-ong\/img_3628\/\" data-orig-file=\"https:\/\/i0.wp.com\/blogdalucianaoliveira.com.br\/blog\/wp-content\/uploads\/2024\/05\/IMG_3628.jpeg?fit=1536%2C1024\" data-orig-size=\"1536,1024\" data-comments-opened=\"0\" data-image-meta=\"{&quot;aperture&quot;:&quot;0&quot;,&quot;credit&quot;:&quot;&quot;,&quot;camera&quot;:&quot;&quot;,&quot;caption&quot;:&quot;&quot;,&quot;created_timestamp&quot;:&quot;0&quot;,&quot;copyright&quot;:&quot;&quot;,&quot;focal_length&quot;:&quot;0&quot;,&quot;iso&quot;:&quot;0&quot;,&quot;shutter_speed&quot;:&quot;0&quot;,&quot;title&quot;:&quot;&quot;,&quot;orientation&quot;:&quot;0&quot;}\" data-image-title=\"IMG_3628\" data-image-description=\"\" data-image-caption=\"\" data-medium-file=\"https:\/\/i0.wp.com\/blogdalucianaoliveira.com.br\/blog\/wp-content\/uploads\/2024\/05\/IMG_3628.jpeg?fit=300%2C200\" data-large-file=\"https:\/\/i0.wp.com\/blogdalucianaoliveira.com.br\/blog\/wp-content\/uploads\/2024\/05\/IMG_3628.jpeg?fit=600%2C400\" class=\"alignnone size-full wp-image-35138\" src=\"https:\/\/i0.wp.com\/blogdalucianaoliveira.com.br\/blog\/wp-content\/uploads\/2024\/05\/IMG_3628.jpeg?resize=600%2C400\" alt=\"\" width=\"600\" height=\"400\" srcset=\"https:\/\/i0.wp.com\/blogdalucianaoliveira.com.br\/blog\/wp-content\/uploads\/2024\/05\/IMG_3628.jpeg?w=1536 1536w, https:\/\/i0.wp.com\/blogdalucianaoliveira.com.br\/blog\/wp-content\/uploads\/2024\/05\/IMG_3628.jpeg?resize=300%2C200 300w, https:\/\/i0.wp.com\/blogdalucianaoliveira.com.br\/blog\/wp-content\/uploads\/2024\/05\/IMG_3628.jpeg?resize=1024%2C683 1024w, https:\/\/i0.wp.com\/blogdalucianaoliveira.com.br\/blog\/wp-content\/uploads\/2024\/05\/IMG_3628.jpeg?resize=768%2C512 768w, https:\/\/i0.wp.com\/blogdalucianaoliveira.com.br\/blog\/wp-content\/uploads\/2024\/05\/IMG_3628.jpeg?resize=450%2C300 450w, https:\/\/i0.wp.com\/blogdalucianaoliveira.com.br\/blog\/wp-content\/uploads\/2024\/05\/IMG_3628.jpeg?w=1200 1200w\" sizes=\"auto, (max-width: 600px) 100vw, 600px\" \/><\/p>\n<p>Ordem de evacua\u00e7\u00e3o de Israel em Rafah j\u00e1 obrigou palestinos a se deslocarem mais de cinco vezes dentro da cidade, indicou a ONU.<!--more--><\/p>\n<p>\u00d3pera Mundi &#8211; Os conflitos no Sud\u00e3o, na<a href=\"https:\/\/operamundi.uol.com.br\/guerra-israel-x-palestina\/israel-nao-tem-plano-confiavel-para-proteger-civis-em-rafah-diz-secretario-de-estado-dos-eua\/\"> Faixa de Gaza<\/a> e na Rep\u00fablica Democr\u00e1tica do Congo (RDC) causaram um n\u00famero recorde de pessoas deslocadas no interior de seus pa\u00edses. At\u00e9 o final de 2023, 75,9 milh\u00f5es de indiv\u00edduos estavam nesta situa\u00e7\u00e3o no mundo, de acordo com relat\u00f3rio do Observat\u00f3rio de Deslocamentos Internos (IDMC, sigla em ingl\u00eas) publicado nesta ter\u00e7a-feira (14\/05), em Genebra.<\/p>\n<p>A quantidade de <a href=\"https:\/\/operamundi.uol.com.br\/sociedade\/apos-rio-grande-do-sul-enchentes-atingem-uruguai-e-deixam-700-deslocados\/\">deslocados internos<\/a>aumentou 50% nos \u00faltimos cinco anos, sublinha a ONG. Em 2022, 71,1 milh\u00f5es de pessoas estavam em situa\u00e7\u00e3o similar no mundo, um n\u00famero j\u00e1 considerado bastante alto.<\/p>\n<p>Ao contr\u00e1rio dos refugiados que fogem para se estabelecerem em outras na\u00e7\u00f5es, os deslocados internos s\u00e3o for\u00e7ados a se mudar dentro de seu pr\u00f3prio pa\u00eds. As principais causas destas migra\u00e7\u00f5es s\u00e3o a<a href=\"https:\/\/operamundi.uol.com.br\/guerra-israel-x-palestina\/palestinos-deslocados-no-sul-de-gaza-recebem-ordem-de-israel-para-fugir-de-novo\/\">viol\u00eancia e os conflitos<\/a> (68,3 milh\u00f5es), enquanto as cat\u00e1strofes ambientais for\u00e7aram 7,7 milh\u00f5es de pessoas a fugir para se instalar em outros lugares.<\/p>\n<p>Nos \u00faltimos cinco anos, o n\u00famero de pessoas deslocadas devido \u00e0 viol\u00eancia e aos conflitos subiu em 22,6 milh\u00f5es. Os dois maiores aumentos ocorreram em 2022 e 2023.<\/p>\n<p>Com 9,1 milh\u00f5es de deslocados internos, o Sud\u00e3o tem o maior n\u00famero de pessoas nesta situa\u00e7\u00e3o j\u00e1 registrado em um \u00fanico pa\u00eds desde 2008, quando o monitoramento come\u00e7ou, sublinhou a ONG. Quase metade dessas pessoas deslocadas vive na \u00c1frica Subsaariana, afirma o relat\u00f3rio.<\/p>\n<p>\u201cNos \u00faltimos dois anos, temos visto um n\u00famero alarmante de pessoas for\u00e7adas a fugir de suas casas devido a conflitos e \u00e0 viol\u00eancia, mesmo em regi\u00f5es onde a tend\u00eancia estava melhorando\u201d, disse Alexandra Bilak, diretora do IDMC. \u201cOs conflitos e a devasta\u00e7\u00e3o que deixam para tr\u00e1s impedem que milh\u00f5es de pessoas reconstruam as suas vidas, muitas vezes durante anos\u201d, acrescentou.<\/p>\n<h5>Deslocados e deslocamentos recordes<\/h5>\n<p>Al\u00e9m do n\u00famero de pessoas deslocadas, a ONG tamb\u00e9m monitora o n\u00famero de deslocamentos internos que essas pessoas realizam, ou seja, cada novo movimento for\u00e7ado de habitantes dentro das fronteiras de seu pr\u00f3prio pa\u00eds.<\/p>\n<p>Por exemplo, a ordem de evacua\u00e7\u00e3o que atinge certas partes de Rafah, a cidade no sul da Faixa de Gaza amea\u00e7ada por uma opera\u00e7\u00e3o terrestre israelense em grande escala, j\u00e1 obrigou seus habitantes a se deslocarem mais de cinco vezes, indicou a ONU na semana passada. A ONU afirmou nesta ter\u00e7a-feira que \u201cquase 450.000 habitantes de Gaza foram deslocados desde 6 de maio\u201d.<\/p>\n<p>Em 2023, foram registrados 46,9 milh\u00f5es de movimentos for\u00e7ados de pessoas: 20,5 milh\u00f5es de deslocamentos internos devido a conflitos e \u00e0 viol\u00eancia e 26,4 milh\u00f5es devido a cat\u00e1strofes.<\/p>\n<p>Os conflitos no Sud\u00e3o, na RDC e nos territ\u00f3rios palestinos foram respons\u00e1veis \u200b\u200bpor quase dois ter\u00e7os dos novos movimentos de pessoas induzidos por conflitos em 2023. Na Faixa de Gaza, 1,7 milh\u00e3o de palestinos estavam deslocados internamente no final do ano passado, com 3,4 milh\u00f5es de novos movimentos.<\/p>\n<p>A guerra em Gaza come\u00e7ou em outubro, quando Israel iniciou uma campanha de bombardeios em retalia\u00e7\u00e3o ao ataque sem precedentes ao seu territ\u00f3rio por parte do movimento isl\u00e2mico Hamas.<\/p>\n<p>Ao longo de 2023, seis milh\u00f5es de pessoas foram for\u00e7adas a sair do lugar onde viviam devido \u00e0 viol\u00eancia no Sud\u00e3o, mais do que nos 14 anos anteriores. Este \u00e9 o segundo maior n\u00famero de movimentos for\u00e7ados num ano, depois dos 16,9 milh\u00f5es registados na Ucr\u00e2nia em 2022.<\/p>\n<h5>Cat\u00e1strofes ambientais<\/h5>\n<p>Dos 26,4 milh\u00f5es de desloca\u00e7\u00f5es for\u00e7adas devido a cat\u00e1strofes, um ter\u00e7o ocorreu na China e na Turquia, devido a fen\u00f4menos meteorol\u00f3gicos severos e terremotos de grande escala.<\/p>\n<p>\u201cNunca registramos tantas pessoas for\u00e7adas a abandonar suas casas e comunidades. Este \u00e9 um veredicto contundente sobre as falhas na preven\u00e7\u00e3o de conflitos e na promo\u00e7\u00e3o da paz\u201d, disse o chefe do Conselho Noruegu\u00eas para os Refugiados (NRC), Jan Egeland. A organiza\u00e7\u00e3o norueguesa criou o IDMC em 1998.<\/p>\n<p>\u201cO sofrimento e o deslocamento duram muito al\u00e9m do momento em que s\u00e3o not\u00edcia. Muitas vezes, o destino do deslocado \u00e9 o sil\u00eancio e a neglig\u00eancia. A falta de prote\u00e7\u00e3o e assist\u00eancia enfrentada por milh\u00f5es de pessoas n\u00e3o pode continuar\u201d, lamentou.<\/p>\n<p>&nbsp;<\/p>\n","protected":false},"excerpt":{"rendered":"<p>Ordem de evacua\u00e7\u00e3o de Israel em Rafah j\u00e1 obrigou palestinos a se deslocarem mais de cinco vezes dentro da cidade, indicou a ONU.<\/p>\n","protected":false},"author":1,"featured_media":0,"comment_status":"closed","ping_status":"open","sticky":false,"template":"","format":"standard","meta":{"_exactmetrics_skip_tracking":false,"_exactmetrics_sitenote_active":false,"_exactmetrics_sitenote_note":"","_exactmetrics_sitenote_category":0,"jetpack_post_was_ever_published":false,"_jetpack_newsletter_access":"","_jetpack_dont_email_post_to_subs":false,"_jetpack_newsletter_tier_id":0,"_jetpack_memberships_contains_paywalled_content":false,"_jetpack_memberships_contains_paid_content":false,"footnotes":"","jetpack_publicize_message":"","jetpack_publicize_feature_enabled":true,"jetpack_social_post_already_shared":true,"jetpack_social_options":{"image_generator_settings":{"template":"highway","enabled":false},"version":2}},"categories":[1],"tags":[705,964,965,966],"class_list":["post-35137","post","type-post","status-publish","format-standard","hentry","category-notas","tag-conflitos","tag-desabrigados","tag-deslocados","tag-refugiados"],"jetpack_publicize_connections":[],"jetpack_sharing_enabled":true,"jetpack_featured_media_url":"","jetpack_shortlink":"https:\/\/wp.me\/p7wKYW-98J","jetpack-related-posts":[],"_links":{"self":[{"href":"http:\/\/blogdalucianaoliveira.com.br\/blog\/wp-json\/wp\/v2\/posts\/35137","targetHints":{"allow":["GET"]}}],"collection":[{"href":"http:\/\/blogdalucianaoliveira.com.br\/blog\/wp-json\/wp\/v2\/posts"}],"about":[{"href":"http:\/\/blogdalucianaoliveira.com.br\/blog\/wp-json\/wp\/v2\/types\/post"}],"author":[{"embeddable":true,"href":"http:\/\/blogdalucianaoliveira.com.br\/blog\/wp-json\/wp\/v2\/users\/1"}],"replies":[{"embeddable":true,"href":"http:\/\/blogdalucianaoliveira.com.br\/blog\/wp-json\/wp\/v2\/comments?post=35137"}],"version-history":[{"count":1,"href":"http:\/\/blogdalucianaoliveira.com.br\/blog\/wp-json\/wp\/v2\/posts\/35137\/revisions"}],"predecessor-version":[{"id":35139,"href":"http:\/\/blogdalucianaoliveira.com.br\/blog\/wp-json\/wp\/v2\/posts\/35137\/revisions\/35139"}],"wp:attachment":[{"href":"http:\/\/blogdalucianaoliveira.com.br\/blog\/wp-json\/wp\/v2\/media?parent=35137"}],"wp:term":[{"taxonomy":"category","embeddable":true,"href":"http:\/\/blogdalucianaoliveira.com.br\/blog\/wp-json\/wp\/v2\/categories?post=35137"},{"taxonomy":"post_tag","embeddable":true,"href":"http:\/\/blogdalucianaoliveira.com.br\/blog\/wp-json\/wp\/v2\/tags?post=35137"}],"curies":[{"name":"wp","href":"https:\/\/api.w.org\/{rel}","templated":true}]}}