{"id":35140,"date":"2024-05-14T18:14:01","date_gmt":"2024-05-14T22:14:01","guid":{"rendered":"http:\/\/blogdalucianaoliveira.com.br\/blog\/?p=35140"},"modified":"2024-05-14T18:14:01","modified_gmt":"2024-05-14T22:14:01","slug":"de-olho-nos-ruralistas","status":"publish","type":"post","link":"http:\/\/blogdalucianaoliveira.com.br\/blog\/2024\/05\/14\/de-olho-nos-ruralistas\/","title":{"rendered":"De Olho Nos Ruralistas"},"content":{"rendered":"<p><img data-recalc-dims=\"1\" loading=\"lazy\" decoding=\"async\" data-attachment-id=\"35141\" data-permalink=\"http:\/\/blogdalucianaoliveira.com.br\/blog\/2024\/05\/14\/de-olho-nos-ruralistas\/imagem-do-whatsapp-de-2024-05-14-as-18-09-10_08ed8074\/\" data-orig-file=\"https:\/\/i0.wp.com\/blogdalucianaoliveira.com.br\/blog\/wp-content\/uploads\/2024\/05\/Imagem-do-WhatsApp-de-2024-05-14-as-18.09.10_08ed8074.jpg?fit=1170%2C1046\" data-orig-size=\"1170,1046\" data-comments-opened=\"0\" data-image-meta=\"{&quot;aperture&quot;:&quot;0&quot;,&quot;credit&quot;:&quot;&quot;,&quot;camera&quot;:&quot;&quot;,&quot;caption&quot;:&quot;&quot;,&quot;created_timestamp&quot;:&quot;0&quot;,&quot;copyright&quot;:&quot;&quot;,&quot;focal_length&quot;:&quot;0&quot;,&quot;iso&quot;:&quot;0&quot;,&quot;shutter_speed&quot;:&quot;0&quot;,&quot;title&quot;:&quot;&quot;,&quot;orientation&quot;:&quot;0&quot;}\" data-image-title=\"Imagem do WhatsApp de 2024-05-14 \u00e0(s) 18.09.10_08ed8074\" data-image-description=\"\" data-image-caption=\"\" data-medium-file=\"https:\/\/i0.wp.com\/blogdalucianaoliveira.com.br\/blog\/wp-content\/uploads\/2024\/05\/Imagem-do-WhatsApp-de-2024-05-14-as-18.09.10_08ed8074.jpg?fit=300%2C268\" data-large-file=\"https:\/\/i0.wp.com\/blogdalucianaoliveira.com.br\/blog\/wp-content\/uploads\/2024\/05\/Imagem-do-WhatsApp-de-2024-05-14-as-18.09.10_08ed8074.jpg?fit=600%2C536\" class=\"alignnone size-medium wp-image-35141\" src=\"https:\/\/i0.wp.com\/blogdalucianaoliveira.com.br\/blog\/wp-content\/uploads\/2024\/05\/Imagem-do-WhatsApp-de-2024-05-14-as-18.09.10_08ed8074.jpg?resize=300%2C268\" alt=\"\" width=\"300\" height=\"268\" srcset=\"https:\/\/i0.wp.com\/blogdalucianaoliveira.com.br\/blog\/wp-content\/uploads\/2024\/05\/Imagem-do-WhatsApp-de-2024-05-14-as-18.09.10_08ed8074.jpg?resize=300%2C268 300w, https:\/\/i0.wp.com\/blogdalucianaoliveira.com.br\/blog\/wp-content\/uploads\/2024\/05\/Imagem-do-WhatsApp-de-2024-05-14-as-18.09.10_08ed8074.jpg?resize=1024%2C915 1024w, https:\/\/i0.wp.com\/blogdalucianaoliveira.com.br\/blog\/wp-content\/uploads\/2024\/05\/Imagem-do-WhatsApp-de-2024-05-14-as-18.09.10_08ed8074.jpg?resize=768%2C687 768w, https:\/\/i0.wp.com\/blogdalucianaoliveira.com.br\/blog\/wp-content\/uploads\/2024\/05\/Imagem-do-WhatsApp-de-2024-05-14-as-18.09.10_08ed8074.jpg?resize=336%2C300 336w, https:\/\/i0.wp.com\/blogdalucianaoliveira.com.br\/blog\/wp-content\/uploads\/2024\/05\/Imagem-do-WhatsApp-de-2024-05-14-as-18.09.10_08ed8074.jpg?w=1170 1170w\" sizes=\"auto, (max-width: 300px) 100vw, 300px\" \/><\/p>\n<p><strong>De Olho nos Ruralista<\/strong>s &#8211; O Rio Grande do Sul sofre com uma enchente hist\u00f3rica que atinge mais de 80% dos seus munic\u00edpios. Em meio \u00e0 trag\u00e9dia, pol\u00edticos do estado dizem estar comovidos. Mas, por tr\u00e1s dos bastidores, deputados e senadores ga\u00fachos promovem iniciativas para fragilizar a legisla\u00e7\u00e3o ambiental e ampliar a destrui\u00e7\u00e3o dos ecossistemas. A onda de destrui\u00e7\u00e3o tem ainda a assinatura do governador Eduardo Leite. Ser\u00e1 que os pol\u00edticos, ga\u00fachos ou n\u00e3o, deixar\u00e3o de aprovar leis contra o ambiente?<!--more--><\/p>\n<p>Confira no v\u00eddeo.<\/p>\n<p>&nbsp;<\/p>\n<div class=\"jetpack-video-wrapper\"><iframe loading=\"lazy\" title=\"Pol\u00edticos que lamentam cat\u00e1strofe no RS s\u00e3o os mesmos que atacam o ambiente\" width=\"600\" height=\"338\" src=\"https:\/\/www.youtube.com\/embed\/TLNyi6oNVtE?feature=oembed\" frameborder=\"0\" allow=\"accelerometer; autoplay; clipboard-write; encrypted-media; gyroscope; picture-in-picture; web-share\" referrerpolicy=\"strict-origin-when-cross-origin\" allowfullscreen><\/iframe><\/div>\n","protected":false},"excerpt":{"rendered":"<p>De Olho nos Ruralistas &#8211; O Rio Grande do Sul sofre com uma enchente hist\u00f3rica que atinge mais de 80% dos seus munic\u00edpios. Em meio \u00e0 trag\u00e9dia, pol\u00edticos do estado dizem estar comovidos. Mas, por tr\u00e1s dos bastidores, deputados e senadores ga\u00fachos promovem iniciativas para fragilizar a legisla\u00e7\u00e3o ambiental e ampliar a destrui\u00e7\u00e3o dos ecossistemas&#8230;.<a class=\"more-link\" href=\"http:\/\/blogdalucianaoliveira.com.br\/blog\/2024\/05\/14\/de-olho-nos-ruralistas\/\">Continue a leitura <span class=\"meta-nav\">&raquo;<\/span><\/a><\/p>\n","protected":false},"author":1,"featured_media":0,"comment_status":"closed","ping_status":"open","sticky":false,"template":"","format":"standard","meta":{"_exactmetrics_skip_tracking":false,"_exactmetrics_sitenote_active":false,"_exactmetrics_sitenote_note":"","_exactmetrics_sitenote_category":0,"jetpack_post_was_ever_published":false,"_jetpack_newsletter_access":"","_jetpack_dont_email_post_to_subs":false,"_jetpack_newsletter_tier_id":0,"_jetpack_memberships_contains_paywalled_content":false,"_jetpack_memberships_contains_paid_content":false,"footnotes":"","jetpack_publicize_message":"","jetpack_publicize_feature_enabled":true,"jetpack_social_post_already_shared":true,"jetpack_social_options":{"image_generator_settings":{"template":"highway","enabled":false},"version":2}},"categories":[1],"tags":[937,945,386,951],"class_list":["post-35140","post","type-post","status-publish","format-standard","hentry","category-notas","tag-enchente","tag-jaime-bagatolli","tag-meio-ambiente","tag-rio-grande-do-sul"],"jetpack_publicize_connections":[],"jetpack_sharing_enabled":true,"jetpack_featured_media_url":"","jetpack_shortlink":"https:\/\/wp.me\/p7wKYW-98M","jetpack-related-posts":[],"_links":{"self":[{"href":"http:\/\/blogdalucianaoliveira.com.br\/blog\/wp-json\/wp\/v2\/posts\/35140","targetHints":{"allow":["GET"]}}],"collection":[{"href":"http:\/\/blogdalucianaoliveira.com.br\/blog\/wp-json\/wp\/v2\/posts"}],"about":[{"href":"http:\/\/blogdalucianaoliveira.com.br\/blog\/wp-json\/wp\/v2\/types\/post"}],"author":[{"embeddable":true,"href":"http:\/\/blogdalucianaoliveira.com.br\/blog\/wp-json\/wp\/v2\/users\/1"}],"replies":[{"embeddable":true,"href":"http:\/\/blogdalucianaoliveira.com.br\/blog\/wp-json\/wp\/v2\/comments?post=35140"}],"version-history":[{"count":2,"href":"http:\/\/blogdalucianaoliveira.com.br\/blog\/wp-json\/wp\/v2\/posts\/35140\/revisions"}],"predecessor-version":[{"id":35143,"href":"http:\/\/blogdalucianaoliveira.com.br\/blog\/wp-json\/wp\/v2\/posts\/35140\/revisions\/35143"}],"wp:attachment":[{"href":"http:\/\/blogdalucianaoliveira.com.br\/blog\/wp-json\/wp\/v2\/media?parent=35140"}],"wp:term":[{"taxonomy":"category","embeddable":true,"href":"http:\/\/blogdalucianaoliveira.com.br\/blog\/wp-json\/wp\/v2\/categories?post=35140"},{"taxonomy":"post_tag","embeddable":true,"href":"http:\/\/blogdalucianaoliveira.com.br\/blog\/wp-json\/wp\/v2\/tags?post=35140"}],"curies":[{"name":"wp","href":"https:\/\/api.w.org\/{rel}","templated":true}]}}