{"id":35145,"date":"2024-05-15T10:31:44","date_gmt":"2024-05-15T14:31:44","guid":{"rendered":"http:\/\/blogdalucianaoliveira.com.br\/blog\/?p=35145"},"modified":"2024-05-15T10:57:48","modified_gmt":"2024-05-15T14:57:48","slug":"contrato-de-r-2-bi-rejeitado-pelo-tce-ro-e-aprovado-na-camara","status":"publish","type":"post","link":"http:\/\/blogdalucianaoliveira.com.br\/blog\/2024\/05\/15\/contrato-de-r-2-bi-rejeitado-pelo-tce-ro-e-aprovado-na-camara\/","title":{"rendered":"Contrato de R$ 2 bi rejeitado pelo TCE-RO \u00e9 aprovado na C\u00e2mara"},"content":{"rendered":"<p><img data-recalc-dims=\"1\" loading=\"lazy\" decoding=\"async\" data-attachment-id=\"35153\" data-permalink=\"http:\/\/blogdalucianaoliveira.com.br\/blog\/2024\/05\/15\/contrato-de-r-2-bi-rejeitado-pelo-tce-ro-e-aprovado-na-camara\/download-1-2\/\" data-orig-file=\"https:\/\/i0.wp.com\/blogdalucianaoliveira.com.br\/blog\/wp-content\/uploads\/2024\/05\/download-1.jpeg?fit=292%2C173\" data-orig-size=\"292,173\" data-comments-opened=\"0\" data-image-meta=\"{&quot;aperture&quot;:&quot;0&quot;,&quot;credit&quot;:&quot;&quot;,&quot;camera&quot;:&quot;&quot;,&quot;caption&quot;:&quot;&quot;,&quot;created_timestamp&quot;:&quot;0&quot;,&quot;copyright&quot;:&quot;&quot;,&quot;focal_length&quot;:&quot;0&quot;,&quot;iso&quot;:&quot;0&quot;,&quot;shutter_speed&quot;:&quot;0&quot;,&quot;title&quot;:&quot;&quot;,&quot;orientation&quot;:&quot;0&quot;}\" data-image-title=\"download (1)\" data-image-description=\"\" data-image-caption=\"\" data-medium-file=\"https:\/\/i0.wp.com\/blogdalucianaoliveira.com.br\/blog\/wp-content\/uploads\/2024\/05\/download-1.jpeg?fit=292%2C173\" data-large-file=\"https:\/\/i0.wp.com\/blogdalucianaoliveira.com.br\/blog\/wp-content\/uploads\/2024\/05\/download-1.jpeg?fit=292%2C173\" class=\" wp-image-35153 aligncenter\" src=\"https:\/\/i0.wp.com\/blogdalucianaoliveira.com.br\/blog\/wp-content\/uploads\/2024\/05\/download-1.jpeg?resize=354%2C259\" alt=\"\" width=\"354\" height=\"259\" \/><\/p>\n<h2 class=\"Text__TextBase-sc-1d75gww-0 cUGlZd noticiaCabecalho__subtitulo\">Projeto aprovado pela C\u00e2mara de Porto Velho prev\u00ea pagamentos mensais de R$ 6 milh\u00f5es para empresa respons\u00e1vel pela limpeza urbana<\/h2>\n<p><!--more--><\/p>\n<div class=\"HeaderNoticiaWrapper__Autor-sc-4exe2y-2 kmmjyE\"><strong>No Metr\u00f3poles<\/strong>, por Paulo Cappelli, Petr\u00f4nio Viana &#8211; A C\u00e2mara de Porto Velho (RO) levou apenas dois minutos para aprovar o projeto de lei que implementa contrato no valor de R$ 2 bilh\u00f5es entre o Executivo e a empresa Marquise Ambiental, respons\u00e1vel pela coleta de lixo na cidade. O acordo j\u00e1 havia sido rejeitado pelo Tribunal de Contas do Estado de Rond\u00f4nia (TCE-RO), que apontou irregularidades no processo de licita\u00e7\u00e3o.<\/div>\n<div>\n<p class=\"Normal\" data-gtm-vis-recent-on-screen104869357_94=\"333790\" data-gtm-vis-first-on-screen104869357_94=\"333791\" data-gtm-vis-total-visible-time104869357_94=\"100\" data-gtm-vis-has-fired104869357_94=\"1\"><span class=\"tm5\">Pelo contrato, a empresa vai receber R$ 6 milh\u00f5es por m\u00eas para manter os servi\u00e7os de implanta\u00e7\u00e3o, manuten\u00e7\u00e3o, limpeza urbana, coleta, reciclagem e disposi\u00e7\u00e3o final res\u00edduos s\u00f3lidos na capital e no estado de Rond\u00f4nia. Em abril, o TCERO havia determinado o cancelamento do contrato e a anula\u00e7\u00e3o da licita\u00e7\u00e3o.<\/span><\/p>\n<div class=\"m-carousel-post\" data-gtm-vis-recent-on-screen104869357_189=\"334097\" data-gtm-vis-first-on-screen104869357_189=\"334097\" data-gtm-vis-total-visible-time104869357_189=\"100\" data-gtm-vis-has-fired104869357_189=\"1\">\n<div class=\"siema m-siema-single-item rendered\">\n<div>\n<div class=\"siema-item\">\n<div class=\"m-image-carousel\"><img data-recalc-dims=\"1\" loading=\"lazy\" decoding=\"async\" class=\"m-lazyImage updated-src\" src=\"https:\/\/i0.wp.com\/fly.metropoles.cloud\/upload\/q_85%2Cw_600\/https%3A\/\/uploads.metroimg.com\/wp-content\/uploads\/2024\/05\/14175116\/1628084418fotos-saul-ribeiro-agenda-prefeito-solenidade-camara-5.jpg?resize=450%2C300&#038;ssl=1\" alt=\"C\u00e2mara projeto Porto Velho\" width=\"450\" height=\"300\" data-src=\"https:\/\/fly.metropoles.cloud\/upload\/q_85,w_600\/https:\/\/uploads.metroimg.com\/wp-content\/uploads\/2024\/05\/14175116\/1628084418fotos-saul-ribeiro-agenda-prefeito-solenidade-camara-5.jpg\" \/><\/div>\n<\/div>\n<\/div>\n<div>\n<div class=\"siema-item active\">\n<div class=\"m-subtitle-carousel\">\n<p class=\"m-caption\">C\u00e2mara de Porto Velho aprovou contrato rejeitado pelo Tribunal de Contas de Rond\u00f4nia &#8211; <span class=\"m-credits-carousel\">Reprodu\u00e7\u00e3o<\/span><\/p>\n<\/div>\n<\/div>\n<\/div>\n<div>\n<div class=\"siema-item\">\n<div class=\"m-image-carousel\">\n<p>Em 2014, a Marquise Ambiental j\u00e1 havia sido questionada pelo TCERO, que anulou um contrato similar ao aprovado nesta ter\u00e7a-feira.<\/p>\n<div id=\"__next\">\n<div class=\"Box-sc-68smk-0 hlrQiW\" data-agent=\"Mozilla\/5.0 (Windows NT 10.0; Win64; x64) AppleWebKit\/537.36 (KHTML, like Gecko) Chrome\/109.0.0.0 Safari\/537.36\" data-regiao=\"\">\n<p>&nbsp;<\/p>\n<div class=\"NoticiaInternaWrapper-sc-481g5p-0 hhpvOs categoria__colunas\">\n<div class=\"Grid__Container-sc-owmjhw-0 fwKRsh\">\n<div class=\"Grid__Row-sc-owmjhw-1 jDSYZL\">\n<div class=\"Grid__Col-sc-owmjhw-2 kdydoW\">\n<article class=\"Grid__Row-sc-owmjhw-1 gbgKiA\">\n<div class=\"Grid__Col-sc-owmjhw-2 eUNTgU\">\n<div class=\"Grid__Col-sc-owmjhw-2 cQamkl\">\n<div class=\"ConteudoNoticiaWrapper-sc-19fsm27-0 hhVJHU m-content\">\n<div class=\"ConteudoNoticiaWrapper__Artigo-sc-19fsm27-1 cxeXrb\">\n<p class=\"Normal\"><span class=\"tm5\">O projeto de lei foi enviado ao Legislativo municipal pelo prefeito de Porto Velho,\u00a0Hildon Chaves, do Uni\u00e3o Brasil, que conta com o apoio da maioria dos vereadores. Ele ocupa o cargo desde 2017.<\/span><\/p>\n<\/div>\n<\/div>\n<\/div>\n<\/div>\n<\/article>\n<\/div>\n<\/div>\n<\/div>\n<\/div>\n<p>&nbsp;<\/p>\n<\/div>\n<\/div>\n<\/div>\n<\/div>\n<\/div>\n<\/div>\n<\/div>\n<\/div>\n","protected":false},"excerpt":{"rendered":"<p>Projeto aprovado pela C\u00e2mara de Porto Velho prev\u00ea pagamentos mensais de R$ 6 milh\u00f5es para empresa respons\u00e1vel pela limpeza urbana<\/p>\n","protected":false},"author":1,"featured_media":0,"comment_status":"closed","ping_status":"open","sticky":false,"template":"","format":"standard","meta":{"_exactmetrics_skip_tracking":false,"_exactmetrics_sitenote_active":false,"_exactmetrics_sitenote_note":"","_exactmetrics_sitenote_category":0,"jetpack_post_was_ever_published":false,"_jetpack_newsletter_access":"","_jetpack_dont_email_post_to_subs":false,"_jetpack_newsletter_tier_id":0,"_jetpack_memberships_contains_paywalled_content":false,"_jetpack_memberships_contains_paid_content":false,"footnotes":"","jetpack_publicize_message":"","jetpack_publicize_feature_enabled":true,"jetpack_social_post_already_shared":true,"jetpack_social_options":{"image_generator_settings":{"template":"highway","enabled":false},"version":2}},"categories":[1],"tags":[968,967,969,8],"class_list":["post-35145","post","type-post","status-publish","format-standard","hentry","category-notas","tag-contrato","tag-lixo","tag-marquise","tag-porto-velho"],"jetpack_publicize_connections":[],"jetpack_sharing_enabled":true,"jetpack_featured_media_url":"","jetpack_shortlink":"https:\/\/wp.me\/p7wKYW-98R","jetpack-related-posts":[],"_links":{"self":[{"href":"http:\/\/blogdalucianaoliveira.com.br\/blog\/wp-json\/wp\/v2\/posts\/35145","targetHints":{"allow":["GET"]}}],"collection":[{"href":"http:\/\/blogdalucianaoliveira.com.br\/blog\/wp-json\/wp\/v2\/posts"}],"about":[{"href":"http:\/\/blogdalucianaoliveira.com.br\/blog\/wp-json\/wp\/v2\/types\/post"}],"author":[{"embeddable":true,"href":"http:\/\/blogdalucianaoliveira.com.br\/blog\/wp-json\/wp\/v2\/users\/1"}],"replies":[{"embeddable":true,"href":"http:\/\/blogdalucianaoliveira.com.br\/blog\/wp-json\/wp\/v2\/comments?post=35145"}],"version-history":[{"count":3,"href":"http:\/\/blogdalucianaoliveira.com.br\/blog\/wp-json\/wp\/v2\/posts\/35145\/revisions"}],"predecessor-version":[{"id":35154,"href":"http:\/\/blogdalucianaoliveira.com.br\/blog\/wp-json\/wp\/v2\/posts\/35145\/revisions\/35154"}],"wp:attachment":[{"href":"http:\/\/blogdalucianaoliveira.com.br\/blog\/wp-json\/wp\/v2\/media?parent=35145"}],"wp:term":[{"taxonomy":"category","embeddable":true,"href":"http:\/\/blogdalucianaoliveira.com.br\/blog\/wp-json\/wp\/v2\/categories?post=35145"},{"taxonomy":"post_tag","embeddable":true,"href":"http:\/\/blogdalucianaoliveira.com.br\/blog\/wp-json\/wp\/v2\/tags?post=35145"}],"curies":[{"name":"wp","href":"https:\/\/api.w.org\/{rel}","templated":true}]}}