{"id":35147,"date":"2024-05-15T10:37:23","date_gmt":"2024-05-15T14:37:23","guid":{"rendered":"http:\/\/blogdalucianaoliveira.com.br\/blog\/?p=35147"},"modified":"2024-05-15T10:37:23","modified_gmt":"2024-05-15T14:37:23","slug":"como-troca-de-vegetacao-nativa-por-soja-pode-ter-agravado-as-enchentes-no-rio-grande-do-sul","status":"publish","type":"post","link":"http:\/\/blogdalucianaoliveira.com.br\/blog\/2024\/05\/15\/como-troca-de-vegetacao-nativa-por-soja-pode-ter-agravado-as-enchentes-no-rio-grande-do-sul\/","title":{"rendered":"Como troca de vegeta\u00e7\u00e3o nativa por soja pode ter agravado as enchentes no Rio Grande do Sul"},"content":{"rendered":"<p><img data-recalc-dims=\"1\" decoding=\"async\" src=\"https:\/\/i0.wp.com\/ichef.bbci.co.uk\/ace\/ws\/640\/cpsprodpb\/f9cc\/live\/995fb150-1225-11ef-82e8-cd354766a224.jpg?w=600&#038;ssl=1\" alt=\"Planta\u00e7\u00e3o de soja no Brasil\" \/><\/p>\n<div class=\"bbc-19j92fr ebmt73l0\" dir=\"ltr\">\n<p class=\"bbc-hhl7in e17g058b0\" dir=\"ltr\"><strong>Na BBC<\/strong>, por Leandro Prazeres &#8211; As inunda\u00e7\u00f5es que atingiram o\u00a0Rio Grande do Sul\u00a0nas \u00faltimas semanas j\u00e1 levaram \u00e0 morte de\u00a0pelo menos 148 pessoas\u00a0e deixaram outras 538 mil pessoas desalojadas.<\/p>\n<\/div>\n<p><!--more--><\/p>\n<div class=\"bbc-19j92fr ebmt73l0\" dir=\"ltr\">\n<p class=\"bbc-hhl7in e17g058b0\" dir=\"ltr\">A chuva n\u00e3o vem dando tr\u00e9gua, os\u00a0boletins meteorol\u00f3gicos e hidrol\u00f3gicos\u00a0apontam para um poss\u00edvel recrudescimento da situa\u00e7\u00e3o na regi\u00e3o nos pr\u00f3ximos dias e as enchentes j\u00e1 s\u00e3o consideradas o\u00a0pior evento clim\u00e1tico da hist\u00f3ria do Rio Grande do Sul\u00a0e um dos piores do Brasil.<\/p>\n<\/div>\n<div class=\"bbc-19j92fr ebmt73l0\" dir=\"ltr\">\n<p class=\"bbc-hhl7in e17g058b0\" dir=\"ltr\">A dimens\u00e3o da trag\u00e9dia, as perdas de vidas humanas e a destrui\u00e7\u00e3o de comunidades inteiras t\u00eam despertado uma discuss\u00e3o sobre os fatores que levaram a essa cat\u00e1strofe ou que poderiam ter ajudado a diminuir sua intensidade.<\/p>\n<\/div>\n<div class=\"bbc-19j92fr ebmt73l0\" dir=\"ltr\">\n<p class=\"bbc-hhl7in e17g058b0\" dir=\"ltr\">Um dos aspectos apontados por especialistas ouvidos pela BBC News Brasil \u00e9 o poss\u00edvel impacto da redu\u00e7\u00e3o da vegeta\u00e7\u00e3o nativa no Estado.<\/p>\n<\/div>\n<section class=\"bbc-geybui\" role=\"region\" aria-label=\"Publicidade 2\" aria-hidden=\"true\" data-e2e=\"advertisement\"><\/section>\n<div class=\"bbc-19j92fr ebmt73l0\" dir=\"ltr\">\n<p class=\"bbc-hhl7in e17g058b0\" dir=\"ltr\">Dados produzidos pelo MapBiomas e obtidos pela BBC News Brasil mostram que, entre 1985 e 2022, o Rio Grande do Sul perdeu aproximadamente 3,5 milh\u00f5es de hectares de vegeta\u00e7\u00e3o nativa.<\/p>\n<div class=\"bbc-19j92fr ebmt73l0\" dir=\"ltr\">\n<p class=\"bbc-hhl7in e17g058b0\" dir=\"ltr\">Isso \u00e9 o equivalente a 22% de toda cobertura vegetal original presente no Estado em 1985 formada por florestas, campos, \u00e1reas pantanosas e outras formas de vegeta\u00e7\u00e3o nativa.<\/p>\n<\/div>\n<div class=\"bbc-19j92fr ebmt73l0\" dir=\"ltr\">\n<p class=\"bbc-hhl7in e17g058b0\" dir=\"ltr\">Os dados mostram ainda que ao mesmo tempo em que isso acontecia, houve um aumento vertiginoso de lavouras de soja, silvicultura e da \u00e1rea urbanizada do Estado.<\/p>\n<\/div>\n<div class=\"bbc-19j92fr ebmt73l0\" dir=\"ltr\">\n<p class=\"bbc-hhl7in e17g058b0\" dir=\"ltr\">Cientistas ouvidos pela BBC News Brasil afirmam que a perda de cobertura vegetal original pode ter contribu\u00eddo para as dimens\u00f5es das inunda\u00e7\u00f5es que afetaram o Estado porque a vegeta\u00e7\u00e3o nativa:<\/p>\n<\/div>\n<div class=\"etpldq00 bbc-oa9drk ebmt73l0\" dir=\"ltr\">\n<ul class=\"bbc-1q9yy8j evvt9po1\" dir=\"ltr\" role=\"list\">\n<li class=\"bbc-acwcvw evvt9po0\" role=\"listitem\">diminui a velocidade com a qual a enxurrada chega ao leito dos rios;<\/li>\n<li class=\"bbc-acwcvw evvt9po0\" role=\"listitem\">aumenta a quantidade de \u00e1gua infiltrada no solo, o que diminui a quantidade de \u00e1gua dispon\u00edvel para inunda\u00e7\u00f5es;<\/li>\n<li class=\"bbc-acwcvw evvt9po0\" role=\"listitem\">protege o solo diminuindo a quantidade de sedimentos que assoreiam os rios da regi\u00e3o.<\/li>\n<\/ul>\n<\/div>\n<div class=\"bbc-19j92fr ebmt73l0\" dir=\"ltr\">\n<p class=\"bbc-hhl7in e17g058b0\" dir=\"ltr\">Procuradas, as assessorias de imprensa da Secretaria do Meio Ambiente e Infraestrutura do Rio Grande do Sul e do governo do Estado n\u00e3o responderam \u00e0s quest\u00f5es enviadas pela reportagem.<\/p>\n<\/div>\n<figure class=\"bbc-1qn0xuy\">\n<div class=\"bbc-18ywsw9\"><picture><img data-recalc-dims=\"1\" loading=\"lazy\" decoding=\"async\" class=\"bbc-139onq\" src=\"https:\/\/i0.wp.com\/ichef.bbci.co.uk\/ace\/ws\/640\/cpsprodpb\/c357\/live\/ccb369d0-1292-11ef-bee9-6125e244a4cd.png?resize=600%2C855&#038;ssl=1\" sizes=\"auto, (min-width: 1008px) 760px, 100vw\" srcset=\"https:\/\/ichef.bbci.co.uk\/ace\/ws\/240\/cpsprodpb\/c357\/live\/ccb369d0-1292-11ef-bee9-6125e244a4cd.png 240w, https:\/\/ichef.bbci.co.uk\/ace\/ws\/320\/cpsprodpb\/c357\/live\/ccb369d0-1292-11ef-bee9-6125e244a4cd.png 320w, https:\/\/ichef.bbci.co.uk\/ace\/ws\/480\/cpsprodpb\/c357\/live\/ccb369d0-1292-11ef-bee9-6125e244a4cd.png 480w, https:\/\/ichef.bbci.co.uk\/ace\/ws\/624\/cpsprodpb\/c357\/live\/ccb369d0-1292-11ef-bee9-6125e244a4cd.png 624w, https:\/\/ichef.bbci.co.uk\/ace\/ws\/800\/cpsprodpb\/c357\/live\/ccb369d0-1292-11ef-bee9-6125e244a4cd.png 800w\" alt=\"Gr\u00e1fico explicando as tr\u00eas maneiras pelas quais a vegeta\u00e7\u00e3o nativa protege contra enxurradas\" width=\"600\" height=\"855\" \/><\/picture><\/div>\n<\/figure>\n<figure class=\"bbc-1qn0xuy\">\n<div class=\"bbc-18ywsw9\"><picture><img data-recalc-dims=\"1\" loading=\"lazy\" decoding=\"async\" class=\"bbc-139onq\" src=\"https:\/\/i0.wp.com\/ichef.bbci.co.uk\/ace\/ws\/640\/cpsprodpb\/d041\/live\/ffe89fe0-1225-11ef-9b3a-23bcecb24897.jpg?resize=600%2C338&#038;ssl=1\" sizes=\"auto, (min-width: 1008px) 760px, 100vw\" srcset=\"https:\/\/ichef.bbci.co.uk\/ace\/ws\/240\/cpsprodpb\/d041\/live\/ffe89fe0-1225-11ef-9b3a-23bcecb24897.jpg 240w, https:\/\/ichef.bbci.co.uk\/ace\/ws\/320\/cpsprodpb\/d041\/live\/ffe89fe0-1225-11ef-9b3a-23bcecb24897.jpg 320w, https:\/\/ichef.bbci.co.uk\/ace\/ws\/480\/cpsprodpb\/d041\/live\/ffe89fe0-1225-11ef-9b3a-23bcecb24897.jpg 480w, https:\/\/ichef.bbci.co.uk\/ace\/ws\/624\/cpsprodpb\/d041\/live\/ffe89fe0-1225-11ef-9b3a-23bcecb24897.jpg 624w, https:\/\/ichef.bbci.co.uk\/ace\/ws\/800\/cpsprodpb\/d041\/live\/ffe89fe0-1225-11ef-9b3a-23bcecb24897.jpg 800w\" alt=\"Pessoa observa rua destru\u00edda e \u00e1gua de inunda\u00e7\u00e3o abaixando\" width=\"600\" height=\"338\" \/><\/picture>\n<p class=\"bbc-by8ykd\" role=\"text\"><span class=\"bbc-m04vo2\">CR\u00c9DITO,<\/span><span lang=\"en-GB\">SEBASTIAO MOREIRA\/EPA-EFE\/REX\/SHUTTERSTOCK<\/span><\/p>\n<\/div><figcaption class=\"bbc-1jsyunq e6i104o0\" dir=\"ltr\"><span role=\"text\"><span class=\"bbc-m04vo2\">Legenda da foto,<\/span><span data-testid=\"caption-paragraph\">Nova onda de chuvas j\u00e1 voltou a fazer aumentar o n\u00edvel do Lago Gua\u00edba, em Porto Alegre<\/span><\/span><\/figcaption><\/figure>\n<div class=\"bbc-19j92fr ebmt73l0\" dir=\"ltr\">\n<h2 id=\"Cidades-e-florestas-artificiais\" class=\"bbc-1f03ibc eglt09e0\" tabindex=\"-1\">Cidades e florestas &#8216;artificiais&#8217;<\/h2>\n<div class=\"bbc-19j92fr ebmt73l0\" dir=\"ltr\">\n<p class=\"bbc-hhl7in e17g058b0\" dir=\"ltr\">A rela\u00e7\u00e3o entre a perda de vegeta\u00e7\u00e3o nativa e os impactos das inunda\u00e7\u00f5es no Rio Grande do Sul come\u00e7ou a ser feita por pesquisadores que estudam a ocupa\u00e7\u00e3o do solo no Estado ga\u00facho h\u00e1 d\u00e9cadas.<\/p>\n<\/div>\n<div class=\"bbc-19j92fr ebmt73l0\" dir=\"ltr\">\n<p class=\"bbc-hhl7in e17g058b0\" dir=\"ltr\">Um deles \u00e9 o pesquisador do MapBiomas Eduardo V\u00e9lez, um dos respons\u00e1veis pelo levantamento feito pela organiza\u00e7\u00e3o.<\/p>\n<\/div>\n<div class=\"bbc-19j92fr ebmt73l0\" dir=\"ltr\">\n<p class=\"bbc-hhl7in e17g058b0\" dir=\"ltr\">O MapBiomas \u00e9 uma iniciativa que re\u00fane organiza\u00e7\u00f5es n\u00e3o-governamentais e empresas de tecnologia, e que utiliza imagens de sat\u00e9lite para estudar a mudan\u00e7a nos padr\u00f5es de uso do solo em todo o Brasil.<\/p>\n<\/div>\n<div class=\"bbc-19j92fr ebmt73l0\" dir=\"ltr\">\n<p class=\"bbc-hhl7in e17g058b0\" dir=\"ltr\">V\u00e9lez explica que o levantamento tomou como ponto de partida o ano de 1985 porque \u00e9 o primeiro ano da s\u00e9rie hist\u00f3rica do conjunto de sat\u00e9lites Landsat.<\/p>\n<\/div>\n<div class=\"bbc-19j92fr ebmt73l0\" dir=\"ltr\">\n<p class=\"bbc-hhl7in e17g058b0\" dir=\"ltr\">&#8220;Para estudar esse fen\u00f4meno, a gente precisa de dados compar\u00e1veis de longo prazo&#8221;, explica V\u00e9lez.<\/p>\n<\/div>\n<div class=\"bbc-19j92fr ebmt73l0\" dir=\"ltr\">\n<p class=\"bbc-hhl7in e17g058b0\" dir=\"ltr\">O pesquisador explica que o levantamento comparou as coberturas vegetais de diferentes categorias ao longo dos anos para estimar a quantidade de vegeta\u00e7\u00e3o nativa perdida e o que ocupou o seu lugar no Rio Grande do Sul.<\/p>\n<\/div>\n<div class=\"bbc-19j92fr ebmt73l0\" dir=\"ltr\">\n<p class=\"bbc-hhl7in e17g058b0\" dir=\"ltr\">V\u00e9lez diz que a perda de vegeta\u00e7\u00e3o nativa no Rio Grande do Sul atingiu o Estado como um todo, mas quase um ter\u00e7o dela se deu na bacia hidrogr\u00e1fica do Gua\u00edba, uma das mais afetadas.<\/p>\n<\/div>\n<div class=\"bbc-19j92fr ebmt73l0\" dir=\"ltr\">\n<p class=\"bbc-hhl7in e17g058b0\" dir=\"ltr\">L\u00e1, a perda de vegeta\u00e7\u00e3o nativa foi de 1,3 milh\u00e3o de hectares.<\/p>\n<\/div>\n<div class=\"bbc-19j92fr ebmt73l0\" dir=\"ltr\">\n<p class=\"bbc-hhl7in e17g058b0\" dir=\"ltr\">&#8220;O Rio Grande do Sul tem um bioma diferente da Amaz\u00f4nia, por exemplo. Temos algumas florestas nativas, mas a maior perda n\u00e3o se deu pelo desmatamento de florestas. Essa perda se deu, na maior parte, nas forma\u00e7\u00f5es campestres&#8221;, diz V\u00e9lez.<\/p>\n<\/div>\n<div class=\"bbc-19j92fr ebmt73l0\" dir=\"ltr\">\n<p class=\"bbc-hhl7in e17g058b0\" dir=\"ltr\">As forma\u00e7\u00f5es campestres do Rio Grande do Sul s\u00e3o um tipo de vegeta\u00e7\u00e3o adaptada ao clima sub-tropical do Estado composta, em sua maioria, por gram\u00edneas e arbustos de pequeno porte.<\/p>\n<\/div>\n<div class=\"bbc-19j92fr ebmt73l0\" dir=\"ltr\">\n<p class=\"bbc-hhl7in e17g058b0\" dir=\"ltr\">Em geral, ela vem sendo utilizada historicamente nas atividades de pecu\u00e1ria extensiva, preservando, segundo especialistas, suas caracter\u00edsticas originais biol\u00f3gicas e suas fun\u00e7\u00f5es ambientais em rela\u00e7\u00e3o \u00e0 chuva e ao solo.<\/p>\n<\/div>\n<div class=\"bbc-19j92fr ebmt73l0\" dir=\"ltr\">\n<p class=\"bbc-hhl7in e17g058b0\" dir=\"ltr\">De acordo com o MapBiomas, o Estado perdeu 3,3 milh\u00f5es de hectares em forma\u00e7\u00f5es campestres entre 1985 e 2022, quase a totalidade de tudo o que o Estado perdeu em vegeta\u00e7\u00e3o nativa no per\u00edodo.<\/p>\n<\/div>\n<div class=\"bbc-19j92fr ebmt73l0\" dir=\"ltr\">\n<p class=\"bbc-hhl7in e17g058b0\" dir=\"ltr\">Trata-se de uma perda de 32% em rela\u00e7\u00e3o ao que havia desse tipo de vegeta\u00e7\u00e3o em 1985.<\/p>\n<\/div>\n<div class=\"bbc-19j92fr ebmt73l0\" dir=\"ltr\">\n<p class=\"bbc-hhl7in e17g058b0\" dir=\"ltr\">O MapBiomas tamb\u00e9m mostra qual o destino dado \u00e0s \u00e1reas onde a vegeta\u00e7\u00e3o nativa foi suprimida.<\/p>\n<\/div>\n<div class=\"bbc-19j92fr ebmt73l0\" dir=\"ltr\">\n<p class=\"bbc-hhl7in e17g058b0\" dir=\"ltr\">Os dados apontam que houve um crescimento de 366% no total da \u00e1rea destinada \u00e0 lavoura de soja no per\u00edodo.<\/p>\n<\/div>\n<div class=\"bbc-19j92fr ebmt73l0\" dir=\"ltr\">\n<p class=\"bbc-hhl7in e17g058b0\" dir=\"ltr\">Em 1985, o Estado tinha uma \u00e1rea de 1,3 milh\u00e3o de hectares ocupada pela soja. Em 2022, essa \u00e1rea saltou para 6,3 milh\u00f5es. O crescimento foi de 4,99 milh\u00f5es de hectares.<\/p>\n<\/div>\n<div class=\"bbc-19j92fr ebmt73l0\" dir=\"ltr\">\n<p class=\"bbc-hhl7in e17g058b0\" dir=\"ltr\">Essa \u00e1rea \u00e9 maior do que o total da perda de vegeta\u00e7\u00e3o nativa porque, segundo V\u00e9lez, al\u00e9m de crescer sobre as \u00e1reas naturais do Estado, a soja tamb\u00e9m avan\u00e7ou sobre outras atividades como pastagens.<\/p>\n<\/div>\n<p><iframe loading=\"lazy\" id=\"flourish-id-fa9839ad\" class=\"bbc-axsk9o\" title=\"Interactive or visual content\" src=\"https:\/\/flo.uri.sh\/story\/2379741\/embed?auto=1\" width=\"700\" height=\"575\" frameborder=\"0\" scrolling=\"no\" data-mce-fragment=\"1\"><\/iframe><\/p>\n<div class=\"bbc-19j92fr ebmt73l0\" dir=\"ltr\">\n<p class=\"bbc-hhl7in e17g058b0\" dir=\"ltr\">De acordo com a Companhia Nacional de Abastecimento (Conab), vinculada ao Minist\u00e9rio da Agricultura e Pecu\u00e1ria (Mapa), o Rio Grande do Sul era, em junho de 2023, o terceiro maior produtor de soja do Brasil, atr\u00e1s de Paran\u00e1 e Mato Grosso.<\/p>\n<\/div>\n<div class=\"bbc-19j92fr ebmt73l0\" dir=\"ltr\">\n<p class=\"bbc-hhl7in e17g058b0\" dir=\"ltr\">Outra atividade cuja \u00e1rea cresceu mudando a configura\u00e7\u00e3o do solo do Rio Grande do Sul \u00e9 a silvicultura.<\/p>\n<\/div>\n<div class=\"bbc-19j92fr ebmt73l0\" dir=\"ltr\">\n<p class=\"bbc-hhl7in e17g058b0\" dir=\"ltr\">A silvicultura consiste na planta\u00e7\u00e3o de florestas novas ou no manejo de florestas nativas para a sua explora\u00e7\u00e3o comercial.<\/p>\n<\/div>\n<div class=\"bbc-19j92fr ebmt73l0\" dir=\"ltr\">\n<p class=\"bbc-hhl7in e17g058b0\" dir=\"ltr\">No Rio Grande do Sul, a principal forma de silvicultura \u00e9 a planta\u00e7\u00e3o de florestas novas de esp\u00e9cies como eucalipto, pinus e outras esp\u00e9cies que s\u00e3o usadas para a produ\u00e7\u00e3o de madeira, lenha e celulose.<\/p>\n<\/div>\n<div class=\"bbc-19j92fr ebmt73l0\" dir=\"ltr\">\n<p class=\"bbc-hhl7in e17g058b0\" dir=\"ltr\">De acordo com o MapBiomas, a \u00e1rea destinada \u00e0 silvicultura no Estado saltou de 79 mil hectares para 1,19 milh\u00e3o de hectares, um crescimento de 1.399%.<\/p>\n<\/div>\n<div class=\"bbc-19j92fr ebmt73l0\" dir=\"ltr\">\n<p class=\"bbc-hhl7in e17g058b0\" dir=\"ltr\">De acordo com o Instituto Brasileiro de Geografia e Estat\u00edstica (IBGE), o Rio Grande do Sul \u00e9 o quinto maior Estado do Brasil em silvicultura, atr\u00e1s de Paran\u00e1, Mato Grosso do Sul, S\u00e3o Paulo e Minas Gerais.<\/p>\n<\/div>\n<div class=\"bbc-19j92fr ebmt73l0\" dir=\"ltr\">\n<p class=\"bbc-hhl7in e17g058b0\" dir=\"ltr\">O levantamento tamb\u00e9m mostra que houve um crescimento de 145% nas \u00e1reas urbanizadas do Estado no per\u00edodo estudado.<\/p>\n<\/div>\n<div class=\"bbc-19j92fr ebmt73l0\" dir=\"ltr\">\n<p class=\"bbc-hhl7in e17g058b0\" dir=\"ltr\">Em 1985, as \u00e1reas urbanizadas sa\u00edram de 97 mil hectares para 238.607 em 2022.<\/p>\n<\/div>\n<div class=\"bbc-19j92fr ebmt73l0\" dir=\"ltr\">\n<p class=\"bbc-hhl7in e17g058b0\" dir=\"ltr\">De acordo com o IBGE, a popula\u00e7\u00e3o do Estado era de 8,4 milh\u00f5es em 1985. Em 2022, a popula\u00e7\u00e3o estimada era de 10,8 milh\u00f5es.<\/p>\n<\/div>\n<figure class=\"bbc-1qn0xuy\">\n<div class=\"bbc-18ywsw9\"><picture><img data-recalc-dims=\"1\" loading=\"lazy\" decoding=\"async\" class=\"bbc-139onq\" src=\"https:\/\/i0.wp.com\/ichef.bbci.co.uk\/ace\/ws\/640\/cpsprodpb\/b3dc\/live\/5405acd0-1226-11ef-82e8-cd354766a224.jpg?resize=600%2C353&#038;ssl=1\" sizes=\"auto, (min-width: 1008px) 760px, 100vw\" srcset=\"https:\/\/ichef.bbci.co.uk\/ace\/ws\/240\/cpsprodpb\/b3dc\/live\/5405acd0-1226-11ef-82e8-cd354766a224.jpg 240w, https:\/\/ichef.bbci.co.uk\/ace\/ws\/320\/cpsprodpb\/b3dc\/live\/5405acd0-1226-11ef-82e8-cd354766a224.jpg 320w, https:\/\/ichef.bbci.co.uk\/ace\/ws\/480\/cpsprodpb\/b3dc\/live\/5405acd0-1226-11ef-82e8-cd354766a224.jpg 480w, https:\/\/ichef.bbci.co.uk\/ace\/ws\/624\/cpsprodpb\/b3dc\/live\/5405acd0-1226-11ef-82e8-cd354766a224.jpg 624w, https:\/\/ichef.bbci.co.uk\/ace\/ws\/800\/cpsprodpb\/b3dc\/live\/5405acd0-1226-11ef-82e8-cd354766a224.jpg 800w\" alt=\"Carros boiando em \u00e1rea alagada\" width=\"600\" height=\"353\" \/><\/picture>\n<p class=\"bbc-by8ykd\" role=\"text\"><span class=\"bbc-m04vo2\">CR\u00c9DITO,<\/span><span lang=\"en-GB\">AMANDA PEROBELLI\/REUTERS<\/span><\/p>\n<\/div><figcaption class=\"bbc-1jsyunq e6i104o0\" dir=\"ltr\"><span role=\"text\"><span class=\"bbc-m04vo2\">Legenda da foto,<\/span><span data-testid=\"caption-paragraph\">Gravidade do estrago foi afetada por desmatamentos<\/span><\/span><\/figcaption><\/figure>\n<div class=\"bbc-19j92fr ebmt73l0\" dir=\"ltr\">\n<h2 id=\"Freio-reservat\u00f3rio-e-conten\u00e7\u00e3o\" class=\"bbc-1f03ibc eglt09e0\" tabindex=\"-1\">Freio, reservat\u00f3rio e conten\u00e7\u00e3o<\/h2>\n<\/div>\n<div class=\"bbc-19j92fr ebmt73l0\" dir=\"ltr\">\n<p class=\"bbc-hhl7in e17g058b0\" dir=\"ltr\">O professor do Departamento de Ecologia da Universidade Federal do Rio Grande do Sul (UFRGS) e coordenador de uma rede de pesquisadores sobre os campos do Sul do pa\u00eds, Val\u00e9rio Pillar, disse \u00e0 BBC News Brasil que a redu\u00e7\u00e3o na \u00e1rea de vegeta\u00e7\u00e3o nativa e sua substitui\u00e7\u00e3o podem ter contribu\u00eddo para o agravamento dos impactos das inunda\u00e7\u00f5es.<\/p>\n<\/div>\n<div class=\"bbc-19j92fr ebmt73l0\" dir=\"ltr\">\n<p class=\"bbc-hhl7in e17g058b0\" dir=\"ltr\">&#8220;A mudan\u00e7a no uso da terra provavelmente aumentou o impacto negativo dessas chuvas&#8221;, afirma o professor \u00e0 BBC News Brasil.<\/p>\n<\/div>\n<div class=\"bbc-19j92fr ebmt73l0\" dir=\"ltr\">\n<p class=\"bbc-hhl7in e17g058b0\" dir=\"ltr\">Ele explica que h\u00e1 tr\u00eas motivos pelos quais isso aconteceria.<\/p>\n<\/div>\n<div class=\"bbc-19j92fr ebmt73l0\" dir=\"ltr\">\n<p class=\"bbc-hhl7in e17g058b0\" dir=\"ltr\">O primeiro \u00e9 que a vegeta\u00e7\u00e3o nativa funcionaria como uma esp\u00e9cie de &#8220;freio&#8221; para a \u00e1gua da chuva.<\/p>\n<\/div>\n<div class=\"bbc-19j92fr ebmt73l0\" dir=\"ltr\">\n<p class=\"bbc-hhl7in e17g058b0\" dir=\"ltr\">&#8220;A vegeta\u00e7\u00e3o nativa nas margens dos c\u00f3rregos, riachos e rios cria mais obst\u00e1culos para a \u00e1gua da chuva em seu caminho at\u00e9 os leitos dos rios. Esses obst\u00e1culos diminuem a velocidade do escorrimento da \u00e1gua e reduzem a for\u00e7a com que ela chega \u00e0s \u00e1reas mais baixas do territ\u00f3rio, como aquelas afetadas pelas enchentes&#8221;, explicou o professor.<\/p>\n<\/div>\n<div class=\"bbc-19j92fr ebmt73l0\" dir=\"ltr\">\n<p class=\"bbc-hhl7in e17g058b0\" dir=\"ltr\">Pillar diz ainda que, mesmo ap\u00f3s um rio transbordar, a vegeta\u00e7\u00e3o nativa nas margens de um curso d&#8217;\u00e1gua funciona como um freio para a drenagem da \u00e1gua, diminuindo a velocidade com que ela atinge as \u00e1reas rio abaixo.<\/p>\n<\/div>\n<div class=\"bbc-19j92fr ebmt73l0\" dir=\"ltr\">\n<p class=\"bbc-hhl7in e17g058b0\" dir=\"ltr\">O segundo motivo \u00e9 que a vegeta\u00e7\u00e3o nativa funcionaria como uma esp\u00e9cie de &#8220;dreno&#8221; para parte da \u00e1gua da enxurrada.<\/p>\n<\/div>\n<div class=\"bbc-19j92fr ebmt73l0\" dir=\"ltr\">\n<p class=\"bbc-hhl7in e17g058b0\" dir=\"ltr\">&#8220;A vegeta\u00e7\u00e3o nativa e suas ra\u00edzes mant\u00eam o solo mais perme\u00e1vel e assim ajudam a infiltrar a \u00e1gua da chuva no solo, reduzindo a quantidade que fluiria diretamente para os leitos dos rios&#8221;, disse o professor.<\/p>\n<\/div>\n<div class=\"bbc-19j92fr ebmt73l0\" dir=\"ltr\">\n<p class=\"bbc-hhl7in e17g058b0\" dir=\"ltr\">O terceiro motivo \u00e9 o fato de que a vegeta\u00e7\u00e3o nativa teria a capacidade de mitigar a eros\u00e3o do solo e o assoreamento dos rios da regi\u00e3o.<\/p>\n<\/div>\n<div class=\"bbc-19j92fr ebmt73l0\" dir=\"ltr\">\n<p class=\"bbc-hhl7in e17g058b0\" dir=\"ltr\">&#8220;A supress\u00e3o da vegeta\u00e7\u00e3o nativa, sobretudo dos campos nativos nessa regi\u00e3o, exp\u00f5em o solo \u00e0 eros\u00e3o causadas pelas chuvas. Quando a chuva cai com intensidade, ela carrega uma enorme quantidade de terra pro leito dos rios. Isso causa o assoreamento, que diminui a profundidade do rio. Assim, fica mais f\u00e1cil para haver uma inunda\u00e7\u00e3o porque o rio comporta menos \u00e1gua&#8221;, disse o professor.<\/p>\n<\/div>\n<div class=\"bbc-19j92fr ebmt73l0\" dir=\"ltr\">\n<p class=\"bbc-hhl7in e17g058b0\" dir=\"ltr\">&#8220;Se voc\u00ea vir as imagens de sat\u00e9lite, vai notar que a cor barrenta das inunda\u00e7\u00f5es. Tudo isso \u00e9 sedimento carregado pela \u00e1gua de \u00e1reas rio acima&#8221;, afirmou.<\/p>\n<\/div>\n<div class=\"bbc-19j92fr ebmt73l0\" dir=\"ltr\">\n<p class=\"bbc-hhl7in e17g058b0\" dir=\"ltr\">A agr\u00f4noma e doutora em Ci\u00eancias do Solo pela UFRGS Bruna Winck disse \u00e0 BBC News Brasil que apesar de a soja cobrir o solo e consumir \u00e1gua durante o seu crescimento, ela n\u00e3o teria as mesmas condi\u00e7\u00f5es de reter \u00e1gua e o solo durante as chuvas que atingiram o Rio Grande do Sul.<\/p>\n<\/div>\n<div class=\"bbc-19j92fr ebmt73l0\" dir=\"ltr\">\n<p class=\"bbc-hhl7in e17g058b0\" dir=\"ltr\">&#8220;O sistema de ra\u00edzes da vegeta\u00e7\u00e3o nativa \u00e9 mais diverso quanto \u00e0 sua capacidade de capta\u00e7\u00e3o de \u00e1gua no solo, podendo fazer isso em diferentes profundidades&#8221;, explica ela.<\/p>\n<\/div>\n<div class=\"bbc-19j92fr ebmt73l0\" dir=\"ltr\">\n<p class=\"bbc-hhl7in e17g058b0\" dir=\"ltr\">&#8220;Na cultura da soja, h\u00e1 etapas em que o solo est\u00e1 menos protegido, como o preparo do solo e na fase inicial de crescimento das plantas. Mesmo que haja palha sobre o solo, ela apenas favorece a infiltra\u00e7\u00e3o de \u00e1gua, mas n\u00e3o a sua absor\u00e7\u00e3o&#8221;, explicou.<\/p>\n<\/div>\n<div class=\"bbc-19j92fr ebmt73l0\" dir=\"ltr\">\n<h2 id=\"Boom-nas-commodities-e-mudan\u00e7as-legislativas\" class=\"bbc-1f03ibc eglt09e0\" tabindex=\"-1\">&#8216;Boom&#8217; nas commodities e mudan\u00e7as legislativas<\/h2>\n<\/div>\n<div class=\"bbc-19j92fr ebmt73l0\" dir=\"ltr\">\n<p class=\"bbc-hhl7in e17g058b0\" dir=\"ltr\">Para Bruna Winck, um dos motivos por tr\u00e1s da redu\u00e7\u00e3o na \u00e1rea de vegeta\u00e7\u00e3o nativa e a sua transforma\u00e7\u00e3o em lavouras de soja se deu, possivelmente, por conta do &#8220;boom&#8221; no pre\u00e7o das commodities, no in\u00edcio dos anos 2000.<\/p>\n<\/div>\n<div class=\"bbc-19j92fr ebmt73l0\" dir=\"ltr\">\n<p class=\"bbc-hhl7in e17g058b0\" dir=\"ltr\">&#8220;Como o Rio Grande do Sul tem solos de boa qualidade, f\u00e9rteis, bem drenados na parte norte, isso fez com que essa expans\u00e3o se acelerasse nessa regi\u00e3o. O pre\u00e7o teve um papel fundamental nessa acelera\u00e7\u00e3o&#8221;, disse a pesquisadora.<\/p>\n<\/div>\n<div class=\"bbc-19j92fr ebmt73l0\" dir=\"ltr\">\n<p class=\"bbc-hhl7in e17g058b0\" dir=\"ltr\">Para Val\u00e9rio Pillar, essa diminui\u00e7\u00e3o da \u00e1rea de vegeta\u00e7\u00e3o nativa aconteceu por conta de um hist\u00f3rico de permissividade de sucessivos governos estaduais.<\/p>\n<\/div>\n<div class=\"bbc-19j92fr ebmt73l0\" dir=\"ltr\">\n<p class=\"bbc-hhl7in e17g058b0\" dir=\"ltr\">&#8220;Em 2015, houve um decreto estadual que permitiu que pecuaristas cujas propriedades fossem em \u00e1reas de vegeta\u00e7\u00e3o campestre pudessem declarar essas fazendas como \u00e1reas de uso consolidado. Isso reduziu uma s\u00e9rie de exig\u00eancias para o desmate dessa vegeta\u00e7\u00e3o. Em 2019, essa mudan\u00e7a foi consolidada no C\u00f3digo Florestal do Estado&#8221;, afirmou o professor.<\/p>\n<\/div>\n<div class=\"bbc-19j92fr ebmt73l0\" dir=\"ltr\">\n<p class=\"bbc-hhl7in e17g058b0\" dir=\"ltr\">Para o presidente da Associa\u00e7\u00e3o dos Servidores da Sema-RS, Pablo Pereira, a perda de vegeta\u00e7\u00e3o nativa no Rio Grande do Sul foi agravada por decis\u00f5es pol\u00edticas.<\/p>\n<\/div>\n<div class=\"bbc-19j92fr ebmt73l0\" dir=\"ltr\">\n<p class=\"bbc-hhl7in e17g058b0\" dir=\"ltr\">&#8220;Esta perda das forma\u00e7\u00f5es naturais foi acentuada, respaldada e incentivada por mudan\u00e7as na legisla\u00e7\u00e3o ambiental e tamb\u00e9m por procedimentos e decis\u00f5es das gest\u00f5es estaduais e municipais que dificultam a devida prote\u00e7\u00e3o da vegeta\u00e7\u00e3o nativa e de \u00e1reas de grande interesse ecol\u00f3gico&#8221;, disse uma nota assinada por ele enviada \u00e0 BBC News Brasil.<\/p>\n<\/div>\n<div class=\"bbc-19j92fr ebmt73l0\" dir=\"ltr\">\n<p class=\"bbc-hhl7in e17g058b0\" dir=\"ltr\">Na semana passada, o jornal Folha de S. Paulo publicou uma reportagem mostrando que o governo de Eduardo Leite (PSDB) alterou 480 normas ambientais desde que assumiu o comando do Estado pela primeira vez, em 2019.<\/p>\n<\/div>\n<div class=\"bbc-19j92fr ebmt73l0\" dir=\"ltr\">\n<p class=\"bbc-hhl7in e17g058b0\" dir=\"ltr\">Em resposta ao jornal, o governo do Estado enviou uma nota dizendo que as altera\u00e7\u00f5es teriam apenas atualiazado a legisla\u00e7\u00e3o ambiental local.<\/p>\n<\/div>\n<div class=\"bbc-19j92fr ebmt73l0\" dir=\"ltr\">\n<p class=\"bbc-hhl7in e17g058b0\" dir=\"ltr\">&#8220;A atualiza\u00e7\u00e3o alinhou a lei estadual \u00e0 legisla\u00e7\u00e3o federal. A moderniza\u00e7\u00e3o acompanhou as transforma\u00e7\u00f5es da sociedade, tornando a legisla\u00e7\u00e3o aplic\u00e1vel, priorizando a prote\u00e7\u00e3o ambiental, a seguran\u00e7a jur\u00eddica e o desenvolvimento respons\u00e1vel&#8221;, diz um trecho da nota.<\/p>\n<\/div>\n<div class=\"bbc-19j92fr ebmt73l0\" dir=\"ltr\">\n<p class=\"bbc-hhl7in e17g058b0\" dir=\"ltr\">A BBC News Brasil enviou questionamentos sobre o assunto \u00e0 Sema-RS, mas nenhuma resposta foi enviada at\u00e9 a publica\u00e7\u00e3o desta reportagem.<\/p>\n<\/div>\n<div class=\"bbc-19j92fr ebmt73l0\" dir=\"ltr\">\n<p class=\"bbc-hhl7in e17g058b0\" dir=\"ltr\">A reportagem tamb\u00e9m enviou quest\u00f5es \u00e0 Associa\u00e7\u00e3o de Produtores de Soja do Rio Grande do Sul (Aprosoja-RS), mas tamb\u00e9m n\u00e3o recebeu nenhuma resposta.<\/p>\n<\/div>\n<p><iframe loading=\"lazy\" id=\"flourish-id-30e3d096\" class=\"bbc-axsk9o\" title=\"Interactive or visual content\" src=\"https:\/\/flo.uri.sh\/story\/2370705\/embed?auto=1\" width=\"700\" height=\"575\" frameborder=\"0\" scrolling=\"no\" data-mce-fragment=\"1\"><\/iframe><\/p>\n<div class=\"bbc-19j92fr ebmt73l0\" dir=\"ltr\">\n<h2 id=\"Futuro-incerto\" class=\"bbc-1f03ibc eglt09e0\" tabindex=\"-1\">Futuro incerto<\/h2>\n<\/div>\n<div class=\"bbc-19j92fr ebmt73l0\" dir=\"ltr\">\n<p class=\"bbc-hhl7in e17g058b0\" dir=\"ltr\">Bruna Winck, Eduardo V\u00e9lez e Val\u00e9rio Pillar concordam ao afirmar que a redu\u00e7\u00e3o na vegeta\u00e7\u00e3o nativa n\u00e3o seria a causa das inunda\u00e7\u00f5es no Rio Grande do Sul.<\/p>\n<\/div>\n<div class=\"bbc-19j92fr ebmt73l0\" dir=\"ltr\">\n<p class=\"bbc-hhl7in e17g058b0\" dir=\"ltr\">Segundo eles, as causas s\u00e3o as mudan\u00e7as clim\u00e1ticas causadas pela a\u00e7\u00e3o humana sobre o meio ambiente com a libera\u00e7\u00e3o de CO\u2082 na atmosfera a partir da queima de combust\u00edveis f\u00f3sseis e outras atividades como o desmatamento.<\/p>\n<\/div>\n<div class=\"bbc-19j92fr ebmt73l0\" dir=\"ltr\">\n<p class=\"bbc-hhl7in e17g058b0\" dir=\"ltr\">&#8220;A previs\u00e3o para o Rio Grande do Sul \u00e9 de aumentos de extremos clim\u00e1ticos, incluindo o de chuvas. Mesmo um solo bem drenado, com vegeta\u00e7\u00e3o nativa, pode ser completamente saturado, o que pode levar a aumentos de \u00e1gua nos leitos de rios&#8221;, diz a pesquisadora.<\/p>\n<\/div>\n<div class=\"bbc-19j92fr ebmt73l0\" dir=\"ltr\">\n<p class=\"bbc-hhl7in e17g058b0\" dir=\"ltr\">Ela, no entanto, defende que a vegeta\u00e7\u00e3o nativa do Estado seja recomposta.<\/p>\n<\/div>\n<div class=\"bbc-19j92fr ebmt73l0\" dir=\"ltr\">\n<p class=\"bbc-hhl7in e17g058b0\" dir=\"ltr\">&#8220;Essas mudan\u00e7as do clima devem-se sobretudo aos aumentos de CO\u2082 na atmosfera. E para reduzir isso, a \u00fanica maneira \u00e9 aumentar o seq\u00fcestro do CO\u2082 pela vegeta\u00e7\u00e3o e pelo solo. E diversos estudos j\u00e1 mostram que as vegeta\u00e7\u00f5es nativas s\u00e3o mais eficazes na captura do CO\u2082 e os solos sob essa vegeta\u00e7\u00e3o geralmente estocam mais carbono&#8221;, disse Winck.<\/p>\n<\/div>\n<div class=\"bbc-19j92fr ebmt73l0\" dir=\"ltr\">\n<p class=\"bbc-hhl7in e17g058b0\" dir=\"ltr\">Na nota enviada pela associa\u00e7\u00e3o de servidores da Sema, a necessidade de recomposi\u00e7\u00e3o da vegeta\u00e7\u00e3o nativa do Estado tamb\u00e9m foi mencionada.<\/p>\n<\/div>\n<div class=\"bbc-19j92fr ebmt73l0\" dir=\"ltr\">\n<p class=\"bbc-hhl7in e17g058b0\" dir=\"ltr\">&#8220;O Governo do Estado at\u00e9 hoje n\u00e3o institucionalizou as metas de recupera\u00e7\u00e3o de vegeta\u00e7\u00e3o nativa previstas no Plano Nacional de recupera\u00e7\u00e3o de Vegeta\u00e7\u00e3o Nativa (Planaveg), que prev\u00ea, minimamente a recupera\u00e7\u00e3o de 300 mil hectares de \u00e1reas degradadas no Bioma Pampa, sem contar a por\u00e7\u00e3o de Mata Atl\u00e2ntica subtropical do Rio Grande do Sul&#8221;, disse um trecho da nota.<\/p>\n<\/div>\n<div class=\"bbc-19j92fr ebmt73l0\" dir=\"ltr\">\n<p class=\"bbc-hhl7in e17g058b0\" dir=\"ltr\">Questionados pela reportagem sobre os planos de recomposi\u00e7\u00e3o da mata nativa, a Sema-RS e o governo ga\u00facho n\u00e3o enviaram resposta at\u00e9 a publica\u00e7\u00e3o desta reportagem.<\/p>\n<\/div>\n<\/div>\n<\/div>\n<div class=\"bbc-1n4f7vm ebmt73l0\" dir=\"ltr\">\n<section class=\"bbc-1saxq9t etbfg571\" role=\"region\" data-e2e=\"recommendations-heading\" aria-labelledby=\"recommendations-heading\">\n<div class=\"bbc-bjn8wh eveec6k2\"><\/div>\n<\/section>\n<\/div>\n","protected":false},"excerpt":{"rendered":"<p>Na BBC, por Leandro Prazeres &#8211; As inunda\u00e7\u00f5es que atingiram o\u00a0Rio Grande do Sul\u00a0nas \u00faltimas semanas j\u00e1 levaram \u00e0 morte de\u00a0pelo menos 148 pessoas\u00a0e deixaram outras 538 mil pessoas desalojadas.<\/p>\n","protected":false},"author":1,"featured_media":0,"comment_status":"closed","ping_status":"open","sticky":false,"template":"","format":"standard","meta":{"_exactmetrics_skip_tracking":false,"_exactmetrics_sitenote_active":false,"_exactmetrics_sitenote_note":"","_exactmetrics_sitenote_category":0,"jetpack_post_was_ever_published":false,"_jetpack_newsletter_access":"","_jetpack_dont_email_post_to_subs":false,"_jetpack_newsletter_tier_id":0,"_jetpack_memberships_contains_paywalled_content":false,"_jetpack_memberships_contains_paid_content":false,"footnotes":"","jetpack_publicize_message":"","jetpack_publicize_feature_enabled":true,"jetpack_social_post_already_shared":true,"jetpack_social_options":{"image_generator_settings":{"template":"highway","enabled":false},"version":2}},"categories":[1],"tags":[952,951,615],"class_list":["post-35147","post","type-post","status-publish","format-standard","hentry","category-notas","tag-crise-climatica","tag-rio-grande-do-sul","tag-soja"],"jetpack_publicize_connections":[],"jetpack_sharing_enabled":true,"jetpack_featured_media_url":"","jetpack_shortlink":"https:\/\/wp.me\/p7wKYW-98T","jetpack-related-posts":[],"_links":{"self":[{"href":"http:\/\/blogdalucianaoliveira.com.br\/blog\/wp-json\/wp\/v2\/posts\/35147","targetHints":{"allow":["GET"]}}],"collection":[{"href":"http:\/\/blogdalucianaoliveira.com.br\/blog\/wp-json\/wp\/v2\/posts"}],"about":[{"href":"http:\/\/blogdalucianaoliveira.com.br\/blog\/wp-json\/wp\/v2\/types\/post"}],"author":[{"embeddable":true,"href":"http:\/\/blogdalucianaoliveira.com.br\/blog\/wp-json\/wp\/v2\/users\/1"}],"replies":[{"embeddable":true,"href":"http:\/\/blogdalucianaoliveira.com.br\/blog\/wp-json\/wp\/v2\/comments?post=35147"}],"version-history":[{"count":1,"href":"http:\/\/blogdalucianaoliveira.com.br\/blog\/wp-json\/wp\/v2\/posts\/35147\/revisions"}],"predecessor-version":[{"id":35148,"href":"http:\/\/blogdalucianaoliveira.com.br\/blog\/wp-json\/wp\/v2\/posts\/35147\/revisions\/35148"}],"wp:attachment":[{"href":"http:\/\/blogdalucianaoliveira.com.br\/blog\/wp-json\/wp\/v2\/media?parent=35147"}],"wp:term":[{"taxonomy":"category","embeddable":true,"href":"http:\/\/blogdalucianaoliveira.com.br\/blog\/wp-json\/wp\/v2\/categories?post=35147"},{"taxonomy":"post_tag","embeddable":true,"href":"http:\/\/blogdalucianaoliveira.com.br\/blog\/wp-json\/wp\/v2\/tags?post=35147"}],"curies":[{"name":"wp","href":"https:\/\/api.w.org\/{rel}","templated":true}]}}