{"id":35155,"date":"2024-05-16T09:45:31","date_gmt":"2024-05-16T13:45:31","guid":{"rendered":"http:\/\/blogdalucianaoliveira.com.br\/blog\/?p=35155"},"modified":"2024-05-16T09:45:31","modified_gmt":"2024-05-16T13:45:31","slug":"estudo-inedito-mostra-que-98-de-areas-quilombolas-estao-ameacadas-no-brasil","status":"publish","type":"post","link":"http:\/\/blogdalucianaoliveira.com.br\/blog\/2024\/05\/16\/estudo-inedito-mostra-que-98-de-areas-quilombolas-estao-ameacadas-no-brasil\/","title":{"rendered":"Estudo in\u00e9dito mostra que 98% de \u00e1reas quilombolas est\u00e3o amea\u00e7adas no Brasil"},"content":{"rendered":"<p><img data-recalc-dims=\"1\" loading=\"lazy\" decoding=\"async\" data-attachment-id=\"35157\" data-permalink=\"http:\/\/blogdalucianaoliveira.com.br\/blog\/2024\/05\/16\/estudo-inedito-mostra-que-98-de-areas-quilombolas-estao-ameacadas-no-brasil\/img_3666\/\" data-orig-file=\"https:\/\/i0.wp.com\/blogdalucianaoliveira.com.br\/blog\/wp-content\/uploads\/2024\/05\/IMG_3666.jpeg?fit=800%2C491\" data-orig-size=\"800,491\" data-comments-opened=\"0\" data-image-meta=\"{&quot;aperture&quot;:&quot;0&quot;,&quot;credit&quot;:&quot;&quot;,&quot;camera&quot;:&quot;&quot;,&quot;caption&quot;:&quot;&quot;,&quot;created_timestamp&quot;:&quot;0&quot;,&quot;copyright&quot;:&quot;&quot;,&quot;focal_length&quot;:&quot;0&quot;,&quot;iso&quot;:&quot;0&quot;,&quot;shutter_speed&quot;:&quot;0&quot;,&quot;title&quot;:&quot;&quot;,&quot;orientation&quot;:&quot;0&quot;}\" data-image-title=\"IMG_3666\" data-image-description=\"\" data-image-caption=\"\" data-medium-file=\"https:\/\/i0.wp.com\/blogdalucianaoliveira.com.br\/blog\/wp-content\/uploads\/2024\/05\/IMG_3666.jpeg?fit=300%2C184\" data-large-file=\"https:\/\/i0.wp.com\/blogdalucianaoliveira.com.br\/blog\/wp-content\/uploads\/2024\/05\/IMG_3666.jpeg?fit=600%2C368\" class=\"alignnone size-full wp-image-35157\" src=\"https:\/\/i0.wp.com\/blogdalucianaoliveira.com.br\/blog\/wp-content\/uploads\/2024\/05\/IMG_3666.jpeg?resize=600%2C368\" alt=\"\" width=\"600\" height=\"368\" srcset=\"https:\/\/i0.wp.com\/blogdalucianaoliveira.com.br\/blog\/wp-content\/uploads\/2024\/05\/IMG_3666.jpeg?w=800 800w, https:\/\/i0.wp.com\/blogdalucianaoliveira.com.br\/blog\/wp-content\/uploads\/2024\/05\/IMG_3666.jpeg?resize=300%2C184 300w, https:\/\/i0.wp.com\/blogdalucianaoliveira.com.br\/blog\/wp-content\/uploads\/2024\/05\/IMG_3666.jpeg?resize=768%2C471 768w, https:\/\/i0.wp.com\/blogdalucianaoliveira.com.br\/blog\/wp-content\/uploads\/2024\/05\/IMG_3666.jpeg?resize=489%2C300 489w\" sizes=\"auto, (max-width: 600px) 100vw, 600px\" \/><\/p>\n<h2 class=\"description\">Principais vetores de impacto s\u00e3o obras de infraestrutura, pedidos de minera\u00e7\u00e3o e sobreposi\u00e7\u00e3o por fazendas<\/h2>\n<p><!--more--><\/p>\n<div class=\"details-bar\">\n<div class=\"author-time\">\n<div class=\"author\">Murilo Pajolla, no Brasil de Fato &#8211; Um estudo do Instituto Socioambiental (ISA) feito em parceria com a Coordena\u00e7\u00e3o Nacional de Articula\u00e7\u00e3o de Quilombos (Conaq) revelou que 98,2% dos <a href=\"https:\/\/www.brasildefato.com.br\/2023\/07\/27\/brasil-tem-mais-de-1-3-milhao-de-quilombolas-quase-90-estao-em-territorios-nao-titulados\" target=\"_blank\" rel=\"noopener\">territ\u00f3rios quilombolas<\/a> do Brasil est\u00e3o amea\u00e7ados por obras de infraestrutura, requerimentos miner\u00e1rios ou por im\u00f3veis particulares que se sobrep\u00f5em aos limites da \u00e1rea de ocupa\u00e7\u00e3o tradicional.<\/p>\n<\/div>\n<div>Segundo a an\u00e1lise divulgada nesta quinta-feira (16), os impactos ambientais aos quilombolas incluem <a href=\"https:\/\/www.brasildefato.com.br\/2024\/05\/12\/o-que-o-desmatamento-da-amazonia-tem-a-ver-com-as-cheias-no-rio-grande-do-sul\" target=\"_blank\" rel=\"noopener\">desmatamento<\/a>, degrada\u00e7\u00e3o florestal e inc\u00eandios. As consequ\u00eancias s\u00e3o a inviabiliza\u00e7\u00e3o dos modos de vida tradicionais nos territ\u00f3rio, com viola\u00e7\u00f5es de direitos humanos e falta de oportunidades socioecon\u00f4micas.<\/div>\n<\/div>\n<div>\n<p>&#8220;Estudos mostram que <a href=\"https:\/\/www.brasildefato.com.br\/2024\/03\/30\/grandes-obras-da-ditadura-sao-exemplo-da-modernizacao-autoritaria-analisam-curadoras-de-exposicao\" target=\"_blank\" rel=\"noopener\">obras de infraestrutura<\/a> e outros projetos agropecu\u00e1rios e de minera\u00e7\u00e3o s\u00e3o planejados, implementados e medidos conforme expectativas setoriais e segundo metas macroecon\u00f4micas, mas desconectados das reais demandas sociais locais&#8221;, aponta o estudo.<\/p>\n<div class=\"ads-googletag article_5\"><\/div>\n<p><strong>A pesquisa identificou os tr\u00eas principais fatores de press\u00e3o contra os quilombolas:<\/strong><\/p>\n<p class=\"ckeditor-subtitle\">Obras de infraestrutura<\/p>\n<ul>\n<li>Centro-Oeste:\u00a057% da \u00e1rea total quilombola na macrorregi\u00e3o \u00e9 impactada<\/li>\n<li>Norte: 55%<\/li>\n<li>Nordeste e Sul: 34%<\/li>\n<li>Sudeste: 16%<\/li>\n<\/ul>\n<p>&nbsp;<\/p>\n<p>Territ\u00f3rio mais pressionado \u00e9 o quilombo <a href=\"https:\/\/www.brasildefato.com.br\/2021\/06\/17\/quilombolas-tem-que-recorrer-a-justica-e-ate-comprar-geladeira-para-conseguir-vacina\" target=\"_blank\" rel=\"noopener\">Kalunga do Mimoso<\/a>, em Tocantins tem 100% da \u00e1rea sobreposta por tr\u00eas empreendimentos: uma rodovia, uma ferrovia e uma hidrel\u00e9trica.<\/p>\n<p class=\"ckeditor-subtitle\">Requerimentos miner\u00e1rios<\/p>\n<p>Um total de 1.385 requerimentos miner\u00e1rios pressionam 781 mil hectares em territ\u00f3rios quilombolas.<\/p>\n<ul>\n<li>Centro-Oeste: 35% da \u00e1rea total quilombola na macrorregi\u00e3o \u00e9 impactada<\/li>\n<li>Sul: 25%<\/li>\n<li>Sudeste: 21%<\/li>\n<li>Norte: 16%<\/li>\n<li>Nordeste: 14%<\/li>\n<\/ul>\n<p>&nbsp;<\/p>\n<div class=\"ads-googletag article_middle\"><\/div>\n<p>Territ\u00f3rio mais pressionado \u00e9 o Kalunga, em Goi\u00e1s, com 180 requerimentos miner\u00e1rios sobrepostos a 66% de sua \u00e1rea<\/p>\n<p class=\"ckeditor-subtitle\">Cadastro Ambiental Rural (CAR)<\/p>\n<ul>\n<li>Mais de 15 mil cadastros de im\u00f3veis rurais privados, como fazendas, identificados em sobreposi\u00e7\u00e3o aos territ\u00f3rios quilombolas.<\/li>\n<li>Sul: 73%\u00a0da \u00e1rea dos territ\u00f3rios quilombolas pressionada por im\u00f3veis rurais privado<\/li>\n<li>Centro-Oeste: 71%<\/li>\n<li>Sudeste: 64%<\/li>\n<li>Norte: 19%<\/li>\n<\/ul>\n<p>&nbsp;<\/p>\n<p>Territ\u00f3rio mais pressionado \u00e9 Erepecuru, no Par\u00e1, com 95% de sua \u00e1rea em sobreposi\u00e7\u00e3o a im\u00f3veis rurais<\/p>\n<p class=\"ckeditor-subtitle\">Consulta pr\u00e9via \u00e9 direito dos quilombolas<\/p>\n<p>&#8220;Os resultados da pesquisa mostram que praticamente todos os quilombos no Brasil <a href=\"https:\/\/www.brasildefato.com.br\/2023\/02\/20\/mineracao-ameaca-o-maior-territorio-quilombola-do-nordeste\" target=\"_blank\" rel=\"noopener\">est\u00e3o impactados por algum vetor de press\u00e3o<\/a>, evidenciando a viola\u00e7\u00e3o dos direitos territoriais das comunidades quilombolas&#8221;, avaliou Antonio Oviedo, pesquisador do ISA \u00e0 frente do estudo.<\/p>\n<p>Para Oviedo, \u00e9 preciso cancelar imediatamente os cadastros de im\u00f3veis rurais e de pedidos de minera\u00e7\u00e3o que incidem sobre os quilombos, &#8220;bem como fazer a <a href=\"https:\/\/www.brasildefato.com.br\/2023\/09\/02\/paraiba-adota-consulta-previa-para-instalar-usinas-de-energias-renovaveis\" target=\"_blank\" rel=\"noopener\">consulta pr\u00e9via<\/a> da comunidade sobre qualquer obra ou projeto que possa degradar o territ\u00f3rio ou comprometer os modos de vida dos moradores&#8221;, defendeu o pesquisador.<\/p>\n<p class=\"ckeditor-subtitle\">Quilombos: liberdade e resist\u00eancia na escravid\u00e3o<\/p>\n<p>Os <a href=\"https:\/\/www.brasildefato.com.br\/2022\/07\/29\/todos-os-negros-do-brasil-sao-quilombolas-so-o-que-falta-e-procurarem-as-suas-raizes\" target=\"_blank\" rel=\"noopener\">quilombolas<\/a> s\u00e3o os descendentes e remanescentes de comunidades formadas por escravizados fugitivos, conhecidos como quilombos, que se formaram desde o per\u00edodo colonial.<\/p>\n<p>Nos territ\u00f3rios quilombolas, a popula\u00e7\u00e3o negra vivia em liberdade e resistindo \u00e0 escraviza\u00e7\u00e3o \u2013 e por isso foram perseguidos e mortos pelos senhores de terras.<\/p>\n<p>Atualmente os quilombos totalizam 3,8 milh\u00f5es de hectares, o equivalente a 0,5% da \u00e1rea do Brasil. Do total, 3,4 milh\u00f5es de hectares s\u00e3o compostos por vegeta\u00e7\u00e3o nativa preservada.<\/p>\n<p>Segundo o MapBiomas, os territ\u00f3rios quilombolas perderam apenas 4,7% de vegeta\u00e7\u00e3o nativa, enquanto nas \u00e1reas privadas a perda foi de 17%, nos \u00faltimos 40 anos.<\/p>\n<p class=\"ckeditor-subtitle\">Despejo de agrot\u00f3xico em quilombo no Maraj\u00f3 (PA)<\/p>\n<p>Em mar\u00e7o, o <strong>Brasil de Fato <\/strong>mostrou um caso que exemplifica as conclus\u00f5es da pesquisa. <a href=\"https:\/\/www.brasildefato.com.br\/2024\/03\/09\/fazendeiro-e-acusado-de-invadir-quilombo-e-lancar-agrotoxico-contra-moradores-no-marajo-pa\" target=\"_blank\" rel=\"noopener\">Quilombolas do arquip\u00e9lago do Maraj\u00f3 (PA) foram v\u00edtimas de despejo de agrot\u00f3xicos<\/a> por um produtor de arroz da regi\u00e3o, Joabe Marques, que negou o crime e alegou sofrer persegui\u00e7\u00e3o.<\/p>\n<p>&#8220;A gente pede \u00e0s autoridades, pelo amor de Deus, parem de ficar do lado desse homem [Joabe] e nos ajudem. A gente n\u00e3o tem mais para onde correr&#8221;, pediu uma quilombola, em um relato an\u00f4nimo divulgado pela Conaq.<\/p>\n<\/div>\n<div class=\"author-time\">\n<div>\n<p>A pulveriza\u00e7\u00e3o de veneno no quilombo de Provid\u00eancia, munic\u00edpio de Salvaterra (PA),\u00a0provocou a contamina\u00e7\u00e3o de diversos moradores, que relataram tosse, \u00e2nsia de v\u00f4mito e tontura. Intoxicada, uma importante lideran\u00e7a comunit\u00e1ria precisou ser hospitalizada.<\/p>\n<p class=\"editor\">Edi\u00e7\u00e3o: Thalita Pires<\/p>\n<\/div>\n<\/div>\n<\/div>\n","protected":false},"excerpt":{"rendered":"<p>Principais vetores de impacto s\u00e3o obras de infraestrutura, pedidos de minera\u00e7\u00e3o e sobreposi\u00e7\u00e3o por fazendas<\/p>\n","protected":false},"author":1,"featured_media":0,"comment_status":"closed","ping_status":"open","sticky":false,"template":"","format":"standard","meta":{"_exactmetrics_skip_tracking":false,"_exactmetrics_sitenote_active":false,"_exactmetrics_sitenote_note":"","_exactmetrics_sitenote_category":0,"jetpack_post_was_ever_published":false,"_jetpack_newsletter_access":"","_jetpack_dont_email_post_to_subs":false,"_jetpack_newsletter_tier_id":0,"_jetpack_memberships_contains_paywalled_content":false,"_jetpack_memberships_contains_paid_content":false,"footnotes":"","jetpack_publicize_message":"","jetpack_publicize_feature_enabled":true,"jetpack_social_post_already_shared":true,"jetpack_social_options":{"image_generator_settings":{"template":"highway","enabled":false},"version":2}},"categories":[1],"tags":[974,975,726],"class_list":["post-35155","post","type-post","status-publish","format-standard","hentry","category-notas","tag-ameacas","tag-projetos","tag-quilombolas"],"jetpack_publicize_connections":[],"jetpack_sharing_enabled":true,"jetpack_featured_media_url":"","jetpack_shortlink":"https:\/\/wp.me\/p7wKYW-991","jetpack-related-posts":[],"_links":{"self":[{"href":"http:\/\/blogdalucianaoliveira.com.br\/blog\/wp-json\/wp\/v2\/posts\/35155","targetHints":{"allow":["GET"]}}],"collection":[{"href":"http:\/\/blogdalucianaoliveira.com.br\/blog\/wp-json\/wp\/v2\/posts"}],"about":[{"href":"http:\/\/blogdalucianaoliveira.com.br\/blog\/wp-json\/wp\/v2\/types\/post"}],"author":[{"embeddable":true,"href":"http:\/\/blogdalucianaoliveira.com.br\/blog\/wp-json\/wp\/v2\/users\/1"}],"replies":[{"embeddable":true,"href":"http:\/\/blogdalucianaoliveira.com.br\/blog\/wp-json\/wp\/v2\/comments?post=35155"}],"version-history":[{"count":2,"href":"http:\/\/blogdalucianaoliveira.com.br\/blog\/wp-json\/wp\/v2\/posts\/35155\/revisions"}],"predecessor-version":[{"id":35158,"href":"http:\/\/blogdalucianaoliveira.com.br\/blog\/wp-json\/wp\/v2\/posts\/35155\/revisions\/35158"}],"wp:attachment":[{"href":"http:\/\/blogdalucianaoliveira.com.br\/blog\/wp-json\/wp\/v2\/media?parent=35155"}],"wp:term":[{"taxonomy":"category","embeddable":true,"href":"http:\/\/blogdalucianaoliveira.com.br\/blog\/wp-json\/wp\/v2\/categories?post=35155"},{"taxonomy":"post_tag","embeddable":true,"href":"http:\/\/blogdalucianaoliveira.com.br\/blog\/wp-json\/wp\/v2\/tags?post=35155"}],"curies":[{"name":"wp","href":"https:\/\/api.w.org\/{rel}","templated":true}]}}