{"id":35163,"date":"2024-05-17T16:28:46","date_gmt":"2024-05-17T20:28:46","guid":{"rendered":"http:\/\/blogdalucianaoliveira.com.br\/blog\/?p=35163"},"modified":"2024-05-17T16:28:46","modified_gmt":"2024-05-17T20:28:46","slug":"onu-destaca-avancos-e-desafios-no-dia-internacional-contra-a-homofobia-bifobia-e-transfobia","status":"publish","type":"post","link":"http:\/\/blogdalucianaoliveira.com.br\/blog\/2024\/05\/17\/onu-destaca-avancos-e-desafios-no-dia-internacional-contra-a-homofobia-bifobia-e-transfobia\/","title":{"rendered":"ONU destaca avan\u00e7os e desafios no Dia Internacional contra a Homofobia, Bifobia e Transfobia"},"content":{"rendered":"<p><img data-recalc-dims=\"1\" loading=\"lazy\" decoding=\"async\" data-attachment-id=\"35164\" data-permalink=\"http:\/\/blogdalucianaoliveira.com.br\/blog\/2024\/05\/17\/onu-destaca-avancos-e-desafios-no-dia-internacional-contra-a-homofobia-bifobia-e-transfobia\/img_3706\/\" data-orig-file=\"https:\/\/i0.wp.com\/blogdalucianaoliveira.com.br\/blog\/wp-content\/uploads\/2024\/05\/IMG_3706.jpeg?fit=350%2C235\" data-orig-size=\"350,235\" data-comments-opened=\"0\" data-image-meta=\"{&quot;aperture&quot;:&quot;0&quot;,&quot;credit&quot;:&quot;&quot;,&quot;camera&quot;:&quot;&quot;,&quot;caption&quot;:&quot;&quot;,&quot;created_timestamp&quot;:&quot;0&quot;,&quot;copyright&quot;:&quot;&quot;,&quot;focal_length&quot;:&quot;0&quot;,&quot;iso&quot;:&quot;0&quot;,&quot;shutter_speed&quot;:&quot;0&quot;,&quot;title&quot;:&quot;&quot;,&quot;orientation&quot;:&quot;0&quot;}\" data-image-title=\"IMG_3706\" data-image-description=\"\" data-image-caption=\"\" data-medium-file=\"https:\/\/i0.wp.com\/blogdalucianaoliveira.com.br\/blog\/wp-content\/uploads\/2024\/05\/IMG_3706.jpeg?fit=300%2C201\" data-large-file=\"https:\/\/i0.wp.com\/blogdalucianaoliveira.com.br\/blog\/wp-content\/uploads\/2024\/05\/IMG_3706.jpeg?fit=350%2C235\" class=\"alignnone size-full wp-image-35164\" src=\"https:\/\/i0.wp.com\/blogdalucianaoliveira.com.br\/blog\/wp-content\/uploads\/2024\/05\/IMG_3706.jpeg?resize=350%2C235\" alt=\"\" width=\"350\" height=\"235\" srcset=\"https:\/\/i0.wp.com\/blogdalucianaoliveira.com.br\/blog\/wp-content\/uploads\/2024\/05\/IMG_3706.jpeg?w=350 350w, https:\/\/i0.wp.com\/blogdalucianaoliveira.com.br\/blog\/wp-content\/uploads\/2024\/05\/IMG_3706.jpeg?resize=300%2C201 300w\" sizes=\"auto, (max-width: 350px) 100vw, 350px\" \/><\/p>\n<p class=\"text-align-justify\"><strong>NU<\/strong> &#8211; O Dia Internacional contra a Homofobia, Bifobia e Transfobia \u00e9 celebrado neste 17 de maio. Para a data, o Fundo de Popula\u00e7\u00e3o da ONU, Unfpa, destaca igualdade, liberdade e justi\u00e7a para todos.<!--more--><\/p>\n<p class=\"text-align-justify\">Em mensagem, o secret\u00e1rio-geral da ONU, Ant\u00f3nio Guterres, elogiou o trabalho \u201ccorajoso\u201d das pessoas defensoras dos direitos humanos LGBTIQ+, que lutam para proibir a discrimina\u00e7\u00e3o e garantir a igualdade perante a lei.<\/p>\n<div class=\"context-un_news_full_width_credit_caption type-entermedia_image media media--type-entermedia-image media--view-mode-un-news-full-width-credit-caption\">\n<div class=\"field field--name-thumbnail field--type-image field--label-hidden field__item\"><img data-recalc-dims=\"1\" loading=\"lazy\" decoding=\"async\" title=\"Em nota, a ONU Sida explica que \u201cembora existam estudos que avaliam o bem-estar das pessoas Lgbti, poucos olham para o seu bem-estar mental.\u201d\" src=\"https:\/\/i0.wp.com\/global.unitednations.entermediadb.net\/assets\/mediadb\/services\/module\/asset\/downloads\/preset\/assets\/2015\/08\/22354\/image1170x530cropped.jpg?resize=600%2C272&#038;ssl=1\" alt=\"Em nota, a ONU Sida explica que \u201cembora existam estudos que avaliam o bem-estar das pessoas Lgbti, poucos olham para o seu bem-estar mental.\u201d\" width=\"600\" height=\"272\" \/><\/div>\n<div class=\"field field--name-field-authors field--type-entity-reference field--label-hidden field__items\">\n<div class=\"field__item\">Kyle Knight\/IRIN<\/div>\n<\/div>\n<div class=\"field field--name-field-title field--type-string field--label-hidden field__item\">Em nota, a ONU Sida explica que \u201cembora existam estudos que avaliam o bem-estar das pessoas Lgbti, poucos olham para o seu bem-estar mental.\u201d<\/div>\n<\/div>\n<h2 class=\"text-align-justify\"><strong>Avan\u00e7os legais<\/strong><\/h2>\n<p class=\"text-align-justify\">O Unfpa aponta avan\u00e7os recentes no \u00e2mbito dos direitos, com normas sociais e legais que deixaram de criminalizar as pessoas LGBTQIA+ e passaram a proteger seus direitos. Segundo a ag\u00eancia de sa\u00fade sexual e reprodutiva da ONU, desde 2019, 11 pa\u00edses legalizaram o casamento igualit\u00e1rio. Desde 2017, 13 pa\u00edses removeram leis que criminalizavam a sexualidade LGBTQIA+.<\/p>\n<p class=\"text-align-justify\">Al\u00e9m disso, as pol\u00edticas que protegem os direitos das minorias sexuais e de g\u00eanero est\u00e3o ganhando espa\u00e7o em todos os n\u00edveis. Nos \u00faltimos meses, \u00f3rg\u00e3os das Na\u00e7\u00f5es Unidas pediram atendimento ao HIV favor\u00e1vel aos transg\u00eaneros, prote\u00e7\u00e3o dos direitos das pessoas intersexuais e o fim da discrimina\u00e7\u00e3o contra pessoas LGBTQIA+ nos servi\u00e7os de sa\u00fade.<\/p>\n<p class=\"text-align-justify\">Para o Unfpa, essas mudan\u00e7as empoderaram as pessoas LGBTQIA+ e estimularam os sistemas de sa\u00fade a melhorar o acesso a cuidados sens\u00edveis e livres de estigma.<\/p>\n<h2 class=\"text-align-justify\"><strong>Dificuldades<\/strong><\/h2>\n<p class=\"text-align-justify\">No entanto, apesar do progresso, a discrimina\u00e7\u00e3o e o estigma permanecem, levando a s\u00e9rias disparidades de sa\u00fade e outras desigualdades. Dezenas de pa\u00edses ainda criminalizam relacionamentos consensuais entre pessoas do mesmo sexo.<\/p>\n<p class=\"text-align-justify\">Em alguns lugares, pessoas LGBTQIA+ podem ser condenadas \u00e0 pena de morte por causa de sua identidade, o que as deixa altamente vulner\u00e1veis a viola\u00e7\u00f5es de direitos e com acesso limitado a servi\u00e7os de sa\u00fade. Muitos l\u00edderes pol\u00edticos est\u00e3o usando pol\u00edticas polarizadoras e ret\u00f3rica prejudicial.<\/p>\n<p class=\"text-align-justify\">Tudo isso aumenta a probabilidade de as pessoas LGBTQIA+ serem for\u00e7adas a enfrentar a pobreza, a viol\u00eancia e outras formas de marginaliza\u00e7\u00e3o. Em tempos de emerg\u00eancias humanit\u00e1rias, como crises clim\u00e1ticas, as desigualdades se aprofundam. As consequ\u00eancias podem ser fatais, levando a lutas para obter abrigo e ajuda em desastres devido \u00e0 discrimina\u00e7\u00e3o e \u00e0 neglig\u00eancia.<\/p>\n<div class=\"context-un_news_full_width_credit_caption type-entermedia_image media media--type-entermedia-image media--view-mode-un-news-full-width-credit-caption\">\n<div class=\"field field--name-thumbnail field--type-image field--label-hidden field__item\"><img data-recalc-dims=\"1\" loading=\"lazy\" decoding=\"async\" title=\"O Dia Internacional Contra a Homofobia, Transfobia e Bifobia \u00e9 celebrado na sede do Acnur em Genebra\" src=\"https:\/\/i0.wp.com\/global.unitednations.entermediadb.net\/assets\/mediadb\/services\/module\/asset\/downloads\/preset\/Libraries\/Production%2520Library\/17-05-2022-UNHCR-RF2169665-IDAHOT.jpg\/image1170x530cropped.jpg?resize=600%2C272&#038;ssl=1\" alt=\"O Dia Internacional Contra a Homofobia, Transfobia e Bifobia \u00e9 celebrado na sede do Acnur em Genebra\" width=\"600\" height=\"272\" \/><\/div>\n<div class=\"field field--name-field-authors field--type-entity-reference field--label-hidden field__items\">\n<div class=\"field__item\">Acnur\/Susan Hopper<\/div>\n<\/div>\n<div class=\"field field--name-field-title field--type-string field--label-hidden field__item\">O Dia Internacional Contra a Homofobia, Transfobia e Bifobia \u00e9 celebrado na sede do Acnur em Genebra<\/div>\n<\/div>\n<h2 class=\"text-align-justify\"><strong>Direitos Humanos<\/strong><\/h2>\n<p class=\"text-align-justify\">Ant\u00f3nio Guterres tamb\u00e9m alerta para um movimento preocupante na dire\u00e7\u00e3o oposta dos avan\u00e7os. \u201cNovas leis est\u00e3o codificando velhas intoler\u00e2ncias, explorando o medo e alimentando o \u00f3dio\u201d, afirma o secret\u00e1rio-geral.<\/p>\n<p class=\"text-align-justify\">Para ele, a celebra\u00e7\u00e3o lembra da obriga\u00e7\u00e3o de respeitar os direitos humanos e a dignidade de cada pessoa. \u201dPrecisamos de a\u00e7\u00f5es em todo o mundo para tornar esses direitos uma realidade\u201d, adiciona.<\/p>\n<p class=\"text-align-justify\">O l\u00edder da ONU acredita que a criminaliza\u00e7\u00e3o das rela\u00e7\u00f5es entre pessoas do mesmo sexo deve acabar, assim como toda viol\u00eancia, discrimina\u00e7\u00e3o e pr\u00e1ticas prejudiciais contra as comunidades LGBTIQ+.<\/p>\n<p class=\"text-align-justify\">Ele pede o compromisso de todos para constru\u00e7\u00e3o de um mundo de respeito, dignidade e direitos humanos para todas as pessoas em todo o mundo.<\/p>\n","protected":false},"excerpt":{"rendered":"<p>NU &#8211; O Dia Internacional contra a Homofobia, Bifobia e Transfobia \u00e9 celebrado neste 17 de maio. Para a data, o Fundo de Popula\u00e7\u00e3o da ONU, Unfpa, destaca igualdade, liberdade e justi\u00e7a para todos.<\/p>\n","protected":false},"author":1,"featured_media":0,"comment_status":"closed","ping_status":"open","sticky":false,"template":"","format":"standard","meta":{"_exactmetrics_skip_tracking":false,"_exactmetrics_sitenote_active":false,"_exactmetrics_sitenote_note":"","_exactmetrics_sitenote_category":0,"jetpack_post_was_ever_published":false,"_jetpack_newsletter_access":"","_jetpack_dont_email_post_to_subs":false,"_jetpack_newsletter_tier_id":0,"_jetpack_memberships_contains_paywalled_content":false,"_jetpack_memberships_contains_paid_content":false,"footnotes":"","jetpack_publicize_message":"","jetpack_publicize_feature_enabled":true,"jetpack_social_post_already_shared":true,"jetpack_social_options":{"image_generator_settings":{"template":"highway","enabled":false},"version":2}},"categories":[1],"tags":[976,723,173],"class_list":["post-35163","post","type-post","status-publish","format-standard","hentry","category-notas","tag-avancos","tag-lgbtqia-2","tag-onu"],"jetpack_publicize_connections":[],"jetpack_sharing_enabled":true,"jetpack_featured_media_url":"","jetpack_shortlink":"https:\/\/wp.me\/p7wKYW-999","jetpack-related-posts":[],"_links":{"self":[{"href":"http:\/\/blogdalucianaoliveira.com.br\/blog\/wp-json\/wp\/v2\/posts\/35163","targetHints":{"allow":["GET"]}}],"collection":[{"href":"http:\/\/blogdalucianaoliveira.com.br\/blog\/wp-json\/wp\/v2\/posts"}],"about":[{"href":"http:\/\/blogdalucianaoliveira.com.br\/blog\/wp-json\/wp\/v2\/types\/post"}],"author":[{"embeddable":true,"href":"http:\/\/blogdalucianaoliveira.com.br\/blog\/wp-json\/wp\/v2\/users\/1"}],"replies":[{"embeddable":true,"href":"http:\/\/blogdalucianaoliveira.com.br\/blog\/wp-json\/wp\/v2\/comments?post=35163"}],"version-history":[{"count":1,"href":"http:\/\/blogdalucianaoliveira.com.br\/blog\/wp-json\/wp\/v2\/posts\/35163\/revisions"}],"predecessor-version":[{"id":35165,"href":"http:\/\/blogdalucianaoliveira.com.br\/blog\/wp-json\/wp\/v2\/posts\/35163\/revisions\/35165"}],"wp:attachment":[{"href":"http:\/\/blogdalucianaoliveira.com.br\/blog\/wp-json\/wp\/v2\/media?parent=35163"}],"wp:term":[{"taxonomy":"category","embeddable":true,"href":"http:\/\/blogdalucianaoliveira.com.br\/blog\/wp-json\/wp\/v2\/categories?post=35163"},{"taxonomy":"post_tag","embeddable":true,"href":"http:\/\/blogdalucianaoliveira.com.br\/blog\/wp-json\/wp\/v2\/tags?post=35163"}],"curies":[{"name":"wp","href":"https:\/\/api.w.org\/{rel}","templated":true}]}}