{"id":35168,"date":"2024-05-19T17:51:11","date_gmt":"2024-05-19T21:51:11","guid":{"rendered":"http:\/\/blogdalucianaoliveira.com.br\/blog\/?p=35168"},"modified":"2024-05-19T17:51:11","modified_gmt":"2024-05-19T21:51:11","slug":"deter-a-crise-climatica-impossivel-artigo-de-raul-zibechi","status":"publish","type":"post","link":"http:\/\/blogdalucianaoliveira.com.br\/blog\/2024\/05\/19\/deter-a-crise-climatica-impossivel-artigo-de-raul-zibechi\/","title":{"rendered":"Deter a crise clim\u00e1tica: imposs\u00edvel. Artigo de Ra\u00fal Zibechi"},"content":{"rendered":"<p><img data-recalc-dims=\"1\" loading=\"lazy\" decoding=\"async\" data-attachment-id=\"35172\" data-permalink=\"http:\/\/blogdalucianaoliveira.com.br\/blog\/2024\/05\/19\/deter-a-crise-climatica-impossivel-artigo-de-raul-zibechi\/baixados\/\" data-orig-file=\"https:\/\/i0.wp.com\/blogdalucianaoliveira.com.br\/blog\/wp-content\/uploads\/2024\/05\/baixados.jpeg?fit=389%2C129\" data-orig-size=\"389,129\" data-comments-opened=\"0\" data-image-meta=\"{&quot;aperture&quot;:&quot;0&quot;,&quot;credit&quot;:&quot;&quot;,&quot;camera&quot;:&quot;&quot;,&quot;caption&quot;:&quot;&quot;,&quot;created_timestamp&quot;:&quot;0&quot;,&quot;copyright&quot;:&quot;&quot;,&quot;focal_length&quot;:&quot;0&quot;,&quot;iso&quot;:&quot;0&quot;,&quot;shutter_speed&quot;:&quot;0&quot;,&quot;title&quot;:&quot;&quot;,&quot;orientation&quot;:&quot;0&quot;}\" data-image-title=\"baixados\" data-image-description=\"\" data-image-caption=\"\" data-medium-file=\"https:\/\/i0.wp.com\/blogdalucianaoliveira.com.br\/blog\/wp-content\/uploads\/2024\/05\/baixados.jpeg?fit=300%2C99\" data-large-file=\"https:\/\/i0.wp.com\/blogdalucianaoliveira.com.br\/blog\/wp-content\/uploads\/2024\/05\/baixados.jpeg?fit=389%2C129\" class=\"alignnone size-medium wp-image-35172\" src=\"https:\/\/i0.wp.com\/blogdalucianaoliveira.com.br\/blog\/wp-content\/uploads\/2024\/05\/baixados.jpeg?resize=300%2C99\" alt=\"\" width=\"300\" height=\"99\" srcset=\"https:\/\/i0.wp.com\/blogdalucianaoliveira.com.br\/blog\/wp-content\/uploads\/2024\/05\/baixados.jpeg?resize=300%2C99 300w, https:\/\/i0.wp.com\/blogdalucianaoliveira.com.br\/blog\/wp-content\/uploads\/2024\/05\/baixados.jpeg?w=389 389w\" sizes=\"auto, (max-width: 300px) 100vw, 300px\" \/><\/p>\n<p>\u201c\u00c9 imposs\u00edvel que algum governo consiga deter esta corrida para a morte. Quem ir\u00e1 se apresentar nas elei\u00e7\u00f5es prometendo reduzir o consumo, impor restri\u00e7\u00f5es aos poderosos, mas tamb\u00e9m aos setores m\u00e9dios e aos de baixo?\u201d, questiona\u00a0Ra\u00fal Zibechi, jornalista e analista pol\u00edtico uruguaio, em artigo publicado por\u00a0La Jornada, 17-04-2024. A tradu\u00e7\u00e3o \u00e9 do\u00a0Cepat.<!--more--><\/p>\n<h2>No Humanitas Unisinos<\/h2>\n<h2>Eis o artigo.<\/h2>\n<p>As\u00a0enchentes catastr\u00f3ficas no estado do Rio Grande do Sul, sul do Brasil, excedem tudo o que se conhece nessa regi\u00e3o. Grandes \u00e1reas de cidades como\u00a0Porto Alegre, com 1,3 milh\u00e3o de habitantes, com uma regi\u00e3o metropolitana de 4,1 milh\u00f5es, est\u00e3o sepultadas sob a \u00e1gua e a lama, desde o in\u00edcio de maio. As \u00e1guas chegaram at\u00e9 o aeroporto internacional, cuja atividade est\u00e1 suspensa at\u00e9 junho.<\/p>\n<p>At\u00e9 agora, s\u00e3o 2 milh\u00f5es de pessoas afetadas em um estado com 11 milh\u00f5es de habitantes. As chuvas volumosas, um pouco superiores \u00e0 m\u00e9dia, transbordaram o\u00a0Gua\u00edba, para onde vertem os principais rios do estado. Metade da cidade de\u00a0<strong>Canoas<\/strong>\u00a0(240.000 habitantes) est\u00e1 sob as \u00e1guas. Cerca de 180.000 habitantes de\u00a0S\u00e3o Leopoldo\u00a0(de 230.000, 75%) foram afetados pelas enchentes, dos quais 100.000 tiveram que deixar as suas casas.<\/p>\n<p>\u00c9 a terceira enchente nesta cidade, no \u00faltimo ano. At\u00e9 agora, foram registradas 147 mortes e mais de 100 desaparecidos. O resgate e a distribui\u00e7\u00e3o de alimentos e \u00e1gua s\u00e3o dificultados pelos danos nas estradas e pontes.<\/p>\n<p>Os dados buscam mostrar o tamanho dos danos sofridos pela terceira cidade mais rica do\u00a0<strong>Brasil<\/strong>\u00a0e pela d\u00e9cima quinta aglomera\u00e7\u00e3o urbana da\u00a0<strong>Am\u00e9rica Latina<\/strong>. Os servi\u00e7os de sa\u00fade, habitualmente saturados, entraram em colapso. O fornecimento de \u00e1gua pot\u00e1vel foi interrompido ou, ent\u00e3o, fornece servi\u00e7o de p\u00e9ssima qualidade.<\/p>\n<p>Quando ocorrem cat\u00e1strofes deste tipo, cada vez mais frequentes e de maior intensidade, por certo, as rea\u00e7\u00f5es dos estados, pol\u00edticos e meios de comunica\u00e7\u00e3o oscilam entre atribui-las a situa\u00e7\u00f5es pontuais (El Ni\u00f1o\u00a0ou\u00a0<strong>La Ni\u00f1a<\/strong>, entre as mais citadas) ou a descuido e falta de planejamento desta ou daquela autoridade. No caso do\u00a0<strong>Rio Grande do Sul<\/strong>, fica evidente que houve uma pol\u00edtica destinada a derrubar as leis que protegem o meio ambiente para favorecer a minera\u00e7\u00e3o, as monoculturas de soja e eucalipto, o setor pecu\u00e1rio e a especula\u00e7\u00e3o imobili\u00e1ria, apesar das advert\u00eancias de pesquisadores e ambientalistas.<\/p>\n<p>A esquerda tende a culpar a direita, ao passo que esta nega a\u00a0<strong>mudan\u00e7a clim\u00e1tica<\/strong>\u00a0ou olha de lado. A verdade \u00e9 que as raz\u00f5es estruturais do\u00a0<strong>caos clim\u00e1tico<\/strong>\u00a0em que estamos imersos n\u00e3o costumam aparecer. Porque dizer que a culpa \u00e9 dos governos, um argumento muito frequente, \u00e9 como pensar que algum governo pode resolver ou deter o caminho para o abismo no qual entramos como humanidade.<\/p>\n<p>A convic\u00e7\u00e3o que temos, baseada no senso comum, \u00e9 que n\u00e3o h\u00e1 retorno. O\u00a0consumismo, o\u00a0<strong>desperd\u00edcio<\/strong>, os modos do\u00a0capitalismo\u00a0realmente existente, como a\u00a0<strong>acumula\u00e7\u00e3o por espolia\u00e7\u00e3o<\/strong>, levaram-nos a esta situa\u00e7\u00e3o. \u00c9 claro que existem culpados maiores (grandes corpora\u00e7\u00f5es, ex\u00e9rcitos, estados-na\u00e7\u00e3o), mas n\u00e3o \u00e9 o suficiente. N\u00f3s, os de baixo, tamb\u00e9m temos a nossa parcela de responsabilidade, porque nos recusamos a mudar a nossa forma de viver e consumir profundamente predat\u00f3ria.<\/p>\n<p>\u00c9 imposs\u00edvel que algum governo consiga deter esta corrida para a morte. Quem ir\u00e1 se apresentar nas elei\u00e7\u00f5es prometendo reduzir o consumo, impor restri\u00e7\u00f5es aos poderosos, mas tamb\u00e9m aos setores m\u00e9dios e aos de baixo? Nunca conseguiria vencer, porque estaria nos dizendo que vamos \u201cviver pior\u201d e viver menos anos, e que devemos enfrentar incisivamente os muito poderosos que usam e abusam das armas.<\/p>\n<p>Cair em semelhante ilus\u00e3o \u00e9 trapacear com a vida das pessoas comuns. Por isso, penso que devemos parar de pensar que algum salvador possa surgir, seja um caudilho, um governo ou inst\u00e2ncias internacionais como a palha\u00e7ada das\u00a0<strong>COP<\/strong>\u00a0(a c\u00fapula anual sobre\u00a0<strong>mudan\u00e7as clim\u00e1ticas<\/strong>\u00a0da\u00a0<strong>Organiza\u00e7\u00e3o das Na\u00e7\u00f5es Unidas<\/strong>) que nunca fizeram e nem far\u00e3o algo para realmente deter a\u00a0crise clim\u00e1tica.<\/p>\n<p>A outra quest\u00e3o s\u00e3o as guerras e os ex\u00e9rcitos que as travam. Sabemos que o\u00a0Pent\u00e1gono\u00a0se tornou um dos principais emissores de\u00a0<strong>gases do efeito estufa<\/strong>\u00a0e suas opera\u00e7\u00f5es militares uma das principais fontes de polui\u00e7\u00e3o atmosf\u00e9rica. Contudo, todos os ex\u00e9rcitos fazem o mesmo. Algu\u00e9m pode acreditar que os ex\u00e9rcitos da\u00a0<strong>China<\/strong>\u00a0ou da\u00a0<strong>R\u00fassia<\/strong>\u00a0n\u00e3o poluem? Na feroz\u00a0<strong>concorr\u00eancia geopol\u00edtica<\/strong>\u00a0em curso, perdem os povos e perde a\u00a0<strong>m\u00e3e terra<\/strong>.<\/p>\n<p>Tamb\u00e9m n\u00e3o sabemos os n\u00edveis de polui\u00e7\u00e3o gerados pelos bombardeios indiscriminados como os que acontecem em\u00a0Gaza\u00a0e na\u00a0Ucr\u00e2nia, bem como pelos\u00a0<strong>conflitos armados na \u00c1frica e na \u00c1sia<\/strong>. \u00c9 necess\u00e1rio meio milh\u00e3o de litros de \u00e1gua para fabricar um carro pequeno, mesmo os el\u00e9tricos que passam por \u201csustent\u00e1veis\u201d.<\/p>\n<p>Se descartamos a possibilidade de deter a mudan\u00e7a e a\u00a0<strong>crise clim\u00e1tica<\/strong>, desde j\u00e1, devemos nos preparar para o colapso. Construir \u201carcas\u201d coletivas, promover que outros de baixo tamb\u00e9m fa\u00e7am o mesmo e nos preparar para defend\u00ea-las. Os de cima j\u00e1 t\u00eam as suas. Entre os de baixo, o\u00a0zapatismo\u00a0j\u00e1 faz isso h\u00e1 tempo e continua indicando um caminho necess\u00e1rio e poss\u00edvel.<\/p>\n","protected":false},"excerpt":{"rendered":"<p>\u201c\u00c9 imposs\u00edvel que algum governo consiga deter esta corrida para a morte. Quem ir\u00e1 se apresentar nas elei\u00e7\u00f5es prometendo reduzir o consumo, impor restri\u00e7\u00f5es aos poderosos, mas tamb\u00e9m aos setores m\u00e9dios e aos de baixo?\u201d, questiona\u00a0Ra\u00fal Zibechi, jornalista e analista pol\u00edtico uruguaio, em artigo publicado por\u00a0La Jornada, 17-04-2024. A tradu\u00e7\u00e3o \u00e9 do\u00a0Cepat.<\/p>\n","protected":false},"author":1,"featured_media":0,"comment_status":"closed","ping_status":"open","sticky":false,"template":"","format":"standard","meta":{"_exactmetrics_skip_tracking":false,"_exactmetrics_sitenote_active":false,"_exactmetrics_sitenote_note":"","_exactmetrics_sitenote_category":0,"jetpack_post_was_ever_published":false,"_jetpack_newsletter_access":"","_jetpack_dont_email_post_to_subs":false,"_jetpack_newsletter_tier_id":0,"_jetpack_memberships_contains_paywalled_content":false,"_jetpack_memberships_contains_paid_content":false,"footnotes":"","jetpack_publicize_message":"","jetpack_publicize_feature_enabled":true,"jetpack_social_post_already_shared":true,"jetpack_social_options":{"image_generator_settings":{"template":"highway","enabled":false},"version":2}},"categories":[1],"tags":[111,979,952,978,977],"class_list":["post-35168","post","type-post","status-publish","format-standard","hentry","category-notas","tag-caos","tag-capitalismo","tag-crise-climatica","tag-desperdicio","tag-mudanca"],"jetpack_publicize_connections":[],"jetpack_sharing_enabled":true,"jetpack_featured_media_url":"","jetpack_shortlink":"https:\/\/wp.me\/p7wKYW-99e","jetpack-related-posts":[],"_links":{"self":[{"href":"http:\/\/blogdalucianaoliveira.com.br\/blog\/wp-json\/wp\/v2\/posts\/35168","targetHints":{"allow":["GET"]}}],"collection":[{"href":"http:\/\/blogdalucianaoliveira.com.br\/blog\/wp-json\/wp\/v2\/posts"}],"about":[{"href":"http:\/\/blogdalucianaoliveira.com.br\/blog\/wp-json\/wp\/v2\/types\/post"}],"author":[{"embeddable":true,"href":"http:\/\/blogdalucianaoliveira.com.br\/blog\/wp-json\/wp\/v2\/users\/1"}],"replies":[{"embeddable":true,"href":"http:\/\/blogdalucianaoliveira.com.br\/blog\/wp-json\/wp\/v2\/comments?post=35168"}],"version-history":[{"count":2,"href":"http:\/\/blogdalucianaoliveira.com.br\/blog\/wp-json\/wp\/v2\/posts\/35168\/revisions"}],"predecessor-version":[{"id":35173,"href":"http:\/\/blogdalucianaoliveira.com.br\/blog\/wp-json\/wp\/v2\/posts\/35168\/revisions\/35173"}],"wp:attachment":[{"href":"http:\/\/blogdalucianaoliveira.com.br\/blog\/wp-json\/wp\/v2\/media?parent=35168"}],"wp:term":[{"taxonomy":"category","embeddable":true,"href":"http:\/\/blogdalucianaoliveira.com.br\/blog\/wp-json\/wp\/v2\/categories?post=35168"},{"taxonomy":"post_tag","embeddable":true,"href":"http:\/\/blogdalucianaoliveira.com.br\/blog\/wp-json\/wp\/v2\/tags?post=35168"}],"curies":[{"name":"wp","href":"https:\/\/api.w.org\/{rel}","templated":true}]}}