{"id":35175,"date":"2024-05-19T18:59:01","date_gmt":"2024-05-19T22:59:01","guid":{"rendered":"http:\/\/blogdalucianaoliveira.com.br\/blog\/?p=35175"},"modified":"2024-05-19T18:59:01","modified_gmt":"2024-05-19T22:59:01","slug":"filme-sobre-lula-estreia-em-cannes-e-diretor-dispara-lider-unico-no-mundo","status":"publish","type":"post","link":"http:\/\/blogdalucianaoliveira.com.br\/blog\/2024\/05\/19\/filme-sobre-lula-estreia-em-cannes-e-diretor-dispara-lider-unico-no-mundo\/","title":{"rendered":"Filme sobre Lula estreia em Cannes e diretor dispara: &#8220;l\u00edder \u00fanico no mundo&#8221;"},"content":{"rendered":"<p><img data-recalc-dims=\"1\" decoding=\"async\" src=\"https:\/\/i0.wp.com\/revistaforum.com.br\/u\/fotografias\/m\/2024\/4\/24\/f960x540-128412_202487_5050.jpeg?w=600&#038;ssl=1\" \/><\/p>\n<header class=\"main-article--header\">\n<h2 class=\"bajada\">Antes da exibi\u00e7\u00e3o do document\u00e1rio no festival franc\u00eas, o cineasta Oliver Stone conversou com o p\u00fablico presente<\/h2>\n<\/header>\n<p><!--more--><\/p>\n<div class=\"main-article--body\">\n<p>O document\u00e1rio &#8220;Lula&#8221; (2024), dirigido pelo renomado cineasta\u00a0Oliver Stone, estreou neste domingo (19) no\u00a0Festival de Cannes, que acontece na Fran\u00e7a. Momentos antes da exibi\u00e7\u00e3o, Stone conversou com o p\u00fablico e revelou sua admira\u00e7\u00e3o pelo presidente\u00a0Lula\u00a0(PT).<\/p>\n<p>&#8220;Este filme \u00e9 sobre uma pessoa muito especial. No mundo de hoje, acho que ele \u00e9 um dos l\u00edderes \u00fanicos. Ele \u00e9 um homem da classe trabalhadora que voc\u00ea ver\u00e1 que veio de baixo. N\u00e3o sabia ler at\u00e9 estar na 7\u00aa ou 8\u00aa s\u00e9rie. Ele realmente lutou para chegar onde est\u00e1, ent\u00e3o ele tem mais luta do que no filme&#8221;, iniciou Oliver Stone.<\/p>\n<p>Em seguida, Oliver Stone ironizou o fato de que as classes ricas ao redor do mundo &#8220;odeiam&#8221; Lula. &#8220;Eu admiro esse homem profundamente. Sei que muitas pessoas nas classes mais ricas o odeiam, e n\u00e3o acho que sejam voc\u00eas que est\u00e3o aqui hoje. Por favor, n\u00e3o o odeiem muito, porque ele \u00e9 uma alma t\u00e3o maravilhosa. Estive com muitos l\u00edderes e realmente sinto seu cora\u00e7\u00e3o&#8221;, disse.<\/p>\n<div class=\"content-banner\">\n<p>O filme de Oliver Stone narra a trajet\u00f3ria de Lula desde a inf\u00e2ncia at\u00e9 a conquista do terceiro mandato presidencial no pleito de 2022, quando o petista derrotou o ent\u00e3o presidente Jair Bolsonaro (PL). Ainda n\u00e3o h\u00e1 data prevista para a estreia do longa-metragem.<\/p>\n<div class=\"content-banner\">\n<div class=\"amp-hidden\">\n<h2>Quem \u00e9 Oliver Stone<\/h2>\n<p>Oliver Stone \u00e9 um cineasta, roteirista e produtor norte-americano, nascido em 15 de setembro de 1946, em Nova York. Ele estudou na Universidade de Yale e serviu como soldado na Guerra do Vietn\u00e3, experi\u00eancia que influenciou muitos de seus filmes.<\/p>\n<p>Stone come\u00e7ou sua carreira no cinema como roteirista, trabalhando em filmes como &#8220;O Expresso da Meia Noite&#8221; (1978), pelo qual ganhou seu primeiro Oscar. Em seguida, ele passou a dirigir seus pr\u00f3prios filmes, abordando temas pol\u00edticos e sociais controversos.<\/p>\n<p>Entre suas obras mais famosas est\u00e3o &#8220;Platoon&#8221; (1986), um drama de guerra que lhe rendeu o Oscar de Melhor Diretor, e &#8220;JFK&#8221; (1991), um filme investigativo sobre o assassinato de John F. Kennedy. Stone tamb\u00e9m dirigiu &#8220;Born on the Fourth of July&#8221; (1989), &#8220;Wall Street&#8221; (1987), &#8220;Assassinos por Natureza&#8221; (1994) e &#8220;Nixon&#8221; (1995), entre outros.<\/p>\n<p>Ao longo de sua carreira, Stone recebeu diversos pr\u00eamios e honrarias, incluindo tr\u00eas Oscars e tr\u00eas Globos de Ouro. Seu estilo provocador e sua habilidade em contar hist\u00f3rias controversas o tornaram uma figura influente no cinema contempor\u00e2neo.<\/p>\n<\/div>\n<\/div>\n<\/div>\n<\/div>\n","protected":false},"excerpt":{"rendered":"<p>Antes da exibi\u00e7\u00e3o do document\u00e1rio no festival franc\u00eas, o cineasta Oliver Stone conversou com o p\u00fablico presente<\/p>\n","protected":false},"author":1,"featured_media":0,"comment_status":"closed","ping_status":"open","sticky":false,"template":"","format":"standard","meta":{"_exactmetrics_skip_tracking":false,"_exactmetrics_sitenote_active":false,"_exactmetrics_sitenote_note":"","_exactmetrics_sitenote_category":0,"jetpack_post_was_ever_published":false,"_jetpack_newsletter_access":"","_jetpack_dont_email_post_to_subs":false,"_jetpack_newsletter_tier_id":0,"_jetpack_memberships_contains_paywalled_content":false,"_jetpack_memberships_contains_paid_content":false,"footnotes":"","jetpack_publicize_message":"","jetpack_publicize_feature_enabled":true,"jetpack_social_post_already_shared":true,"jetpack_social_options":{"image_generator_settings":{"template":"highway","enabled":false},"version":2}},"categories":[1],"tags":[253,78,980],"class_list":["post-35175","post","type-post","status-publish","format-standard","hentry","category-notas","tag-filme","tag-lula","tag-oliver-stone"],"jetpack_publicize_connections":[],"jetpack_sharing_enabled":true,"jetpack_featured_media_url":"","jetpack_shortlink":"https:\/\/wp.me\/p7wKYW-99l","jetpack-related-posts":[],"_links":{"self":[{"href":"http:\/\/blogdalucianaoliveira.com.br\/blog\/wp-json\/wp\/v2\/posts\/35175","targetHints":{"allow":["GET"]}}],"collection":[{"href":"http:\/\/blogdalucianaoliveira.com.br\/blog\/wp-json\/wp\/v2\/posts"}],"about":[{"href":"http:\/\/blogdalucianaoliveira.com.br\/blog\/wp-json\/wp\/v2\/types\/post"}],"author":[{"embeddable":true,"href":"http:\/\/blogdalucianaoliveira.com.br\/blog\/wp-json\/wp\/v2\/users\/1"}],"replies":[{"embeddable":true,"href":"http:\/\/blogdalucianaoliveira.com.br\/blog\/wp-json\/wp\/v2\/comments?post=35175"}],"version-history":[{"count":1,"href":"http:\/\/blogdalucianaoliveira.com.br\/blog\/wp-json\/wp\/v2\/posts\/35175\/revisions"}],"predecessor-version":[{"id":35176,"href":"http:\/\/blogdalucianaoliveira.com.br\/blog\/wp-json\/wp\/v2\/posts\/35175\/revisions\/35176"}],"wp:attachment":[{"href":"http:\/\/blogdalucianaoliveira.com.br\/blog\/wp-json\/wp\/v2\/media?parent=35175"}],"wp:term":[{"taxonomy":"category","embeddable":true,"href":"http:\/\/blogdalucianaoliveira.com.br\/blog\/wp-json\/wp\/v2\/categories?post=35175"},{"taxonomy":"post_tag","embeddable":true,"href":"http:\/\/blogdalucianaoliveira.com.br\/blog\/wp-json\/wp\/v2\/tags?post=35175"}],"curies":[{"name":"wp","href":"https:\/\/api.w.org\/{rel}","templated":true}]}}