{"id":35178,"date":"2024-05-19T19:18:01","date_gmt":"2024-05-19T23:18:01","guid":{"rendered":"http:\/\/blogdalucianaoliveira.com.br\/blog\/?p=35178"},"modified":"2024-05-19T19:18:01","modified_gmt":"2024-05-19T23:18:01","slug":"geracoes-y-e-z-sao-as-mais-ansiosas-alerta-psicologa-americana-em-livro-sensacao-de-afogamento","status":"publish","type":"post","link":"http:\/\/blogdalucianaoliveira.com.br\/blog\/2024\/05\/19\/geracoes-y-e-z-sao-as-mais-ansiosas-alerta-psicologa-americana-em-livro-sensacao-de-afogamento\/","title":{"rendered":"Gera\u00e7\u00f5es Y e Z s\u00e3o as mais ansiosas, alerta psic\u00f3loga americana em livro: \u2018Sensa\u00e7\u00e3o de afogamento\u2019"},"content":{"rendered":"<p><img data-recalc-dims=\"1\" loading=\"lazy\" decoding=\"async\" data-attachment-id=\"35179\" data-permalink=\"http:\/\/blogdalucianaoliveira.com.br\/blog\/2024\/05\/19\/geracoes-y-e-z-sao-as-mais-ansiosas-alerta-psicologa-americana-em-livro-sensacao-de-afogamento\/img_3731\/\" data-orig-file=\"https:\/\/i0.wp.com\/blogdalucianaoliveira.com.br\/blog\/wp-content\/uploads\/2024\/05\/IMG_3731.jpeg?fit=450%2C380\" data-orig-size=\"450,380\" data-comments-opened=\"0\" data-image-meta=\"{&quot;aperture&quot;:&quot;0&quot;,&quot;credit&quot;:&quot;&quot;,&quot;camera&quot;:&quot;&quot;,&quot;caption&quot;:&quot;&quot;,&quot;created_timestamp&quot;:&quot;0&quot;,&quot;copyright&quot;:&quot;&quot;,&quot;focal_length&quot;:&quot;0&quot;,&quot;iso&quot;:&quot;0&quot;,&quot;shutter_speed&quot;:&quot;0&quot;,&quot;title&quot;:&quot;&quot;,&quot;orientation&quot;:&quot;1&quot;}\" data-image-title=\"IMG_3731\" data-image-description=\"\" data-image-caption=\"\" data-medium-file=\"https:\/\/i0.wp.com\/blogdalucianaoliveira.com.br\/blog\/wp-content\/uploads\/2024\/05\/IMG_3731.jpeg?fit=300%2C253\" data-large-file=\"https:\/\/i0.wp.com\/blogdalucianaoliveira.com.br\/blog\/wp-content\/uploads\/2024\/05\/IMG_3731.jpeg?fit=450%2C380\" class=\"alignnone size-full wp-image-35179\" src=\"https:\/\/i0.wp.com\/blogdalucianaoliveira.com.br\/blog\/wp-content\/uploads\/2024\/05\/IMG_3731.jpeg?resize=450%2C380\" alt=\"\" width=\"450\" height=\"380\" srcset=\"https:\/\/i0.wp.com\/blogdalucianaoliveira.com.br\/blog\/wp-content\/uploads\/2024\/05\/IMG_3731.jpeg?w=450 450w, https:\/\/i0.wp.com\/blogdalucianaoliveira.com.br\/blog\/wp-content\/uploads\/2024\/05\/IMG_3731.jpeg?resize=300%2C253 300w, https:\/\/i0.wp.com\/blogdalucianaoliveira.com.br\/blog\/wp-content\/uploads\/2024\/05\/IMG_3731.jpeg?resize=355%2C300 355w\" sizes=\"auto, (max-width: 450px) 100vw, 450px\" \/><\/p>\n<h2 data-pf_style_display=\"block\" data-pf_style_visibility=\"visible\"><span class=\"text-node\">Em \u2018Gera\u00e7\u00e3o Ansiosa\u2019, Lauren Cook admite que o transtorno n\u00e3o tem cura, mas refor\u00e7a que h\u00e1 controle; segundo ela, jovens se sentem mais sozinhos e isolados do que nunca<\/span><\/h2>\n<p><!--more--><\/p>\n<p><span class=\"text-node\">Estad\u00e3o &#8211; Quando chamou o nome de seu novo paciente, um jovem mexicano chamado Lu\u00eds, na sala de espera de sua cl\u00ednica em Pasadena, na Calif\u00f3rnia, <\/span><strong data-pf_style_display=\"inline\" data-pf_style_visibility=\"visible\"><span class=\"text-node\">Lauren Cook<\/span><\/strong><span class=\"text-node\"> encontrou um homem nervoso, constrangido e envergonhado. Lu\u00eds sofria de transtorno obsessivo compulsivo (<\/span><a href=\"https:\/\/www.estadao.com.br\/tudo-sobre\/toc\/\" target=\"_blank\" rel=\"noopener\" data-pf_style_display=\"inline\" data-pf_style_visibility=\"visible\"><span class=\"text-node\">TOC<\/span><\/a><span class=\"text-node\">) e, entre outras manias, lavava as m\u00e3os incont\u00e1veis vezes ao dia \u2013 a ponto de elas ficarem feridas ou come\u00e7arem a sangrar. \u201cOutros pacientes j\u00e1 haviam descrito o TOC como se o <\/span><a href=\"https:\/\/www.estadao.com.br\/tudo-sobre\/cerebro\/\" target=\"_blank\" rel=\"noopener\" data-pf_style_display=\"inline\" data-pf_style_visibility=\"visible\"><span class=\"text-node\">c\u00e9rebro<\/span><\/a><span class=\"text-node\"> estivesse \u2018pegando fogo\u2019 e voc\u00ea n\u00e3o tivesse um extintor por perto para apagar o inc\u00eandio\u201d, relata a psic\u00f3loga.<\/span><\/p>\n<div class=\"styles__MultiParagraphAdStyled-sc-1yb8ue6-0 khAZPT\" data-pf_style_display=\"block\" data-pf_style_visibility=\"visible\">\n<div class=\"paragraph\" data-pf_style_display=\"block\" data-pf_style_visibility=\"visible\">\n<p class=\"added-to-list1\" data-pf_style_display=\"block\" data-pf_style_visibility=\"visible\"><span class=\"text-node\">Lu\u00eds \u00e9 apenas um dos onze pacientes que tiveram seus casos relatados em <\/span><em data-pf_style_display=\"inline\" data-pf_style_visibility=\"visible\"><span class=\"text-node\">Gera\u00e7\u00e3o Ansiosa \u2013 Um guia para se manter em atividade em um mundo inst\u00e1vel<\/span><\/em><span class=\"text-node\"> (Rocco, 2023). Cada cap\u00edtulo \u00e9 dedicado a um paciente diferente. O de Lu\u00eds \u00e9 o quarto: <\/span><em data-pf_style_display=\"inline\" data-pf_style_visibility=\"visible\"><span class=\"text-node\">Seguindo mesmo quando seu oceano \u00e9 frio e assustador<\/span><\/em><span class=\"text-node\">. N\u00e3o \u00e0 toa, a autora compara uma <\/span><a href=\"https:\/\/www.estadao.com.br\/tudo-sobre\/saude-mental\/\" target=\"_blank\" rel=\"noopener\" data-pf_style_display=\"inline\" data-pf_style_visibility=\"visible\"><strong data-pf_style_display=\"inline\" data-pf_style_visibility=\"visible\"><span class=\"text-node\">crise de ansiedade<\/span><\/strong><\/a><span class=\"text-node\"> \u00e0 sensa\u00e7\u00e3o de afogamento. Ela pr\u00f3pria, que sofre de emetofobia (pavor a v\u00f4mito) desde pequena, j\u00e1 teve in\u00fameras crises. \u201cH\u00e1 v\u00e1rios paralelos entre nossa mente e o mar: suas \u00e1guas s\u00e3o desconhecidas e h\u00e1 tubar\u00f5es \u00e0 nossa volta\u201d, adverte.<\/span><\/p>\n<p class=\"styles__IntertitleWrapper-sc-vje7ac-0 dyYLdX intertitle-wrapper added-to-list1\">\n<h4 id=\"no-livro-voce-compara-crise-de-ansiedade-a-sensacao-de-afogamento-por-que-as-geracoes-y-nascidos-entre-1981-e-1996-e-z-entre-1997-e-2010-sao-as-mais-propensas-a-morrer-afogadas\" class=\"interview-question\" data-pf_style_display=\"block\" data-pf_style_visibility=\"visible\"><span class=\"text-node\">No livro, voc\u00ea compara crise de ansiedade \u00e0 sensa\u00e7\u00e3o de afogamento. Por que as gera\u00e7\u00f5es Y (nascidos entre 1981 e 1996) e Z (entre 1997 e 2010) s\u00e3o as mais propensas a \u201cmorrer afogadas\u201d?<\/span><\/h4>\n<p class=\"added-to-list1\" data-pf_style_display=\"block\" data-pf_style_visibility=\"visible\"><span class=\"text-node\">Sim, comparo o ataque de p\u00e2nico \u00e0 sensa\u00e7\u00e3o de afogamento porque \u00e9 algo muito assustador. Muitas pessoas t\u00eam a sensa\u00e7\u00e3o de que est\u00e3o morrendo quando sofrem um ataque de p\u00e2nico. As gera\u00e7\u00f5es Y e Z est\u00e3o experimentando altas taxas de ansiedade por uma s\u00e9rie de raz\u00f5es. Muitos deles se sentem inseguros, enfrentam dificuldades financeiras e s\u00e3o inundados pelas redes sociais. Embora vejam pessoas online constantemente, se sentem mais sozinhos e isolados do que nunca.<\/span><\/p>\n<\/div>\n<\/div>\n<figure class=\"styles__FigureImageWrapper-sc-1qk1vbn-0 gqQSYR figure-image-wrapper pf-caption flex-width mediumImage pf-size-full\" data-pf_style_display=\"block\" data-pf_style_visibility=\"visible\">\n<div class=\"figure-image-container\" data-pf_style_display=\"block\" data-pf_style_visibility=\"visible\"><img data-recalc-dims=\"1\" decoding=\"async\" class=\"lazy-load-img pf-large-image caption-img flex-width pf-size-full mediumImage\" src=\"https:\/\/i0.wp.com\/www.estadao.com.br\/resizer\/v2\/RQDSCZ3XMFDJRMDMADXLUXQ6SM.jpeg?w=600&#038;ssl=1\" srcset=\"\" data-srcset=\"https:\/\/www.estadao.com.br\/resizer\/v2\/RQDSCZ3XMFDJRMDMADXLUXQ6SM.jpeg?quality=80&amp;auth=826d597d23bca9a6944101e8aa77a225388e01a465ff27766850868b294e65f4&amp;width=380 768w, https:\/\/www.estadao.com.br\/resizer\/v2\/RQDSCZ3XMFDJRMDMADXLUXQ6SM.jpeg?quality=80&amp;auth=826d597d23bca9a6944101e8aa77a225388e01a465ff27766850868b294e65f4&amp;width=768 1024w, https:\/\/www.estadao.com.br\/resizer\/v2\/RQDSCZ3XMFDJRMDMADXLUXQ6SM.jpeg?quality=80&amp;auth=826d597d23bca9a6944101e8aa77a225388e01a465ff27766850868b294e65f4&amp;width=1200 1322w\" data-pf_style_display=\"inline\" data-pf_style_visibility=\"visible\" data-pf_rect_width=\"0\" data-pf_rect_height=\"0\" \/><\/div><figcaption data-pf_style_display=\"block\" data-pf_style_visibility=\"visible\">\n<p class=\"added-to-list1\"><span class=\"text-node\">Para psic\u00f3loga americana, gera\u00e7\u00f5es Y e Z s\u00e3o as que se sentem mais sozinhas, isoladas e ansiosas<\/span>\u00a0<span data-pf_style_display=\"inline\" data-pf_style_visibility=\"visible\"><span class=\"text-node\">Foto: <\/span><span class=\"text-node\">Julia\/Adobe Stock<\/span><\/span><\/p>\n<\/figcaption><\/figure>\n<p class=\"styles__IntertitleWrapper-sc-vje7ac-0 dyYLdX intertitle-wrapper added-to-list1\">\n<h4 id=\"voce-diria-que-as-geracoes-y-e-z-sao-mais-ansiosas-do-que-as-anteriores-baby-boomers-nascidos-entre-1946-e-1964-e-x-entre-1965-e-1980-por-que-quanto-mais-tecnologia-mais-ansiedade\" class=\"interview-question\" data-pf_style_display=\"block\" data-pf_style_visibility=\"visible\"><span class=\"text-node\">Voc\u00ea diria que as gera\u00e7\u00f5es Y e Z s\u00e3o mais ansiosas do que as anteriores, Baby Boomers (nascidos entre 1946 e 1964) e X (entre 1965 e 1980)? Por qu\u00ea? Quanto mais tecnologia, mais ansiedade?<\/span><\/h4>\n<p class=\"styles__ParagraphStyled-sc-6adecn-0 dvANKb added-to-list1\" data-pf_style_display=\"block\" data-pf_style_visibility=\"visible\"><span class=\"text-node\">Ao que parece, essas duas gera\u00e7\u00f5es apresentam n\u00edveis mais altos de ansiedades em compara\u00e7\u00e3o com as anteriores. Isso se deve ao fato de que, em suas curtas vidas, suportaram convuls\u00f5es pol\u00edticas, onda de viol\u00eancia (hoje em dia, qualquer um pode ser v\u00edtima de um tiroteio) e se sentem menos esperan\u00e7osas quanto ao futuro \u2013 tanto do ponto de vista financeiro quanto no que diz respeito ao aquecimento global. A tecnologia tamb\u00e9m desempenha um papel importante. Embora tenhamos hoje mais acesso \u00e0 informa\u00e7\u00e3o do que nunca, h\u00e1 tamb\u00e9m uma grande desvantagem nisso: somos constantemente bombardeados por acontecimentos preocupantes, n\u00e3o s\u00f3 nos Estados Unidos, como no mundo inteiro. Al\u00e9m de nos sentirmos exclu\u00eddos socialmente, tamb\u00e9m sentimos que os outros est\u00e3o se saindo melhor do que n\u00f3s. Afinal, vemos apenas seus \u201cmelhores momentos\u201d nas redes sociais.<\/span><\/p>\n<p class=\"styles__IntertitleWrapper-sc-vje7ac-0 dyYLdX intertitle-wrapper added-to-list1\">\n<h4 id=\"em-geral-de-onde-vem-a-ansiedade-ela-e-genetica-ja-nascemos-ansiosos-ou-ambiental-aprendemos-a-ser\" class=\"interview-question\" data-pf_style_display=\"block\" data-pf_style_visibility=\"visible\"><span class=\"text-node\">Em geral, de onde vem a ansiedade? Ela \u00e9 gen\u00e9tica (j\u00e1 nascemos ansiosos) ou ambiental (aprendemos a ser)?<\/span><\/h4>\n<p class=\"styles__ParagraphStyled-sc-6adecn-0 dvANKb added-to-list1\" data-pf_style_display=\"block\" data-pf_style_visibility=\"visible\"><span class=\"text-node\">\u00c9 uma mistura dos dois: genes e ambiente. Embora alguns sejam mais ativados do que outros (e isso se deve ao centro do medo em nosso c\u00e9rebro, a am\u00edgdala, que varia em termos de tamanho e de n\u00edvel de resposta), muitos de n\u00f3s sofreram traumas ou outros eventos estressores que nos levam \u00e0 ansiedade.<\/span><\/p>\n<p class=\"styles__ParagraphStyled-sc-6adecn-0 dvANKb added-to-list1\" data-pf_style_display=\"block\" data-pf_style_visibility=\"visible\"><span class=\"text-node\">Em outros casos, podemos ter sido criados em fam\u00edlias onde fomos educados a nos preocupar excessivamente com o futuro. Estava arraigado em n\u00f3s que a preocupa\u00e7\u00e3o era algo essencial para que pud\u00e9ssemos evitar poss\u00edveis armadilhas. Infelizmente, ao aprendermos a estar constantemente ansiosos, n\u00e3o aprendemos tamb\u00e9m que \u00e9ramos pessoas resilientes e que, por essa raz\u00e3o, poder\u00edamos superar desafios aparentemente insuper\u00e1veis.<\/span><\/p>\n<h4 id=\"ansiedade-tem-um-lado-bom-positivo-e-saudavel-ou-todos-sao-ruins-negativos-e-doentios\" class=\"interview-question\" data-pf_style_display=\"block\" data-pf_style_visibility=\"visible\"><span class=\"text-node\">Ansiedade tem um lado bom, positivo e saud\u00e1vel? Ou todos s\u00e3o ruins, negativos e doentios?<\/span><\/h4>\n<p class=\"styles__ParagraphStyled-sc-6adecn-0 dvANKb added-to-list1\" data-pf_style_display=\"block\" data-pf_style_visibility=\"visible\"><span class=\"text-node\">A ansiedade pode ser \u00fatil, sim, porque pode nos ajudar a nos preparar para algo e a planejar com anteced\u00eancia. A lei de Yerkes-Dodson <\/span><em data-pf_style_display=\"inline\" data-pf_style_visibility=\"visible\"><span class=\"text-node\">(desenvolvida em 1908 pelos psic\u00f3logos Robert Yerkes e John Dodson)<\/span><\/em><\/p>\n<h4 id=\"de-uns-tempos-para-ca-muita-gente-passou-a-confundir-inquietacao-com-ansiedade-como-se-diagnostica-o-transtorno-de-ansiedade-nao-ha-uma-banalizacao\" class=\"interview-question\" data-pf_style_display=\"block\" data-pf_style_visibility=\"visible\"><span class=\"text-node\">De uns tempos para c\u00e1, muita gente passou a confundir inquieta\u00e7\u00e3o com ansiedade. Como se diagnostica o transtorno de ansiedade? N\u00e3o h\u00e1 uma banaliza\u00e7\u00e3o?<\/span><\/h4>\n<p class=\"styles__ParagraphStyled-sc-6adecn-0 dvANKb added-to-list1\" data-pf_style_display=\"block\" data-pf_style_visibility=\"visible\"><span class=\"text-node\">O diagn\u00f3stico de ansiedade tem algumas caracter\u00edsticas essenciais: ins\u00f4nia, nervosismo, inquieta\u00e7\u00e3o, tens\u00e3o muscular, dificuldade de concentra\u00e7\u00e3o&#8230; Note que a inquieta\u00e7\u00e3o \u00e9 apenas um dos componentes da ansiedade. Por si s\u00f3, n\u00e3o atende aos crit\u00e9rios de diagn\u00f3stico. \u00c9 preciso que haja preocupa\u00e7\u00e3o com o fato de parecer algo fora do controle.<\/span><\/p>\n<p class=\"styles__ParagraphStyled-sc-6adecn-0 dvANKb added-to-list1\" data-pf_style_display=\"block\" data-pf_style_visibility=\"visible\"><span class=\"text-node\">Eu diria que n\u00e3o se trata de uma banaliza\u00e7\u00e3o do diagn\u00f3stico, mas, sim, de uma simplifica\u00e7\u00e3o do transtorno. As pessoas podem simplesmente sentir um sintoma desconfort\u00e1vel e achar que se trata de ansiedade. No entanto, o principal aspecto \u00e9: o qu\u00e3o angustiante \u00e9 a ansiedade para voc\u00ea? E em segundo lugar: a ansiedade est\u00e1 impactando sua vida negativamente? Se ambos os componentes acima estiverem contribuindo para como voc\u00ea se sente, ent\u00e3o, s\u00e3o dois dos pr\u00e9-requisitos mais importantes para o diagn\u00f3stico de transtorno de ansiedade.<\/span><\/p>\n<p class=\"styles__IntertitleWrapper-sc-vje7ac-0 dyYLdX intertitle-wrapper added-to-list1\">\n<h4 id=\"no-livro-voce-confessa-que-desde-pequena-tem-emetofobia-medo-de-vomitar-fobia-e-ansiedade-sao-sinonimos-ou-sao-coisas-diferentes\" class=\"interview-question\" data-pf_style_display=\"block\" data-pf_style_visibility=\"visible\"><span class=\"text-node\">No livro, voc\u00ea confessa que, desde pequena, tem emetofobia (medo de vomitar). Fobia e ansiedade s\u00e3o sin\u00f4nimos? Ou s\u00e3o coisas diferentes?<\/span><\/h4>\n<p class=\"styles__ParagraphStyled-sc-6adecn-0 dvANKb added-to-list1\" data-pf_style_display=\"block\" data-pf_style_visibility=\"visible\"><span class=\"text-node\">As fobias est\u00e3o sob o guarda-chuva dos transtornos de ansiedade. S\u00e3o o diagn\u00f3stico mais comum de qualquer diagn\u00f3stico de sa\u00fade mental e, embora sejam uma forma de ansiedade, n\u00e3o s\u00e3o sin\u00f4nimos.<\/span><\/p>\n<h4 id=\"de-tudo-que-voce-pesquisou-para-escrever-geracao-ansiosa-o-que-mais-chamou-sua-atencao-qual-teria-sido-sua-descoberta-mais-desconcertante\" class=\"interview-question\" data-pf_style_display=\"block\" data-pf_style_visibility=\"visible\"><span class=\"text-node\">De tudo que voc\u00ea pesquisou para escrever Gera\u00e7\u00e3o Ansiosa, o que mais chamou sua aten\u00e7\u00e3o? Qual teria sido sua descoberta mais desconcertante?<\/span><\/h4>\n<p class=\"styles__ParagraphStyled-sc-6adecn-0 dvANKb added-to-list1\" data-pf_style_display=\"block\" data-pf_style_visibility=\"visible\"><span class=\"text-node\">Fiquei surpresa ao descobrir como somos afetados pela ansiedade em termos geracionais. Quando voc\u00ea observa como nossos genes s\u00e3o fisicamente alterados e transmitidos de gera\u00e7\u00e3o em gera\u00e7\u00e3o por causa de traumas que sofremos ou de estresses que enfrentamos, nos faz pensar n\u00e3o apenas sobre o que vivenciamos, mas sobre o que nossos pais e av\u00f3s vivenciaram. N\u00e3o significa que devemos encarar a situa\u00e7\u00e3o como se j\u00e1 estiv\u00e9ssemos condenados. Tamb\u00e9m vimos, atrav\u00e9s de pesquisas, como diferentes mudan\u00e7as em nosso estilo de vida podem mudar nossos genes. Isso nos motiva a viver bem n\u00e3o s\u00f3 para n\u00f3s pr\u00f3prios, mas tamb\u00e9m para nossos filhos e netos.<\/span><\/p>\n<h4 id=\"o-que-fazer-em-caso-de-crise-de-ansiedade-respirar-fundo-contar-ate-dez-rezar-qual-e-a-sua-dica-infalivel\" class=\"interview-question\" data-pf_style_display=\"block\" data-pf_style_visibility=\"visible\"><span class=\"text-node\">O que fazer em caso de crise de ansiedade? Respirar fundo, contar at\u00e9 dez, rezar? Qual \u00e9 a sua dica infal\u00edvel?<\/span><\/h4>\n<div class=\"styles__MultiParagraphAdStyled-sc-1yb8ue6-0 dArwXb\" data-pf_style_display=\"block\" data-pf_style_visibility=\"visible\">\n<div class=\"paragraph\" data-pf_style_display=\"block\" data-pf_style_visibility=\"visible\">\n<p class=\"added-to-list1\" data-pf_style_display=\"block\" data-pf_style_visibility=\"visible\"><span class=\"text-node\">Em primeiro lugar, procure descobrir, quando se trata de um ataque de p\u00e2nico, que tipo de pessoa voc\u00ea \u00e9. As pessoas normalmente precisam de uma coisa ou de outra: ou ficar sozinha ou de conseguir ajuda de outras pessoas. Se voc\u00ea \u00e9 do tipo que, durante um ataque de p\u00e2nico, precisa ficar sozinha, coloque uma m\u00fasica suave e se concentre em sua respira\u00e7\u00e3o. Se, ao contr\u00e1rio, \u00e9 do tipo que precisa estar com outras pessoas, procure se distrair conversando com elas ou, ent\u00e3o, diga a quem estiver ao seu lado que voc\u00ea precisa de ajuda.<\/span><\/p>\n<p class=\"styles__IntertitleWrapper-sc-vje7ac-0 dyYLdX intertitle-wrapper added-to-list1\">\n<h4 id=\"no-livro-voce-relata-os-casos-de-muitos-pacientes-ansiosos-qual-deles-mais-impressionou-voce-a-que-ponto-a-ansiedade-pode-chegar\" class=\"interview-question\" data-pf_style_display=\"block\" data-pf_style_visibility=\"visible\"><span class=\"text-node\">No livro, voc\u00ea relata os casos de muitos pacientes ansiosos. Qual deles mais impressionou voc\u00ea? A que ponto a ansiedade pode chegar?<\/span><\/h4>\n<p class=\"added-to-list1\" data-pf_style_display=\"block\" data-pf_style_visibility=\"visible\"><span class=\"text-node\">A hist\u00f3ria do Lu\u00eds <\/span><em data-pf_style_display=\"inline\" data-pf_style_visibility=\"visible\"><span class=\"text-node\">(nome fict\u00edcio)<\/span><\/em><span class=\"text-node\"> foi comovente. Sempre tive um carinho especial pelos pacientes que ainda n\u00e3o conseguiram ajuda para o TOC porque eles sentem muita vergonha disso. Se sentem partidos, nojentos ou estranhos por terem os pensamentos que t\u00eam quando, na verdade, isso \u00e9 apenas uma manifesta\u00e7\u00e3o de seu TOC. Conversar sobre o diagn\u00f3stico e normalizar sua experi\u00eancia costuma mudar suas vidas. Mas, sem ajuda, o TOC e outros transtornos de ansiedade podem ser extremamente dolorosos. Muitas pessoas dizem que \u00e9 como se o c\u00e9rebro delas estivesse \u201cpegando fogo\u201d, mas elas t\u00eam vergonha de pedir ajuda aos outros.<\/span><\/p>\n<\/div>\n<\/div>\n<p class=\"styles__IntertitleWrapper-sc-vje7ac-0 dyYLdX intertitle-wrapper added-to-list1\">\n<h4 id=\"em-2023-voce-teve-dois-filhos-derek-em-maio-e-geracao-ansiosa-em-setembro-em-algum-momento-teve-crise-de-ansiedade-como-conseguiu-superar\" class=\"interview-question\" data-pf_style_display=\"block\" data-pf_style_visibility=\"visible\"><span class=\"text-node\">Em 2023, voc\u00ea teve \u201cdois filhos\u201d: Derek em maio e Gera\u00e7\u00e3o Ansiosa em setembro. Em algum momento, teve crise de ansiedade? Como conseguiu superar?<\/span><\/h4>\n<p class=\"styles__ParagraphStyled-sc-6adecn-0 dvANKb added-to-list1\" data-pf_style_display=\"block\" data-pf_style_visibility=\"visible\"><span class=\"text-node\">Tive muitos ataques de p\u00e2nico ao longo da vida. Mas nunca com tanta frequ\u00eancia como tive durante a pandemia. Para controlar meus ataques de p\u00e2nico, fiz de tudo: de terapia cognitivo comportamental (TCC) a cerapia de exposi\u00e7\u00e3o e preven\u00e7\u00e3o de resposta (EPR). Tamb\u00e9m me consultei com um m\u00e9dico naturopata. Tudo isso fez uma grande diferen\u00e7a em minha vida. Eu me sinto feliz por poder dizer que trabalhei n\u00e3o apenas meus gatilhos, mas aprendi a lidar com a situa\u00e7\u00e3o quando me sinto ansiosa. Hoje, me sinto uma pessoa diferente.<\/span><\/p>\n<h4 id=\"ha-cura-para-a-ansiedade-quero-dizer-voce-aprende-realmente-a-nadar-ou-vai-precisar-de-colete-para-o-resto-da-vida\" class=\"interview-question\" data-pf_style_display=\"block\" data-pf_style_visibility=\"visible\"><span class=\"text-node\">H\u00e1 cura para a ansiedade? Quero dizer: voc\u00ea aprende realmente a nadar ou vai precisar de colete para o resto da vida?<\/span><\/h4>\n<p class=\"styles__ParagraphStyled-sc-6adecn-0 dvANKb added-to-list1\" data-pf_style_display=\"block\" data-pf_style_visibility=\"visible\"><span class=\"text-node\">N\u00e3o existe \u201ccura\u201d para a ansiedade. Essa, ali\u00e1s, \u00e9 a mensagem do meu livro: aceita\u00e7\u00e3o empoderada! Temos que aceitar que, \u00e0s vezes, podemos nos sentir ansiosos e ok, est\u00e1 tudo bem. Quando n\u00e3o nos sentirmos mais amea\u00e7ados, recuperaremos nosso poder. Tamb\u00e9m precisamos ser capacitados em nossa abordagem. Precisamos estar dispostos a criar mudan\u00e7as positivas e precisamos saber que ainda podemos viver vidas realmente significativas, mesmo que, \u00e0s vezes ou o tempo todo, nos sintamos ansiosos ou assustados.<\/span><\/p>\n<p class=\"styles__IntertitleWrapper-sc-vje7ac-0 dyYLdX intertitle-wrapper added-to-list1\">\n<h4 id=\"este-mes-derek-completa-um-ano-de-vida-ele-faz-parte-da-geracao-alfa-nascida-a-partir-de-2010-que-cuidados-voce-toma-para-evitar-que-quando-crescer-ele-seja-uma-pessoa-ansiosa\" class=\"interview-question\" data-pf_style_display=\"block\" data-pf_style_visibility=\"visible\"><span class=\"text-node\">Este m\u00eas, Derek completa um ano de vida. Ele faz parte da gera\u00e7\u00e3o Alfa (nascida a partir de 2010). Que cuidados voc\u00ea toma para evitar que, quando crescer, ele seja uma pessoa ansiosa?<\/span><\/h4>\n<p class=\"styles__ParagraphStyled-sc-6adecn-0 dvANKb added-to-list1\" data-pf_style_display=\"block\" data-pf_style_visibility=\"visible\"><span class=\"text-node\">Tento estimular sua coragem. \u00c0s vezes, vejo pais tentando evitar que seus filhos levem tombos ou se machuquem. Mas, se embrulharmos nossos filhos em pl\u00e1stico-bolha, nunca aprender\u00e3o que n\u00e3o h\u00e1 problema algum em cair e, depois, se levantar novamente. Quando Derek cai e fica bem, tento n\u00e3o ter uma grande rea\u00e7\u00e3o e o encorajo a continuar. Claro, o mundo n\u00e3o \u00e9 um lugar seguro, mas n\u00e3o quero que Derek seja educado pelo medo. Quero que ele aprenda que \u00e9 capaz e resiliente \u2013 e, \u00e0s vezes, voc\u00ea s\u00f3 aprende isso quando se sente seguro o suficiente para cair.<\/span><\/p>\n","protected":false},"excerpt":{"rendered":"<p>Em \u2018Gera\u00e7\u00e3o Ansiosa\u2019, Lauren Cook admite que o transtorno n\u00e3o tem cura, mas refor\u00e7a que h\u00e1 controle; segundo ela, jovens se sentem mais sozinhos e isolados do que nunca<\/p>\n","protected":false},"author":1,"featured_media":0,"comment_status":"closed","ping_status":"open","sticky":false,"template":"","format":"standard","meta":{"_exactmetrics_skip_tracking":false,"_exactmetrics_sitenote_active":false,"_exactmetrics_sitenote_note":"","_exactmetrics_sitenote_category":0,"jetpack_post_was_ever_published":false,"_jetpack_newsletter_access":"","_jetpack_dont_email_post_to_subs":false,"_jetpack_newsletter_tier_id":0,"_jetpack_memberships_contains_paywalled_content":false,"_jetpack_memberships_contains_paid_content":false,"footnotes":"","jetpack_publicize_message":"","jetpack_publicize_feature_enabled":true,"jetpack_social_post_already_shared":true,"jetpack_social_options":{"image_generator_settings":{"template":"highway","enabled":false},"version":2}},"categories":[1],"tags":[981,982,983],"class_list":["post-35178","post","type-post","status-publish","format-standard","hentry","category-notas","tag-ansiedade","tag-geracoes","tag-panico"],"jetpack_publicize_connections":[],"jetpack_sharing_enabled":true,"jetpack_featured_media_url":"","jetpack_shortlink":"https:\/\/wp.me\/p7wKYW-99o","jetpack-related-posts":[],"_links":{"self":[{"href":"http:\/\/blogdalucianaoliveira.com.br\/blog\/wp-json\/wp\/v2\/posts\/35178","targetHints":{"allow":["GET"]}}],"collection":[{"href":"http:\/\/blogdalucianaoliveira.com.br\/blog\/wp-json\/wp\/v2\/posts"}],"about":[{"href":"http:\/\/blogdalucianaoliveira.com.br\/blog\/wp-json\/wp\/v2\/types\/post"}],"author":[{"embeddable":true,"href":"http:\/\/blogdalucianaoliveira.com.br\/blog\/wp-json\/wp\/v2\/users\/1"}],"replies":[{"embeddable":true,"href":"http:\/\/blogdalucianaoliveira.com.br\/blog\/wp-json\/wp\/v2\/comments?post=35178"}],"version-history":[{"count":1,"href":"http:\/\/blogdalucianaoliveira.com.br\/blog\/wp-json\/wp\/v2\/posts\/35178\/revisions"}],"predecessor-version":[{"id":35180,"href":"http:\/\/blogdalucianaoliveira.com.br\/blog\/wp-json\/wp\/v2\/posts\/35178\/revisions\/35180"}],"wp:attachment":[{"href":"http:\/\/blogdalucianaoliveira.com.br\/blog\/wp-json\/wp\/v2\/media?parent=35178"}],"wp:term":[{"taxonomy":"category","embeddable":true,"href":"http:\/\/blogdalucianaoliveira.com.br\/blog\/wp-json\/wp\/v2\/categories?post=35178"},{"taxonomy":"post_tag","embeddable":true,"href":"http:\/\/blogdalucianaoliveira.com.br\/blog\/wp-json\/wp\/v2\/tags?post=35178"}],"curies":[{"name":"wp","href":"https:\/\/api.w.org\/{rel}","templated":true}]}}