{"id":35186,"date":"2024-05-20T19:14:30","date_gmt":"2024-05-20T23:14:30","guid":{"rendered":"http:\/\/blogdalucianaoliveira.com.br\/blog\/?p=35186"},"modified":"2024-05-20T19:14:30","modified_gmt":"2024-05-20T23:14:30","slug":"movimentos-entram-com-representacao-no-mp-ro-contra-projeto-que-retira-a-obrigatoriedade-da-vacinacao-contra-a-covid-19-para-criancas","status":"publish","type":"post","link":"http:\/\/blogdalucianaoliveira.com.br\/blog\/2024\/05\/20\/movimentos-entram-com-representacao-no-mp-ro-contra-projeto-que-retira-a-obrigatoriedade-da-vacinacao-contra-a-covid-19-para-criancas\/","title":{"rendered":"Movimentos entram com representa\u00e7\u00e3o no MP-RO contra projeto que retira a obrigatoriedade da vacina\u00e7\u00e3o contra a Covid-19 para crian\u00e7as"},"content":{"rendered":"<p><img data-recalc-dims=\"1\" loading=\"lazy\" decoding=\"async\" data-attachment-id=\"35187\" data-permalink=\"http:\/\/blogdalucianaoliveira.com.br\/blog\/2024\/05\/20\/movimentos-entram-com-representacao-no-mp-ro-contra-projeto-que-retira-a-obrigatoriedade-da-vacinacao-contra-a-covid-19-para-criancas\/fabio-marchetto-ses-mg\/\" data-orig-file=\"https:\/\/i0.wp.com\/blogdalucianaoliveira.com.br\/blog\/wp-content\/uploads\/2024\/05\/IMG_3786.jpeg?fit=940%2C350\" data-orig-size=\"940,350\" data-comments-opened=\"0\" data-image-meta=\"{&quot;aperture&quot;:&quot;4&quot;,&quot;credit&quot;:&quot;F Marchetto&quot;,&quot;camera&quot;:&quot;NIKON D800&quot;,&quot;caption&quot;:&quot;Fabio Marchetto\\\/SES-MG&quot;,&quot;created_timestamp&quot;:&quot;1651313652&quot;,&quot;copyright&quot;:&quot;&quot;,&quot;focal_length&quot;:&quot;85&quot;,&quot;iso&quot;:&quot;1000&quot;,&quot;shutter_speed&quot;:&quot;0.003125&quot;,&quot;title&quot;:&quot;Fabio Marchetto\\\/SES-MG&quot;,&quot;orientation&quot;:&quot;0&quot;}\" data-image-title=\"Fabio Marchetto\/SES-MG\" data-image-description=\"\" data-image-caption=\"&lt;p&gt;Fabio Marchetto\/SES-MG&lt;\/p&gt;\n\" data-medium-file=\"https:\/\/i0.wp.com\/blogdalucianaoliveira.com.br\/blog\/wp-content\/uploads\/2024\/05\/IMG_3786.jpeg?fit=300%2C112\" data-large-file=\"https:\/\/i0.wp.com\/blogdalucianaoliveira.com.br\/blog\/wp-content\/uploads\/2024\/05\/IMG_3786.jpeg?fit=600%2C223\" class=\"size-full wp-image-35187\" src=\"https:\/\/i0.wp.com\/blogdalucianaoliveira.com.br\/blog\/wp-content\/uploads\/2024\/05\/IMG_3786.jpeg?resize=600%2C223\" alt=\"\" width=\"600\" height=\"223\" srcset=\"https:\/\/i0.wp.com\/blogdalucianaoliveira.com.br\/blog\/wp-content\/uploads\/2024\/05\/IMG_3786.jpeg?w=940 940w, https:\/\/i0.wp.com\/blogdalucianaoliveira.com.br\/blog\/wp-content\/uploads\/2024\/05\/IMG_3786.jpeg?resize=300%2C112 300w, https:\/\/i0.wp.com\/blogdalucianaoliveira.com.br\/blog\/wp-content\/uploads\/2024\/05\/IMG_3786.jpeg?resize=768%2C286 768w, https:\/\/i0.wp.com\/blogdalucianaoliveira.com.br\/blog\/wp-content\/uploads\/2024\/05\/IMG_3786.jpeg?resize=800%2C298 800w\" sizes=\"auto, (max-width: 600px) 100vw, 600px\" \/><\/p>\n<p>No Mais RO &#8211; Um Projeto de Lei Inconstitucional de autoria da deputada estadual Dra. Ta\u00edssa (Uni\u00e3o Brasil) est\u00e1 tramitando na Assembleia Legislativa de Rond\u00f4nia. O projeto de lei busca retirar a obrigatoriedade da vacina\u00e7\u00e3o contra a Covid-19 para crian\u00e7as de zero a cinco anos.<!--more--><\/p>\n<p>O texto estabelece a veda\u00e7\u00e3o da obrigatoriedade, transferindo a decis\u00e3o para os pais, que poder\u00e3o optar por vacinar ou n\u00e3o seus filhos. Pro\u00edbe qualquer tipo de san\u00e7\u00e3o aos pais e \u00e0 crian\u00e7a em caso de decis\u00e3o contr\u00e1ria \u00e0 vacina\u00e7\u00e3o. A proposta da parlamentar bolsonarista, busca abrir espa\u00e7o para que os respons\u00e1veis possam decidir de acordo com suas convic\u00e7\u00f5es (pol\u00edticas), levando em considera\u00e7\u00e3o a complexidade das decis\u00f5es envolvendo a sa\u00fade infantil.<\/p>\n<p>Amanh\u00e3, 21, a partir das 19 h, alguns movimentos de Rond\u00f4nia, sociais v\u00e3o se reunir na sede do Sinttel em Porto Velho, para a assinatura da representa\u00e7\u00e3o junto o MP-RO contra esse projeto que p\u00f5e em risco a sa\u00fade e a vida das crian\u00e7as rondonienses.<\/p>\n<p>De cordo com a representa\u00e7\u00e3o, o projeto de lei ataca a vacina\u00e7\u00e3o contra a Covid-19, indo de encontro ao entendimento j\u00e1 consolidado pelo Supremo Tribunal Federal (STF).<\/p>\n<p>A decis\u00e3o do STF, conforme documentado no processo ADPF 1123 MC\/SC, estabelece que as normas municipais ou estaduais n\u00e3o podem contrariar as decis\u00f5es da mais alta corte, sob pena de afronta direta ao Texto Constitucional. O Supremo Tribunal Federal determinou que, uma vez que a vacina\u00e7\u00e3o contra a Covid-19 tenha sido inclu\u00edda no Plano Nacional de Imuniza\u00e7\u00e3o, qualquer tentativa de tornar a vacina\u00e7\u00e3o n\u00e3o obrigat\u00f3ria viola a distribui\u00e7\u00e3o de compet\u00eancias legislativas entre os entes federativos.<\/p>\n<p>De acordo com a decis\u00e3o do STF, o modelo federativo brasileiro prev\u00ea atua\u00e7\u00e3o colaborativa entre os entes, n\u00e3o permitindo que uma compet\u00eancia legislativa anule atos legislativos da Uni\u00e3o. Qualquer tentativa de normatizar a n\u00e3o obrigatoriedade da vacina\u00e7\u00e3o em n\u00edvel estadual ou municipal desrespeita esta estrutura colaborativa.<\/p>\n<p>No caso espec\u00edfico de Rond\u00f4nia, \u00e9 poss\u00edvel identificar, mesmo com an\u00e1lise preliminar, que o projeto de lei mencionado cont\u00e9m v\u00edcios formais e materiais que justificam a suspens\u00e3o cautelar de sua tramita\u00e7\u00e3o, conforme estabelecido pelo STF em casos semelhantes. A prote\u00e7\u00e3o \u00e0 sa\u00fade da sociedade, como previsto no artigo 227 da Constitui\u00e7\u00e3o Federal, \u00e9 uma prioridade que deve ser mantida em conson\u00e2ncia com o Plano Nacional de Imuniza\u00e7\u00e3o.<\/p>\n<p>A vacina\u00e7\u00e3o \u00e9 uma das estrat\u00e9gias mais eficazes para prevenir a dissemina\u00e7\u00e3o de doen\u00e7as infecciosas e proteger a sa\u00fade coletiva. Baixas taxas de ades\u00e3o vacinal colocam a popula\u00e7\u00e3o em risco de surtos e novas variantes do v\u00edrus, que podem ser ainda mais perigosas. Portanto, qualquer projeto que desestimule a vacina\u00e7\u00e3o ou promova a sua n\u00e3o obrigatoriedade representa uma amea\u00e7a s\u00e9ria ao controle da pandemia e \u00e0 seguran\u00e7a de todos os cidad\u00e3os.<\/p>\n<p>\u201cPortanto\u201d, diz documento que ser\u00e1 assinado e enviado o MP-RO, \u201csolicitamos a interven\u00e7\u00e3o do Minist\u00e9rio P\u00fablico Estadual e Federal para garantir que o projeto de lei seja analisado \u00e0 luz da decis\u00e3o do STF, e que medidas sejam tomadas para impedir a tramita\u00e7\u00e3o e aprova\u00e7\u00e3o de legisla\u00e7\u00e3o que viole a Constitui\u00e7\u00e3o Federal. A decis\u00e3o do STF \u00e9 clara ao afirmar que a normatiza\u00e7\u00e3o contra a vacina\u00e7\u00e3o obrigat\u00f3ria \u00e9 inconstitucional e prejudica a prote\u00e7\u00e3o da sa\u00fade p\u00fablica\u201d.<\/p>\n<p>CDDCA, Pastoral da Crian\u00e7a, Setorial de Sa\u00fade do PT\/RO s\u00e3o algumas das entidades que assinar\u00e3o o documento amanh\u00e3, 21, na sede do SINTTEL, sito \u00e0 rua Santos Dumont, no bairro Caiari, em Porto Velho.<\/p>\n","protected":false},"excerpt":{"rendered":"<p>No Mais RO &#8211; Um Projeto de Lei Inconstitucional de autoria da deputada estadual Dra. Ta\u00edssa (Uni\u00e3o Brasil) est\u00e1 tramitando na Assembleia Legislativa de Rond\u00f4nia. O projeto de lei busca retirar a obrigatoriedade da vacina\u00e7\u00e3o contra a Covid-19 para crian\u00e7as de zero a cinco anos.<\/p>\n","protected":false},"author":1,"featured_media":0,"comment_status":"closed","ping_status":"open","sticky":false,"template":"","format":"standard","meta":{"_exactmetrics_skip_tracking":false,"_exactmetrics_sitenote_active":false,"_exactmetrics_sitenote_note":"","_exactmetrics_sitenote_category":0,"jetpack_post_was_ever_published":false,"_jetpack_newsletter_access":"","_jetpack_dont_email_post_to_subs":false,"_jetpack_newsletter_tier_id":0,"_jetpack_memberships_contains_paywalled_content":false,"_jetpack_memberships_contains_paid_content":false,"footnotes":"","jetpack_publicize_message":"","jetpack_publicize_feature_enabled":true,"jetpack_social_post_already_shared":true,"jetpack_social_options":{"image_generator_settings":{"template":"highway","enabled":false},"version":2}},"categories":[1],"tags":[],"class_list":["post-35186","post","type-post","status-publish","format-standard","hentry","category-notas"],"jetpack_publicize_connections":[],"jetpack_sharing_enabled":true,"jetpack_featured_media_url":"","jetpack_shortlink":"https:\/\/wp.me\/p7wKYW-99w","jetpack-related-posts":[],"_links":{"self":[{"href":"http:\/\/blogdalucianaoliveira.com.br\/blog\/wp-json\/wp\/v2\/posts\/35186","targetHints":{"allow":["GET"]}}],"collection":[{"href":"http:\/\/blogdalucianaoliveira.com.br\/blog\/wp-json\/wp\/v2\/posts"}],"about":[{"href":"http:\/\/blogdalucianaoliveira.com.br\/blog\/wp-json\/wp\/v2\/types\/post"}],"author":[{"embeddable":true,"href":"http:\/\/blogdalucianaoliveira.com.br\/blog\/wp-json\/wp\/v2\/users\/1"}],"replies":[{"embeddable":true,"href":"http:\/\/blogdalucianaoliveira.com.br\/blog\/wp-json\/wp\/v2\/comments?post=35186"}],"version-history":[{"count":1,"href":"http:\/\/blogdalucianaoliveira.com.br\/blog\/wp-json\/wp\/v2\/posts\/35186\/revisions"}],"predecessor-version":[{"id":35188,"href":"http:\/\/blogdalucianaoliveira.com.br\/blog\/wp-json\/wp\/v2\/posts\/35186\/revisions\/35188"}],"wp:attachment":[{"href":"http:\/\/blogdalucianaoliveira.com.br\/blog\/wp-json\/wp\/v2\/media?parent=35186"}],"wp:term":[{"taxonomy":"category","embeddable":true,"href":"http:\/\/blogdalucianaoliveira.com.br\/blog\/wp-json\/wp\/v2\/categories?post=35186"},{"taxonomy":"post_tag","embeddable":true,"href":"http:\/\/blogdalucianaoliveira.com.br\/blog\/wp-json\/wp\/v2\/tags?post=35186"}],"curies":[{"name":"wp","href":"https:\/\/api.w.org\/{rel}","templated":true}]}}