{"id":35193,"date":"2024-05-21T17:28:06","date_gmt":"2024-05-21T21:28:06","guid":{"rendered":"http:\/\/blogdalucianaoliveira.com.br\/blog\/?p=35193"},"modified":"2024-05-21T17:36:10","modified_gmt":"2024-05-21T21:36:10","slug":"bado-anuncia-show-amazonialidades-e-songbook-com-ampla-agenda-cultural","status":"publish","type":"post","link":"http:\/\/blogdalucianaoliveira.com.br\/blog\/2024\/05\/21\/bado-anuncia-show-amazonialidades-e-songbook-com-ampla-agenda-cultural\/","title":{"rendered":"Bado anuncia show &#8220;Amazonialidades&#8221; e songbook com ampla agenda cultural"},"content":{"rendered":"<p>&nbsp;<\/p>\n<p><img data-recalc-dims=\"1\" loading=\"lazy\" decoding=\"async\" data-attachment-id=\"35195\" data-permalink=\"http:\/\/blogdalucianaoliveira.com.br\/blog\/2024\/05\/21\/bado-anuncia-show-amazonialidades-e-songbook-com-ampla-agenda-cultural\/imagem-do-whatsapp-de-2024-05-21-as-16-03-55_ed17057d\/\" data-orig-file=\"https:\/\/i0.wp.com\/blogdalucianaoliveira.com.br\/blog\/wp-content\/uploads\/2024\/05\/Imagem-do-WhatsApp-de-2024-05-21-as-16.03.55_ed17057d.jpg?fit=750%2C418\" data-orig-size=\"750,418\" data-comments-opened=\"0\" data-image-meta=\"{&quot;aperture&quot;:&quot;0&quot;,&quot;credit&quot;:&quot;&quot;,&quot;camera&quot;:&quot;&quot;,&quot;caption&quot;:&quot;&quot;,&quot;created_timestamp&quot;:&quot;0&quot;,&quot;copyright&quot;:&quot;&quot;,&quot;focal_length&quot;:&quot;0&quot;,&quot;iso&quot;:&quot;0&quot;,&quot;shutter_speed&quot;:&quot;0&quot;,&quot;title&quot;:&quot;&quot;,&quot;orientation&quot;:&quot;0&quot;}\" data-image-title=\"Imagem do WhatsApp de 2024-05-21 \u00e0(s) 16.03.55_ed17057d\" data-image-description=\"\" data-image-caption=\"\" data-medium-file=\"https:\/\/i0.wp.com\/blogdalucianaoliveira.com.br\/blog\/wp-content\/uploads\/2024\/05\/Imagem-do-WhatsApp-de-2024-05-21-as-16.03.55_ed17057d.jpg?fit=300%2C167\" data-large-file=\"https:\/\/i0.wp.com\/blogdalucianaoliveira.com.br\/blog\/wp-content\/uploads\/2024\/05\/Imagem-do-WhatsApp-de-2024-05-21-as-16.03.55_ed17057d.jpg?fit=600%2C334\" class=\"alignnone wp-image-35195\" src=\"https:\/\/i0.wp.com\/blogdalucianaoliveira.com.br\/blog\/wp-content\/uploads\/2024\/05\/Imagem-do-WhatsApp-de-2024-05-21-as-16.03.55_ed17057d.jpg?resize=387%2C254\" alt=\"\" width=\"387\" height=\"254\" \/><\/p>\n<p>A programa\u00e7\u00e3o cultural que re\u00fane arte, hist\u00f3ria, m\u00fasica e poesia durante cinco dias na capital \u00e9 para celebrar a jornada musical de 40 anos do m\u00fasico e compositor Bado.<\/p>\n<p>A agenda cultural Amazonialidades conecta a vida, transcende o local, habita o lugar de todos, navega pelo tempo da inova\u00e7\u00e3o e expans\u00e3o criativa, preservando viv\u00eancias ancestrais na exist\u00eancia e na identidade do mundo amaz\u00f4nico num ecossistema musical do artista. Nesse ch\u00e3o de quintais amaz\u00f4nicos, nasce a obra de Bado, pois Rond\u00f4nia \u00e9 a sua terra, Porto Velho, o seu lugar e a Amaz\u00f4nia, seu ch\u00e3o de vida e cria\u00e7\u00e3o. Por isso, Amazonialidades nasce para expressar esse lugar de vida, arte e cultura.<!--more--><\/p>\n<p>Ser\u00e1 no per\u00edodo de 27 a 31 de maio, conforme a seguinte programa\u00e7\u00e3o:<\/p>\n<p><strong>27\/05 &#8211; 19h<\/strong> Lan\u00e7amento no YouTube Projeto Tom da Palavra<\/p>\n<p><strong>28\/05 &#8211; 19h <\/strong>Lan\u00e7amento no YouTube<\/p>\n<p>Document\u00e1rio Amazonialidades: Harmonia e os Sons na Imagem da Amaz\u00f4nia<\/p>\n<p><strong>28\/05 &#8211; 18h <\/strong>Cenas &amp; Di\u00e1logos Musicais<\/p>\n<p>Local: Centro Municipal de Artes Jorge Andrade<\/p>\n<p>(J\u00falio de Castilho, 1110 &#8211; Olaria)<\/p>\n<p><strong>29\/05 &#8211; 18h <\/strong>Lan\u00e7amento Songbook Bado: Amazonialidades nos trilhos das can\u00e7\u00f5es<\/p>\n<p>Local: Centro Cultural e Documenta\u00e7\u00e3o Hist\u00f3rica &#8211; CCDH\/TJRO.<\/p>\n<p>(Av. Rog\u00e9rio Weber, 2396 &#8211; Caiari)<\/p>\n<p><strong>30\/05 &#8211; 20h <\/strong>Show Musical &#8220;Amazonialidades&#8221; &#8211; Bado &amp; convidados<\/p>\n<p>Local: Mercado Cultural &#8211; Centro Porto Velho.<\/p>\n<p><strong>31\/05 &#8211; 19h <\/strong>Lan\u00e7amento Songbook Bado: nos trilhos das can\u00e7\u00f5es &amp; Exposi\u00e7\u00e3o Documental e Fotogr\u00e1fica<\/p>\n<p>Local: Casa de Cultura Ivan Marrocos<\/p>\n<p>(Av. Carlos Gomes, 563- Caiari)<\/p>\n<p><strong>02\/06 \u00e0s 17h \u00a0&#8211; Lo Fi Ac\u00fastico<\/strong><\/p>\n<p>Show Musical Amazonialidades: Bado e Banda<\/p>\n<p>Local: Complexo da EFMM \u2013 Centro<\/p>\n<p>&nbsp;<\/p>\n<p>A realiza\u00e7\u00e3o da Agenda Cultural Amazonialidade, conta com o apoio e as parcerias da Prefeitura Municipal de Porto Velho, por meio da FUNCULTURAL, da Neomax Solu\u00e7\u00f5es Ambientais, CPPT Cuni\u00e3, Instituto Vitae Cultivar, Casa de Cultura Ivam Marrocos, Escola de Magistratura do Estado de Rond\u00f4nia\/Centro Cultural de Documenta\u00e7\u00e3o Hist\u00f3rica do TJRO, Tem\u00e1tica Editora, Centro Municipal de Artes Jorge Andrade, Cantad\u00f4 Produ\u00e7\u00f5es, ViaMusic Estudio e Omni.<\/p>\n<p><strong>\u00a0<\/strong><\/p>\n<p><strong>Bado e sua Amazonialidade musical<\/strong><\/p>\n<p>&nbsp;<\/p>\n<p><strong>Erivaldo de Melo Trindade<\/strong>, conhecido como Bado \u00e9 graduado em Hist\u00f3ria (UNIR\/2007) e em M\u00fasica (UFRS\/2012) com especializa\u00e7\u00e3o em Educa\u00e7\u00e3o Musical (IFAM \u2013 AM\/2019). Professor de m\u00fasica no Centro Municipal de Artes Jorge Andrade. Atua como profissional da m\u00fasica desde a d\u00e9cada de 80, participando de shows musicais, eventos e projetos no \u00e2mbito local, regional e nacional.<\/p>\n<p>Participou de Projetos Nacionais como: Sala Cec\u00edlia Meireles (Rio de Janeiro\/1992), Cartografia da M\u00fasica Brasileira do Projeto Rumos\/ITA\u00da Cultural(2001), Projeto \u201cCantorias Amaz\u00f4nica\u201d no Centro Cultural Banco do Brasil(RJ-2002), Quinta Cultural Banco da Amaz\u00f4nia(2002), Projeto Pixinguinha(FUNARTE\/2005), Projeto Toca Brasil (2006), com grava\u00e7\u00e3o do DVD Gente da mesma Floresta e\u00a0 Projeto Amaz\u00f4nia das Artes (2015\/SESC-DN),\u00a0 Al\u00e9m de participar em CDs coletivos (Porto das Esperan\u00e7as e Amaz\u00f4nia em Canto(1992\/1995), Bado produziu seu CD solo Aldeia de Sons(2005)<strong>, <\/strong>participou do Festicine Itiner\u00e2ncia(2013) no Vale do Guapor\u00e9 com apresenta\u00e7\u00f5es em 13 comunidades ribeirinhas envolvendo Brasil e Bol\u00edvia.\u00a0 Em 2016, Bado lan\u00e7ou o DVD Mundos 50 Anos: Bado e amigos e produziu o show musical \u201cNo quintal\u201d. Numa revisita\u00e7\u00e3o musical, em 2019 Bado apresenta novamente o Show Musical \u201cNo quintal\u201d e se apresenta na III Mostra Nacional de M\u00fasica no Espa\u00e7o Cultural Escola SESC no Rio de Janeiro.<\/p>\n<p>Em 2020, na era das lives, Bado participa do Projeto Sexta Cultural SESC e realiza o Show Love Musical Bado, Fam\u00edlia e Amigos. Em 2021, Bado inaugura seu canal no You Tube e lan\u00e7a o clipe da m\u00fasica Minuano (Milonga da Serra), que nasceu da viv\u00eancia e aproxima\u00e7\u00e3o com os ritmos, sons e linguagens musicais presentes nas culturas que se cruzam pelas fronteiras da regi\u00e3o Sul do Brasil. Ainda em 2021, Bado participa do Projeto Circuito SOMA de m\u00fasica autoral e recebeu o P<strong>r\u00eamio Gr\u00e3o de M\u00fasica\/2021<\/strong>, uma iniciativa de premia\u00e7\u00e3o aos artistas brasileiros que navegam pela produ\u00e7\u00e3o musical alternativa.<\/p>\n<p>Em 2022, Bado realiza v\u00e1rios Shows em Porto Velho no formato de Lives, a exemplo dos Projetos Festival MAPO \u2013 Ra\u00edzes Brasileiras e Festival \u00c1guas que me Tocam. Lan\u00e7a mais um videoclipe no seu canal no You Tube, intitulado \u201cPassarada\u201d, realiza a produ\u00e7\u00e3o de duas Lives \u201cBanzeiro das Can\u00e7\u00f5es (I e II) e celebra sua maturidade musical com o lan\u00e7amento do seu novo \u00c1lbum Musical <strong>Olhos de Rios,<\/strong> com 10 faixas contemplando\u00a0\u00a0 grava\u00e7\u00f5es de m\u00fasicas in\u00e9ditas com distribui\u00e7\u00e3o em junho do mesmo ano nas plataformas digitais. Os dois \u00faltimos projetos de autoria do artista Bado foram contemplados pela Lei Aldir Blanc, Edital <strong>N\u00ba <\/strong>31 e 34\/2021\/SEJUCEL-CODEC- 2\u00aa Edi\u00e7\u00e3o Marechal Rondon e Mary Cyanne.<\/p>\n<p>Assim, consolidando uma trajet\u00f3ria, uma hist\u00f3ria e uma trilha sonora constru\u00edda nos compassos do tempo e da mem\u00f3ria, incorporando um conjunto diverso e plural de ritmos e sons, Bado segue produzindo sua obra estabelecendo no universo da arte e da m\u00fasica, conex\u00f5es sonoras que valorizem a identidade amaz\u00f4nica no contexto da produ\u00e7\u00e3o art\u00edstica Cultural Brasileira e da m\u00fasica universal.<\/p>\n<p>Fonte: Assessoria<\/p>\n<p>&nbsp;<\/p>\n<p><img data-recalc-dims=\"1\" loading=\"lazy\" decoding=\"async\" data-attachment-id=\"35203\" data-permalink=\"http:\/\/blogdalucianaoliveira.com.br\/blog\/2024\/05\/21\/bado-anuncia-show-amazonialidades-e-songbook-com-ampla-agenda-cultural\/img_3808\/\" data-orig-file=\"https:\/\/i0.wp.com\/blogdalucianaoliveira.com.br\/blog\/wp-content\/uploads\/2024\/05\/IMG_3808.jpeg?fit=1114%2C1530\" data-orig-size=\"1114,1530\" data-comments-opened=\"0\" data-image-meta=\"{&quot;aperture&quot;:&quot;0&quot;,&quot;credit&quot;:&quot;&quot;,&quot;camera&quot;:&quot;&quot;,&quot;caption&quot;:&quot;&quot;,&quot;created_timestamp&quot;:&quot;0&quot;,&quot;copyright&quot;:&quot;&quot;,&quot;focal_length&quot;:&quot;0&quot;,&quot;iso&quot;:&quot;0&quot;,&quot;shutter_speed&quot;:&quot;0&quot;,&quot;title&quot;:&quot;&quot;,&quot;orientation&quot;:&quot;1&quot;}\" data-image-title=\"IMG_3808\" data-image-description=\"\" data-image-caption=\"\" data-medium-file=\"https:\/\/i0.wp.com\/blogdalucianaoliveira.com.br\/blog\/wp-content\/uploads\/2024\/05\/IMG_3808.jpeg?fit=218%2C300\" data-large-file=\"https:\/\/i0.wp.com\/blogdalucianaoliveira.com.br\/blog\/wp-content\/uploads\/2024\/05\/IMG_3808.jpeg?fit=600%2C824\" class=\"alignnone size-full wp-image-35203\" src=\"https:\/\/i0.wp.com\/blogdalucianaoliveira.com.br\/blog\/wp-content\/uploads\/2024\/05\/IMG_3808.jpeg?resize=600%2C824\" alt=\"\" width=\"600\" height=\"824\" srcset=\"https:\/\/i0.wp.com\/blogdalucianaoliveira.com.br\/blog\/wp-content\/uploads\/2024\/05\/IMG_3808.jpeg?w=1114 1114w, https:\/\/i0.wp.com\/blogdalucianaoliveira.com.br\/blog\/wp-content\/uploads\/2024\/05\/IMG_3808.jpeg?resize=218%2C300 218w, https:\/\/i0.wp.com\/blogdalucianaoliveira.com.br\/blog\/wp-content\/uploads\/2024\/05\/IMG_3808.jpeg?resize=746%2C1024 746w, https:\/\/i0.wp.com\/blogdalucianaoliveira.com.br\/blog\/wp-content\/uploads\/2024\/05\/IMG_3808.jpeg?resize=768%2C1055 768w\" sizes=\"auto, (max-width: 600px) 100vw, 600px\" \/> <img data-recalc-dims=\"1\" loading=\"lazy\" decoding=\"async\" data-attachment-id=\"35204\" data-permalink=\"http:\/\/blogdalucianaoliveira.com.br\/blog\/2024\/05\/21\/bado-anuncia-show-amazonialidades-e-songbook-com-ampla-agenda-cultural\/img_3809\/\" data-orig-file=\"https:\/\/i0.wp.com\/blogdalucianaoliveira.com.br\/blog\/wp-content\/uploads\/2024\/05\/IMG_3809.jpeg?fit=1114%2C1583\" data-orig-size=\"1114,1583\" data-comments-opened=\"0\" data-image-meta=\"{&quot;aperture&quot;:&quot;0&quot;,&quot;credit&quot;:&quot;&quot;,&quot;camera&quot;:&quot;&quot;,&quot;caption&quot;:&quot;&quot;,&quot;created_timestamp&quot;:&quot;0&quot;,&quot;copyright&quot;:&quot;&quot;,&quot;focal_length&quot;:&quot;0&quot;,&quot;iso&quot;:&quot;0&quot;,&quot;shutter_speed&quot;:&quot;0&quot;,&quot;title&quot;:&quot;&quot;,&quot;orientation&quot;:&quot;1&quot;}\" data-image-title=\"IMG_3809\" data-image-description=\"\" data-image-caption=\"\" data-medium-file=\"https:\/\/i0.wp.com\/blogdalucianaoliveira.com.br\/blog\/wp-content\/uploads\/2024\/05\/IMG_3809.jpeg?fit=211%2C300\" data-large-file=\"https:\/\/i0.wp.com\/blogdalucianaoliveira.com.br\/blog\/wp-content\/uploads\/2024\/05\/IMG_3809.jpeg?fit=600%2C852\" class=\"alignnone size-full wp-image-35204\" src=\"https:\/\/i0.wp.com\/blogdalucianaoliveira.com.br\/blog\/wp-content\/uploads\/2024\/05\/IMG_3809.jpeg?resize=600%2C853\" alt=\"\" width=\"600\" height=\"853\" srcset=\"https:\/\/i0.wp.com\/blogdalucianaoliveira.com.br\/blog\/wp-content\/uploads\/2024\/05\/IMG_3809.jpeg?w=1114 1114w, https:\/\/i0.wp.com\/blogdalucianaoliveira.com.br\/blog\/wp-content\/uploads\/2024\/05\/IMG_3809.jpeg?resize=211%2C300 211w, https:\/\/i0.wp.com\/blogdalucianaoliveira.com.br\/blog\/wp-content\/uploads\/2024\/05\/IMG_3809.jpeg?resize=721%2C1024 721w, https:\/\/i0.wp.com\/blogdalucianaoliveira.com.br\/blog\/wp-content\/uploads\/2024\/05\/IMG_3809.jpeg?resize=768%2C1091 768w, https:\/\/i0.wp.com\/blogdalucianaoliveira.com.br\/blog\/wp-content\/uploads\/2024\/05\/IMG_3809.jpeg?resize=1081%2C1536 1081w\" sizes=\"auto, (max-width: 600px) 100vw, 600px\" \/><\/p>\n","protected":false},"excerpt":{"rendered":"<p>&nbsp; A programa\u00e7\u00e3o cultural que re\u00fane arte, hist\u00f3ria, m\u00fasica e poesia durante cinco dias na capital \u00e9 para celebrar a jornada musical de 40 anos do m\u00fasico e compositor Bado. A agenda cultural Amazonialidades conecta a vida, transcende o local, habita o lugar de todos, navega pelo tempo da inova\u00e7\u00e3o e expans\u00e3o criativa, preservando viv\u00eancias&#8230;<a class=\"more-link\" href=\"http:\/\/blogdalucianaoliveira.com.br\/blog\/2024\/05\/21\/bado-anuncia-show-amazonialidades-e-songbook-com-ampla-agenda-cultural\/\">Continue a leitura <span class=\"meta-nav\">&raquo;<\/span><\/a><\/p>\n","protected":false},"author":1,"featured_media":0,"comment_status":"closed","ping_status":"open","sticky":false,"template":"","format":"standard","meta":{"_exactmetrics_skip_tracking":false,"_exactmetrics_sitenote_active":false,"_exactmetrics_sitenote_note":"","_exactmetrics_sitenote_category":0,"jetpack_post_was_ever_published":false,"_jetpack_newsletter_access":"","_jetpack_dont_email_post_to_subs":false,"_jetpack_newsletter_tier_id":0,"_jetpack_memberships_contains_paywalled_content":false,"_jetpack_memberships_contains_paid_content":false,"footnotes":"","jetpack_publicize_message":"","jetpack_publicize_feature_enabled":true,"jetpack_social_post_already_shared":true,"jetpack_social_options":{"image_generator_settings":{"template":"highway","enabled":false},"version":2}},"categories":[1],"tags":[986,984,985,987],"class_list":["post-35193","post","type-post","status-publish","format-standard","hentry","category-notas","tag-agenda-cultural","tag-bado","tag-musico","tag-songbook"],"jetpack_publicize_connections":[],"jetpack_sharing_enabled":true,"jetpack_featured_media_url":"","jetpack_shortlink":"https:\/\/wp.me\/p7wKYW-99D","jetpack-related-posts":[],"_links":{"self":[{"href":"http:\/\/blogdalucianaoliveira.com.br\/blog\/wp-json\/wp\/v2\/posts\/35193","targetHints":{"allow":["GET"]}}],"collection":[{"href":"http:\/\/blogdalucianaoliveira.com.br\/blog\/wp-json\/wp\/v2\/posts"}],"about":[{"href":"http:\/\/blogdalucianaoliveira.com.br\/blog\/wp-json\/wp\/v2\/types\/post"}],"author":[{"embeddable":true,"href":"http:\/\/blogdalucianaoliveira.com.br\/blog\/wp-json\/wp\/v2\/users\/1"}],"replies":[{"embeddable":true,"href":"http:\/\/blogdalucianaoliveira.com.br\/blog\/wp-json\/wp\/v2\/comments?post=35193"}],"version-history":[{"count":5,"href":"http:\/\/blogdalucianaoliveira.com.br\/blog\/wp-json\/wp\/v2\/posts\/35193\/revisions"}],"predecessor-version":[{"id":35205,"href":"http:\/\/blogdalucianaoliveira.com.br\/blog\/wp-json\/wp\/v2\/posts\/35193\/revisions\/35205"}],"wp:attachment":[{"href":"http:\/\/blogdalucianaoliveira.com.br\/blog\/wp-json\/wp\/v2\/media?parent=35193"}],"wp:term":[{"taxonomy":"category","embeddable":true,"href":"http:\/\/blogdalucianaoliveira.com.br\/blog\/wp-json\/wp\/v2\/categories?post=35193"},{"taxonomy":"post_tag","embeddable":true,"href":"http:\/\/blogdalucianaoliveira.com.br\/blog\/wp-json\/wp\/v2\/tags?post=35193"}],"curies":[{"name":"wp","href":"https:\/\/api.w.org\/{rel}","templated":true}]}}