{"id":35215,"date":"2024-05-22T11:05:57","date_gmt":"2024-05-22T15:05:57","guid":{"rendered":"http:\/\/blogdalucianaoliveira.com.br\/blog\/?p=35215"},"modified":"2024-05-22T11:05:57","modified_gmt":"2024-05-22T15:05:57","slug":"tres-paises-europeus-reconhecem-estado-palestino-o-que-isso-significa-para-israel-e-gaza","status":"publish","type":"post","link":"http:\/\/blogdalucianaoliveira.com.br\/blog\/2024\/05\/22\/tres-paises-europeus-reconhecem-estado-palestino-o-que-isso-significa-para-israel-e-gaza\/","title":{"rendered":"Tr\u00eas pa\u00edses europeus reconhecem Estado Palestino \u2014 o que isso significa para Israel e Gaza"},"content":{"rendered":"<div class=\"bbc-19j92fr ebmt73l0\" dir=\"ltr\">\n<p dir=\"ltr\"><img data-recalc-dims=\"1\" loading=\"lazy\" decoding=\"async\" data-attachment-id=\"35216\" data-permalink=\"http:\/\/blogdalucianaoliveira.com.br\/blog\/2024\/05\/22\/tres-paises-europeus-reconhecem-estado-palestino-o-que-isso-significa-para-israel-e-gaza\/bb8e86e0-1813-11ef-82d1-85d49d33efcd\/\" data-orig-file=\"https:\/\/i0.wp.com\/blogdalucianaoliveira.com.br\/blog\/wp-content\/uploads\/2024\/05\/bb8e86e0-1813-11ef-82d1-85d49d33efcd.jpg?fit=624%2C351\" data-orig-size=\"624,351\" data-comments-opened=\"0\" data-image-meta=\"{&quot;aperture&quot;:&quot;0&quot;,&quot;credit&quot;:&quot;&quot;,&quot;camera&quot;:&quot;&quot;,&quot;caption&quot;:&quot;&quot;,&quot;created_timestamp&quot;:&quot;0&quot;,&quot;copyright&quot;:&quot;&quot;,&quot;focal_length&quot;:&quot;0&quot;,&quot;iso&quot;:&quot;0&quot;,&quot;shutter_speed&quot;:&quot;0&quot;,&quot;title&quot;:&quot;&quot;,&quot;orientation&quot;:&quot;0&quot;}\" data-image-title=\"bb8e86e0-1813-11ef-82d1-85d49d33efcd\" data-image-description=\"\" data-image-caption=\"\" data-medium-file=\"https:\/\/i0.wp.com\/blogdalucianaoliveira.com.br\/blog\/wp-content\/uploads\/2024\/05\/bb8e86e0-1813-11ef-82d1-85d49d33efcd.jpg?fit=300%2C169\" data-large-file=\"https:\/\/i0.wp.com\/blogdalucianaoliveira.com.br\/blog\/wp-content\/uploads\/2024\/05\/bb8e86e0-1813-11ef-82d1-85d49d33efcd.jpg?fit=600%2C338\" class=\"alignnone size-medium wp-image-35216\" src=\"https:\/\/i0.wp.com\/blogdalucianaoliveira.com.br\/blog\/wp-content\/uploads\/2024\/05\/bb8e86e0-1813-11ef-82d1-85d49d33efcd.jpg?resize=300%2C169\" alt=\"\" width=\"300\" height=\"169\" srcset=\"https:\/\/i0.wp.com\/blogdalucianaoliveira.com.br\/blog\/wp-content\/uploads\/2024\/05\/bb8e86e0-1813-11ef-82d1-85d49d33efcd.jpg?resize=300%2C169 300w, https:\/\/i0.wp.com\/blogdalucianaoliveira.com.br\/blog\/wp-content\/uploads\/2024\/05\/bb8e86e0-1813-11ef-82d1-85d49d33efcd.jpg?resize=533%2C300 533w, https:\/\/i0.wp.com\/blogdalucianaoliveira.com.br\/blog\/wp-content\/uploads\/2024\/05\/bb8e86e0-1813-11ef-82d1-85d49d33efcd.jpg?w=624 624w\" sizes=\"auto, (max-width: 300px) 100vw, 300px\" \/><\/p>\n<p class=\"bbc-hhl7in e17g058b0\" dir=\"ltr\"><strong>Na BBC<\/strong> &#8211; A Irlanda, a Noruega e a Espanha anunciaram nesta quarta-feira (22\/5) que v\u00e3o reconhecer o <a class=\"focusIndicatorReducedWidth bbc-n8oauk e1p3sufg0\" href=\"https:\/\/www.bbc.com\/portuguese\/articles\/cw4d3940g8do\">Estado Palestino<\/a> a partir de 28 de maio. Pelo menos 140 membros da Assembleia Geral da ONU, incluindo o Brasil, reconhecem formalmente a Palestina como um Estado. O primeiro-ministro espanhol, Pedro Sanchez, explicou que a decis\u00e3o &#8220;n\u00e3o \u00e9 contra<a class=\"focusIndicatorReducedWidth bbc-n8oauk e1p3sufg0\" href=\"https:\/\/www.bbc.com\/portuguese\/topics\/cjgn7g13q3kt\">\u00a0Israel<\/a>&#8221; e tampouco &#8220;a favor do\u00a0<a class=\"focusIndicatorReducedWidth bbc-n8oauk e1p3sufg0\" href=\"https:\/\/www.bbc.com\/portuguese\/topics\/cnq68qr85wnt\">Hamas<\/a>&#8221; \u2014 mas, sim, &#8220;a favor da paz&#8221;.<\/p>\n<\/div>\n<p><!--more--><\/p>\n<div class=\"bbc-19j92fr ebmt73l0\" dir=\"ltr\">\n<p class=\"bbc-hhl7in e17g058b0\" dir=\"ltr\">O premi\u00ea noruegu\u00eas, Jonas Gahr Store, ressaltou, por sua vez, que a\u00a0<a class=\"focusIndicatorReducedWidth bbc-n8oauk e1p3sufg0\" href=\"https:\/\/www.bbc.com\/portuguese\/articles\/cn420nyp35do\">solu\u00e7\u00e3o de dois Estados<\/a>\u00a0(um israelense e outro palestino) \u00e9 a &#8220;\u00fanica alternativa&#8221; para a paz no\u00a0<a class=\"focusIndicatorReducedWidth bbc-n8oauk e1p3sufg0\" href=\"https:\/\/www.bbc.com\/portuguese\/topics\/c95y357ykk9t\">Oriente M\u00e9dio<\/a>; enquanto o primeiro-ministro da Irlanda, Simon Harris, disse que a decis\u00e3o ajudaria a criar um &#8220;futuro pac\u00edfico&#8221;.<\/p>\n<\/div>\n<section class=\"bbc-geybui\" role=\"region\" aria-label=\"Publicidade 2\" aria-hidden=\"true\" data-e2e=\"advertisement\"><\/section>\n<div class=\"bbc-19j92fr ebmt73l0\" dir=\"ltr\">\n<p class=\"bbc-hhl7in e17g058b0\" dir=\"ltr\"><a class=\"focusIndicatorReducedWidth bbc-n8oauk e1p3sufg0\" href=\"https:\/\/www.bbc.com\/portuguese\/topics\/cjgn7g13q3kt\">Israel\u00a0<\/a>reagiu, no entanto, com f\u00faria \u00e0 decis\u00e3o dos tr\u00eas pa\u00edses, chamando de volta seus embaixadores na Irlanda, na Noruega e na Espanha.<\/p>\n<\/div>\n<div class=\"bbc-1n4f7vm ebmt73l0\" dir=\"ltr\">\n<section class=\"bbc-1saxq9t etbfg571\" role=\"region\" data-e2e=\"recommendations-heading\" aria-labelledby=\"recommendations-heading\">\n<div class=\"bbc-bjn8wh eveec6k2\">\n<div class=\"bbc-19j92fr ebmt73l0\" dir=\"ltr\">\n<p class=\"bbc-hhl7in e17g058b0\" dir=\"ltr\">O ministro das Rela\u00e7\u00f5es Exteriores israelense, Israel Katz, disse ainda que iria convocar imediatamente os embaixadores destes tr\u00eas pa\u00edses em Israel para uma reuni\u00e3o de reprimenda, na qual eles v\u00e3o assistir a v\u00eddeos do ataque de 7 de outubro.<\/p>\n<\/div>\n<div class=\"bbc-19j92fr ebmt73l0\" dir=\"ltr\">\n<p class=\"bbc-hhl7in e17g058b0\" dir=\"ltr\">&#8220;A hist\u00f3ria vai lembrar que a Espanha, a Noruega e a Irlanda decidiram conceder uma medalha de ouro aos assassinos e estupradores do Hamas, que estupraram adolescentes e queimaram beb\u00eas&#8221;, afirmou Katz.<\/p>\n<\/div>\n<div class=\"bbc-19j92fr ebmt73l0\" dir=\"ltr\">\n<p class=\"bbc-hhl7in e17g058b0\" dir=\"ltr\">Israel n\u00e3o reconhece o Estado Palestino, e o atual governo se op\u00f5e \u00e0 cria\u00e7\u00e3o de um Estado palestino na Cisjord\u00e2nia e em Gaza. O argumento \u00e9 que tal Estado seria uma amea\u00e7a \u00e0 exist\u00eancia de Israel.<\/p>\n<\/div>\n<div class=\"bbc-19j92fr ebmt73l0\" dir=\"ltr\">\n<p class=\"bbc-hhl7in e17g058b0\" dir=\"ltr\">J\u00e1 os l\u00edderes palestinos celebraram a decis\u00e3o, classificada como um &#8220;momento hist\u00f3rico&#8221; pela Organiza\u00e7\u00e3o para a Liberta\u00e7\u00e3o da Palestina (OLP), e um &#8220;momento de virada&#8221; pelo Hamas.<\/p>\n<\/div>\n<div class=\"bbc-19j92fr ebmt73l0\" dir=\"ltr\">\n<h2 id=\"Medida-n\u00e3o-vai-mudar-realidade-no-campo-de-batalha\" class=\"bbc-1f03ibc eglt09e0\" tabindex=\"-1\">Medida n\u00e3o vai mudar realidade no campo de batalha<\/h2>\n<\/div>\n<figure class=\"bbc-1qn0xuy\">\n<div class=\"bbc-j1srjl\"><picture><img data-recalc-dims=\"1\" loading=\"lazy\" decoding=\"async\" class=\"bbc-139onq\" src=\"https:\/\/i0.wp.com\/ichef.bbci.co.uk\/ace\/ws\/640\/cpsprodpb\/dd94\/live\/c77774a0-1811-11ef-b5cc-cb8b8c4cef5a.jpg?resize=600%2C337&#038;ssl=1\" sizes=\"auto, (min-width: 1008px) 760px, 100vw\" srcset=\"https:\/\/ichef.bbci.co.uk\/ace\/ws\/240\/cpsprodpb\/dd94\/live\/c77774a0-1811-11ef-b5cc-cb8b8c4cef5a.jpg 240w, https:\/\/ichef.bbci.co.uk\/ace\/ws\/320\/cpsprodpb\/dd94\/live\/c77774a0-1811-11ef-b5cc-cb8b8c4cef5a.jpg 320w, https:\/\/ichef.bbci.co.uk\/ace\/ws\/480\/cpsprodpb\/dd94\/live\/c77774a0-1811-11ef-b5cc-cb8b8c4cef5a.jpg 480w, https:\/\/ichef.bbci.co.uk\/ace\/ws\/624\/cpsprodpb\/dd94\/live\/c77774a0-1811-11ef-b5cc-cb8b8c4cef5a.jpg 624w\" alt=\"Palestinos inspecionando o local de um ataque israelense a uma casa em Beit Lahia, no norte da Faixa de Gaza, na segunda-feira\" width=\"600\" height=\"337\" \/><\/picture>\n<p class=\"bbc-by8ykd\" role=\"text\"><span class=\"bbc-m04vo2\">CR\u00c9DITO,<\/span><span lang=\"en-GB\">REUTERS<\/span><\/p>\n<\/div><figcaption class=\"bbc-1jsyunq e6i104o0\" dir=\"ltr\"><span role=\"text\"><span role=\"text\"><span class=\"bbc-m04vo2\">Legenda da foto,<\/span><span data-testid=\"caption-paragraph\">Palestinos inspecionando o local de um ataque israelense a uma casa em Beit Lahia, no norte da Faixa de Gaza, na segunda-feira<br \/>\n<\/span><\/span><\/span><\/p>\n<div class=\"bbc-19j92fr ebmt73l0\" dir=\"ltr\">\n<p class=\"bbc-hhl7in e17g058b0\" dir=\"ltr\">A maior parte do mundo, incluindo o Brasil, j\u00e1 reconhece a Palestina como um Estado. No in\u00edcio deste m\u00eas, 143 dos 193 membros da Assembleia Geral das Na\u00e7\u00f5es Unidas votaram a favor da ades\u00e3o da Palestina \u00e0 ONU, algo que s\u00f3 pode ser feito por Estados.<\/p>\n<\/div>\n<div class=\"bbc-19j92fr ebmt73l0\" dir=\"ltr\">\n<p class=\"bbc-hhl7in e17g058b0\" dir=\"ltr\">At\u00e9 a manh\u00e3 desta quarta-feira, apenas nove pa\u00edses europeus apoiavam a cria\u00e7\u00e3o de um Estado palestino, e a maioria deles tomou esta decis\u00e3o em 1988, quando fazia parte do bloco sovi\u00e9tico. Sendo assim, o fato de a Noruega, a Irlanda e a Espanha se juntarem a este grupo \u00e9 algo raro e, ao mesmo tempo, significativo.<\/p>\n<\/div>\n<div class=\"bbc-19j92fr ebmt73l0\" dir=\"ltr\">\n<p class=\"bbc-hhl7in e17g058b0\" dir=\"ltr\">Estes pa\u00edses esperam n\u00e3o s\u00f3 sinalizar seu apoio simb\u00f3lico aos palestinos, como tamb\u00e9m impulsionar um processo pol\u00edtico que esperam ser capaz de ajudar a p\u00f4r fim aos combates.<\/p>\n<\/div>\n<div class=\"bbc-19j92fr ebmt73l0\" dir=\"ltr\">\n<p class=\"bbc-hhl7in e17g058b0\" dir=\"ltr\">Muitos pa\u00edses \u00e1rabes dizem que s\u00f3 ajudariam a policiar e a reconstruir Gaza no p\u00f3s-guerra se o Ocidente reconhecesse o Estado da Palestina como parte desse processo pol\u00edtico.<\/p>\n<\/div>\n<div class=\"bbc-19j92fr ebmt73l0\" dir=\"ltr\">\n<p class=\"bbc-hhl7in e17g058b0\" dir=\"ltr\">Mas a maioria dos outros pa\u00edses europeus ainda acredita que o reconhecimento deveria ocorrer apenas como parte de uma\u00a0<a class=\"focusIndicatorReducedWidth bbc-n8oauk e1p3sufg0\" href=\"https:\/\/www.bbc.com\/portuguese\/articles\/cn420nyp35do\">solu\u00e7\u00e3o a longo prazo de dois Estados<\/a>\u00a0(um israelense e outro palestino) para o conflito.<\/p>\n<\/div>\n<div class=\"bbc-19j92fr ebmt73l0\" dir=\"ltr\">\n<p class=\"bbc-hhl7in e17g058b0\" dir=\"ltr\">Assim, a Noruega, a Irlanda e a Espanha est\u00e3o fazendo uma jogada diplom\u00e1tica que eles esperam ser adotada por outros. Mas isso n\u00e3o vai mudar a realidade no campo de batalha.<\/p>\n<\/div>\n<div class=\"bbc-19j92fr ebmt73l0\" dir=\"ltr\">\n<h2 id=\"Uma-decis\u00e3o-a-favor-da-paz\" class=\"bbc-1f03ibc eglt09e0\" tabindex=\"-1\">Uma decis\u00e3o &#8216;a favor da paz&#8217;<\/h2>\n<\/div>\n<div class=\"bbc-19j92fr ebmt73l0\" dir=\"ltr\">\n<p class=\"bbc-hhl7in e17g058b0\" dir=\"ltr\">Ao anunciar a decis\u00e3o de reconhecer o Estado Palestino, o primeiro-ministro da Espanha, Pedro Sanchez, declarou:<\/p>\n<\/div>\n<div class=\"bbc-19j92fr ebmt73l0\" dir=\"ltr\">\n<p class=\"bbc-hhl7in e17g058b0\" dir=\"ltr\">&#8220;Este reconhecimento n\u00e3o \u00e9 contra Israel, n\u00e3o \u00e9 contra os judeus.&#8221;<\/p>\n<\/div>\n<div class=\"bbc-19j92fr ebmt73l0\" dir=\"ltr\">\n<p class=\"bbc-hhl7in e17g058b0\" dir=\"ltr\">\u201cN\u00e3o \u00e9 a favor do Hamas, como foi dito. Este reconhecimento n\u00e3o \u00e9 contra ningu\u00e9m, \u00e9 a favor da paz e da coexist\u00eancia&#8221;.<\/p>\n<\/div>\n<div class=\"bbc-19j92fr ebmt73l0\" dir=\"ltr\">\n<p class=\"bbc-hhl7in e17g058b0\" dir=\"ltr\">A Noruega destacou, por sua vez, que uma solu\u00e7\u00e3o duradoura na regi\u00e3o &#8220;s\u00f3 ser\u00e1 alcan\u00e7ada por meio de uma solu\u00e7\u00e3o de dois Estados&#8221;.<\/p>\n<\/div>\n<div class=\"bbc-19j92fr ebmt73l0\" dir=\"ltr\">\n<p class=\"bbc-hhl7in e17g058b0\" dir=\"ltr\">\u201cN\u00e3o haver\u00e1 paz no Oriente M\u00e9dio sem uma solu\u00e7\u00e3o de dois Estados. N\u00e3o pode haver uma solu\u00e7\u00e3o de dois Estados sem um Estado Palestino&#8221;, afirmou o primeiro-ministro noruegu\u00eas, Jonas Gahr Store, em comunicado.<\/p>\n<\/div>\n<div class=\"bbc-19j92fr ebmt73l0\" dir=\"ltr\">\n<p class=\"bbc-hhl7in e17g058b0\" dir=\"ltr\">&#8220;Em outras palavras, um Estado Palestino \u00e9 um pr\u00e9-requisito para alcan\u00e7ar a paz no Oriente M\u00e9dio.&#8221;<\/p>\n<\/div>\n<div class=\"bbc-19j92fr ebmt73l0\" dir=\"ltr\">\n<p class=\"bbc-hhl7in e17g058b0\" dir=\"ltr\">O primeiro-ministro da Irlanda, Simon Harris, ecoou este pensamento, dizendo que uma solu\u00e7\u00e3o de dois Estados \u00e9 o &#8220;\u00fanico caminho confi\u00e1vel&#8221; para a paz.<\/p>\n<\/div>\n<div class=\"bbc-19j92fr ebmt73l0\" dir=\"ltr\">\n<p class=\"bbc-hhl7in e17g058b0\" dir=\"ltr\">&#8220;Estamos tr\u00eas d\u00e9cadas depois dos\u00a0<a class=\"focusIndicatorReducedWidth bbc-n8oauk e1p3sufg0\" href=\"https:\/\/www.bbc.com\/portuguese\/articles\/cz4g507l8lgo\">Acordos de Oslo<\/a>, e talvez mais longe do que nunca de um acordo de paz justo, sustent\u00e1vel e abrangente&#8221;, acrescentou.<\/p>\n<\/div>\n<div class=\"bbc-19j92fr ebmt73l0\" dir=\"ltr\">\n<p class=\"bbc-hhl7in e17g058b0\" dir=\"ltr\">Segundo ele, a decis\u00e3o n\u00e3o deveria esperar &#8220;indefinidamente&#8221; para ser tomada, quando \u00e9 &#8220;a coisa certa a fazer&#8221;.<\/p>\n<\/div>\n<div class=\"bbc-19j92fr ebmt73l0\" dir=\"ltr\">\n<h2 id=\"Terrorismo-compensa-afirma-Israel\" class=\"bbc-1f03ibc eglt09e0\" tabindex=\"-1\">&#8216;Terrorismo compensa&#8217;, afirma Israel<\/h2>\n<\/div>\n<figure class=\"bbc-1qn0xuy\">\n<div class=\"bbc-18ywsw9\"><picture><img data-recalc-dims=\"1\" loading=\"lazy\" decoding=\"async\" class=\"bbc-139onq\" src=\"https:\/\/i0.wp.com\/ichef.bbci.co.uk\/ace\/ws\/640\/cpsprodpb\/8516\/live\/09f39440-1816-11ef-b5cc-cb8b8c4cef5a.jpg?resize=600%2C337&#038;ssl=1\" sizes=\"auto, (min-width: 1008px) 760px, 100vw\" srcset=\"https:\/\/ichef.bbci.co.uk\/ace\/ws\/240\/cpsprodpb\/8516\/live\/09f39440-1816-11ef-b5cc-cb8b8c4cef5a.jpg 240w, https:\/\/ichef.bbci.co.uk\/ace\/ws\/320\/cpsprodpb\/8516\/live\/09f39440-1816-11ef-b5cc-cb8b8c4cef5a.jpg 320w, https:\/\/ichef.bbci.co.uk\/ace\/ws\/480\/cpsprodpb\/8516\/live\/09f39440-1816-11ef-b5cc-cb8b8c4cef5a.jpg 480w, https:\/\/ichef.bbci.co.uk\/ace\/ws\/624\/cpsprodpb\/8516\/live\/09f39440-1816-11ef-b5cc-cb8b8c4cef5a.jpg 624w\" alt=\"Israel Katz\" width=\"600\" height=\"337\" \/><\/picture>\n<p class=\"bbc-by8ykd\" role=\"text\"><span class=\"bbc-m04vo2\">CR\u00c9DITO,<\/span><span lang=\"en-GB\">EPA<\/span><\/p>\n<\/div><figcaption class=\"bbc-1jsyunq e6i104o0\" dir=\"ltr\"><span role=\"text\"><span class=\"bbc-m04vo2\">Legenda da foto,<\/span><span data-testid=\"caption-paragraph\">&#8216;A decis\u00e3o de hoje envia uma mensagem aos palestinos e ao mundo: o terrorismo compensa&#8217;, diz Israel Katz<\/span><\/span><\/figcaption><\/figure>\n<div class=\"bbc-19j92fr ebmt73l0\" dir=\"ltr\">\n<p class=\"bbc-hhl7in e17g058b0\" dir=\"ltr\">Em resposta \u00e0 decis\u00e3o dos tr\u00eas pa\u00edses de reconhecer um Estado Palestino, Israel afirmou que vai convocar de volta ao pa\u00eds seus representes diplom\u00e1ticos na Irlanda, na Noruega e na Espanha &#8220;para consultas urgentes&#8221;.<\/p>\n<\/div>\n<div class=\"bbc-19j92fr ebmt73l0\" dir=\"ltr\">\n<p class=\"bbc-hhl7in e17g058b0\" dir=\"ltr\">O ministro das Rela\u00e7\u00f5es Exteriores, Israel Katz, disse ainda que vai convocar imediatamente os embaixadores destes tr\u00eas pa\u00edses em Israel para uma reuni\u00e3o de reprimenda, na qual eles v\u00e3o assistir a v\u00eddeos do sequestro de mulheres soldados israelenses durante o ataque de 7 de outubro.<\/p>\n<\/div>\n<div class=\"bbc-19j92fr ebmt73l0\" dir=\"ltr\">\n<p class=\"bbc-hhl7in e17g058b0\" dir=\"ltr\">&#8220;A hist\u00f3ria vai lembrar que a Espanha, a Noruega e a Irlanda decidiram conceder uma medalha de ouro aos assassinos e estupradores do Hamas, que estupraram adolescentes e queimaram beb\u00eas&#8221;, afirmou Katz.<\/p>\n<\/div>\n<div class=\"bbc-19j92fr ebmt73l0\" dir=\"ltr\">\n<p class=\"bbc-hhl7in e17g058b0\" dir=\"ltr\">&#8220;Ordenei que os embaixadores fossem imediatamente convocados para uma conversa de reprimenda \u2014 durante a qual eles v\u00e3o assistir ao terr\u00edvel v\u00eddeo do rapto das observadoras mulheres para ilustrar para eles como a decis\u00e3o que seus governos tomaram foi distorcida.&#8221;<\/p>\n<\/div>\n<div class=\"bbc-19j92fr ebmt73l0\" dir=\"ltr\">\n<p class=\"bbc-hhl7in e17g058b0\" dir=\"ltr\">&#8220;Israel n\u00e3o vai passar por isso em sil\u00eancio \u2014 a iniciativa deles vai ter s\u00e9rias consequ\u00eancias&#8221;, acrescentou.<\/p>\n<\/div>\n<div class=\"bbc-19j92fr ebmt73l0\" dir=\"ltr\">\n<p class=\"bbc-hhl7in e17g058b0\" dir=\"ltr\">Segundo ele, &#8220;a decis\u00e3o de hoje envia uma mensagem aos palestinos e ao mundo: o terrorismo compensa&#8221;.<\/p>\n<\/div>\n<div class=\"bbc-19j92fr ebmt73l0\" dir=\"ltr\">\n<p class=\"bbc-hhl7in e17g058b0\" dir=\"ltr\">&#8220;Depois de a organiza\u00e7\u00e3o terrorista Hamas ter realizado o maior massacre de judeus desde o\u00a0<a class=\"focusIndicatorReducedWidth bbc-n8oauk e1p3sufg0\" href=\"https:\/\/www.bbc.com\/portuguese\/articles\/cd189gdr7l5o\">Holocausto<\/a>, depois de ter cometido crimes sexuais hediondos testemunhados pelo mundo, estes pa\u00edses escolheram recompensar o Hamas e o Ir\u00e3 ao reconhecer um Estado Palestino&#8221;, completou Katz.<\/p>\n<\/div>\n<div class=\"bbc-19j92fr ebmt73l0\" dir=\"ltr\">\n<p class=\"bbc-hhl7in e17g058b0\" dir=\"ltr\">&#8220;Este passo distorcido por parte destes pa\u00edses \u00e9 uma injusti\u00e7a para a mem\u00f3ria das v\u00edtimas do 7 de outubro, um golpe nos esfor\u00e7os para liberar os 128 ref\u00e9ns, e um incentivo ao Hamas e aos jihadistas do Ir\u00e3, o que prejudica a possibilidade de paz e questiona o direito de Israel de leg\u00edtima defesa.&#8221;<\/p>\n<\/div>\n<div class=\"bbc-19j92fr ebmt73l0\" dir=\"ltr\">\n<h2 id=\"Passo-significativo-diz-Minist\u00e9rio-das-Rela\u00e7\u00f5es-Exteriores-palestino\" class=\"bbc-1f03ibc eglt09e0\" tabindex=\"-1\">&#8216;Passo significativo&#8217;, diz Minist\u00e9rio das Rela\u00e7\u00f5es Exteriores palestino<\/h2>\n<\/div>\n<div class=\"bbc-19j92fr ebmt73l0\" dir=\"ltr\">\n<p class=\"bbc-hhl7in e17g058b0\" dir=\"ltr\">Enquanto isso, o Minist\u00e9rio das Rela\u00e7\u00f5es Exteriores palestino, baseado na Cisjord\u00e2nia, celebrou a decis\u00e3o dos tr\u00eas pa\u00edses.<\/p>\n<\/div>\n<div class=\"bbc-19j92fr ebmt73l0\" dir=\"ltr\">\n<p class=\"bbc-hhl7in e17g058b0\" dir=\"ltr\">&#8220;Com este passo significativo, a Espanha, a Noruega e a Irlanda demonstraram mais uma vez o seu compromisso inabal\u00e1vel com a solu\u00e7\u00e3o de dois Estados e com fazer justi\u00e7a, h\u00e1 muito tempo esperada, ao povo palestino&#8221;, diz o comunicado divulgado.<\/p>\n<\/div>\n<div class=\"bbc-19j92fr ebmt73l0\" dir=\"ltr\">\n<p class=\"bbc-hhl7in e17g058b0\" dir=\"ltr\">&#8220;Al\u00e9m disso, os reconhecimentos da Espanha, Noruega e Irlanda est\u00e3o em conformidade com o direito internacional, e com todas as resolu\u00e7\u00f5es relevantes das Na\u00e7\u00f5es Unidas \u2014 o que, por sua vez, vai contribuir positivamente para todos os esfor\u00e7os internacionais para acabar com a ocupa\u00e7\u00e3o ilegal israelense e alcan\u00e7ar a paz e a estabilidade na regi\u00e3o.&#8221;<\/p>\n<\/div>\n<div class=\"bbc-19j92fr ebmt73l0\" dir=\"ltr\">\n<p class=\"bbc-hhl7in e17g058b0\" dir=\"ltr\">O comunicado prossegue fazendo um apelo para que outros pa\u00edses &#8220;tomem esta decis\u00e3o de princ\u00edpio o mais r\u00e1pido poss\u00edvel&#8221;.<\/p>\n<\/div>\n<div class=\"bbc-19j92fr ebmt73l0\" dir=\"ltr\">\n<h2 id=\"Momento-hist\u00f3rico-para-a-OLP-\" class=\"bbc-1f03ibc eglt09e0\" tabindex=\"-1\">&#8216;Momento hist\u00f3rico&#8217; para a OLP<\/h2>\n<\/div>\n<div class=\"bbc-19j92fr ebmt73l0\" dir=\"ltr\">\n<p class=\"bbc-hhl7in e17g058b0\" dir=\"ltr\">O secret\u00e1rio-geral do Comit\u00ea Executivo da Organiza\u00e7\u00e3o para a Liberta\u00e7\u00e3o da Palestina (OLP), Hussein al-Sheikh, classificou a not\u00edcia como um &#8220;momento hist\u00f3rico&#8221;.<\/p>\n<\/div>\n<div class=\"bbc-19j92fr ebmt73l0\" dir=\"ltr\">\n<p class=\"bbc-hhl7in e17g058b0\" dir=\"ltr\">Segundo ele, o reconhecimento de um Estado Palestino \u201c\u00e9 o caminho para a estabilidade, seguran\u00e7a e paz na regi\u00e3o&#8221;.<\/p>\n<\/div>\n<div class=\"bbc-19j92fr ebmt73l0\" dir=\"ltr\">\n<p class=\"bbc-hhl7in e17g058b0\" dir=\"ltr\">A OLP \u00e9 reconhecida internacionalmente como o principal representante dos palestinos.<\/p>\n<\/div>\n<div class=\"bbc-19j92fr ebmt73l0\" dir=\"ltr\">\n<h2 id=\"Momento-de-virada-diz-Hamas\" class=\"bbc-1f03ibc eglt09e0\" tabindex=\"-1\">&#8216;Momento de virada&#8217;, diz Hamas<\/h2>\n<\/div>\n<div class=\"bbc-19j92fr ebmt73l0\" dir=\"ltr\">\n<p class=\"bbc-hhl7in e17g058b0\" dir=\"ltr\">O grupo palestino Hamas \u2014 que assumiu o controle da Faixa de Gaza em 2007 \u2014 tamb\u00e9m comemorou a decis\u00e3o dos tr\u00eas pa\u00edses.<\/p>\n<\/div>\n<div class=\"bbc-19j92fr ebmt73l0\" dir=\"ltr\">\n<p class=\"bbc-hhl7in e17g058b0\" dir=\"ltr\">Em declara\u00e7\u00e3o \u00e0 ag\u00eancia de not\u00edcias AFP, Bassem Naim, um importante membro do Hamas, afirmou que a &#8220;brava resist\u00eancia&#8221; do povo palestino est\u00e1 por tr\u00e1s desta medida.<\/p>\n<\/div>\n<div class=\"bbc-19j92fr ebmt73l0\" dir=\"ltr\">\n<p class=\"bbc-hhl7in e17g058b0\" dir=\"ltr\">&#8220;Estes reconhecimentos sucessivos s\u00e3o resultado direto desta brava resist\u00eancia e da lend\u00e1ria perseveran\u00e7a do povo palestino&#8221;, ele disse.<\/p>\n<\/div>\n<div class=\"bbc-19j92fr ebmt73l0\" dir=\"ltr\">\n<p class=\"bbc-hhl7in e17g058b0\" dir=\"ltr\">&#8220;Acreditamos que este ser\u00e1 um momento de virada na posi\u00e7\u00e3o internacional sobre a quest\u00e3o palestina.&#8221;<\/p>\n<\/div>\n<div class=\"bbc-19j92fr ebmt73l0\" dir=\"ltr\">\n<p class=\"bbc-hhl7in e17g058b0\" dir=\"ltr\">A decis\u00e3o dos tr\u00eas pa\u00edses foi anunciada poucos dias depois de o procurador-chefe do Tribunal Penal Internacional (TPI) ter\u00a0solicitado a\u00a0<a class=\"focusIndicatorReducedWidth bbc-n8oauk e1p3sufg0\" href=\"https:\/\/www.bbc.com\/portuguese\/articles\/clkk79d37p0o\">emiss\u00e3o de mandados de pris\u00e3o<\/a>\u00a0contra o primeiro-ministro israelense,\u00a0<a class=\"focusIndicatorReducedWidth bbc-n8oauk e1p3sufg0\" href=\"https:\/\/www.bbc.com\/portuguese\/topics\/ckdxnd3830pt\">Benjamin Netanyahu<\/a>, e o l\u00edder do Hamas em Gaza,\u00a0<a class=\"focusIndicatorReducedWidth bbc-n8oauk e1p3sufg0\" href=\"https:\/\/www.bbc.com\/portuguese\/articles\/c978wg02y49o\">Yahya Sinwar<\/a>, por crimes de guerra.<\/p>\n<\/div>\n<\/figcaption><\/figure>\n<\/div>\n<\/section>\n<\/div>\n","protected":false},"excerpt":{"rendered":"<p>Na BBC &#8211; A Irlanda, a Noruega e a Espanha anunciaram nesta quarta-feira (22\/5) que v\u00e3o reconhecer o Estado Palestino a partir de 28 de maio. Pelo menos 140 membros da Assembleia Geral da ONU, incluindo o Brasil, reconhecem formalmente a Palestina como um Estado. O primeiro-ministro espanhol, Pedro Sanchez, explicou que a decis\u00e3o &#8220;n\u00e3o&#8230;<a class=\"more-link\" href=\"http:\/\/blogdalucianaoliveira.com.br\/blog\/2024\/05\/22\/tres-paises-europeus-reconhecem-estado-palestino-o-que-isso-significa-para-israel-e-gaza\/\">Continue a leitura <span class=\"meta-nav\">&raquo;<\/span><\/a><\/p>\n","protected":false},"author":1,"featured_media":0,"comment_status":"closed","ping_status":"open","sticky":false,"template":"","format":"standard","meta":{"_exactmetrics_skip_tracking":false,"_exactmetrics_sitenote_active":false,"_exactmetrics_sitenote_note":"","_exactmetrics_sitenote_category":0,"jetpack_post_was_ever_published":false,"_jetpack_newsletter_access":"","_jetpack_dont_email_post_to_subs":false,"_jetpack_newsletter_tier_id":0,"_jetpack_memberships_contains_paywalled_content":false,"_jetpack_memberships_contains_paid_content":false,"footnotes":"","jetpack_publicize_message":"","jetpack_publicize_feature_enabled":true,"jetpack_social_post_already_shared":true,"jetpack_social_options":{"image_generator_settings":{"template":"highway","enabled":false},"version":2}},"categories":[1],"tags":[991,219,992],"class_list":["post-35215","post","type-post","status-publish","format-standard","hentry","category-notas","tag-estado","tag-palestina","tag-reconhecimento"],"jetpack_publicize_connections":[],"jetpack_sharing_enabled":true,"jetpack_featured_media_url":"","jetpack_shortlink":"https:\/\/wp.me\/p7wKYW-99Z","jetpack-related-posts":[],"_links":{"self":[{"href":"http:\/\/blogdalucianaoliveira.com.br\/blog\/wp-json\/wp\/v2\/posts\/35215","targetHints":{"allow":["GET"]}}],"collection":[{"href":"http:\/\/blogdalucianaoliveira.com.br\/blog\/wp-json\/wp\/v2\/posts"}],"about":[{"href":"http:\/\/blogdalucianaoliveira.com.br\/blog\/wp-json\/wp\/v2\/types\/post"}],"author":[{"embeddable":true,"href":"http:\/\/blogdalucianaoliveira.com.br\/blog\/wp-json\/wp\/v2\/users\/1"}],"replies":[{"embeddable":true,"href":"http:\/\/blogdalucianaoliveira.com.br\/blog\/wp-json\/wp\/v2\/comments?post=35215"}],"version-history":[{"count":1,"href":"http:\/\/blogdalucianaoliveira.com.br\/blog\/wp-json\/wp\/v2\/posts\/35215\/revisions"}],"predecessor-version":[{"id":35217,"href":"http:\/\/blogdalucianaoliveira.com.br\/blog\/wp-json\/wp\/v2\/posts\/35215\/revisions\/35217"}],"wp:attachment":[{"href":"http:\/\/blogdalucianaoliveira.com.br\/blog\/wp-json\/wp\/v2\/media?parent=35215"}],"wp:term":[{"taxonomy":"category","embeddable":true,"href":"http:\/\/blogdalucianaoliveira.com.br\/blog\/wp-json\/wp\/v2\/categories?post=35215"},{"taxonomy":"post_tag","embeddable":true,"href":"http:\/\/blogdalucianaoliveira.com.br\/blog\/wp-json\/wp\/v2\/tags?post=35215"}],"curies":[{"name":"wp","href":"https:\/\/api.w.org\/{rel}","templated":true}]}}