{"id":35221,"date":"2024-05-24T16:16:02","date_gmt":"2024-05-24T20:16:02","guid":{"rendered":"http:\/\/blogdalucianaoliveira.com.br\/blog\/?p=35221"},"modified":"2024-05-24T16:18:49","modified_gmt":"2024-05-24T20:18:49","slug":"a-dificuldade-de-fazer-valer-o-direito-a-arte-e-cultura-aos-cidadaos-rondonienses","status":"publish","type":"post","link":"http:\/\/blogdalucianaoliveira.com.br\/blog\/2024\/05\/24\/a-dificuldade-de-fazer-valer-o-direito-a-arte-e-cultura-aos-cidadaos-rondonienses\/","title":{"rendered":"A dificuldade de fazer valer o direito \u00e0 arte e cultura aos cidad\u00e3os rondonienses"},"content":{"rendered":"<p><img data-recalc-dims=\"1\" loading=\"lazy\" decoding=\"async\" data-attachment-id=\"35223\" data-permalink=\"http:\/\/blogdalucianaoliveira.com.br\/blog\/2024\/05\/24\/a-dificuldade-de-fazer-valer-o-direito-a-arte-e-cultura-aos-cidadaos-rondonienses\/img_3888-2\/\" data-orig-file=\"https:\/\/i0.wp.com\/blogdalucianaoliveira.com.br\/blog\/wp-content\/uploads\/2024\/05\/IMG_3888.jpeg?fit=1170%2C1043\" data-orig-size=\"1170,1043\" data-comments-opened=\"0\" data-image-meta=\"{&quot;aperture&quot;:&quot;0&quot;,&quot;credit&quot;:&quot;&quot;,&quot;camera&quot;:&quot;&quot;,&quot;caption&quot;:&quot;&quot;,&quot;created_timestamp&quot;:&quot;0&quot;,&quot;copyright&quot;:&quot;&quot;,&quot;focal_length&quot;:&quot;0&quot;,&quot;iso&quot;:&quot;0&quot;,&quot;shutter_speed&quot;:&quot;0&quot;,&quot;title&quot;:&quot;&quot;,&quot;orientation&quot;:&quot;1&quot;}\" data-image-title=\"IMG_3888\" data-image-description=\"\" data-image-caption=\"\" data-medium-file=\"https:\/\/i0.wp.com\/blogdalucianaoliveira.com.br\/blog\/wp-content\/uploads\/2024\/05\/IMG_3888.jpeg?fit=300%2C267\" data-large-file=\"https:\/\/i0.wp.com\/blogdalucianaoliveira.com.br\/blog\/wp-content\/uploads\/2024\/05\/IMG_3888.jpeg?fit=600%2C535\" class=\"alignnone size-full wp-image-35223\" src=\"https:\/\/i0.wp.com\/blogdalucianaoliveira.com.br\/blog\/wp-content\/uploads\/2024\/05\/IMG_3888.jpeg?resize=600%2C535\" alt=\"\" width=\"600\" height=\"535\" srcset=\"https:\/\/i0.wp.com\/blogdalucianaoliveira.com.br\/blog\/wp-content\/uploads\/2024\/05\/IMG_3888.jpeg?w=1170 1170w, https:\/\/i0.wp.com\/blogdalucianaoliveira.com.br\/blog\/wp-content\/uploads\/2024\/05\/IMG_3888.jpeg?resize=300%2C267 300w, https:\/\/i0.wp.com\/blogdalucianaoliveira.com.br\/blog\/wp-content\/uploads\/2024\/05\/IMG_3888.jpeg?resize=1024%2C913 1024w, https:\/\/i0.wp.com\/blogdalucianaoliveira.com.br\/blog\/wp-content\/uploads\/2024\/05\/IMG_3888.jpeg?resize=768%2C685 768w, https:\/\/i0.wp.com\/blogdalucianaoliveira.com.br\/blog\/wp-content\/uploads\/2024\/05\/IMG_3888.jpeg?resize=337%2C300 337w\" sizes=\"auto, (max-width: 600px) 100vw, 600px\" \/><\/p>\n<p class=\"s3\"><em><span class=\"s6\">Relembrando <\/span><span class=\"s6\">Fanon<\/span><span class=\"s6\">, eu diria que a arte capacita um homem ou uma mulher a n\u00e3o ser estranho em seu meio ambiente nem estrangeiro no seu pr\u00f3prio pa\u00eds. Ela supera o estado de despersonaliza\u00e7\u00e3o, inserindo o indiv\u00edduo no lugar ao qual pertence, refor\u00e7ando e ampliando seus lugares no mundo.<\/span><\/em><\/p>\n<p class=\"s9\" style=\"text-align: left;\"><span class=\"s8\">\u00a0 \u00a0 \u00a0 \u00a0 \u00a0 \u00a0 \u00a0 \u00a0 \u00a0 \u00a0 Ana Mae Barbosa<\/span><span class=\"s8\"> \u2013 Inquieta\u00e7\u00f5es no ensino de arte<\/span><!--more--><\/p>\n<p class=\"s9\" style=\"text-align: left;\"><span class=\"s8\"><br \/>\n<\/span><span class=\"s4\"><span class=\"bumpedFont15\"><strong>Por Adailtom Alves Teixeira<\/strong> &#8211; Arte e vida est\u00e3o umbilicalmente ligadas. A arte produzida<\/span><\/span><span class=\"s4\"><span class=\"bumpedFont15\"> em uma cidade, em um estado ou pa\u00eds, <\/span><\/span><span class=\"s4\"><span class=\"bumpedFont15\">\u00e9<\/span><\/span><span class=\"s4\"><span class=\"bumpedFont15\">construtora da identidade dessas realidades. Por meio da arte refletimos quem somos, ao mesmo tempo em que questionamos o que somos, isso porque <\/span><\/span><span class=\"s4\"><span class=\"bumpedFont15\">arte<\/span><\/span><span class=\"s4\"><span class=\"bumpedFont15\"> tamb\u00e9m \u00e9 conhecimento. A arte \u00e9 um dos elementos fundantes da cultura de um povo e n\u00e3o h\u00e1 nenhuma sociedade desenvolvida ou dita civilizada que prescindiu do investimento <\/span><\/span><span class=\"s4\"><span class=\"bumpedFont15\">nesse campo ao longo de <\/span><\/span><span class=\"s4\"><span class=\"bumpedFont15\">seu desenvolvimento hist\u00f3rico<\/span><\/span><span class=\"s4\"><span class=\"bumpedFont15\">. Por isso mesmo, desde a Constitui\u00e7\u00e3o Federal de 1988, a cultura est\u00e1 assegurada como direito. Quem tem esse direito? A sociedade como um todo, homens e mulheres tem assegurados sua possibilidade de express\u00e3o, bem como <\/span><\/span><span class=\"s4\"><span class=\"bumpedFont15\">o <\/span><\/span><span class=\"s4\"><span class=\"bumpedFont15\">acesso aos bens culturais produzidos. Da\u00ed a import\u00e2ncia das pol\u00edticas p\u00fablicas de cultura, pois s\u00e3o elas que asseguram esse direito constitucional.<\/span><\/span><\/p>\n<p class=\"s10\"><span class=\"s4\"><span class=\"bumpedFont15\">O estado de Rond\u00f4nia engatinha nas pol\u00edticas p\u00fablicas de cultura. Sua constru\u00e7\u00e3o data de pouco mais de uma d\u00e9cada e os primeiros editais a contemplarem algumas setoriais art\u00edsticas s\u00e3o de 2017. O custo disso \u00e9 o alijamento dessa potente cadeia produtiva, que gera renda e muitos empregos diretos e indiretos. Os maiores recursos investidos em cultura no estado vieram de pol\u00edticas emergenciais, uma conquista dos artistas de todo o pa\u00eds, que, por meio de sua luta, consegui<\/span><\/span><span class=\"s4\"><span class=\"bumpedFont15\">ram<\/span><\/span><span class=\"s4\"><span class=\"bumpedFont15\"> fazer com que o Congresso os enxergassem em um momento t\u00e3o dif\u00edcil em todo o mundo. Estou me referindo \u00e0 pandemia de Covidf-19. Da luta dos\/as artistas em alian\u00e7a com os\/as parlamentares nasceram as leis <\/span><\/span><span class=\"s4\"><span class=\"bumpedFont15\">federais <\/span><\/span><span class=\"s4\"><span class=\"bumpedFont15\">Aldir Blanc<\/span><\/span><span class=\"s4\"><span class=\"bumpedFont15\"> (14.017\/2020)<\/span><\/span><span class=\"s4\"><span class=\"bumpedFont15\">e a Paulo Gu<\/span><\/span><span class=\"s4\"><span class=\"bumpedFont15\">stavo<\/span><\/span><span class=\"s4\"><span class=\"bumpedFont15\"> (195\/2022), por meio das quais foram destinados recursos \u00e0 todas unidades federativas. A \u00faltima, <\/span><\/span><span class=\"s4\"><span class=\"bumpedFont15\">a Lei <\/span><\/span><span class=\"s4\"><span class=\"bumpedFont15\">Paulo Gustavo<\/span><\/span><span class=\"s4\"><span class=\"bumpedFont15\"> (LPG)<\/span><\/span><span class=\"s4\"><span class=\"bumpedFont15\">, ainda n\u00e3o foi executada em Rond\u00f4nia.<\/span><\/span><\/p>\n<p class=\"s10\"><span class=\"s4\"><span class=\"bumpedFont15\">Na sess\u00e3o parlamentar da Assembleia Legislativa (ALE) de 23 de maio de 2024, um dos itens de pauta era a autoriza\u00e7\u00e3o dos recursos da ordem de pouco mais de 27 milh\u00f5es para serem utilizad<\/span><\/span><span class=\"s4\"><span class=\"bumpedFont15\">o<\/span><\/span><span class=\"s4\"><span class=\"bumpedFont15\">s pela Secretaria de Cultura, Esporte, Juventude e Lazer (<\/span><\/span><span class=\"s4\"><span class=\"bumpedFont15\">Sejucel<\/span><\/span><span class=\"s4\"><span class=\"bumpedFont15\">), para, justamente, <\/span><\/span><span class=\"s4\"><span class=\"bumpedFont15\">fazer com que <\/span><\/span><span class=\"s4\"><span class=\"bumpedFont15\">a LPG<\/span><\/span><span class=\"s4\"><span class=\"bumpedFont15\">fosse posta em pr\u00e1tica<\/span><\/span><span class=\"s4\"><span class=\"bumpedFont15\">. Na ocasi\u00e3o, o parlamentar Delegado Camargo (Republicanos), pediu vistas do processo, atrasando ainda mais sua execu\u00e7\u00e3o. Conforme v\u00eddeo que circula na internet e redes sociais<\/span><\/span><a><span class=\"s11\"><span class=\"bumpedFont15\">(https:\/\/www.instagram.com\/p\/C7VhF2_M4m9\/<\/span><\/span><\/a><span class=\"s12\"><span class=\"bumpedFont15\">)<\/span><\/span><span class=\"s12\"><span class=\"bumpedFont15\">, <\/span><\/span><span class=\"s4\"><span class=\"bumpedFont15\">dois outros parlamentares <\/span><\/span><span class=\"s4\"><span class=\"bumpedFont15\">esclareceram que os recursos n\u00e3o t\u00eam impactos fiscais para o estado e que o prazo <\/span><\/span><span class=\"s4\"><span class=\"bumpedFont15\">est\u00e1 <\/span><\/span><span class=\"s4\"><span class=\"bumpedFont15\">pr\u00f3ximo de seu encerramento, isto \u00e9, se o simples ato autorizativo (\u00e9 tudo que lhes cabe)<\/span><\/span><span class=\"s4\"><span class=\"bumpedFont15\"> da ALE n\u00e3o ocorrer dentro do prazo, os recursos ir\u00e3o retornar aos cofres federais, deixando a cadeia art\u00edstica ainda mais debilitada. Cabe destacar que os recursos da\u00ed advindos n\u00e3o impactam apenas artistas, mas toda a economia local, afinal<\/span><\/span><span class=\"s4\"><span class=\"bumpedFont15\">, na execu\u00e7\u00e3o dos projetos culturais<\/span><\/span><span class=\"s4\"><span class=\"bumpedFont15\"> os recursos circulam pela rede hoteleira, restaurantes, gr\u00e1ficas, transportes, entre outros.<\/span><\/span><\/p>\n<blockquote class=\"instagram-media\" data-instgrm-captioned data-instgrm-permalink=\"https:\/\/www.instagram.com\/reel\/C7VhF2_M4m9\/?utm_source=ig_embed&amp;utm_campaign=loading\" data-instgrm-version=\"14\" style=\" background:#FFF; border:0; border-radius:3px; box-shadow:0 0 1px 0 rgba(0,0,0,0.5),0 1px 10px 0 rgba(0,0,0,0.15); margin: 1px; max-width:600px; min-width:326px; padding:0; width:99.375%; width:-webkit-calc(100% - 2px); width:calc(100% - 2px);\">\n<div style=\"padding:16px;\"> <a href=\"https:\/\/www.instagram.com\/reel\/C7VhF2_M4m9\/?utm_source=ig_embed&amp;utm_campaign=loading\" style=\" background:#FFFFFF; line-height:0; padding:0 0; text-align:center; text-decoration:none; width:100%;\" target=\"_blank\"> <\/p>\n<div style=\" display: flex; flex-direction: row; align-items: center;\">\n<div style=\"background-color: #F4F4F4; border-radius: 50%; flex-grow: 0; height: 40px; margin-right: 14px; width: 40px;\"><\/div>\n<div style=\"display: flex; flex-direction: column; flex-grow: 1; justify-content: center;\">\n<div style=\" background-color: #F4F4F4; border-radius: 4px; flex-grow: 0; height: 14px; margin-bottom: 6px; width: 100px;\"><\/div>\n<div style=\" background-color: #F4F4F4; border-radius: 4px; flex-grow: 0; height: 14px; width: 60px;\"><\/div>\n<\/div>\n<\/div>\n<div style=\"padding: 19% 0;\"><\/div>\n<div style=\"display:block; height:50px; margin:0 auto 12px; width:50px;\"><svg width=\"50px\" height=\"50px\" viewBox=\"0 0 60 60\" version=\"1.1\" xmlns=\"https:\/\/www.w3.org\/2000\/svg\" xmlns:xlink=\"https:\/\/www.w3.org\/1999\/xlink\"><g stroke=\"none\" stroke-width=\"1\" fill=\"none\" fill-rule=\"evenodd\"><g transform=\"translate(-511.000000, -20.000000)\" fill=\"#000000\"><g><path d=\"M556.869,30.41 C554.814,30.41 553.148,32.076 553.148,34.131 C553.148,36.186 554.814,37.852 556.869,37.852 C558.924,37.852 560.59,36.186 560.59,34.131 C560.59,32.076 558.924,30.41 556.869,30.41 M541,60.657 C535.114,60.657 530.342,55.887 530.342,50 C530.342,44.114 535.114,39.342 541,39.342 C546.887,39.342 551.658,44.114 551.658,50 C551.658,55.887 546.887,60.657 541,60.657 M541,33.886 C532.1,33.886 524.886,41.1 524.886,50 C524.886,58.899 532.1,66.113 541,66.113 C549.9,66.113 557.115,58.899 557.115,50 C557.115,41.1 549.9,33.886 541,33.886 M565.378,62.101 C565.244,65.022 564.756,66.606 564.346,67.663 C563.803,69.06 563.154,70.057 562.106,71.106 C561.058,72.155 560.06,72.803 558.662,73.347 C557.607,73.757 556.021,74.244 553.102,74.378 C549.944,74.521 548.997,74.552 541,74.552 C533.003,74.552 532.056,74.521 528.898,74.378 C525.979,74.244 524.393,73.757 523.338,73.347 C521.94,72.803 520.942,72.155 519.894,71.106 C518.846,70.057 518.197,69.06 517.654,67.663 C517.244,66.606 516.755,65.022 516.623,62.101 C516.479,58.943 516.448,57.996 516.448,50 C516.448,42.003 516.479,41.056 516.623,37.899 C516.755,34.978 517.244,33.391 517.654,32.338 C518.197,30.938 518.846,29.942 519.894,28.894 C520.942,27.846 521.94,27.196 523.338,26.654 C524.393,26.244 525.979,25.756 528.898,25.623 C532.057,25.479 533.004,25.448 541,25.448 C548.997,25.448 549.943,25.479 553.102,25.623 C556.021,25.756 557.607,26.244 558.662,26.654 C560.06,27.196 561.058,27.846 562.106,28.894 C563.154,29.942 563.803,30.938 564.346,32.338 C564.756,33.391 565.244,34.978 565.378,37.899 C565.522,41.056 565.552,42.003 565.552,50 C565.552,57.996 565.522,58.943 565.378,62.101 M570.82,37.631 C570.674,34.438 570.167,32.258 569.425,30.349 C568.659,28.377 567.633,26.702 565.965,25.035 C564.297,23.368 562.623,22.342 560.652,21.575 C558.743,20.834 556.562,20.326 553.369,20.18 C550.169,20.033 549.148,20 541,20 C532.853,20 531.831,20.033 528.631,20.18 C525.438,20.326 523.257,20.834 521.349,21.575 C519.376,22.342 517.703,23.368 516.035,25.035 C514.368,26.702 513.342,28.377 512.574,30.349 C511.834,32.258 511.326,34.438 511.181,37.631 C511.035,40.831 511,41.851 511,50 C511,58.147 511.035,59.17 511.181,62.369 C511.326,65.562 511.834,67.743 512.574,69.651 C513.342,71.625 514.368,73.296 516.035,74.965 C517.703,76.634 519.376,77.658 521.349,78.425 C523.257,79.167 525.438,79.673 528.631,79.82 C531.831,79.965 532.853,80.001 541,80.001 C549.148,80.001 550.169,79.965 553.369,79.82 C556.562,79.673 558.743,79.167 560.652,78.425 C562.623,77.658 564.297,76.634 565.965,74.965 C567.633,73.296 568.659,71.625 569.425,69.651 C570.167,67.743 570.674,65.562 570.82,62.369 C570.966,59.17 571,58.147 571,50 C571,41.851 570.966,40.831 570.82,37.631\"><\/path><\/g><\/g><\/g><\/svg><\/div>\n<div style=\"padding-top: 8px;\">\n<div style=\" color:#3897f0; font-family:Arial,sans-serif; font-size:14px; font-style:normal; font-weight:550; line-height:18px;\">View this post on Instagram<\/div>\n<\/div>\n<div style=\"padding: 12.5% 0;\"><\/div>\n<div style=\"display: flex; flex-direction: row; margin-bottom: 14px; align-items: center;\">\n<div>\n<div style=\"background-color: #F4F4F4; border-radius: 50%; height: 12.5px; width: 12.5px; transform: translateX(0px) translateY(7px);\"><\/div>\n<div style=\"background-color: #F4F4F4; height: 12.5px; transform: rotate(-45deg) translateX(3px) translateY(1px); width: 12.5px; flex-grow: 0; margin-right: 14px; margin-left: 2px;\"><\/div>\n<div style=\"background-color: #F4F4F4; border-radius: 50%; height: 12.5px; width: 12.5px; transform: translateX(9px) translateY(-18px);\"><\/div>\n<\/div>\n<div style=\"margin-left: 8px;\">\n<div style=\" background-color: #F4F4F4; border-radius: 50%; flex-grow: 0; height: 20px; width: 20px;\"><\/div>\n<div style=\" width: 0; height: 0; border-top: 2px solid transparent; border-left: 6px solid #f4f4f4; border-bottom: 2px solid transparent; transform: translateX(16px) translateY(-4px) rotate(30deg)\"><\/div>\n<\/div>\n<div style=\"margin-left: auto;\">\n<div style=\" width: 0px; border-top: 8px solid #F4F4F4; border-right: 8px solid transparent; transform: translateY(16px);\"><\/div>\n<div style=\" background-color: #F4F4F4; flex-grow: 0; height: 12px; width: 16px; transform: translateY(-4px);\"><\/div>\n<div style=\" width: 0; height: 0; border-top: 8px solid #F4F4F4; border-left: 8px solid transparent; transform: translateY(-4px) translateX(8px);\"><\/div>\n<\/div>\n<\/div>\n<div style=\"display: flex; flex-direction: column; flex-grow: 1; justify-content: center; margin-bottom: 24px;\">\n<div style=\" background-color: #F4F4F4; border-radius: 4px; flex-grow: 0; height: 14px; margin-bottom: 6px; width: 224px;\"><\/div>\n<div style=\" background-color: #F4F4F4; border-radius: 4px; flex-grow: 0; height: 14px; width: 144px;\"><\/div>\n<\/div>\n<p><\/a><\/p>\n<p style=\" color:#c9c8cd; font-family:Arial,sans-serif; font-size:14px; line-height:17px; margin-bottom:0; margin-top:8px; overflow:hidden; padding:8px 0 7px; text-align:center; text-overflow:ellipsis; white-space:nowrap;\"><a href=\"https:\/\/www.instagram.com\/reel\/C7VhF2_M4m9\/?utm_source=ig_embed&amp;utm_campaign=loading\" style=\" color:#c9c8cd; font-family:Arial,sans-serif; font-size:14px; font-style:normal; font-weight:normal; line-height:17px; text-decoration:none;\" target=\"_blank\">A post shared by Conselho Estadual de Pol\u00edtica Cultural (@cepcrondonia)<\/a><\/p>\n<\/div>\n<\/blockquote>\n<p><script async src=\"\/\/platform.instagram.com\/en_US\/embeds.js\"><\/script><\/p>\n<p class=\"s10\"><span class=\"s4\"><span class=\"bumpedFont15\">O desconhecimento do parlamentar Camargo, disfar\u00e7ado de zelo pelos recursos p\u00fablicos, \u00e9 um esc\u00e1rnio aos fazedores de cultura de Rond\u00f4nia, pois ao pedir vistas do processo \u2013 ainda <\/span><\/span><span class=\"s4\"><span class=\"bumpedFont15\">que seja direito de todo\/a<\/span><\/span><span class=\"s4\"><span class=\"bumpedFont15\"> parlamentar \u2013 n\u00e3o s\u00f3 atrasa a execu\u00e7\u00e3o da LPG, mas p\u00f5e em risco a perda desse importante recurso federal. Por isso, n\u00e3o \u00e9 poss\u00edvel ver de outro modo, se n\u00e3o como um ataque direto \u00e0s artes e \u00e0 cultura<\/span><\/span><span class=\"s4\"><span class=\"bumpedFont15\"> rondoniense<\/span><\/span><span class=\"s4\"><span class=\"bumpedFont15\">. Apesar disso, ouso afirmar que nem mesmo esse tipo de pol\u00edtico \u00e9 capaz de viver sem arte, pois \u00e9 certo que deve escutar alguma <\/span><\/span><span class=\"s4\"><span class=\"bumpedFont15\">m\u00fasica, assistir algum filme, s\u00e9<\/span><\/span><span class=\"s4\"><span class=\"bumpedFont15\">rie<\/span><\/span><span class=\"s4\"><span class=\"bumpedFont15\"> ou<\/span><\/span><span class=\"s4\"><span class=\"bumpedFont15\"> novela e, ainda que mais raro, deve ter lido algum livro ao longo de sua vida; e, quando tem filhos\/as, es<\/span><\/span><span class=\"s4\"><span class=\"bumpedFont15\">se tipo de pessoa costuma coloca-los <\/span><\/span><span class=\"s4\"><span class=\"bumpedFont15\">em escolas de dan\u00e7a, de m\u00fasica, de artes pl\u00e1sticas etc., com o fito de melhor prepar<\/span><\/span><span class=\"s4\"><span class=\"bumpedFont15\">\u00e1<\/span><\/span><span class=\"s4\"><span class=\"bumpedFont15\">-los para \u00e0 vida. Espero que <\/span><\/span><span class=\"s4\"><span class=\"bumpedFont15\">o <\/span><\/span><span class=\"s4\"><span class=\"bumpedFont15\">citado parlamentar, mas n\u00e3o s\u00f3, saiba que todos esses elementos s\u00e3o arte e comp\u00f5em uma cadeia produtiva em nosso pa\u00eds. Cabe destacar ainda que \u00e9 esse tipo de pol\u00edtico que tamb\u00e9m costuma frequentar os grandes eventos culturais do estado, como Flor do Maracuj\u00e1, Duelo na Fronteira, dentre outros<\/span><\/span><span class=\"s4\"><span class=\"bumpedFont15\">, \u00e0 ca\u00e7a de votos.<\/span><\/span><\/p>\n<p class=\"s10\"><span class=\"s4\"><span class=\"bumpedFont15\">O saudoso Leonel Brizola afirmava que cultura \u201cn\u00e3o d\u00e1 votos, mas tira\u201d. Que cada artista do estado de Rond\u00f4nia conhe\u00e7a bem seus pol\u00edticos e saibam pint\u00e1-los ao p\u00fablico que lhes prestigia conforme \u00e0 realidade como tais pol\u00edticos agem em rela\u00e7\u00e3o \u00e0 arte; quem sabe, assim, possamos arrancar do parlamento e outras inst\u00e2ncias de poder os inimigos da cultura<\/span><\/span><span class=\"s4\"><span class=\"bumpedFont15\">.<\/span><\/span><\/p>\n","protected":false},"excerpt":{"rendered":"<p>Relembrando Fanon, eu diria que a arte capacita um homem ou uma mulher a n\u00e3o ser estranho em seu meio ambiente nem estrangeiro no seu pr\u00f3prio pa\u00eds. Ela supera o estado de despersonaliza\u00e7\u00e3o, inserindo o indiv\u00edduo no lugar ao qual pertence, refor\u00e7ando e ampliando seus lugares no mundo. \u00a0 \u00a0 \u00a0 \u00a0 \u00a0 \u00a0 \u00a0&#8230;<a class=\"more-link\" href=\"http:\/\/blogdalucianaoliveira.com.br\/blog\/2024\/05\/24\/a-dificuldade-de-fazer-valer-o-direito-a-arte-e-cultura-aos-cidadaos-rondonienses\/\">Continue a leitura <span class=\"meta-nav\">&raquo;<\/span><\/a><\/p>\n","protected":false},"author":1,"featured_media":0,"comment_status":"closed","ping_status":"open","sticky":false,"template":"","format":"standard","meta":{"_exactmetrics_skip_tracking":false,"_exactmetrics_sitenote_active":false,"_exactmetrics_sitenote_note":"","_exactmetrics_sitenote_category":0,"jetpack_post_was_ever_published":false,"_jetpack_newsletter_access":"","_jetpack_dont_email_post_to_subs":false,"_jetpack_newsletter_tier_id":0,"_jetpack_memberships_contains_paywalled_content":false,"_jetpack_memberships_contains_paid_content":false,"footnotes":"","jetpack_publicize_message":"","jetpack_publicize_feature_enabled":true,"jetpack_social_post_already_shared":true,"jetpack_social_options":{"image_generator_settings":{"template":"highway","enabled":false},"version":2}},"categories":[1],"tags":[77,994,995],"class_list":["post-35221","post","type-post","status-publish","format-standard","hentry","category-notas","tag-cultura","tag-delegado-rodrigo-camargo","tag-lei-paulo-gustavo"],"jetpack_publicize_connections":[],"jetpack_sharing_enabled":true,"jetpack_featured_media_url":"","jetpack_shortlink":"https:\/\/wp.me\/p7wKYW-9a5","jetpack-related-posts":[],"_links":{"self":[{"href":"http:\/\/blogdalucianaoliveira.com.br\/blog\/wp-json\/wp\/v2\/posts\/35221","targetHints":{"allow":["GET"]}}],"collection":[{"href":"http:\/\/blogdalucianaoliveira.com.br\/blog\/wp-json\/wp\/v2\/posts"}],"about":[{"href":"http:\/\/blogdalucianaoliveira.com.br\/blog\/wp-json\/wp\/v2\/types\/post"}],"author":[{"embeddable":true,"href":"http:\/\/blogdalucianaoliveira.com.br\/blog\/wp-json\/wp\/v2\/users\/1"}],"replies":[{"embeddable":true,"href":"http:\/\/blogdalucianaoliveira.com.br\/blog\/wp-json\/wp\/v2\/comments?post=35221"}],"version-history":[{"count":3,"href":"http:\/\/blogdalucianaoliveira.com.br\/blog\/wp-json\/wp\/v2\/posts\/35221\/revisions"}],"predecessor-version":[{"id":35225,"href":"http:\/\/blogdalucianaoliveira.com.br\/blog\/wp-json\/wp\/v2\/posts\/35221\/revisions\/35225"}],"wp:attachment":[{"href":"http:\/\/blogdalucianaoliveira.com.br\/blog\/wp-json\/wp\/v2\/media?parent=35221"}],"wp:term":[{"taxonomy":"category","embeddable":true,"href":"http:\/\/blogdalucianaoliveira.com.br\/blog\/wp-json\/wp\/v2\/categories?post=35221"},{"taxonomy":"post_tag","embeddable":true,"href":"http:\/\/blogdalucianaoliveira.com.br\/blog\/wp-json\/wp\/v2\/tags?post=35221"}],"curies":[{"name":"wp","href":"https:\/\/api.w.org\/{rel}","templated":true}]}}