{"id":35241,"date":"2024-05-28T07:59:41","date_gmt":"2024-05-28T11:59:41","guid":{"rendered":"http:\/\/blogdalucianaoliveira.com.br\/blog\/?p=35241"},"modified":"2024-05-28T07:59:41","modified_gmt":"2024-05-28T11:59:41","slug":"rondonia-tem-o-segundo-menor-percentual-de-vacinados-contra-covid-19-com-pelo-menos-uma-dose","status":"publish","type":"post","link":"http:\/\/blogdalucianaoliveira.com.br\/blog\/2024\/05\/28\/rondonia-tem-o-segundo-menor-percentual-de-vacinados-contra-covid-19-com-pelo-menos-uma-dose\/","title":{"rendered":"Rond\u00f4nia tem o segundo menor percentual de vacinados contra Covid-19 com pelo menos uma dose"},"content":{"rendered":"<p><img data-recalc-dims=\"1\" loading=\"lazy\" decoding=\"async\" data-attachment-id=\"35242\" data-permalink=\"http:\/\/blogdalucianaoliveira.com.br\/blog\/2024\/05\/28\/rondonia-tem-o-segundo-menor-percentual-de-vacinados-contra-covid-19-com-pelo-menos-uma-dose\/img_4031\/\" data-orig-file=\"https:\/\/i0.wp.com\/blogdalucianaoliveira.com.br\/blog\/wp-content\/uploads\/2024\/05\/IMG_4031.jpeg?fit=845%2C500\" data-orig-size=\"845,500\" data-comments-opened=\"0\" data-image-meta=\"{&quot;aperture&quot;:&quot;0&quot;,&quot;credit&quot;:&quot;&quot;,&quot;camera&quot;:&quot;&quot;,&quot;caption&quot;:&quot;&quot;,&quot;created_timestamp&quot;:&quot;0&quot;,&quot;copyright&quot;:&quot;&quot;,&quot;focal_length&quot;:&quot;0&quot;,&quot;iso&quot;:&quot;0&quot;,&quot;shutter_speed&quot;:&quot;0&quot;,&quot;title&quot;:&quot;&quot;,&quot;orientation&quot;:&quot;1&quot;}\" data-image-title=\"IMG_4031\" data-image-description=\"\" data-image-caption=\"\" data-medium-file=\"https:\/\/i0.wp.com\/blogdalucianaoliveira.com.br\/blog\/wp-content\/uploads\/2024\/05\/IMG_4031.jpeg?fit=300%2C178\" data-large-file=\"https:\/\/i0.wp.com\/blogdalucianaoliveira.com.br\/blog\/wp-content\/uploads\/2024\/05\/IMG_4031.jpeg?fit=600%2C355\" class=\"alignnone size-full wp-image-35242\" src=\"https:\/\/i0.wp.com\/blogdalucianaoliveira.com.br\/blog\/wp-content\/uploads\/2024\/05\/IMG_4031.jpeg?resize=600%2C355\" alt=\"\" width=\"600\" height=\"355\" srcset=\"https:\/\/i0.wp.com\/blogdalucianaoliveira.com.br\/blog\/wp-content\/uploads\/2024\/05\/IMG_4031.jpeg?w=845 845w, https:\/\/i0.wp.com\/blogdalucianaoliveira.com.br\/blog\/wp-content\/uploads\/2024\/05\/IMG_4031.jpeg?resize=300%2C178 300w, https:\/\/i0.wp.com\/blogdalucianaoliveira.com.br\/blog\/wp-content\/uploads\/2024\/05\/IMG_4031.jpeg?resize=768%2C454 768w, https:\/\/i0.wp.com\/blogdalucianaoliveira.com.br\/blog\/wp-content\/uploads\/2024\/05\/IMG_4031.jpeg?resize=507%2C300 507w\" sizes=\"auto, (max-width: 600px) 100vw, 600px\" \/><\/p>\n<p>A pesquisa foi feita pelo IBGE em parceria com o Minist\u00e9rio da Sa\u00fade com o objetivo de complementar as atividades de vigil\u00e2ncia contra a doen\u00e7a<!--more--><\/p>\n<div class=\"meta\"><span class=\"author\"><span class=\"author\"><strong>Assessoria\/IBGE\/Foto: \u00c9sio Mendes &#8211;<\/strong><\/span><\/span>De acordo com a PNAD Covid-19, Rond\u00f4nia apresentou o segundo menor percentual do pa\u00eds de pessoas com cinco anos ou mais que tomaram pelo menos uma dose de vacina contra Covid-19: 85,6% (1,4 milh\u00e3o de pessoas), tendo propor\u00e7\u00e3o maior que Roraima (81,6%) e menor que Tocantins e Mato Grosso, que apresentaram percentual de 86,8%, e Par\u00e1, com 87,6% de vacina\u00e7\u00e3o.<\/p>\n<p>A pesquisa foi feita pelo IBGE em parceria com o Minist\u00e9rio da Sa\u00fade com o objetivo de complementar as atividades de vigil\u00e2ncia contra a doen\u00e7a. Os dados foram coletados no primeiro trimestre de 2023, como suplemento da PNAD Cont\u00ednua, e foram declarat\u00f3rios.<\/p>\n<p>Em todo o Brasil, a taxa de vacina\u00e7\u00e3o entre pessoas com pelo menos uma dose foi de 93,9%. Entre as Grandes Regi\u00f5es, o Norte apresentou a menor taxa de vacina\u00e7\u00e3o (88,2%) e o Sudeste a maior (95,9%).<\/p>\n<p>Os estados com as maiores propor\u00e7\u00f5es de pessoas com idade igual ou acima de cinco anos com pelo menos uma dose de vacina foram o Piau\u00ed (96,7%), S\u00e3o Paulo (96,4%), Minas Gerais (95,9%), Pernambuco (95,8%), Cear\u00e1 (95,3%) e Para\u00edba (95,1%).<\/p>\n<p>A PNAD Covid-19 mostrou tamb\u00e9m que a taxa de vacina\u00e7\u00e3o entre as mulheres \u00e9 maior que entre os homens. Em Rond\u00f4nia, 87,2% da popula\u00e7\u00e3o feminina com idade igual ou maior que cinco anos tomaram pelo menos uma dose de vacina contra Covid-19, enquanto que entre a popula\u00e7\u00e3o masculina este \u00edndice foi de 84%.<\/p>\n<p>Considerando a faixa et\u00e1ria, a pesquisa demonstra que quanto maior a idade, maior o percentual de vacina\u00e7\u00e3o. Em Rond\u00f4nia, 57% do grupo et\u00e1rio de cinco a 11 anos tomaram pelo menos uma dose da vacina. J\u00e1 entre os idosos com 60 anos ou mais, este \u00edndice foi de 93,9%.<\/p>\n<\/div>\n","protected":false},"excerpt":{"rendered":"<p>A pesquisa foi feita pelo IBGE em parceria com o Minist\u00e9rio da Sa\u00fade com o objetivo de complementar as atividades de vigil\u00e2ncia contra a doen\u00e7a<\/p>\n","protected":false},"author":1,"featured_media":0,"comment_status":"closed","ping_status":"open","sticky":false,"template":"","format":"standard","meta":{"_exactmetrics_skip_tracking":false,"_exactmetrics_sitenote_active":false,"_exactmetrics_sitenote_note":"","_exactmetrics_sitenote_category":0,"jetpack_post_was_ever_published":false,"_jetpack_newsletter_access":"","_jetpack_dont_email_post_to_subs":false,"_jetpack_newsletter_tier_id":0,"_jetpack_memberships_contains_paywalled_content":false,"_jetpack_memberships_contains_paid_content":false,"footnotes":"","jetpack_publicize_message":"","jetpack_publicize_feature_enabled":true,"jetpack_social_post_already_shared":true,"jetpack_social_options":{"image_generator_settings":{"template":"highway","enabled":false},"version":2}},"categories":[1],"tags":[363,7,544],"class_list":["post-35241","post","type-post","status-publish","format-standard","hentry","category-notas","tag-covid","tag-rondonia","tag-vacina"],"jetpack_publicize_connections":[],"jetpack_sharing_enabled":true,"jetpack_featured_media_url":"","jetpack_shortlink":"https:\/\/wp.me\/p7wKYW-9ap","jetpack-related-posts":[],"_links":{"self":[{"href":"http:\/\/blogdalucianaoliveira.com.br\/blog\/wp-json\/wp\/v2\/posts\/35241","targetHints":{"allow":["GET"]}}],"collection":[{"href":"http:\/\/blogdalucianaoliveira.com.br\/blog\/wp-json\/wp\/v2\/posts"}],"about":[{"href":"http:\/\/blogdalucianaoliveira.com.br\/blog\/wp-json\/wp\/v2\/types\/post"}],"author":[{"embeddable":true,"href":"http:\/\/blogdalucianaoliveira.com.br\/blog\/wp-json\/wp\/v2\/users\/1"}],"replies":[{"embeddable":true,"href":"http:\/\/blogdalucianaoliveira.com.br\/blog\/wp-json\/wp\/v2\/comments?post=35241"}],"version-history":[{"count":1,"href":"http:\/\/blogdalucianaoliveira.com.br\/blog\/wp-json\/wp\/v2\/posts\/35241\/revisions"}],"predecessor-version":[{"id":35243,"href":"http:\/\/blogdalucianaoliveira.com.br\/blog\/wp-json\/wp\/v2\/posts\/35241\/revisions\/35243"}],"wp:attachment":[{"href":"http:\/\/blogdalucianaoliveira.com.br\/blog\/wp-json\/wp\/v2\/media?parent=35241"}],"wp:term":[{"taxonomy":"category","embeddable":true,"href":"http:\/\/blogdalucianaoliveira.com.br\/blog\/wp-json\/wp\/v2\/categories?post=35241"},{"taxonomy":"post_tag","embeddable":true,"href":"http:\/\/blogdalucianaoliveira.com.br\/blog\/wp-json\/wp\/v2\/tags?post=35241"}],"curies":[{"name":"wp","href":"https:\/\/api.w.org\/{rel}","templated":true}]}}