{"id":35273,"date":"2024-06-03T13:11:13","date_gmt":"2024-06-03T17:11:13","guid":{"rendered":"http:\/\/blogdalucianaoliveira.com.br\/blog\/?p=35273"},"modified":"2024-06-03T13:11:13","modified_gmt":"2024-06-03T17:11:13","slug":"sucesso-da-parada-lgbt-e-conquista-do-campo-progressista-e-derrota-dos-anti-identitarios","status":"publish","type":"post","link":"http:\/\/blogdalucianaoliveira.com.br\/blog\/2024\/06\/03\/sucesso-da-parada-lgbt-e-conquista-do-campo-progressista-e-derrota-dos-anti-identitarios\/","title":{"rendered":"Sucesso da Parada LGBT \u00e9 conquista do campo progressista e derrota dos anti-identit\u00e1rios"},"content":{"rendered":"<p><img data-recalc-dims=\"1\" loading=\"lazy\" decoding=\"async\" data-attachment-id=\"35274\" data-permalink=\"http:\/\/blogdalucianaoliveira.com.br\/blog\/2024\/06\/03\/sucesso-da-parada-lgbt-e-conquista-do-campo-progressista-e-derrota-dos-anti-identitarios\/img_4324\/\" data-orig-file=\"https:\/\/i0.wp.com\/blogdalucianaoliveira.com.br\/blog\/wp-content\/uploads\/2024\/06\/IMG_4324.webp?fit=425%2C230\" data-orig-size=\"425,230\" data-comments-opened=\"0\" data-image-meta=\"{&quot;aperture&quot;:&quot;0&quot;,&quot;credit&quot;:&quot;&quot;,&quot;camera&quot;:&quot;&quot;,&quot;caption&quot;:&quot;&quot;,&quot;created_timestamp&quot;:&quot;0&quot;,&quot;copyright&quot;:&quot;&quot;,&quot;focal_length&quot;:&quot;0&quot;,&quot;iso&quot;:&quot;0&quot;,&quot;shutter_speed&quot;:&quot;0&quot;,&quot;title&quot;:&quot;&quot;,&quot;orientation&quot;:&quot;0&quot;}\" data-image-title=\"IMG_4324\" data-image-description=\"\" data-image-caption=\"\" data-medium-file=\"https:\/\/i0.wp.com\/blogdalucianaoliveira.com.br\/blog\/wp-content\/uploads\/2024\/06\/IMG_4324.webp?fit=300%2C162\" data-large-file=\"https:\/\/i0.wp.com\/blogdalucianaoliveira.com.br\/blog\/wp-content\/uploads\/2024\/06\/IMG_4324.webp?fit=425%2C230\" class=\"alignnone size-full wp-image-35274\" src=\"https:\/\/i0.wp.com\/blogdalucianaoliveira.com.br\/blog\/wp-content\/uploads\/2024\/06\/IMG_4324.webp?resize=425%2C230\" alt=\"\" width=\"425\" height=\"230\" srcset=\"https:\/\/i0.wp.com\/blogdalucianaoliveira.com.br\/blog\/wp-content\/uploads\/2024\/06\/IMG_4324.webp?w=425 425w, https:\/\/i0.wp.com\/blogdalucianaoliveira.com.br\/blog\/wp-content\/uploads\/2024\/06\/IMG_4324.webp?resize=300%2C162 300w\" sizes=\"auto, (max-width: 425px) 100vw, 425px\" \/><\/p>\n<h2 class=\"bajada\">A agenda que alguns denominam de identit\u00e1ria para desqualific\u00e1-la \u00e9 a que junta gente nas ruas. E a esquerda se fizer de conta que n\u00e3o tem nada com ela, perde um potente ativo pol\u00edtico<\/h2>\n<p><!--more--><\/p>\n<p>Revista F\u00f3rum &#8211; H\u00e1 um campo pol\u00edtico na esquerda que vive de lacrar contra aqueles que chamam de &#8220;identit\u00e1rios&#8221;. Gente que diz que s\u00f3 vamos conseguir avan\u00e7ar e ganhar elei\u00e7\u00f5es se entendermos que o Brasil \u00e9 um pa\u00eds conservador. Ou seja, se abrirmos m\u00e3os de pautas que disputem uma agenda de direitos humanos, entre elas a dos direitos das LGBTs terem uma vida segura e uma cidadania ampla.<\/p>\n<p>Neste domingo (2), na Avenida Paulista, esse segmento social que merece todo o respeito das lideran\u00e7as progressistas, porque em sua ampla maioria sempre vota em partidos e candidatos mais \u00e0 esquerda, deu mais uma vez um show de como se pode fazer mobiliza\u00e7\u00e3o com alegria e pautando a pol\u00edtica.<\/p>\n<p>Boa parte dos manifestantes foi de verde amarelo para dar um recado aos bolosnaristas: estamos aqui para disputar nosso pa\u00eds. E n\u00e3o s\u00f3 se colocaram na disputa, como deram esse recado para setores de dentro da esquerda.<\/p>\n<p>O fato objetivo \u00e9 que s\u00f3 podemos avan\u00e7ar de verdade se fincarmos nossas bandeiras e lutarmos por elas.<\/p>\n<p>A justi\u00e7a social, os direitos humanos e a defesa do meio ambiente s\u00e3o as grandes bandeiras do nosso tempo hist\u00f3rico. E para defender os direitos humanos \u00e9 preciso defender os direitos LGTBs. \u00c9 preciso entender as pautas desse grupo social como estrat\u00e9gicas e n\u00e3o apenas t\u00e1ticas do ponto de vista democr\u00e1tico.<\/p>\n<p>Essa esquerda envelhecida, que n\u00e3o entendeu que n\u00e3o \u00e9 rebaixando nossas pautas que alcan\u00e7amos vit\u00f3rias, vai deixando as ruas para Bolsonaro enquanto reclama de tudo que \u00e9 novo na constru\u00e7\u00e3o pol\u00edtica de um novo progressismo.<\/p>\n<p>Quem do nosso lado consegue disputar o imagin\u00e1rio das disputas pol\u00edticas? Quem consegue juntar 3 milh\u00f5es de pessoas na Paulista e assustar os l\u00edderes bolsonaristas?<\/p>\n<p>Pois \u00e9, amigos, a agenda que alguns denominam de identit\u00e1ria para desqualific\u00e1-la \u00e9 a que junta gente nas ruas. E a esquerda se fizer de conta que n\u00e3o tem nada com ela, perde um potente ativo pol\u00edtico.<\/p>\n<p>N\u00e3o \u00e9 o caso de torn\u00e1-la nossa \u00fanica pauta. Mas de entender que ela tamb\u00e9m \u00e9 central na constru\u00e7\u00e3o de pol\u00edticas p\u00fablicas.<br \/>\nBoulos, que n\u00e3o \u00e9 bobo, fez muito bem ter ido na Parada. Silvio Almeida, idem.<\/p>\n","protected":false},"excerpt":{"rendered":"<p>A agenda que alguns denominam de identit\u00e1ria para desqualific\u00e1-la \u00e9 a que junta gente nas ruas. E a esquerda se fizer de conta que n\u00e3o tem nada com ela, perde um potente ativo pol\u00edtico<\/p>\n","protected":false},"author":1,"featured_media":0,"comment_status":"closed","ping_status":"open","sticky":false,"template":"","format":"standard","meta":{"_exactmetrics_skip_tracking":false,"_exactmetrics_sitenote_active":false,"_exactmetrics_sitenote_note":"","_exactmetrics_sitenote_category":0,"jetpack_post_was_ever_published":false,"_jetpack_newsletter_access":"","_jetpack_dont_email_post_to_subs":false,"_jetpack_newsletter_tier_id":0,"_jetpack_memberships_contains_paywalled_content":false,"_jetpack_memberships_contains_paid_content":false,"footnotes":"","jetpack_publicize_message":"","jetpack_publicize_feature_enabled":true,"jetpack_social_post_already_shared":true,"jetpack_social_options":{"image_generator_settings":{"template":"highway","enabled":false},"version":2}},"categories":[1],"tags":[1002,1001,743],"class_list":["post-35273","post","type-post","status-publish","format-standard","hentry","category-notas","tag-bandeiras","tag-diversidade","tag-parada-lgbtqi"],"jetpack_publicize_connections":[],"jetpack_sharing_enabled":true,"jetpack_featured_media_url":"","jetpack_shortlink":"https:\/\/wp.me\/p7wKYW-9aV","jetpack-related-posts":[],"_links":{"self":[{"href":"http:\/\/blogdalucianaoliveira.com.br\/blog\/wp-json\/wp\/v2\/posts\/35273","targetHints":{"allow":["GET"]}}],"collection":[{"href":"http:\/\/blogdalucianaoliveira.com.br\/blog\/wp-json\/wp\/v2\/posts"}],"about":[{"href":"http:\/\/blogdalucianaoliveira.com.br\/blog\/wp-json\/wp\/v2\/types\/post"}],"author":[{"embeddable":true,"href":"http:\/\/blogdalucianaoliveira.com.br\/blog\/wp-json\/wp\/v2\/users\/1"}],"replies":[{"embeddable":true,"href":"http:\/\/blogdalucianaoliveira.com.br\/blog\/wp-json\/wp\/v2\/comments?post=35273"}],"version-history":[{"count":1,"href":"http:\/\/blogdalucianaoliveira.com.br\/blog\/wp-json\/wp\/v2\/posts\/35273\/revisions"}],"predecessor-version":[{"id":35275,"href":"http:\/\/blogdalucianaoliveira.com.br\/blog\/wp-json\/wp\/v2\/posts\/35273\/revisions\/35275"}],"wp:attachment":[{"href":"http:\/\/blogdalucianaoliveira.com.br\/blog\/wp-json\/wp\/v2\/media?parent=35273"}],"wp:term":[{"taxonomy":"category","embeddable":true,"href":"http:\/\/blogdalucianaoliveira.com.br\/blog\/wp-json\/wp\/v2\/categories?post=35273"},{"taxonomy":"post_tag","embeddable":true,"href":"http:\/\/blogdalucianaoliveira.com.br\/blog\/wp-json\/wp\/v2\/tags?post=35273"}],"curies":[{"name":"wp","href":"https:\/\/api.w.org\/{rel}","templated":true}]}}