{"id":35282,"date":"2024-06-04T14:17:25","date_gmt":"2024-06-04T18:17:25","guid":{"rendered":"http:\/\/blogdalucianaoliveira.com.br\/blog\/?p=35282"},"modified":"2024-06-04T14:17:25","modified_gmt":"2024-06-04T18:17:25","slug":"privatizacao-das-praias-veja-como-votou-seu-deputado-no-projeto","status":"publish","type":"post","link":"http:\/\/blogdalucianaoliveira.com.br\/blog\/2024\/06\/04\/privatizacao-das-praias-veja-como-votou-seu-deputado-no-projeto\/","title":{"rendered":"Privatiza\u00e7\u00e3o das praias: veja como votou seu deputado no projeto"},"content":{"rendered":"<p><img data-recalc-dims=\"1\" loading=\"lazy\" decoding=\"async\" data-attachment-id=\"35283\" data-permalink=\"http:\/\/blogdalucianaoliveira.com.br\/blog\/2024\/06\/04\/privatizacao-das-praias-veja-como-votou-seu-deputado-no-projeto\/img_4354-2\/\" data-orig-file=\"https:\/\/i0.wp.com\/blogdalucianaoliveira.com.br\/blog\/wp-content\/uploads\/2024\/06\/IMG_4354.webp?fit=425%2C230\" data-orig-size=\"425,230\" data-comments-opened=\"0\" data-image-meta=\"{&quot;aperture&quot;:&quot;0&quot;,&quot;credit&quot;:&quot;&quot;,&quot;camera&quot;:&quot;&quot;,&quot;caption&quot;:&quot;&quot;,&quot;created_timestamp&quot;:&quot;0&quot;,&quot;copyright&quot;:&quot;&quot;,&quot;focal_length&quot;:&quot;0&quot;,&quot;iso&quot;:&quot;0&quot;,&quot;shutter_speed&quot;:&quot;0&quot;,&quot;title&quot;:&quot;&quot;,&quot;orientation&quot;:&quot;0&quot;}\" data-image-title=\"IMG_4354\" data-image-description=\"\" data-image-caption=\"\" data-medium-file=\"https:\/\/i0.wp.com\/blogdalucianaoliveira.com.br\/blog\/wp-content\/uploads\/2024\/06\/IMG_4354.webp?fit=300%2C162\" data-large-file=\"https:\/\/i0.wp.com\/blogdalucianaoliveira.com.br\/blog\/wp-content\/uploads\/2024\/06\/IMG_4354.webp?fit=425%2C230\" class=\"alignnone size-full wp-image-35283\" src=\"https:\/\/i0.wp.com\/blogdalucianaoliveira.com.br\/blog\/wp-content\/uploads\/2024\/06\/IMG_4354.webp?resize=425%2C230\" alt=\"\" width=\"425\" height=\"230\" srcset=\"https:\/\/i0.wp.com\/blogdalucianaoliveira.com.br\/blog\/wp-content\/uploads\/2024\/06\/IMG_4354.webp?w=425 425w, https:\/\/i0.wp.com\/blogdalucianaoliveira.com.br\/blog\/wp-content\/uploads\/2024\/06\/IMG_4354.webp?resize=300%2C162 300w\" sizes=\"auto, (max-width: 425px) 100vw, 425px\" \/><\/p>\n<h2 class=\"bajada\">Vota\u00e7\u00e3o em 2022 contou com apoio da extrema direita; PT, PSOL e Rede orientaram seus deputados contra aprova\u00e7\u00e3o<\/h2>\n<p><!--more--><\/p>\n<p class=\"added-to-list1\" data-pf_style_display=\"block\" data-pf_style_visibility=\"visible\"><span class=\"text-node\">Revista F\u00f3rum &#8211; A PEC 39\/2011, apelidada de &#8220;<\/span><a href=\"https:\/\/revistaforum.com.br\/politica\/2024\/6\/4\/privatizao-das-praias-irm-de-neymar-comprou-terreno-beira-mar-no-maranho-159892.html\" target=\"_blank\" rel=\"noopener\" data-pf_style_display=\"inline\" data-pf_style_visibility=\"visible\"><span class=\"text-node\">PEC da Privatiza\u00e7\u00e3o das Praias<\/span><\/a><span class=\"text-node\">&#8220;, ganhou notoriedade na \u00faltima semana ap\u00f3s uma extensa mobiliza\u00e7\u00e3o nas redes sociais contra a proposta, que \u00e9 apoiada e relatada pelo senador <\/span><a href=\"https:\/\/revistaforum.com.br\/politica\/2024\/6\/4\/privatizao-das-praias-flavio-bolsonaro-se-contradiz-na-globo-marinha-ja-se-pronunciou-159890.html\" target=\"_blank\" rel=\"noopener\" data-pf_style_display=\"inline\" data-pf_style_visibility=\"visible\"><span class=\"text-node\">Fl\u00e1vio Bolsonaro (PL-RJ<\/span><\/a><span class=\"text-node\">).<\/span><\/p>\n<p class=\"added-to-list1\" data-pf_style_display=\"block\" data-pf_style_visibility=\"visible\"><span class=\"text-node\">No entanto, a PEC da Privatiza\u00e7\u00e3o das Praias\u00a0n\u00e3o \u00e9 uma novidade, pois j\u00e1 <\/span><a href=\"https:\/\/revistaforum.com.br\/politica\/2024\/6\/4\/privatizao-das-praias-ja-foi-aprovada-na-cmara-com-mais-de-370-votos-pt-psol-psb-rede-votaram-no-159861.html\" target=\"_blank\" rel=\"noopener\" data-pf_style_display=\"inline\" data-pf_style_visibility=\"visible\"><span class=\"text-node\">foi aprovada na C\u00e2mara dos Deputados em 2022<\/span><\/a><span class=\"text-node\">. Na legislatura passada, a proposta foi aprovada com 377 votos a favor e 93 votos contra.<\/span><\/p>\n<p class=\"content-banner added-to-list1\">\n<p class=\"added-to-list1\" data-pf_style_display=\"block\" data-pf_style_visibility=\"visible\"><span class=\"text-node\">Os partidos PT, PSOL, PSB, PV e Rede orientaram suas bancadas a votarem contra a proposta, que tem mobilizado a opini\u00e3o p\u00fablica. A extensa maioria dos deputados de esquerda seguiu essa determina\u00e7\u00e3o e tentou barrar a medida.<\/span><\/p>\n<p class=\"content-banner added-to-list1\">\n<p class=\"added-to-list1\" data-pf_style_display=\"block\" data-pf_style_visibility=\"visible\"><span class=\"text-node\">PSDB, PL, PSL, Republicanos, Podemos e outros partidos de direita e extrema direita votaram quase que integralmente a favor da <\/span><a href=\"https:\/\/revistaforum.com.br\/politica\/2024\/6\/3\/onda-anti-neymar-famosos-atacam-pec-da-privatizao-das-praias-criticam-jogador-159830.html\" data-pf_style_display=\"inline\" data-pf_style_visibility=\"visible\"><span class=\"text-node\">proposta entreguista<\/span><\/a><span class=\"text-node\">.<\/span><\/p>\n<div class=\"content-banner\" data-pf_style_display=\"block\" data-pf_style_visibility=\"visible\"><\/div>\n<p class=\"added-to-list1\" data-pf_style_display=\"block\" data-pf_style_visibility=\"visible\"><span class=\"text-node\">Nomes not\u00f3rios do bolsonarismo, como Carla Zambelli, Marcel van Hattem, H\u00e9lio Negr\u00e3o, Eduardo Bolsonaro, Kim Kataguiri e Bia Kicis, tamb\u00e9m votaram a favor do <\/span><a href=\"https:\/\/revistaforum.com.br\/politica\/2024\/6\/3\/privatizao-das-praias-governo-lula-se-declara-contra-proposta-apoiada-por-flavio-bolsonaro-159827.html\" data-pf_style_display=\"inline\" data-pf_style_visibility=\"visible\"><span class=\"text-node\">mar privatizado<\/span><\/a><span class=\"text-node\">.<\/span><\/p>\n<p class=\"added-to-list1\" data-pf_style_display=\"block\" data-pf_style_visibility=\"visible\"><span class=\"text-node\">Deputados que votaram contra a privatiza\u00e7\u00e3o das praias:<\/span><\/p>\n<ul class=\"added-to-list1\" data-pf_style_display=\"block\" data-pf_style_visibility=\"visible\">\n<li data-pf_style_display=\"list-item\" data-pf_style_visibility=\"visible\"><span class=\"text-node\">PL: Sergio Toledo<\/span><\/li>\n<li data-pf_style_display=\"list-item\" data-pf_style_visibility=\"visible\"><span class=\"text-node\">Podemos:\u00a0Bacelar<\/span><\/li>\n<li data-pf_style_display=\"list-item\" data-pf_style_visibility=\"visible\"><span class=\"text-node\">PP:\u00a0Ricardo Barros<\/span><\/li>\n<li data-pf_style_display=\"list-item\" data-pf_style_visibility=\"visible\"><span class=\"text-node\">PSB:\u00a0Alessandro Molon, Aliel Machado, Camilo Capiberibe, Danilo Cabral, Denis Bezerra, Elias Vaz, Gerv\u00e1sio Maia, Gonzaga Patriota, Heitor Schuch, J\u00falio Delgado, L\u00eddice da Mata, Marcelo Freixo, Marcelo Nilo, Milton Coelho, Rafael Motta, Ricardo Silva, Rodrigo Agostinho, Tabata Amaral, Tadeu Alencar, Ted Conti, Vilson da Fetaemg<\/span><\/li>\n<li data-pf_style_display=\"list-item\" data-pf_style_visibility=\"visible\"><span class=\"text-node\">PSD: Marco Bertaiolli, Otto Alencar Filho<\/span><\/li>\n<li data-pf_style_display=\"list-item\" data-pf_style_visibility=\"visible\"><span class=\"text-node\">PSDB:\u00a0Rodrigo de Castro<\/span><\/li>\n<li data-pf_style_display=\"list-item\" data-pf_style_visibility=\"visible\"><span class=\"text-node\">PSOL:\u00a0 \u00c1urea Carolina, David Miranda, Fernanda Melchionna, Glauber Braga, Ivan Valente, Luiza Erundina, S\u00e2mia Bomfim, Tal\u00edria Petrone, Vivi Reis.<\/span><\/li>\n<li data-pf_style_display=\"list-item\" data-pf_style_visibility=\"visible\"><span class=\"text-node\">PT:\u00a0Afonso Florence, Airton Faleiro, Alencar Santana Braga, Alexandre Padilha, Arlindo Chinaglia, Beto Faro, Bohn Gass, Carlos Veras, C\u00e9lio Moura, Enio Verri, Erika Kokay, Frei Anastacio Ribeiro, Gleisi Hoffmann, Henrique Fontana, Jo\u00e3o Daniel, Jorge Solla, Jos\u00e9 Guimar\u00e3es, Jos\u00e9 Ricardo, Joseildo Ramos, Leo de Brito, Leonardo Monteiro, Marcon, Maria do Ros\u00e1rio, Mar\u00edlia Arraes, Nat\u00e1lia Bonavides, Nilto Tatto, Padre Jo\u00e3o, Patrus Ananias, Paul\u00e3o, Paulo Guedes, Paulo Pimenta, Paulo Teixeira, Pedro Uczai, Professora Rosa Neide, Reginaldo Lopes, Rejane Dias, Rog\u00e9rio Correia, Rubens Otoni, Rui Falc\u00e3o, Valmir Assun\u00e7\u00e3o, Vander Loubet, Vicentinho, Waldenor Pereira, Zeca Dirceu, Z\u00e9 Carlos.<\/span><\/li>\n<li data-pf_style_display=\"list-item\" data-pf_style_visibility=\"visible\"><span class=\"text-node\">PSL:\u00a0Daniel Silveira<\/span><\/li>\n<li data-pf_style_display=\"list-item\" data-pf_style_visibility=\"visible\"><span class=\"text-node\">PV:\u00a0C\u00e9lio Studart,\u00a0Enrico Misasi,\u00a0Leandre,\u00a0Professor Israel Batista<\/span><\/li>\n<li data-pf_style_display=\"list-item\" data-pf_style_visibility=\"visible\"><span class=\"text-node\">Rede:\u00a0Joenia Wapichana<\/span><\/li>\n<li data-pf_style_display=\"list-item\" data-pf_style_visibility=\"visible\"><span class=\"text-node\">Republicanos:\u00a0Genecias Noronha<\/span><\/li>\n<\/ul>\n<p class=\"added-to-list1\" data-pf_style_display=\"block\" data-pf_style_visibility=\"visible\"><span class=\"text-node\">Deputados que votaram a favor da proposta:<\/span><\/p>\n<ul class=\"added-to-list1\" data-pf_style_display=\"block\" data-pf_style_visibility=\"visible\">\n<li data-pf_style_display=\"list-item\" data-pf_style_visibility=\"visible\">\n<p class=\"added-to-list1\" data-pf_style_display=\"block\" data-pf_style_visibility=\"visible\"><span class=\"text-node\">Avante:\u00a0Andr\u00e9 Janones,\u00a0Chiquinho Braz\u00e3o,\u00a0Greyce Elias, Leda Sadala,\u00a0Pastor Sargento Isid\u00f3rio,\u00a0Sebasti\u00e3o Oliveira,\u00a0Tito <\/span><\/p>\n<\/li>\n<li data-pf_style_display=\"list-item\" data-pf_style_visibility=\"visible\">\n<p class=\"added-to-list1\" data-pf_style_display=\"block\" data-pf_style_visibility=\"visible\"><span class=\"text-node\">Cidadania:\u00a0Alex Manente,\u00a0Arnaldo Jardim,\u00a0Carmen Zanotto,\u00a0Da Vit\u00f3ria,\u00a0Daniel Coelho,\u00a0Paula Belmonte,\u00a0Rubens Bueno <\/span><\/p>\n<\/li>\n<li data-pf_style_display=\"list-item\" data-pf_style_visibility=\"visible\">\n<p class=\"added-to-list1\" data-pf_style_display=\"block\" data-pf_style_visibility=\"visible\"><span class=\"text-node\">Dem (atual Uni\u00e3o Brasil):\u00a0Alan Rick,\u00a0Alexandre Leite,\u00a0Arthur Oliveira Maia, Bilac Pinto,\u00a0Carlos Henrique Gaguim, Dr. Zacharias Calil,\u00a0Eli Corr\u00eaa Filho,\u00a0Elmar Nascimento,\u00a0Fernando Coelho Filho,\u00a0Geninho Zuliani,\u00a0Igor Kann\u00e1rio,\u00a0Jose Mario Schreiner,\u00a0Juninho do Pneu,\u00a0Juscelino Filho,\u00a0Kim Kataguiri,\u00a0Leur Lomanto J\u00fanior,\u00a0Luis Miranda,\u00a0Marcos Soares,\u00a0Norma Ayub,\u00a0Olival Marques,\u00a0Paulo Azi,\u00a0Professora Dorinha Seabra Rezende <\/span><\/p>\n<\/li>\n<li data-pf_style_display=\"list-item\" data-pf_style_visibility=\"visible\">\n<p class=\"added-to-list1\" data-pf_style_display=\"block\" data-pf_style_visibility=\"visible\"><span class=\"text-node\">MDB:\u00a0Alceu Moreira,\u00a0Carlos Chiodini,\u00a0Celso Maldaner,\u00a0Daniela do Waguinho,\u00a0Dulce Miranda,\u00a0Elcione Barbalho,\u00a0F\u00e1bio Ramalho,\u00a0Fabio Reis,\u00a0Flaviano Melo,\u00a0Giovani Feltes,\u00a0Gutemberg Reis,\u00a0Herc\u00edlio Coelho Diniz, Herculano Passos,\u00a0Hermes Parcianello,\u00a0Hildo Rocha,\u00a0Isnaldo Bulh\u00f5es Jr., J\u00e9ssica Sales,\u00a0Jos\u00e9 Priante,\u00a0Juarez Costa,\u00a0Leonardo Picciani,\u00a0M\u00e1rcio Biolchi,\u00a0Marcos Aur\u00e9lio Sampaio,\u00a0Mauro Lopes,\u00a0Newton Cardoso Jr,\u00a0Osmar Terra,\u00a0Raul Henry,\u00a0Rog\u00e9rio Peninha Mendon\u00e7a,\u00a0Sergio Souza,\u00a0Walter Alves <\/span><\/p>\n<\/li>\n<li data-pf_style_display=\"list-item\" data-pf_style_visibility=\"visible\">\n<p class=\"added-to-list1\" data-pf_style_display=\"block\" data-pf_style_visibility=\"visible\"><span class=\"text-node\">Novo: Adriana Ventura,\u00a0Alexis Fonteyne,\u00a0Gilson Marques,\u00a0Lucas Gonzalez,\u00a0Marcel van Hattem,\u00a0Paulo Ganime,\u00a0Tiago Mitraud,\u00a0Vinicius Poit <\/span><\/p>\n<\/li>\n<li data-pf_style_display=\"list-item\" data-pf_style_visibility=\"visible\">\n<p class=\"added-to-list1\" data-pf_style_display=\"block\" data-pf_style_visibility=\"visible\"><span class=\"text-node\">Patriota:\u00a0Alcides Rodrigue, Dr. Frederico,\u00a0Marreca Filho,\u00a0Pastor Eurico,\u00a0Roman <\/span><\/p>\n<\/li>\n<li data-pf_style_display=\"list-item\" data-pf_style_visibility=\"visible\">\n<p class=\"added-to-list1\" data-pf_style_display=\"block\" data-pf_style_visibility=\"visible\"><span class=\"text-node\">PCdoB: Alice Portugal,\u00a0Daniel Almeida,\u00a0Jandira Feghali,\u00a0Orlando Silva,\u00a0Professora Marcivania,\u00a0Rubens Pereira J\u00fanior <\/span><\/p>\n<\/li>\n<li data-pf_style_display=\"list-item\" data-pf_style_visibility=\"visible\">\n<p class=\"added-to-list1\" data-pf_style_display=\"block\" data-pf_style_visibility=\"visible\"><span class=\"text-node\">PDT: Afonso Motta,\u00a0Alex Santana,\u00a0Andr\u00e9 Figueiredo,\u00a0Chico D`Angelo,\u00a0Dagoberto Nogueira,\u00a0Dami\u00e3o Feliciano,\u00a0Eduardo Bismarck,\u00a0F\u00e1bio Henrique,\u00a0F\u00e9lix Mendon\u00e7a J\u00fanior,\u00a0Fl\u00e1via Morais,\u00a0Fl\u00e1vio Nogueira,\u00a0Gustavo Fruet,\u00a0Jesus S\u00e9rgio,\u00a0Leonidas Cristino,\u00a0M\u00e1rio Heringer,\u00a0Marion Santos,\u00a0Pompeo de Mattos,\u00a0Rob\u00e9rio Monteiro,\u00a0Subtenente Gonzaga,\u00a0Wolney Queiroz <\/span><\/p>\n<\/li>\n<li data-pf_style_display=\"list-item\" data-pf_style_visibility=\"visible\">\n<p class=\"added-to-list1\" data-pf_style_display=\"block\" data-pf_style_visibility=\"visible\"><span class=\"text-node\">PL:\u00a0Aelton Freitas,\u00a0Altineu C\u00f4rtes,\u00a0Bosco Costa,\u00a0Capit\u00e3o Augusto,\u00a0Capit\u00e3o F\u00e1bio Abreu,\u00a0Christiane de Souza, Yared<\/span><br data-pf_style_display=\"inline\" data-pf_style_visibility=\"visible\" \/><span class=\"text-node\">Edio Lopes, Fernando Rodolfo,\u00a0Gelson Azevedo,\u00a0Giacobo,\u00a0Giovani Cherini,\u00a0Jo\u00e3o Carlos Bacelar, Jo\u00e3o Maia, Jorielson Jos\u00e9 Rocha,\u00a0Josimar Maranh\u00e3ozinho,\u00a0Laerte Bessa,\u00a0Lincoln Portela,\u00a0Luiz Ant\u00f4nio Corr\u00eaa,\u00a0Luiz Carlos Motta,\u00a0Luiz Nishimori,\u00a0Magda Mofatto,\u00a0Marcio Alvino,\u00a0Marina Santos,\u00a0Miguel Lombardi,\u00a0Pastor Gil, Paulo Freire Costa,\u00a0Policial Katia Sastre,\u00a0Pr. Marco Feliciano,\u00a0Soraya Santos,\u00a0Tiririca,\u00a0Valdevan Noventa,\u00a0Vicentinho J\u00fanior,\u00a0Wellington Roberto,\u00a0Z\u00e9 Vitor <\/span><\/p>\n<\/li>\n<li data-pf_style_display=\"list-item\" data-pf_style_visibility=\"visible\">\n<p class=\"added-to-list1\" data-pf_style_display=\"block\" data-pf_style_visibility=\"visible\"><span class=\"text-node\">Podemos:\u00a0Diego Garcia,\u00a0Igor Timo,\u00a0Jos\u00e9 Medeiros,\u00a0Jos\u00e9 Nelto,\u00a0Josivaldo JP,\u00a0L\u00e9o Moraes,\u00a0Renata Abreu,\u00a0Ricardo Teobaldo,\u00a0Roberto de Lucena,\u00a0Rodrigo Coelho <\/span><\/p>\n<\/li>\n<li data-pf_style_display=\"list-item\" data-pf_style_visibility=\"visible\">\n<p class=\"added-to-list1\" data-pf_style_display=\"block\" data-pf_style_visibility=\"visible\"><span class=\"text-node\">PP:\u00a0Adriano do Baldy, Afonso Hamm, Aguinaldo Ribeiro, AJ Albuquerque, Andr\u00e9 Abdon, Angela Amin, Arthur Lira, \u00c1tila Lins, \u00c1tila Lira, Beto Rosado, Cac\u00e1 Le\u00e3o, Celina Le\u00e3o, Christino Aureo, Claudio Cajado, Covatti Filho, Dimas Fabiano, Dr. Luiz Antonio Teixeira Jr., Eduardo da Fonte, Evair Vieira de Melo, Fausto Pinato, Fernando Monteiro, Franco Cartafina, Guilherme Derrite, Guilherme Mussi, Hiran Gon\u00e7alves, Iracema Portella, Jaqueline Cassol, Jer\u00f4nimo Goergen, Julio Lopes, Laercio Oliveira, Marcelo Aro, Margarete Coelho, M\u00e1rio Negromonte Jr., Osmar Serraglio, Pedro Westphalen, Pinheirinho, Professor Alcides, Ricardo Izar, Ronaldo Carletto. <\/span><\/p>\n<\/li>\n<li data-pf_style_display=\"list-item\" data-pf_style_visibility=\"visible\">\n<p class=\"added-to-list1\" data-pf_style_display=\"block\" data-pf_style_visibility=\"visible\"><span class=\"text-node\">PROS:\u00a0Ac\u00e1cio Favacho, Capit\u00e3o Wagner, Carla Dickson, Clarissa Garotinho, Eros Biondini, Gast\u00e3o Vieira, Toninho Wandscheer, Vaidon Oliveira, Weliton Prado. <\/span><\/p>\n<\/li>\n<li data-pf_style_display=\"list-item\" data-pf_style_visibility=\"visible\">\n<p class=\"added-to-list1\" data-pf_style_display=\"block\" data-pf_style_visibility=\"visible\"><span class=\"text-node\">PSB:\u00a0C\u00e1ssio Andrade, Emidinho Madeira, Felipe Carreras, Jefferson Campos, Liziane Bayer, Luciano Ducci, Mauro Nazif, Rosana Valle. <\/span><\/p>\n<\/li>\n<li data-pf_style_display=\"list-item\" data-pf_style_visibility=\"visible\">\n<p class=\"added-to-list1\" data-pf_style_display=\"block\" data-pf_style_visibility=\"visible\"><span class=\"text-node\">PSC: Aluisio Mendes, Andr\u00e9 Ferreira, Euclydes Pettersen, Gilberto Nascimento, Glaustin da Fokus, Lauriete, Leonardo Gadelha, Osires Damaso, Otoni de Paula, Paulo Eduardo Martins, Pedro Dalua, Ricardo da Karol. <\/span><\/p>\n<\/li>\n<li data-pf_style_display=\"list-item\" data-pf_style_visibility=\"visible\">\n<p class=\"added-to-list1\" data-pf_style_display=\"block\" data-pf_style_visibility=\"visible\"><span class=\"text-node\">PSD:\u00a0Transforme essa lista de nomes em um par\u00e1grafo, separando os nomes em v\u00edrgulas: Andr\u00e9 de Paula, Antonio Brito, Cezinha de Madureira, Charles Fernandes, Darci de Matos, Delegado \u00c9der Mauro, Edil\u00e1zio J\u00fanior, Expedito Netto, F\u00e1bio Mitidieri, F\u00e1bio Trad, Francisco Jr., Haroldo Cathedral, Hugo Leal, Joaquim Passarinho, Jones Moura, J\u00falio Cesar, J\u00fanior Ferrari, Marx Beltr\u00e3o, Misael Varella, Neucimar Fraga, Otto Alencar Filho, Paulo Magalh\u00e3es, Paulo Vicente Caleffi, Pedro Augusto Palareti, Reinhold Stephanes Junior, Ricardo Guidi, Sargento Fahur, S\u00e9rgio Brito, Sidney Leite, Stefano Aguiar, Vermelho. <\/span><\/p>\n<\/li>\n<li data-pf_style_display=\"list-item\" data-pf_style_visibility=\"visible\">\n<p class=\"added-to-list1\" data-pf_style_display=\"block\" data-pf_style_visibility=\"visible\"><span class=\"text-node\">PSDB:\u00a0Adolfo Viana, A\u00e9cio Neves, Alexandre Frota, Beto Pereira, Bia Cavassa, Bruna Furlan, Carlos Sampaio, C\u00e9lio Silveira, Daniel Trzeciak, Eduardo Barbosa, Eduardo Cury, Geovania de S\u00e1, Lucas Redecker, Mara Rocha, Mariana Carvalho, Miguel Haddad, Nilson Pinto, Otavio Leite, Patrick Dorneles, Pedro Vilela, Rossoni, Ruy Carneiro, Samuel Moreira, Sh\u00e9ridan, Tereza Nelma, Vanderlei Macris, Vitor Lippi <\/span><\/p>\n<\/li>\n<li data-pf_style_display=\"list-item\" data-pf_style_visibility=\"visible\">\n<p class=\"added-to-list1\" data-pf_style_display=\"block\" data-pf_style_visibility=\"visible\"><span class=\"text-node\">PSL (Atual Uni\u00e3o Brasil):\u00a0Abou Anni, Al\u00ea Silva, Aline Sleutjes, Bia Kicis, Bibo Nunes, Bozzella, Carla Zambelli, Carlos Jordy, Caroline de Toni, Celso Sabino, Charlles Evangelista, Chris Tonietto, Coronel Armando, Coronel Chris\u00f3stomo, Coronel Tadeu, Daniel Freitas, Delegado Ant\u00f4nio Furtado, Delegado Marcelo Freitas, Delegado Waldir, Dr. Luiz Ovando, Dra. Soraya Manato, Eduardo Bolsonaro, Fabio Schiochet, Fel\u00edcio Later\u00e7a, Felipe Francischini, Felipe Rigoni, Filipe Barros, General Gir\u00e3o, General Peternelli, Guiga Peixoto, Gurgel, Heitor Freire, Helio Lopes, Joice Hasselmann, Junio Amaral, L\u00e9o Motta, Loester Trutis, Lourival Gomes, Luiz Lima, Luiz Philippe de Orleans e Bragan\u00e7a, Major Fabiana, Marcelo \u00c1lvaro Ant\u00f4nio, Marcelo Brum, M\u00e1rcio Labre, Nelson Barbudo, Nereu Crispim, Nicoletti, Professor Joziel, Professora Dayane Pimentel, Sanderson, Vitor Hugo. <\/span><\/p>\n<\/li>\n<li data-pf_style_display=\"list-item\" data-pf_style_visibility=\"visible\">\n<p class=\"added-to-list1\" data-pf_style_display=\"block\" data-pf_style_visibility=\"visible\"><span class=\"text-node\">PT:\u00a0Helder Salom\u00e3o, Merlong Solano, Odair Cunha, Z\u00e9 Neto. <\/span><\/p>\n<\/li>\n<li data-pf_style_display=\"list-item\" data-pf_style_visibility=\"visible\">\n<p class=\"added-to-list1\" data-pf_style_display=\"block\" data-pf_style_visibility=\"visible\"><span class=\"text-node\">PTB: Eduardo Costa, Emanuel Pinheiro Neto, Maur\u00edcio Dziedricki, Nivaldo Albuquerque, Paulo Bengtson, Pedro Augusto Bezerra, Pedro Lucas Fernandes. <\/span><\/p>\n<\/li>\n<li data-pf_style_display=\"list-item\" data-pf_style_visibility=\"visible\">\n<p class=\"added-to-list1\" data-pf_style_display=\"block\" data-pf_style_visibility=\"visible\"><span class=\"text-node\">Republicanos:\u00a0Aline Gurgel, Amaro Neto, Aroldo Martins, Benes Leoc\u00e1dio, Capit\u00e3o Alberto Neto, Carlos Gomes, Celso Russomanno, Cleber Verde, Ely Santos, Gil Cutrim, Gilberto Abramo, H\u00e9lio Costa, Hugo Motta, Jhonatan de Jesus, Jo\u00e3o Campos, Jorge Braz, Julio Cesar Ribeiro, Lafayette de Andrada, Luiz\u00e3o Goulart, Marcelo Squassoni, M\u00e1rcio Marinho, Marcos Pereira, Milton Vieira, Ossesio Silva, Rosangela Gomes, Severino Pessoa, Silvio Costa Filho, Tia Eron, Vav\u00e1 Martins, Vinicius Carvalho <\/span><\/p>\n<\/li>\n<li data-pf_style_display=\"list-item\" data-pf_style_visibility=\"visible\">\n<p class=\"added-to-list1\" data-pf_style_display=\"block\" data-pf_style_visibility=\"visible\"><span class=\"text-node\">Solidariedade:\u00a0Augusto Coutinho, Aureo Ribeiro, Bosco Saraiva, Dr. Leonardo, Dra. Vanda Milani, Eli Borges,\u00a0Gustinho Ribeiro, Lucas Vergilio, Ottaci Nascimento, Paulinho da For\u00e7a, Tiago Dimas, Z\u00e9 Silva<\/span><\/p>\n<\/li>\n<\/ul>\n","protected":false},"excerpt":{"rendered":"<p>Vota\u00e7\u00e3o em 2022 contou com apoio da extrema direita; PT, PSOL e Rede orientaram seus deputados contra aprova\u00e7\u00e3o<\/p>\n","protected":false},"author":1,"featured_media":0,"comment_status":"closed","ping_status":"open","sticky":false,"template":"","format":"standard","meta":{"_exactmetrics_skip_tracking":false,"_exactmetrics_sitenote_active":false,"_exactmetrics_sitenote_note":"","_exactmetrics_sitenote_category":0,"jetpack_post_was_ever_published":false,"_jetpack_newsletter_access":"","_jetpack_dont_email_post_to_subs":false,"_jetpack_newsletter_tier_id":0,"_jetpack_memberships_contains_paywalled_content":false,"_jetpack_memberships_contains_paid_content":false,"footnotes":"","jetpack_publicize_message":"","jetpack_publicize_feature_enabled":true,"jetpack_social_post_already_shared":true,"jetpack_social_options":{"image_generator_settings":{"template":"highway","enabled":false},"version":2}},"categories":[1],"tags":[1005,1006,719],"class_list":["post-35282","post","type-post","status-publish","format-standard","hentry","category-notas","tag-pec","tag-praias","tag-privatizacao"],"jetpack_publicize_connections":[],"jetpack_sharing_enabled":true,"jetpack_featured_media_url":"","jetpack_shortlink":"https:\/\/wp.me\/p7wKYW-9b4","jetpack-related-posts":[],"_links":{"self":[{"href":"http:\/\/blogdalucianaoliveira.com.br\/blog\/wp-json\/wp\/v2\/posts\/35282","targetHints":{"allow":["GET"]}}],"collection":[{"href":"http:\/\/blogdalucianaoliveira.com.br\/blog\/wp-json\/wp\/v2\/posts"}],"about":[{"href":"http:\/\/blogdalucianaoliveira.com.br\/blog\/wp-json\/wp\/v2\/types\/post"}],"author":[{"embeddable":true,"href":"http:\/\/blogdalucianaoliveira.com.br\/blog\/wp-json\/wp\/v2\/users\/1"}],"replies":[{"embeddable":true,"href":"http:\/\/blogdalucianaoliveira.com.br\/blog\/wp-json\/wp\/v2\/comments?post=35282"}],"version-history":[{"count":1,"href":"http:\/\/blogdalucianaoliveira.com.br\/blog\/wp-json\/wp\/v2\/posts\/35282\/revisions"}],"predecessor-version":[{"id":35284,"href":"http:\/\/blogdalucianaoliveira.com.br\/blog\/wp-json\/wp\/v2\/posts\/35282\/revisions\/35284"}],"wp:attachment":[{"href":"http:\/\/blogdalucianaoliveira.com.br\/blog\/wp-json\/wp\/v2\/media?parent=35282"}],"wp:term":[{"taxonomy":"category","embeddable":true,"href":"http:\/\/blogdalucianaoliveira.com.br\/blog\/wp-json\/wp\/v2\/categories?post=35282"},{"taxonomy":"post_tag","embeddable":true,"href":"http:\/\/blogdalucianaoliveira.com.br\/blog\/wp-json\/wp\/v2\/tags?post=35282"}],"curies":[{"name":"wp","href":"https:\/\/api.w.org\/{rel}","templated":true}]}}