{"id":35285,"date":"2024-06-05T13:29:12","date_gmt":"2024-06-05T17:29:12","guid":{"rendered":"http:\/\/blogdalucianaoliveira.com.br\/blog\/?p=35285"},"modified":"2024-06-05T13:29:12","modified_gmt":"2024-06-05T17:29:12","slug":"proteger-o-meio-ambiente-e-salvar-vidas-diz-marina-silva-em-pronunciamento-a-nacao","status":"publish","type":"post","link":"http:\/\/blogdalucianaoliveira.com.br\/blog\/2024\/06\/05\/proteger-o-meio-ambiente-e-salvar-vidas-diz-marina-silva-em-pronunciamento-a-nacao\/","title":{"rendered":"\u201cProteger o meio ambiente \u00e9 salvar vidas\u201d, diz Marina Silva em pronunciamento \u00e0 na\u00e7\u00e3o"},"content":{"rendered":"<p><img data-recalc-dims=\"1\" loading=\"lazy\" decoding=\"async\" data-attachment-id=\"35287\" data-permalink=\"http:\/\/blogdalucianaoliveira.com.br\/blog\/2024\/06\/05\/proteger-o-meio-ambiente-e-salvar-vidas-diz-marina-silva-em-pronunciamento-a-nacao\/img_4380\/\" data-orig-file=\"https:\/\/i0.wp.com\/blogdalucianaoliveira.com.br\/blog\/wp-content\/uploads\/2024\/06\/IMG_4380.png?fit=768%2C512\" data-orig-size=\"768,512\" data-comments-opened=\"0\" data-image-meta=\"{&quot;aperture&quot;:&quot;0&quot;,&quot;credit&quot;:&quot;&quot;,&quot;camera&quot;:&quot;&quot;,&quot;caption&quot;:&quot;&quot;,&quot;created_timestamp&quot;:&quot;0&quot;,&quot;copyright&quot;:&quot;&quot;,&quot;focal_length&quot;:&quot;0&quot;,&quot;iso&quot;:&quot;0&quot;,&quot;shutter_speed&quot;:&quot;0&quot;,&quot;title&quot;:&quot;&quot;,&quot;orientation&quot;:&quot;0&quot;}\" data-image-title=\"IMG_4380\" data-image-description=\"\" data-image-caption=\"\" data-medium-file=\"https:\/\/i0.wp.com\/blogdalucianaoliveira.com.br\/blog\/wp-content\/uploads\/2024\/06\/IMG_4380.png?fit=300%2C200\" data-large-file=\"https:\/\/i0.wp.com\/blogdalucianaoliveira.com.br\/blog\/wp-content\/uploads\/2024\/06\/IMG_4380.png?fit=600%2C400\" class=\"alignnone size-full wp-image-35287\" src=\"https:\/\/i0.wp.com\/blogdalucianaoliveira.com.br\/blog\/wp-content\/uploads\/2024\/06\/IMG_4380.png?resize=600%2C400\" alt=\"\" width=\"600\" height=\"400\" srcset=\"https:\/\/i0.wp.com\/blogdalucianaoliveira.com.br\/blog\/wp-content\/uploads\/2024\/06\/IMG_4380.png?w=768 768w, https:\/\/i0.wp.com\/blogdalucianaoliveira.com.br\/blog\/wp-content\/uploads\/2024\/06\/IMG_4380.png?resize=300%2C200 300w, https:\/\/i0.wp.com\/blogdalucianaoliveira.com.br\/blog\/wp-content\/uploads\/2024\/06\/IMG_4380.png?resize=450%2C300 450w\" sizes=\"auto, (max-width: 600px) 100vw, 600px\" \/><\/p>\n<p>Secom &#8211; Durante pronunciamento em rede de r\u00e1dio e televis\u00e3o nesta ter\u00e7a-feira, 4 de junho, v\u00e9spera do Dia Mundial do Meio Ambiente, a ministra Marina Silva (Meio Ambiente e Mudan\u00e7a do Clima) afirmou que trag\u00e9dias como as que ocorreram no Rio Grande do Sul exigem engajamento e solidariedade da sociedade para evitar que situa\u00e7\u00f5es parecidas se repitam.<!--more--><\/p>\n<blockquote class=\"pullquote\"><p><i>Quando protegemos os rios, as florestas, a nossa rica biodiversidade, estamos, na verdade, protegendo e cuidando das pessoas&#8221;<\/p>\n<p>Marina Silva, ministra do Meio Ambiente e das Mudan\u00e7as Clim\u00e1ticas<br \/>\n<\/i><\/p><\/blockquote>\n<p>\u201cEventos clim\u00e1ticos extremos, como as chuvas no Sul, ilustram bem a rela\u00e7\u00e3o entre o equil\u00edbrio ambiental e as nossas vidas. A situa\u00e7\u00e3o atual exige n\u00e3o s\u00f3 consci\u00eancia, mas a\u00e7\u00e3o imediata. O governo agiu rapidamente em diferentes frentes, em parceria com o estado e os munic\u00edpios, para cuidar das pessoas, comunidades e empresas\u201d, disse a ministra, apontando para a necessidade de encarar a preserva\u00e7\u00e3o ambiental como uma medida de preserva\u00e7\u00e3o da vida em seu sentido mais amplo<i>.<\/i><\/p>\n<p>\u201cProteger o meio ambiente \u00e9 salvar vidas, \u00e9 garantir o bem viver para ribeirinhos, pequenos comerciantes, moradores das periferias, comunidades tradicionais e pessoas que vivem em \u00e1reas de risco&#8221;, pontuou a ministra do Meio Ambiente.<\/p>\n<p>Marina Silva destacou que o Governo Federal vem agindo em diversas para garantir condi\u00e7\u00f5es necess\u00e1rias \u00e0 manuten\u00e7\u00e3o das atividades econ\u00f4micas em todos os setores de forma harm\u00f4nica com a preserva\u00e7\u00e3o da natureza.<\/p>\n<p>&#8220;Os pr\u00f3ximos anos ser\u00e3o dedicados a a\u00e7\u00f5es de prote\u00e7\u00e3o e recupera\u00e7\u00e3o da biodiversidade, com a cria\u00e7\u00e3o de novas unidades de conserva\u00e7\u00e3o, uso sustent\u00e1vel de florestas, recupera\u00e7\u00e3o de \u00e1reas degradadas e combate ao desmatamento e inc\u00eandios&#8221;.<\/p>\n<div align=\"center\"><iframe loading=\"lazy\" title=\"YouTube video player\" src=\"https:\/\/www.youtube-nocookie.com\/embed\/fJq0J4exqN8?si=U8UZmD0-EfJXCGOI\" width=\"560\" height=\"315\" frameborder=\"0\" allowfullscreen=\"allowfullscreen\" data-mce-fragment=\"1\"><\/iframe><\/div>\n<p><b>\u00cdntegra do pronunciamento da ministra do Meio Ambiente e Mudan\u00e7a do Clima, Marina Silva. <\/b><\/p>\n<p><i>Boa noite! Amanh\u00e3, dia 5 de junho, \u00e9 o Dia Mundial do Meio Ambiente.<\/i><\/p>\n<p><i>Uma \u00f3tima oportunidade para refletirmos sobre o que estamos fazendo com o planeta.<\/i><\/p>\n<p><i>Eventos clim\u00e1ticos extremos, como as chuvas no Sul, ilustram bem a rela\u00e7\u00e3o entre o equil\u00edbrio ambiental e as nossas vidas.<\/i><\/p>\n<p><i>Quando protegemos os rios, as florestas, a nossa rica biodiversidade, estamos, na verdade, protegendo e cuidando das pessoas.<\/i><\/p>\n<p><i>Estamos garantindo as condi\u00e7\u00f5es necess\u00e1rias \u00e0 manuten\u00e7\u00e3o das atividades econ\u00f4micas em todos os setores.<\/i><\/p>\n<p><i>A trag\u00e9dia clim\u00e1tica no Rio Grande do Sul trouxe sofrimento para milhares de fam\u00edlias, sobretudo as mais pobres, as que vivem em condi\u00e7\u00f5es prec\u00e1rias de moradia e s\u00e3o sempre as principais v\u00edtimas das cat\u00e1strofes clim\u00e1ticas.<\/i><\/p>\n<p><i>Esse ciclo n\u00e3o pode continuar.<\/i><\/p>\n<p><i>A situa\u00e7\u00e3o atual exige n\u00e3o s\u00f3 consci\u00eancia, mas a\u00e7\u00e3o imediata.<\/i><\/p>\n<p><i>Em resposta, o governo agiu rapidamente em diferentes frentes, em parceria com o estado e os munic\u00edpios, para cuidar das pessoas, comunidades e empresas.<\/i><\/p>\n<p><i>Trag\u00e9dias como essa exigem de n\u00f3s um profundo engajamento e solidariedade e nos cobram o compromisso de solu\u00e7\u00f5es para evitar que elas se repitam.<\/i><\/p>\n<p><i>Com o aumento da temperatura global, o mundo est\u00e1 vivenciando os grav\u00edssimos efeitos dos eventos clim\u00e1ticos extremos cada vez mais frequentes e severos.<\/i><\/p>\n<p><i>No Brasil, a intensifica\u00e7\u00e3o de deslizamentos, inunda\u00e7\u00f5es, secas, processos de desertifica\u00e7\u00e3o anunciam dias dif\u00edceis, sobretudo para as fam\u00edlias mais vulner\u00e1veis.<\/i><\/p>\n<p><i>Proteger o meio ambiente \u00e9 salvar vidas, \u00e9 garantir o bem viver para ribeirinhos, pequenos comerciantes, moradores das periferias, comunidades tradicionais e pessoas que vivem em \u00e1reas de risco.<\/i><\/p>\n<p><i>Infelizmente, ainda h\u00e1 quem duvide da rela\u00e7\u00e3o entre a a\u00e7\u00e3o do homem e a rea\u00e7\u00e3o da natureza.<\/i><\/p>\n<p><i>Por alguns anos, esse negacionismo atrasou a ado\u00e7\u00e3o de medidas urgentes, desrespeitou regras, institui\u00e7\u00f5es e servidores ambientais e nos imp\u00f4s um tempo perdido.<\/i><\/p>\n<p><i>Com responsabilidade, estamos trabalhando para recuperar esse tempo e fazendo o que precisa ser feito em benef\u00edcio de todos os brasileiros e brasileiras.<\/i><\/p>\n<p><i>Por orienta\u00e7\u00e3o do presidente Lula, o tema da mudan\u00e7a do clima vem sendo fortalecido e tratado por todos os setores e \u00e1reas do governo de forma transversal, em di\u00e1logo com toda a sociedade.<\/i><\/p>\n<p><i>Estamos concluindo a atualiza\u00e7\u00e3o da Estrat\u00e9gia Nacional de Mitiga\u00e7\u00e3o e Adapta\u00e7\u00e3o \u00e0 Mudan\u00e7a do Clima e lan\u00e7aremos um Plano Nacional para o Enfrentamento da Emerg\u00eancia Clim\u00e1tica. Focado, principalmente, nos munic\u00edpios e \u00e1reas de maior risco, o plano vai estruturar a capacidade do governo para lidar com o pr\u00e9-desastre, fortalecendo a\u00e7\u00f5es de an\u00e1lise de risco, preven\u00e7\u00e3o e prepara\u00e7\u00e3o.<\/i><\/p>\n<p><i>Diante da urg\u00eancia em reverter os \u00edndices de desmatamento no Brasil, que tem efeito direto no clima, o presidente Lula estabeleceu o compromisso de desmatamento zero em todos os biomas brasileiros e j\u00e1 obtivemos resultados importantes com a redu\u00e7\u00e3o de 50% do desmatamento na Amaz\u00f4nia e redu\u00e7\u00f5es, tamb\u00e9m, no Pampa e Mata Atl\u00e2ntica, e estamos trabalhando para obter resultados, tamb\u00e9m, no Cerrado, Pantanal e Caatinga.<\/i><\/p>\n<p><i>O momento aponta claramente para uma mudan\u00e7a de rumos.<\/i><\/p>\n<p><i>Estamos sendo desafiados a pensar juntos, criar tecnologias sustent\u00e1veis, transitar para energias n\u00e3o poluentes, com mais igualdade social e investimentos sustent\u00e1veis para todos os setores de nossa economia.<\/i><\/p>\n<p><i>Estamos trabalhando nessa dire\u00e7\u00e3o.<\/i><\/p>\n<p><i>Os pr\u00f3ximos anos ser\u00e3o dedicados a a\u00e7\u00f5es de prote\u00e7\u00e3o e recupera\u00e7\u00e3o da biodiversidade, com a cria\u00e7\u00e3o de novas unidades de conserva\u00e7\u00e3o, uso sustent\u00e1vel de nossas florestas, recupera\u00e7\u00e3o de \u00e1reas degradadas e o combate ao desmatamento e inc\u00eandios.<\/i><\/p>\n<p><i>Ser\u00e1, tamb\u00e9m, de incentivo ao crescimento da bioeconomia, gerando empregos e renda e prosperidade, respeitando os povos ind\u00edgenas e as comunidades tradicionais.<\/i><\/p>\n<p><i>Ser\u00e1 de aumento da qualidade ambiental, nas cidades e no campo, de cuidados com os recursos h\u00eddricos e o oceano, de busca de solu\u00e7\u00f5es para os res\u00edduos s\u00f3lidos.<\/i><\/p>\n<p><i>No pr\u00f3ximo ano, teremos a COP 30, em Bel\u00e9m. Na nossa casa, no Brasil, vamos fazer a diferen\u00e7a e mostrar que estamos unidos para construir um futuro ecologicamente sustent\u00e1vel e criar um ciclo de prosperidade em benef\u00edcio de todos os brasileiros e brasileiras, com democracia, redu\u00e7\u00e3o das desigualdades sociais, respeito \u00e0 diversidade e sustentabilidade.<\/i><\/p>\n","protected":false},"excerpt":{"rendered":"<p>Secom &#8211; Durante pronunciamento em rede de r\u00e1dio e televis\u00e3o nesta ter\u00e7a-feira, 4 de junho, v\u00e9spera do Dia Mundial do Meio Ambiente, a ministra Marina Silva (Meio Ambiente e Mudan\u00e7a do Clima) afirmou que trag\u00e9dias como as que ocorreram no Rio Grande do Sul exigem engajamento e solidariedade da sociedade para evitar que situa\u00e7\u00f5es parecidas&#8230;<a class=\"more-link\" href=\"http:\/\/blogdalucianaoliveira.com.br\/blog\/2024\/06\/05\/proteger-o-meio-ambiente-e-salvar-vidas-diz-marina-silva-em-pronunciamento-a-nacao\/\">Continue a leitura <span class=\"meta-nav\">&raquo;<\/span><\/a><\/p>\n","protected":false},"author":1,"featured_media":0,"comment_status":"closed","ping_status":"open","sticky":false,"template":"","format":"standard","meta":{"_exactmetrics_skip_tracking":false,"_exactmetrics_sitenote_active":false,"_exactmetrics_sitenote_note":"","_exactmetrics_sitenote_category":0,"jetpack_post_was_ever_published":false,"_jetpack_newsletter_access":"","_jetpack_dont_email_post_to_subs":false,"_jetpack_newsletter_tier_id":0,"_jetpack_memberships_contains_paywalled_content":false,"_jetpack_memberships_contains_paid_content":false,"footnotes":"","jetpack_publicize_message":"","jetpack_publicize_feature_enabled":true,"jetpack_social_post_already_shared":true,"jetpack_social_options":{"image_generator_settings":{"template":"highway","enabled":false},"version":2}},"categories":[1],"tags":[1007,386,1008],"class_list":["post-35285","post","type-post","status-publish","format-standard","hentry","category-notas","tag-marina-silva","tag-meio-ambiente","tag-pronunciamento"],"jetpack_publicize_connections":[],"jetpack_sharing_enabled":true,"jetpack_featured_media_url":"","jetpack_shortlink":"https:\/\/wp.me\/p7wKYW-9b7","jetpack-related-posts":[],"_links":{"self":[{"href":"http:\/\/blogdalucianaoliveira.com.br\/blog\/wp-json\/wp\/v2\/posts\/35285","targetHints":{"allow":["GET"]}}],"collection":[{"href":"http:\/\/blogdalucianaoliveira.com.br\/blog\/wp-json\/wp\/v2\/posts"}],"about":[{"href":"http:\/\/blogdalucianaoliveira.com.br\/blog\/wp-json\/wp\/v2\/types\/post"}],"author":[{"embeddable":true,"href":"http:\/\/blogdalucianaoliveira.com.br\/blog\/wp-json\/wp\/v2\/users\/1"}],"replies":[{"embeddable":true,"href":"http:\/\/blogdalucianaoliveira.com.br\/blog\/wp-json\/wp\/v2\/comments?post=35285"}],"version-history":[{"count":2,"href":"http:\/\/blogdalucianaoliveira.com.br\/blog\/wp-json\/wp\/v2\/posts\/35285\/revisions"}],"predecessor-version":[{"id":35288,"href":"http:\/\/blogdalucianaoliveira.com.br\/blog\/wp-json\/wp\/v2\/posts\/35285\/revisions\/35288"}],"wp:attachment":[{"href":"http:\/\/blogdalucianaoliveira.com.br\/blog\/wp-json\/wp\/v2\/media?parent=35285"}],"wp:term":[{"taxonomy":"category","embeddable":true,"href":"http:\/\/blogdalucianaoliveira.com.br\/blog\/wp-json\/wp\/v2\/categories?post=35285"},{"taxonomy":"post_tag","embeddable":true,"href":"http:\/\/blogdalucianaoliveira.com.br\/blog\/wp-json\/wp\/v2\/tags?post=35285"}],"curies":[{"name":"wp","href":"https:\/\/api.w.org\/{rel}","templated":true}]}}