{"id":35293,"date":"2024-06-05T17:07:49","date_gmt":"2024-06-05T21:07:49","guid":{"rendered":"http:\/\/blogdalucianaoliveira.com.br\/blog\/?p=35293"},"modified":"2024-06-05T17:07:49","modified_gmt":"2024-06-05T21:07:49","slug":"monitoramento-mostra-nivel-do-rio-madeira-caindo-mais-de-um-metro-em-cinco-dias","status":"publish","type":"post","link":"http:\/\/blogdalucianaoliveira.com.br\/blog\/2024\/06\/05\/monitoramento-mostra-nivel-do-rio-madeira-caindo-mais-de-um-metro-em-cinco-dias\/","title":{"rendered":"Monitoramento mostra n\u00edvel do rio Madeira caindo mais de um metro em cinco dias"},"content":{"rendered":"<p><img data-recalc-dims=\"1\" loading=\"lazy\" decoding=\"async\" data-attachment-id=\"35294\" data-permalink=\"http:\/\/blogdalucianaoliveira.com.br\/blog\/2024\/06\/05\/monitoramento-mostra-nivel-do-rio-madeira-caindo-mais-de-um-metro-em-cinco-dias\/img_4389\/\" data-orig-file=\"https:\/\/i0.wp.com\/blogdalucianaoliveira.com.br\/blog\/wp-content\/uploads\/2024\/06\/IMG_4389.jpeg?fit=640%2C425\" data-orig-size=\"640,425\" data-comments-opened=\"0\" data-image-meta=\"{&quot;aperture&quot;:&quot;0&quot;,&quot;credit&quot;:&quot;&quot;,&quot;camera&quot;:&quot;&quot;,&quot;caption&quot;:&quot;&quot;,&quot;created_timestamp&quot;:&quot;0&quot;,&quot;copyright&quot;:&quot;&quot;,&quot;focal_length&quot;:&quot;0&quot;,&quot;iso&quot;:&quot;0&quot;,&quot;shutter_speed&quot;:&quot;0&quot;,&quot;title&quot;:&quot;&quot;,&quot;orientation&quot;:&quot;0&quot;}\" data-image-title=\"IMG_4389\" data-image-description=\"\" data-image-caption=\"\" data-medium-file=\"https:\/\/i0.wp.com\/blogdalucianaoliveira.com.br\/blog\/wp-content\/uploads\/2024\/06\/IMG_4389.jpeg?fit=300%2C199\" data-large-file=\"https:\/\/i0.wp.com\/blogdalucianaoliveira.com.br\/blog\/wp-content\/uploads\/2024\/06\/IMG_4389.jpeg?fit=600%2C398\" class=\"alignnone size-full wp-image-35294\" src=\"https:\/\/i0.wp.com\/blogdalucianaoliveira.com.br\/blog\/wp-content\/uploads\/2024\/06\/IMG_4389.jpeg?resize=600%2C398\" alt=\"\" width=\"600\" height=\"398\" srcset=\"https:\/\/i0.wp.com\/blogdalucianaoliveira.com.br\/blog\/wp-content\/uploads\/2024\/06\/IMG_4389.jpeg?w=640 640w, https:\/\/i0.wp.com\/blogdalucianaoliveira.com.br\/blog\/wp-content\/uploads\/2024\/06\/IMG_4389.jpeg?resize=300%2C199 300w, https:\/\/i0.wp.com\/blogdalucianaoliveira.com.br\/blog\/wp-content\/uploads\/2024\/06\/IMG_4389.jpeg?resize=452%2C300 452w\" sizes=\"auto, (max-width: 600px) 100vw, 600px\" \/><\/p>\n<div class=\"Block__Component-sc-1uj1scg-0 hppqze\">\n<p class=\"styled__Paragraph-sc-fdx3oi-6 jYLbHk\">Sistemas de medi\u00e7\u00e3o detectaram vazante nas cabeceiras e nascentes dos rios<\/p>\n<\/div>\n<p><!--more--><\/p>\n<div class=\"Block__Component-sc-1uj1scg-0 eQSpGu\">\n<div class=\"Block__Component-sc-1uj1scg-0 AEHJt\">\n<div class=\"Block__Component-sc-1uj1scg-0 bMaved\"><span class=\"styled__Span-sc-fdx3oi-7 flPhcW\"><span class=\"styled__Span-sc-fdx3oi-7 flPhcW\">A Cr\u00edtica, por Lucas dos Santos &#8211;<\/span><\/span><\/p>\n<div class=\"Block__Component-sc-1uj1scg-0 fVkgty\">\n<p class=\"styled__Paragraph-sc-fdx3oi-6 dyZdFs\">O rio Madeira registrou queda de 1,53m na altura do munic\u00edpio amazonense de Humait\u00e1, no sul do Amazonas. Segundo o novo boletim da Ag\u00eancia Nacional de \u00c1guas, o n\u00edvel saiu de 16,37m para 14,84m entre a \u00faltima quinta-feira, 30 de maio, e esta segunda-feira (3). Na capital de Rond\u00f4nia, Porto Velho, o rio Madeira saiu de 8,31 metros em 30 de maio para 7,79 metros nesta segunda-feira, queda de 41 cent\u00edmetros. A medi\u00e7\u00e3o ocorre em meio a previs\u00f5es de uma estiagem mais severa ap\u00f3s a seca recorde de 2023.<\/p>\n<\/div>\n<div class=\"Block__Component-sc-1uj1scg-0 fVkgty\">\n<p class=\"styled__Paragraph-sc-fdx3oi-6 dyZdFs\">No ano passado, o ritmo foi semelhante em Rond\u00f4nia: em 30 de maio de 2023, o Madeira estava em 11,23m, caindo para 10,66m em 2 de junho, diferen\u00e7a de 57 cent\u00edmetros na \u00e1rea de Porto Velho. Em Humait\u00e1, a queda foi de apenas quatro cent\u00edmetros nas mesmas datas: o rio caiu de 18,72m para 18,68, bem menos acentuada que a diferen\u00e7a de 2024.<\/p>\n<div class=\"Block__Component-sc-1uj1scg-0 fVkgty\">\n<p class=\"styled__Paragraph-sc-fdx3oi-6 dyZdFs\">Os n\u00edveis de outros rios que tamb\u00e9m comp\u00f5em a Bacia Amaz\u00f4nica registraram \u00edndices de queda desde a \u00faltima quinta-feira. O rio Solim\u00f5es, segundo dados divulgados pela Praticagem dos Rios Ocidentais da Amaz\u00f4nia (Proa), registrou queda de dois cent\u00edmetros em dois dias na cidade peruana de Iquitos, onde o curso d\u2019\u00e1gua nasce. Entre 29 de maio e 2 de junho, o n\u00edvel do rio caiu 33 cent\u00edmetros em Tabatinga, chegando a 9,86 metros.<\/p>\n<\/div>\n<div class=\"Block__Component-sc-1uj1scg-0 fVkgty\">\n<p class=\"styled__Paragraph-sc-fdx3oi-6 dyZdFs\">Em compara\u00e7\u00e3o ao mesmo per\u00edodo do ano passado, o n\u00edvel do rio em Tabatinga em 29 de maio de 2023 era de 11,42m, passando para 11,16m em 3 de junho de 2023, queda de 26 cent\u00edmetros, sete a menos do que a diferen\u00e7a de 2024.<\/p>\n<\/div>\n<div class=\"Block__Component-sc-1uj1scg-0 fVkgty\">\n<p class=\"styled__Paragraph-sc-fdx3oi-6 dyZdFs\">Enquanto isso, o rio Negro passa por um dos seus mais lentos processos de cheia, estando com 26,55 metros na cidade de Manaus nesta ter\u00e7a-feira, cerca de 1,6 metros abaixo que a mesma data no ano passado, conforme dados divulgados pelo Porto de Manaus.<\/p>\n<\/div>\n<div class=\"Block__Component-sc-1uj1scg-0 fVkgty\">\n<h4 class=\"styled__HeadingFour-sc-fdx3oi-3 ilXYMe\">Precau\u00e7\u00f5es<\/h4>\n<\/div>\n<div class=\"Block__Component-sc-1uj1scg-0 fVkgty\">\n<p class=\"styled__Paragraph-sc-fdx3oi-6 dyZdFs\">Desde abril, o Servi\u00e7o Geol\u00f3gico do Brasil (SGB) alerta para uma cheia menos intensa e a possibilidade de uma nova seca hist\u00f3rica no segundo semestre de 2024. As previs\u00f5es apontam que o n\u00edvel m\u00e1ximo do rio Negro em Manaus seja entre 27,21m a 28,01m, com baixas probabilidades de superar a cota de inunda\u00e7\u00e3o.<\/p>\n<\/div>\n<div class=\"Block__Component-sc-1uj1scg-0 fVkgty\">\n<p class=\"styled__Paragraph-sc-fdx3oi-6 dyZdFs\">No \u00faltimo m\u00eas, o Governo do Amazonas anunciou a emiss\u00e3o de licen\u00e7as ambientais para iniciar a dragagem de trechos dos rios para evitar situa\u00e7\u00f5es de encalhamento de navios. J\u00e1 no final de maio, a Ag\u00eancia Brasileira de Intelig\u00eancia (Abin) demonstrou preocupa\u00e7\u00e3o com a futura estiagem. Segundo o \u00f3rg\u00e3o, as previs\u00f5es para 2024 indicam que a severidade de 2023 pode se repetir.<\/p>\n<\/div>\n<div class=\"Block__Component-sc-1uj1scg-0 fVkgty\">\n<p class=\"styled__Paragraph-sc-fdx3oi-6 dyZdFs\">Em evento realizado no Comando Militar da Amaz\u00f4nia, o diretor-geral Luiz Fernando Corr\u00eaa destacou que o \u00f3rg\u00e3o tem o dever de \u201ctransformar esses dados para que os tomadores de decis\u00e3o mitiguem os danos desses eventos da natureza, que s\u00e3o sazonais, recorrentes e previs\u00edveis\u201d.<\/p>\n<\/div>\n<div class=\"Block__Component-sc-1uj1scg-0 fVkgty\">\n<p class=\"styled__Paragraph-sc-fdx3oi-6 dyZdFs\">A ind\u00fastria amazonense tamb\u00e9m j\u00e1 se prepara para pelo menos 60 dias com restri\u00e7\u00f5es na navega\u00e7\u00e3o e tem estudado medidas para diminuir os preju\u00edzos sentidos no ano passado. Uma proposta do grupo Chibat\u00e3o de instala\u00e7\u00e3o de um porto tempor\u00e1rio na regi\u00e3o da enseada do rio Madeira est\u00e1 inclu\u00edda no planejamento das empresas para driblar a seca no estado.<\/p>\n<\/div>\n<\/div>\n<\/div>\n<\/div>\n<\/div>\n","protected":false},"excerpt":{"rendered":"<p>Sistemas de medi\u00e7\u00e3o detectaram vazante nas cabeceiras e nascentes dos rios<\/p>\n","protected":false},"author":1,"featured_media":0,"comment_status":"closed","ping_status":"open","sticky":false,"template":"","format":"standard","meta":{"_exactmetrics_skip_tracking":false,"_exactmetrics_sitenote_active":false,"_exactmetrics_sitenote_note":"","_exactmetrics_sitenote_category":0,"jetpack_post_was_ever_published":false,"_jetpack_newsletter_access":"","_jetpack_dont_email_post_to_subs":false,"_jetpack_newsletter_tier_id":0,"_jetpack_memberships_contains_paywalled_content":false,"_jetpack_memberships_contains_paid_content":false,"footnotes":"","jetpack_publicize_message":"","jetpack_publicize_feature_enabled":true,"jetpack_social_post_already_shared":true,"jetpack_social_options":{"image_generator_settings":{"template":"highway","enabled":false},"version":2}},"categories":[1],"tags":[818,864,1012],"class_list":["post-35293","post","type-post","status-publish","format-standard","hentry","category-notas","tag-rio-madeira","tag-seca","tag-vazante"],"jetpack_publicize_connections":[],"jetpack_sharing_enabled":true,"jetpack_featured_media_url":"","jetpack_shortlink":"https:\/\/wp.me\/p7wKYW-9bf","jetpack-related-posts":[],"_links":{"self":[{"href":"http:\/\/blogdalucianaoliveira.com.br\/blog\/wp-json\/wp\/v2\/posts\/35293","targetHints":{"allow":["GET"]}}],"collection":[{"href":"http:\/\/blogdalucianaoliveira.com.br\/blog\/wp-json\/wp\/v2\/posts"}],"about":[{"href":"http:\/\/blogdalucianaoliveira.com.br\/blog\/wp-json\/wp\/v2\/types\/post"}],"author":[{"embeddable":true,"href":"http:\/\/blogdalucianaoliveira.com.br\/blog\/wp-json\/wp\/v2\/users\/1"}],"replies":[{"embeddable":true,"href":"http:\/\/blogdalucianaoliveira.com.br\/blog\/wp-json\/wp\/v2\/comments?post=35293"}],"version-history":[{"count":1,"href":"http:\/\/blogdalucianaoliveira.com.br\/blog\/wp-json\/wp\/v2\/posts\/35293\/revisions"}],"predecessor-version":[{"id":35295,"href":"http:\/\/blogdalucianaoliveira.com.br\/blog\/wp-json\/wp\/v2\/posts\/35293\/revisions\/35295"}],"wp:attachment":[{"href":"http:\/\/blogdalucianaoliveira.com.br\/blog\/wp-json\/wp\/v2\/media?parent=35293"}],"wp:term":[{"taxonomy":"category","embeddable":true,"href":"http:\/\/blogdalucianaoliveira.com.br\/blog\/wp-json\/wp\/v2\/categories?post=35293"},{"taxonomy":"post_tag","embeddable":true,"href":"http:\/\/blogdalucianaoliveira.com.br\/blog\/wp-json\/wp\/v2\/tags?post=35293"}],"curies":[{"name":"wp","href":"https:\/\/api.w.org\/{rel}","templated":true}]}}