{"id":35314,"date":"2024-06-08T11:09:08","date_gmt":"2024-06-08T15:09:08","guid":{"rendered":"http:\/\/blogdalucianaoliveira.com.br\/blog\/?p=35314"},"modified":"2024-06-08T11:09:08","modified_gmt":"2024-06-08T15:09:08","slug":"seminario-sobre-resistencia-palestina-e-lancamento-de-livro-contra-sionismo-na-unir","status":"publish","type":"post","link":"http:\/\/blogdalucianaoliveira.com.br\/blog\/2024\/06\/08\/seminario-sobre-resistencia-palestina-e-lancamento-de-livro-contra-sionismo-na-unir\/","title":{"rendered":"Semin\u00e1rio sobre resist\u00eancia palestina e lan\u00e7amento de livro contra sionismo na UNIR"},"content":{"rendered":"<p><img data-recalc-dims=\"1\" loading=\"lazy\" decoding=\"async\" data-attachment-id=\"35315\" data-permalink=\"http:\/\/blogdalucianaoliveira.com.br\/blog\/2024\/06\/08\/seminario-sobre-resistencia-palestina-e-lancamento-de-livro-contra-sionismo-na-unir\/757a7f04-2afe-4fce-a4b8-b83c3a02364d\/\" data-orig-file=\"https:\/\/i0.wp.com\/blogdalucianaoliveira.com.br\/blog\/wp-content\/uploads\/2024\/06\/757a7f04-2afe-4fce-a4b8-b83c3a02364d.jpeg?fit=1080%2C1080\" data-orig-size=\"1080,1080\" data-comments-opened=\"0\" data-image-meta=\"{&quot;aperture&quot;:&quot;0&quot;,&quot;credit&quot;:&quot;&quot;,&quot;camera&quot;:&quot;&quot;,&quot;caption&quot;:&quot;&quot;,&quot;created_timestamp&quot;:&quot;0&quot;,&quot;copyright&quot;:&quot;&quot;,&quot;focal_length&quot;:&quot;0&quot;,&quot;iso&quot;:&quot;0&quot;,&quot;shutter_speed&quot;:&quot;0&quot;,&quot;title&quot;:&quot;&quot;,&quot;orientation&quot;:&quot;0&quot;}\" data-image-title=\"757a7f04-2afe-4fce-a4b8-b83c3a02364d\" data-image-description=\"\" data-image-caption=\"\" data-medium-file=\"https:\/\/i0.wp.com\/blogdalucianaoliveira.com.br\/blog\/wp-content\/uploads\/2024\/06\/757a7f04-2afe-4fce-a4b8-b83c3a02364d.jpeg?fit=300%2C300\" data-large-file=\"https:\/\/i0.wp.com\/blogdalucianaoliveira.com.br\/blog\/wp-content\/uploads\/2024\/06\/757a7f04-2afe-4fce-a4b8-b83c3a02364d.jpeg?fit=600%2C600\" class=\"alignnone size-full wp-image-35315\" src=\"https:\/\/i0.wp.com\/blogdalucianaoliveira.com.br\/blog\/wp-content\/uploads\/2024\/06\/757a7f04-2afe-4fce-a4b8-b83c3a02364d.jpeg?resize=600%2C600\" alt=\"\" width=\"600\" height=\"600\" srcset=\"https:\/\/i0.wp.com\/blogdalucianaoliveira.com.br\/blog\/wp-content\/uploads\/2024\/06\/757a7f04-2afe-4fce-a4b8-b83c3a02364d.jpeg?w=1080 1080w, https:\/\/i0.wp.com\/blogdalucianaoliveira.com.br\/blog\/wp-content\/uploads\/2024\/06\/757a7f04-2afe-4fce-a4b8-b83c3a02364d.jpeg?resize=300%2C300 300w, https:\/\/i0.wp.com\/blogdalucianaoliveira.com.br\/blog\/wp-content\/uploads\/2024\/06\/757a7f04-2afe-4fce-a4b8-b83c3a02364d.jpeg?resize=1024%2C1024 1024w, https:\/\/i0.wp.com\/blogdalucianaoliveira.com.br\/blog\/wp-content\/uploads\/2024\/06\/757a7f04-2afe-4fce-a4b8-b83c3a02364d.jpeg?resize=150%2C150 150w, https:\/\/i0.wp.com\/blogdalucianaoliveira.com.br\/blog\/wp-content\/uploads\/2024\/06\/757a7f04-2afe-4fce-a4b8-b83c3a02364d.jpeg?resize=768%2C768 768w\" sizes=\"auto, (max-width: 600px) 100vw, 600px\" \/><\/p>\n<p>A Universidade Federal de Rond\u00f4nia (UNIR), por meio do Grupo de Pesquisa &#8220;Hist\u00f3ria, Sociedade e Educa\u00e7\u00e3o no Brasil&#8221; (HISTEDBR\/UNIR), em parceria com a Associa\u00e7\u00e3o dos Docentes da Universidade Federal de Rond\u00f4nia UNIR (ADUNIR-SSIND) Se\u00e7\u00e3o Sindical do ANDES-Sindicato Nacional, o Centro Brasileiro de Solidariedade aos Povos (CEBRASPO), e o Comit\u00ea de Solidariedade a Resist\u00eancia Palestina \u2013 Rond\u00f4nia realiza o Semin\u00e1rio \u201cImperialismo, liberta\u00e7\u00e3o nacional e a quest\u00e3o palestina\u201d, com a presen\u00e7a de Breno Altman (Jornalista e fundador do \u00d3pera Mundi) e Ualid Rabah (Presidente da Federa\u00e7\u00e3o \u00c1rabe Palestina \u2013 FEPAL).<!--more--><\/p>\n<p>O evento ocorrer\u00e1 no dia 18 de junho de 2024 presencialmente em Porto Velho, com inscri\u00e7\u00f5es gratuitas at\u00e9 18 de junho por meio do link <a href=\"https:\/\/www.even3.com.br\/imperialismo-libertacao-nacional-e-a-questao-palestina-460756\/\">https:\/\/www.even3.com.br\/imperialismo-libertacao-nacional-e-a-questao-palestina-460756\/<\/a>.<\/p>\n<p>A comiss\u00e3o organizadora conta com professores dos cursos de Ci\u00eancias da Educa\u00e7\u00e3o, Hist\u00f3ria, Psicologia, Medicina e do Instituto Federal de Rond\u00f4nia (IFRO), al\u00e9m de servidores t\u00e9cnicos administrativos e estudantes do curso de Ci\u00eancias Sociais da UNIR.<\/p>\n<p>O Semin\u00e1rio \u201cImperialismo, liberta\u00e7\u00e3o nacional e a quest\u00e3o palestina\u201d tem como finalidade discutir o papel do imperialismo, em especial do imperialismo estadunidense e de outras pot\u00eancias europeias no apoio e financiamento do genoc\u00eddio e limpeza \u00e9tnica na Palestina hist\u00f3rica, perpetrado pelo Estado sionista e colonial de Israel.<\/p>\n<p>Al\u00e9m disso, debater acerca das tarefas hist\u00f3ricas da resist\u00eancia nacional palestina em sua luta por autodetermina\u00e7\u00e3o e liberta\u00e7\u00e3o nacional s\u00e3o os temas centrais deste semin\u00e1rio.<\/p>\n<p><img data-recalc-dims=\"1\" loading=\"lazy\" decoding=\"async\" data-attachment-id=\"35316\" data-permalink=\"http:\/\/blogdalucianaoliveira.com.br\/blog\/2024\/06\/08\/seminario-sobre-resistencia-palestina-e-lancamento-de-livro-contra-sionismo-na-unir\/717c01b4-532b-47ae-810e-442ef4990e5f\/\" data-orig-file=\"https:\/\/i0.wp.com\/blogdalucianaoliveira.com.br\/blog\/wp-content\/uploads\/2024\/06\/717c01b4-532b-47ae-810e-442ef4990e5f.jpeg?fit=1080%2C1080\" data-orig-size=\"1080,1080\" data-comments-opened=\"0\" data-image-meta=\"{&quot;aperture&quot;:&quot;0&quot;,&quot;credit&quot;:&quot;&quot;,&quot;camera&quot;:&quot;&quot;,&quot;caption&quot;:&quot;&quot;,&quot;created_timestamp&quot;:&quot;1717807960&quot;,&quot;copyright&quot;:&quot;&quot;,&quot;focal_length&quot;:&quot;0&quot;,&quot;iso&quot;:&quot;0&quot;,&quot;shutter_speed&quot;:&quot;0&quot;,&quot;title&quot;:&quot;&quot;,&quot;orientation&quot;:&quot;1&quot;}\" data-image-title=\"717c01b4-532b-47ae-810e-442ef4990e5f\" data-image-description=\"\" data-image-caption=\"\" data-medium-file=\"https:\/\/i0.wp.com\/blogdalucianaoliveira.com.br\/blog\/wp-content\/uploads\/2024\/06\/717c01b4-532b-47ae-810e-442ef4990e5f.jpeg?fit=300%2C300\" data-large-file=\"https:\/\/i0.wp.com\/blogdalucianaoliveira.com.br\/blog\/wp-content\/uploads\/2024\/06\/717c01b4-532b-47ae-810e-442ef4990e5f.jpeg?fit=600%2C600\" class=\"alignnone size-full wp-image-35316\" src=\"https:\/\/i0.wp.com\/blogdalucianaoliveira.com.br\/blog\/wp-content\/uploads\/2024\/06\/717c01b4-532b-47ae-810e-442ef4990e5f.jpeg?resize=600%2C600\" alt=\"\" width=\"600\" height=\"600\" srcset=\"https:\/\/i0.wp.com\/blogdalucianaoliveira.com.br\/blog\/wp-content\/uploads\/2024\/06\/717c01b4-532b-47ae-810e-442ef4990e5f.jpeg?w=1080 1080w, https:\/\/i0.wp.com\/blogdalucianaoliveira.com.br\/blog\/wp-content\/uploads\/2024\/06\/717c01b4-532b-47ae-810e-442ef4990e5f.jpeg?resize=300%2C300 300w, https:\/\/i0.wp.com\/blogdalucianaoliveira.com.br\/blog\/wp-content\/uploads\/2024\/06\/717c01b4-532b-47ae-810e-442ef4990e5f.jpeg?resize=1024%2C1024 1024w, https:\/\/i0.wp.com\/blogdalucianaoliveira.com.br\/blog\/wp-content\/uploads\/2024\/06\/717c01b4-532b-47ae-810e-442ef4990e5f.jpeg?resize=150%2C150 150w, https:\/\/i0.wp.com\/blogdalucianaoliveira.com.br\/blog\/wp-content\/uploads\/2024\/06\/717c01b4-532b-47ae-810e-442ef4990e5f.jpeg?resize=768%2C768 768w\" sizes=\"auto, (max-width: 600px) 100vw, 600px\" \/><\/p>\n<p>Por fim, durante o Semin\u00e1rio \u201cImperialismo, liberta\u00e7\u00e3o nacional e a quest\u00e3o palestina\u201d, ocorrer\u00e1 o lan\u00e7amento do livro do jornalista Breno Altman: &#8220;Contra o Sionismo: Retrato de uma doutrina colonial e racista\u201d, seguida de uma sess\u00e3o p\u00fablica de aut\u00f3grafos com o autor. O evento iniciar\u00e1 com credenciamento e sess\u00e3o de aut\u00f3grafos a partir das 18h30min e o Semin\u00e1rio iniciar\u00e1 \u00e0 partir das 19h no audit\u00f3rio da UNIR Centro (avenida presidente Dutra, n. 2965).<\/p>\n<p>&nbsp;<\/p>\n<p>Semin\u00e1rio<\/p>\n<p>Imperialismo, liberta\u00e7\u00e3o nacional e a quest\u00e3o Palestina<\/p>\n<p>Data: 18 de junho de 2024, \u00e1 partir das 18h.<\/p>\n<p>Local: Audit\u00f3rio da UNIR Centro<\/p>\n<p>Inscri\u00e7\u00f5es: at\u00e9 o dia 18 de junho de 2024 no link https:\/\/www.even3.com.br\/imperialismo-libertacao-nacional-e-a-questao-palestina-460756\/<\/p>\n<p>P\u00fablico alvo: Estudante, graduados, p\u00f3s-graduados, docentes, jornalistas, ativistas de movimentos populares e sociais, estudantes secundaristas, intelectuais de diversas frentes, membros de comunidades \u00e1rabes-palestinas em di\u00e1spora, membros das comunidades isl\u00e2micas e outras pessoas interessadas da tem\u00e1tica a solidariedade e luta por liberta\u00e7\u00e3o e autodetermina\u00e7\u00e3o do povo palestino.<\/p>\n","protected":false},"excerpt":{"rendered":"<p>A Universidade Federal de Rond\u00f4nia (UNIR), por meio do Grupo de Pesquisa &#8220;Hist\u00f3ria, Sociedade e Educa\u00e7\u00e3o no Brasil&#8221; (HISTEDBR\/UNIR), em parceria com a Associa\u00e7\u00e3o dos Docentes da Universidade Federal de Rond\u00f4nia UNIR (ADUNIR-SSIND) Se\u00e7\u00e3o Sindical do ANDES-Sindicato Nacional, o Centro Brasileiro de Solidariedade aos Povos (CEBRASPO), e o Comit\u00ea de Solidariedade a Resist\u00eancia Palestina \u2013&#8230;<a class=\"more-link\" href=\"http:\/\/blogdalucianaoliveira.com.br\/blog\/2024\/06\/08\/seminario-sobre-resistencia-palestina-e-lancamento-de-livro-contra-sionismo-na-unir\/\">Continue a leitura <span class=\"meta-nav\">&raquo;<\/span><\/a><\/p>\n","protected":false},"author":1,"featured_media":0,"comment_status":"closed","ping_status":"open","sticky":false,"template":"","format":"standard","meta":{"_exactmetrics_skip_tracking":false,"_exactmetrics_sitenote_active":false,"_exactmetrics_sitenote_note":"","_exactmetrics_sitenote_category":0,"jetpack_post_was_ever_published":false,"_jetpack_newsletter_access":"","_jetpack_dont_email_post_to_subs":false,"_jetpack_newsletter_tier_id":0,"_jetpack_memberships_contains_paywalled_content":false,"_jetpack_memberships_contains_paid_content":false,"footnotes":"","jetpack_publicize_message":"","jetpack_publicize_feature_enabled":true,"jetpack_social_post_already_shared":true,"jetpack_social_options":{"image_generator_settings":{"template":"highway","enabled":false},"version":2}},"categories":[1],"tags":[219,1015,1014,244],"class_list":["post-35314","post","type-post","status-publish","format-standard","hentry","category-notas","tag-palestina","tag-seminario","tag-sionismo","tag-unir"],"jetpack_publicize_connections":[],"jetpack_sharing_enabled":true,"jetpack_featured_media_url":"","jetpack_shortlink":"https:\/\/wp.me\/p7wKYW-9bA","jetpack-related-posts":[],"_links":{"self":[{"href":"http:\/\/blogdalucianaoliveira.com.br\/blog\/wp-json\/wp\/v2\/posts\/35314","targetHints":{"allow":["GET"]}}],"collection":[{"href":"http:\/\/blogdalucianaoliveira.com.br\/blog\/wp-json\/wp\/v2\/posts"}],"about":[{"href":"http:\/\/blogdalucianaoliveira.com.br\/blog\/wp-json\/wp\/v2\/types\/post"}],"author":[{"embeddable":true,"href":"http:\/\/blogdalucianaoliveira.com.br\/blog\/wp-json\/wp\/v2\/users\/1"}],"replies":[{"embeddable":true,"href":"http:\/\/blogdalucianaoliveira.com.br\/blog\/wp-json\/wp\/v2\/comments?post=35314"}],"version-history":[{"count":4,"href":"http:\/\/blogdalucianaoliveira.com.br\/blog\/wp-json\/wp\/v2\/posts\/35314\/revisions"}],"predecessor-version":[{"id":35320,"href":"http:\/\/blogdalucianaoliveira.com.br\/blog\/wp-json\/wp\/v2\/posts\/35314\/revisions\/35320"}],"wp:attachment":[{"href":"http:\/\/blogdalucianaoliveira.com.br\/blog\/wp-json\/wp\/v2\/media?parent=35314"}],"wp:term":[{"taxonomy":"category","embeddable":true,"href":"http:\/\/blogdalucianaoliveira.com.br\/blog\/wp-json\/wp\/v2\/categories?post=35314"},{"taxonomy":"post_tag","embeddable":true,"href":"http:\/\/blogdalucianaoliveira.com.br\/blog\/wp-json\/wp\/v2\/tags?post=35314"}],"curies":[{"name":"wp","href":"https:\/\/api.w.org\/{rel}","templated":true}]}}