{"id":35322,"date":"2024-06-16T21:26:17","date_gmt":"2024-06-17T01:26:17","guid":{"rendered":"http:\/\/blogdalucianaoliveira.com.br\/blog\/?p=35322"},"modified":"2024-06-16T21:26:17","modified_gmt":"2024-06-17T01:26:17","slug":"unir-tera-seminario-sobre-direitos-da-natureza-nesta-segunda-feira","status":"publish","type":"post","link":"http:\/\/blogdalucianaoliveira.com.br\/blog\/2024\/06\/16\/unir-tera-seminario-sobre-direitos-da-natureza-nesta-segunda-feira\/","title":{"rendered":"UNIR ter\u00e1 semin\u00e1rio sobre direitos da natureza nesta segunda-feira"},"content":{"rendered":"<p><img data-recalc-dims=\"1\" loading=\"lazy\" decoding=\"async\" data-attachment-id=\"35323\" data-permalink=\"http:\/\/blogdalucianaoliveira.com.br\/blog\/2024\/06\/16\/unir-tera-seminario-sobre-direitos-da-natureza-nesta-segunda-feira\/3a96f24d-b13d-4de3-8c23-cecf752fa906\/\" data-orig-file=\"https:\/\/i0.wp.com\/blogdalucianaoliveira.com.br\/blog\/wp-content\/uploads\/2024\/06\/3a96f24d-b13d-4de3-8c23-cecf752fa906.jpeg?fit=1294%2C610\" data-orig-size=\"1294,610\" data-comments-opened=\"0\" data-image-meta=\"{&quot;aperture&quot;:&quot;0&quot;,&quot;credit&quot;:&quot;&quot;,&quot;camera&quot;:&quot;&quot;,&quot;caption&quot;:&quot;&quot;,&quot;created_timestamp&quot;:&quot;1718110920&quot;,&quot;copyright&quot;:&quot;&quot;,&quot;focal_length&quot;:&quot;0&quot;,&quot;iso&quot;:&quot;0&quot;,&quot;shutter_speed&quot;:&quot;0&quot;,&quot;title&quot;:&quot;&quot;,&quot;orientation&quot;:&quot;1&quot;}\" data-image-title=\"3a96f24d-b13d-4de3-8c23-cecf752fa906\" data-image-description=\"\" data-image-caption=\"\" data-medium-file=\"https:\/\/i0.wp.com\/blogdalucianaoliveira.com.br\/blog\/wp-content\/uploads\/2024\/06\/3a96f24d-b13d-4de3-8c23-cecf752fa906.jpeg?fit=300%2C141\" data-large-file=\"https:\/\/i0.wp.com\/blogdalucianaoliveira.com.br\/blog\/wp-content\/uploads\/2024\/06\/3a96f24d-b13d-4de3-8c23-cecf752fa906.jpeg?fit=600%2C283\" class=\"alignnone size-full wp-image-35323\" src=\"https:\/\/i0.wp.com\/blogdalucianaoliveira.com.br\/blog\/wp-content\/uploads\/2024\/06\/3a96f24d-b13d-4de3-8c23-cecf752fa906.jpeg?resize=600%2C283\" alt=\"\" width=\"600\" height=\"283\" srcset=\"https:\/\/i0.wp.com\/blogdalucianaoliveira.com.br\/blog\/wp-content\/uploads\/2024\/06\/3a96f24d-b13d-4de3-8c23-cecf752fa906.jpeg?w=1294 1294w, https:\/\/i0.wp.com\/blogdalucianaoliveira.com.br\/blog\/wp-content\/uploads\/2024\/06\/3a96f24d-b13d-4de3-8c23-cecf752fa906.jpeg?resize=300%2C141 300w, https:\/\/i0.wp.com\/blogdalucianaoliveira.com.br\/blog\/wp-content\/uploads\/2024\/06\/3a96f24d-b13d-4de3-8c23-cecf752fa906.jpeg?resize=1024%2C483 1024w, https:\/\/i0.wp.com\/blogdalucianaoliveira.com.br\/blog\/wp-content\/uploads\/2024\/06\/3a96f24d-b13d-4de3-8c23-cecf752fa906.jpeg?resize=768%2C362 768w, https:\/\/i0.wp.com\/blogdalucianaoliveira.com.br\/blog\/wp-content\/uploads\/2024\/06\/3a96f24d-b13d-4de3-8c23-cecf752fa906.jpeg?resize=636%2C300 636w, https:\/\/i0.wp.com\/blogdalucianaoliveira.com.br\/blog\/wp-content\/uploads\/2024\/06\/3a96f24d-b13d-4de3-8c23-cecf752fa906.jpeg?w=1200 1200w\" sizes=\"auto, (max-width: 600px) 100vw, 600px\" \/><\/p>\n<p>O Grupo de Estudos, Pesquisa e Extens\u00e3o sobre Estado e Territ\u00f3rios na Fronteira Amaz\u00f4nica (GEPE-Front) convida toda a comunidade acad\u00eamica para o Semin\u00e1rio Direitos da Natureza: a Amaz\u00f4nia e o rio Lage como sujeitos de direitos na fronteira Brasil-Bol\u00edvia.<!--more--><\/p>\n<p>Essa iniciativa tem como objetivo ampliar os espa\u00e7os de discuss\u00e3o acerca da natureza como um ente digno de direitos, frente ao contexto de um novo ciclo de grandes projetos de desenvolvimento para a fronteira sul-ocidental amaz\u00f4nica, que, por sua vez, tem provocado um conjunto de amea\u00e7as aos territ\u00f3rios, aos povos e \u00e0s florestas e rios pertencentes a essas localidades. Como forma de enriquecer o debate, a Dra. Vanessa Hasson de Oliveira, pesquisadora e advogada especializada na \u00e1rea dos Direitos da Natureza, autora do livro rec\u00e9m publicado que leva o mesmo t\u00edtulo, que ir\u00e1 abordar a experi\u00eancia da inclus\u00e3o do rio Lage como sujeito de direitos no munic\u00edpio de Guajar\u00e1-Mirim, Rond\u00f4nia, na fronteira com a Bol\u00edvia.<\/p>\n<p><img data-recalc-dims=\"1\" loading=\"lazy\" decoding=\"async\" data-attachment-id=\"35324\" data-permalink=\"http:\/\/blogdalucianaoliveira.com.br\/blog\/2024\/06\/16\/unir-tera-seminario-sobre-direitos-da-natureza-nesta-segunda-feira\/c89eaea5-f5c7-4509-8297-93820d8a3eff\/\" data-orig-file=\"https:\/\/i0.wp.com\/blogdalucianaoliveira.com.br\/blog\/wp-content\/uploads\/2024\/06\/c89eaea5-f5c7-4509-8297-93820d8a3eff.jpeg?fit=1002%2C1600\" data-orig-size=\"1002,1600\" data-comments-opened=\"0\" data-image-meta=\"{&quot;aperture&quot;:&quot;0&quot;,&quot;credit&quot;:&quot;&quot;,&quot;camera&quot;:&quot;&quot;,&quot;caption&quot;:&quot;&quot;,&quot;created_timestamp&quot;:&quot;1718110938&quot;,&quot;copyright&quot;:&quot;&quot;,&quot;focal_length&quot;:&quot;0&quot;,&quot;iso&quot;:&quot;0&quot;,&quot;shutter_speed&quot;:&quot;0&quot;,&quot;title&quot;:&quot;&quot;,&quot;orientation&quot;:&quot;1&quot;}\" data-image-title=\"c89eaea5-f5c7-4509-8297-93820d8a3eff\" data-image-description=\"\" data-image-caption=\"\" data-medium-file=\"https:\/\/i0.wp.com\/blogdalucianaoliveira.com.br\/blog\/wp-content\/uploads\/2024\/06\/c89eaea5-f5c7-4509-8297-93820d8a3eff.jpeg?fit=188%2C300\" data-large-file=\"https:\/\/i0.wp.com\/blogdalucianaoliveira.com.br\/blog\/wp-content\/uploads\/2024\/06\/c89eaea5-f5c7-4509-8297-93820d8a3eff.jpeg?fit=600%2C959\" class=\"alignnone size-full wp-image-35324\" src=\"https:\/\/i0.wp.com\/blogdalucianaoliveira.com.br\/blog\/wp-content\/uploads\/2024\/06\/c89eaea5-f5c7-4509-8297-93820d8a3eff.jpeg?resize=600%2C958\" alt=\"\" width=\"600\" height=\"958\" srcset=\"https:\/\/i0.wp.com\/blogdalucianaoliveira.com.br\/blog\/wp-content\/uploads\/2024\/06\/c89eaea5-f5c7-4509-8297-93820d8a3eff.jpeg?w=1002 1002w, https:\/\/i0.wp.com\/blogdalucianaoliveira.com.br\/blog\/wp-content\/uploads\/2024\/06\/c89eaea5-f5c7-4509-8297-93820d8a3eff.jpeg?resize=188%2C300 188w, https:\/\/i0.wp.com\/blogdalucianaoliveira.com.br\/blog\/wp-content\/uploads\/2024\/06\/c89eaea5-f5c7-4509-8297-93820d8a3eff.jpeg?resize=641%2C1024 641w, https:\/\/i0.wp.com\/blogdalucianaoliveira.com.br\/blog\/wp-content\/uploads\/2024\/06\/c89eaea5-f5c7-4509-8297-93820d8a3eff.jpeg?resize=768%2C1226 768w, https:\/\/i0.wp.com\/blogdalucianaoliveira.com.br\/blog\/wp-content\/uploads\/2024\/06\/c89eaea5-f5c7-4509-8297-93820d8a3eff.jpeg?resize=962%2C1536 962w\" sizes=\"auto, (max-width: 600px) 100vw, 600px\" \/><\/p>\n<p>Informa\u00e7\u00f5es<\/p>\n<p>*Data:* 17\/06\/2024 (segunda-feira)<br \/>\n*Hor\u00e1rio:* 18h<br \/>\n*Local:* Unir Centro<br \/>\n*Endere\u00e7o:* Av. Pres. Dutra, 2965, bairro Olaria.<\/p>\n<p>*Expositores:*<br \/>\n&#8211; Dra. Vanessa Hasson de Oliveira (Diretora da OSCIP MAPAS)<br \/>\n&#8211; Me. Iremar Antonio Ferreira (Coordenador do Instituto Madeira Vivo)<br \/>\n&#8211; Prof. Dr. Ricardo Gilson da Costa Silva (Docente do DAG\/PPGG\/UNIR, Coordenador do GTGA\/UNIR)<\/p>\n<p>*Media\u00e7\u00e3o:* Prof.\u00aa Dra. Luciana Ri\u00e7a Mour\u00e3o Borges (Docente do DAG\/PPGG\/UNIR, Coordenadora do GEPE-Front\/GEOPPAN)<\/p>\n<p>*Link para inscri\u00e7\u00e3o:* <a href=\"https:\/\/www.even3.com.br\/seminario-direitos-da-natureza-a-amazonia-e-o-rio-lage-como-sujeitos-de-direitos-na-fronteira-brasil-bolivia-467495\">https:\/\/www.even3.com.br\/seminario-direitos-da-natureza-a-amazonia-e-o-rio-lage-como-sujeitos-de-direitos-na-fronteira-brasil-bolivia-467495<\/a><\/p>\n","protected":false},"excerpt":{"rendered":"<p>O Grupo de Estudos, Pesquisa e Extens\u00e3o sobre Estado e Territ\u00f3rios na Fronteira Amaz\u00f4nica (GEPE-Front) convida toda a comunidade acad\u00eamica para o Semin\u00e1rio Direitos da Natureza: a Amaz\u00f4nia e o rio Lage como sujeitos de direitos na fronteira Brasil-Bol\u00edvia.<\/p>\n","protected":false},"author":1,"featured_media":0,"comment_status":"closed","ping_status":"open","sticky":false,"template":"","format":"standard","meta":{"_exactmetrics_skip_tracking":false,"_exactmetrics_sitenote_active":false,"_exactmetrics_sitenote_note":"","_exactmetrics_sitenote_category":0,"jetpack_post_was_ever_published":false,"_jetpack_newsletter_access":"","_jetpack_dont_email_post_to_subs":false,"_jetpack_newsletter_tier_id":0,"_jetpack_memberships_contains_paywalled_content":false,"_jetpack_memberships_contains_paid_content":false,"footnotes":"","jetpack_publicize_message":"","jetpack_publicize_feature_enabled":true,"jetpack_social_post_already_shared":true,"jetpack_social_options":{"image_generator_settings":{"template":"highway","enabled":false},"version":2}},"categories":[1],"tags":[],"class_list":["post-35322","post","type-post","status-publish","format-standard","hentry","category-notas"],"jetpack_publicize_connections":[],"jetpack_sharing_enabled":true,"jetpack_featured_media_url":"","jetpack_shortlink":"https:\/\/wp.me\/p7wKYW-9bI","jetpack-related-posts":[],"_links":{"self":[{"href":"http:\/\/blogdalucianaoliveira.com.br\/blog\/wp-json\/wp\/v2\/posts\/35322","targetHints":{"allow":["GET"]}}],"collection":[{"href":"http:\/\/blogdalucianaoliveira.com.br\/blog\/wp-json\/wp\/v2\/posts"}],"about":[{"href":"http:\/\/blogdalucianaoliveira.com.br\/blog\/wp-json\/wp\/v2\/types\/post"}],"author":[{"embeddable":true,"href":"http:\/\/blogdalucianaoliveira.com.br\/blog\/wp-json\/wp\/v2\/users\/1"}],"replies":[{"embeddable":true,"href":"http:\/\/blogdalucianaoliveira.com.br\/blog\/wp-json\/wp\/v2\/comments?post=35322"}],"version-history":[{"count":1,"href":"http:\/\/blogdalucianaoliveira.com.br\/blog\/wp-json\/wp\/v2\/posts\/35322\/revisions"}],"predecessor-version":[{"id":35325,"href":"http:\/\/blogdalucianaoliveira.com.br\/blog\/wp-json\/wp\/v2\/posts\/35322\/revisions\/35325"}],"wp:attachment":[{"href":"http:\/\/blogdalucianaoliveira.com.br\/blog\/wp-json\/wp\/v2\/media?parent=35322"}],"wp:term":[{"taxonomy":"category","embeddable":true,"href":"http:\/\/blogdalucianaoliveira.com.br\/blog\/wp-json\/wp\/v2\/categories?post=35322"},{"taxonomy":"post_tag","embeddable":true,"href":"http:\/\/blogdalucianaoliveira.com.br\/blog\/wp-json\/wp\/v2\/tags?post=35322"}],"curies":[{"name":"wp","href":"https:\/\/api.w.org\/{rel}","templated":true}]}}