{"id":35342,"date":"2024-06-20T12:11:51","date_gmt":"2024-06-20T16:11:51","guid":{"rendered":"http:\/\/blogdalucianaoliveira.com.br\/blog\/?p=35342"},"modified":"2024-06-20T12:11:51","modified_gmt":"2024-06-20T16:11:51","slug":"o-brasil-tem-uma-epidemia-de-estupros-nao-de-abortos-afirma-de-assis-diniz-ao-criticar-o-pl-do-estupro","status":"publish","type":"post","link":"http:\/\/blogdalucianaoliveira.com.br\/blog\/2024\/06\/20\/o-brasil-tem-uma-epidemia-de-estupros-nao-de-abortos-afirma-de-assis-diniz-ao-criticar-o-pl-do-estupro\/","title":{"rendered":"\u201cO Brasil tem uma epidemia de estupros, n\u00e3o de abortos\u201d, afirma De Assis Diniz ao criticar o \u2018PL do Estupro"},"content":{"rendered":"<p><img data-recalc-dims=\"1\" loading=\"lazy\" decoding=\"async\" data-attachment-id=\"35343\" data-permalink=\"http:\/\/blogdalucianaoliveira.com.br\/blog\/2024\/06\/20\/o-brasil-tem-uma-epidemia-de-estupros-nao-de-abortos-afirma-de-assis-diniz-ao-criticar-o-pl-do-estupro\/img_5640\/\" data-orig-file=\"https:\/\/i0.wp.com\/blogdalucianaoliveira.com.br\/blog\/wp-content\/uploads\/2024\/06\/IMG_5640.jpeg?fit=1200%2C800\" data-orig-size=\"1200,800\" data-comments-opened=\"0\" data-image-meta=\"{&quot;aperture&quot;:&quot;0&quot;,&quot;credit&quot;:&quot;&quot;,&quot;camera&quot;:&quot;&quot;,&quot;caption&quot;:&quot;&quot;,&quot;created_timestamp&quot;:&quot;0&quot;,&quot;copyright&quot;:&quot;&quot;,&quot;focal_length&quot;:&quot;0&quot;,&quot;iso&quot;:&quot;0&quot;,&quot;shutter_speed&quot;:&quot;0&quot;,&quot;title&quot;:&quot;&quot;,&quot;orientation&quot;:&quot;0&quot;}\" data-image-title=\"IMG_5640\" data-image-description=\"\" data-image-caption=\"\" data-medium-file=\"https:\/\/i0.wp.com\/blogdalucianaoliveira.com.br\/blog\/wp-content\/uploads\/2024\/06\/IMG_5640.jpeg?fit=300%2C200\" data-large-file=\"https:\/\/i0.wp.com\/blogdalucianaoliveira.com.br\/blog\/wp-content\/uploads\/2024\/06\/IMG_5640.jpeg?fit=600%2C400\" class=\"alignnone size-full wp-image-35343\" src=\"https:\/\/i0.wp.com\/blogdalucianaoliveira.com.br\/blog\/wp-content\/uploads\/2024\/06\/IMG_5640.jpeg?resize=600%2C400\" alt=\"\" width=\"600\" height=\"400\" srcset=\"https:\/\/i0.wp.com\/blogdalucianaoliveira.com.br\/blog\/wp-content\/uploads\/2024\/06\/IMG_5640.jpeg?w=1200 1200w, https:\/\/i0.wp.com\/blogdalucianaoliveira.com.br\/blog\/wp-content\/uploads\/2024\/06\/IMG_5640.jpeg?resize=300%2C200 300w, https:\/\/i0.wp.com\/blogdalucianaoliveira.com.br\/blog\/wp-content\/uploads\/2024\/06\/IMG_5640.jpeg?resize=1024%2C683 1024w, https:\/\/i0.wp.com\/blogdalucianaoliveira.com.br\/blog\/wp-content\/uploads\/2024\/06\/IMG_5640.jpeg?resize=768%2C512 768w, https:\/\/i0.wp.com\/blogdalucianaoliveira.com.br\/blog\/wp-content\/uploads\/2024\/06\/IMG_5640.jpeg?resize=450%2C300 450w\" sizes=\"auto, (max-width: 600px) 100vw, 600px\" \/><\/p>\n<p>Por Deusdedit Neto &#8211; O l\u00edder do bloco governista na <strong>Assembleia Legislativa do Cear\u00e1 (Alece)<\/strong>, deputado estadual <strong>De Assis Diniz (PT)<\/strong>, manifestou forte oposi\u00e7\u00e3o, na manh\u00e3 desta quarta-feira, 19, \u00e0 tramita\u00e7\u00e3o em regime de urg\u00eancia do Projeto de Lei (PL 1904\/2024) \u2013 denominado de PL do Estupro \u2013 que equipara aborto a homic\u00eddio se realizado ap\u00f3s 22 semanas de gesta\u00e7\u00e3o, mesmo em casos de estupro, na <strong>C\u00e2mara dos Deputados<\/strong>.<!--more--><\/p>\n<p>\u201cN\u00e3o sou a favor do aborto. Mas este PL \u00e9 inaceit\u00e1vel, porque, se aprovado, vai criminalizar mulheres e crian\u00e7as v\u00edtimas de abuso sexual. Em 2023, segundo o Anu\u00e1rio Brasileiro de Seguran\u00e7a P\u00fablica, a cada 8 minutos uma menina ou uma mulher \u00e9 estuprada. E de cada 10 estupros, 6 foram cometidos contra crian\u00e7as entre 0 e 13 anos. Temos uma epidemia de estupros no Brasil, n\u00e3o de abortos. O aborto n\u00e3o \u00e9 um problema criminal. \u00c9 um problema de sa\u00fade p\u00fablica\u201d, destacou De Assis.<\/p>\n<p>Na quarta-feira, 12, a urg\u00eancia da propositura foi aprovada por vota\u00e7\u00e3o simb\u00f3lica em apenas 23 segundos. Atualmente, o aborto no Brasil \u00e9 permitido apenas em casos de estupro, se houver risco de vida para a m\u00e3e, ou se o feto for anenc\u00e9falo.<\/p>\n<p>Dados do Instituto AzMina, baseados em informa\u00e7\u00f5es do <strong>Minist\u00e9rio da Sa\u00fade<\/strong>, revelam que o <strong>Sistema \u00danico de Sa\u00fade (SUS)<\/strong> realizou, em m\u00e9dia, 1.800 abortos legais por ano entre 2015 e 2022. Paralelamente, 25 mil crian\u00e7as engravidam anualmente no Brasil.<\/p>\n<p>\u201c\u00c9 uma vergonha um senador cearense espetacularizar uma quest\u00e3o t\u00e3o grave como essa em plen\u00e1rio. Este PL, na pr\u00e1tica, vai criar situa\u00e7\u00f5es absurdas. Caso uma crian\u00e7a de 12 anos seja estuprada, fique gr\u00e1vida e interrompa a gravidez pode pegar de 6 a 20 anos de cadeia. O estuprador, segundo o C\u00f3digo Penal atual, pode pegar entre 8 e 15 anos de cadeia. Voc\u00ea acha isso razo\u00e1vel?\u201d, concluiu De Assis Diniz, criticando a postura do senador <strong>Eduardo Gir\u00e3o (Novo)<\/strong>.<\/p>\n","protected":false},"excerpt":{"rendered":"<p>Por Deusdedit Neto &#8211; O l\u00edder do bloco governista na Assembleia Legislativa do Cear\u00e1 (Alece), deputado estadual De Assis Diniz (PT), manifestou forte oposi\u00e7\u00e3o, na manh\u00e3 desta quarta-feira, 19, \u00e0 tramita\u00e7\u00e3o em regime de urg\u00eancia do Projeto de Lei (PL 1904\/2024) \u2013 denominado de PL do Estupro \u2013 que equipara aborto a homic\u00eddio se realizado&#8230;<a class=\"more-link\" href=\"http:\/\/blogdalucianaoliveira.com.br\/blog\/2024\/06\/20\/o-brasil-tem-uma-epidemia-de-estupros-nao-de-abortos-afirma-de-assis-diniz-ao-criticar-o-pl-do-estupro\/\">Continue a leitura <span class=\"meta-nav\">&raquo;<\/span><\/a><\/p>\n","protected":false},"author":1,"featured_media":0,"comment_status":"closed","ping_status":"open","sticky":false,"template":"","format":"standard","meta":{"_exactmetrics_skip_tracking":false,"_exactmetrics_sitenote_active":false,"_exactmetrics_sitenote_note":"","_exactmetrics_sitenote_category":0,"jetpack_post_was_ever_published":false,"_jetpack_newsletter_access":"","_jetpack_dont_email_post_to_subs":false,"_jetpack_newsletter_tier_id":0,"_jetpack_memberships_contains_paywalled_content":false,"_jetpack_memberships_contains_paid_content":false,"footnotes":"","jetpack_publicize_message":"","jetpack_publicize_feature_enabled":true,"jetpack_social_post_already_shared":true,"jetpack_social_options":{"image_generator_settings":{"template":"highway","enabled":false},"version":2}},"categories":[1],"tags":[96,87],"class_list":["post-35342","post","type-post","status-publish","format-standard","hentry","category-notas","tag-aborto","tag-estupro"],"jetpack_publicize_connections":[],"jetpack_sharing_enabled":true,"jetpack_featured_media_url":"","jetpack_shortlink":"https:\/\/wp.me\/p7wKYW-9c2","jetpack-related-posts":[],"_links":{"self":[{"href":"http:\/\/blogdalucianaoliveira.com.br\/blog\/wp-json\/wp\/v2\/posts\/35342","targetHints":{"allow":["GET"]}}],"collection":[{"href":"http:\/\/blogdalucianaoliveira.com.br\/blog\/wp-json\/wp\/v2\/posts"}],"about":[{"href":"http:\/\/blogdalucianaoliveira.com.br\/blog\/wp-json\/wp\/v2\/types\/post"}],"author":[{"embeddable":true,"href":"http:\/\/blogdalucianaoliveira.com.br\/blog\/wp-json\/wp\/v2\/users\/1"}],"replies":[{"embeddable":true,"href":"http:\/\/blogdalucianaoliveira.com.br\/blog\/wp-json\/wp\/v2\/comments?post=35342"}],"version-history":[{"count":1,"href":"http:\/\/blogdalucianaoliveira.com.br\/blog\/wp-json\/wp\/v2\/posts\/35342\/revisions"}],"predecessor-version":[{"id":35344,"href":"http:\/\/blogdalucianaoliveira.com.br\/blog\/wp-json\/wp\/v2\/posts\/35342\/revisions\/35344"}],"wp:attachment":[{"href":"http:\/\/blogdalucianaoliveira.com.br\/blog\/wp-json\/wp\/v2\/media?parent=35342"}],"wp:term":[{"taxonomy":"category","embeddable":true,"href":"http:\/\/blogdalucianaoliveira.com.br\/blog\/wp-json\/wp\/v2\/categories?post=35342"},{"taxonomy":"post_tag","embeddable":true,"href":"http:\/\/blogdalucianaoliveira.com.br\/blog\/wp-json\/wp\/v2\/tags?post=35342"}],"curies":[{"name":"wp","href":"https:\/\/api.w.org\/{rel}","templated":true}]}}