{"id":35346,"date":"2024-06-21T08:55:54","date_gmt":"2024-06-21T12:55:54","guid":{"rendered":"http:\/\/blogdalucianaoliveira.com.br\/blog\/?p=35346"},"modified":"2024-06-21T08:55:54","modified_gmt":"2024-06-21T12:55:54","slug":"rio-em-fluxo-o-impacto-das-mudancas-do-clima-na-amazonia","status":"publish","type":"post","link":"http:\/\/blogdalucianaoliveira.com.br\/blog\/2024\/06\/21\/rio-em-fluxo-o-impacto-das-mudancas-do-clima-na-amazonia\/","title":{"rendered":"Rio em fluxo: o impacto das mudan\u00e7as do clima na Amaz\u00f4nia"},"content":{"rendered":"<p><img data-recalc-dims=\"1\" loading=\"lazy\" decoding=\"async\" data-attachment-id=\"35348\" data-permalink=\"http:\/\/blogdalucianaoliveira.com.br\/blog\/2024\/06\/21\/rio-em-fluxo-o-impacto-das-mudancas-do-clima-na-amazonia\/images-3-2\/\" data-orig-file=\"https:\/\/i0.wp.com\/blogdalucianaoliveira.com.br\/blog\/wp-content\/uploads\/2024\/06\/images-3.jpeg?fit=259%2C194\" data-orig-size=\"259,194\" data-comments-opened=\"0\" data-image-meta=\"{&quot;aperture&quot;:&quot;0&quot;,&quot;credit&quot;:&quot;&quot;,&quot;camera&quot;:&quot;&quot;,&quot;caption&quot;:&quot;&quot;,&quot;created_timestamp&quot;:&quot;0&quot;,&quot;copyright&quot;:&quot;&quot;,&quot;focal_length&quot;:&quot;0&quot;,&quot;iso&quot;:&quot;0&quot;,&quot;shutter_speed&quot;:&quot;0&quot;,&quot;title&quot;:&quot;&quot;,&quot;orientation&quot;:&quot;0&quot;}\" data-image-title=\"images (3)\" data-image-description=\"\" data-image-caption=\"\" data-medium-file=\"https:\/\/i0.wp.com\/blogdalucianaoliveira.com.br\/blog\/wp-content\/uploads\/2024\/06\/images-3.jpeg?fit=259%2C194\" data-large-file=\"https:\/\/i0.wp.com\/blogdalucianaoliveira.com.br\/blog\/wp-content\/uploads\/2024\/06\/images-3.jpeg?fit=259%2C194\" class=\"alignnone  wp-image-35348\" src=\"https:\/\/i0.wp.com\/blogdalucianaoliveira.com.br\/blog\/wp-content\/uploads\/2024\/06\/images-3.jpeg?resize=416%2C362\" alt=\"\" width=\"416\" height=\"362\" \/><\/p>\n<div><\/div>\n<div class=\"newspack-post-subtitle\">Enquanto a m\u00e9dia da temperatura do planeta aumenta, as cidades da Amaz\u00f4nia brasileira sentem as esta\u00e7\u00f5es chuvosas e secas cada vez mais intensas, com amea\u00e7a \u00e0 seguran\u00e7a alimentar e \u00e0 pr\u00f3pria sobreviv\u00eancia de muitas comunidades ribeirinhas, al\u00e9m do aumento da mortalidade de peixes e botos.<\/div>\n<p><!--more--><\/p>\n<div class=\"entry-subhead\">\n<div class=\"entry-meta\">\n<div class=\"author-partner\"><span class=\"byline\"><strong>InfoAmazonia, Por <\/strong><span class=\"author vcard\"><strong>Daniel Grossman<\/strong> &#8211; <\/span><\/span>Jochen Sch\u00f6ngart move-se rapidamente entre as forma\u00e7\u00f5es rochosas e encostas do rio Amazonas, n\u00e3o muito longe do centro de Manaus, em uma curta viagem de barco. Ainda \u00e9 cedo em uma manh\u00e3 de outubro de 2023, mas o calor persistente cobre seu rosto de suor.<\/div>\n<div>\n<p class=\"has-normal-font-size\">\u201cOlha, um peda\u00e7o de cer\u00e2mica!\u201d, exclama, apontando para um caco desgastado preso entre as pedras, provavelmente uma rel\u00edquia de uma civiliza\u00e7\u00e3o anterior. N\u00e3o \u00e9 a \u00fanica. Agachando-se, Sch\u00f6ngart, cientista florestal do Instituto Nacional de Pesquisas da Amaz\u00f4nia (INPA), observa o leito do rio e as rochas a seus p\u00e9s.<\/p>\n<p class=\"has-normal-font-size\">Bem abaixo do n\u00edvel normal do rio para a \u00e9poca do ano, a pedra exibe rostos desenhados em tamanho natural,\u00a0<a href=\"https:\/\/www.ancient-origins.net\/news-history-archaeology\/petroglyphs-manaus-0019638\">uma esp\u00e9cie de galeria arqueol\u00f3gica talhada durante uma grande seca h\u00e1 1000 anos<\/a>. Agora, eles est\u00e3o expostos novamente por uma nova seca, a pior na hist\u00f3ria moderna da regi\u00e3o.<\/p>\n<figure class=\"wp-block-video aligncenter\"><video src=\"https:\/\/infoamazonia.org\/wp-content\/uploads\/2024\/06\/Rostos.mp4\" autoplay=\"autoplay\" loop=\"loop\" muted=\"\" width=\"300\" height=\"150\"><\/video><\/figure>\n<p class=\"has-dark-gray-color has-text-color has-link-color has-normal-font-size wp-elements-17f85975b830bbb99cb5affdd0a982ec\">\n<p class=\"has-dark-gray-color has-text-color has-link-color has-normal-font-size wp-elements-65d4ca80a8b50aaede6cfc034633cc24\">Nos 4 meses anteriores, apenas alguns mil\u00edmetros de chuva haviam ca\u00eddo na cidade de 2 milh\u00f5es de habitantes, localizada na conflu\u00eancia dos rios Negro e Amazonas. Normalmente, Manaus recebe cerca de meio metro de chuva durante o mesmo per\u00edodo. O rio Amazonas come\u00e7ou a baixar constantemente em junho, como acontece na maioria dos anos durante a esta\u00e7\u00e3o seca, mas, em meados de outubro, o medidor do porto registrou o\u00a0<a href=\"https:\/\/infoamazonia.org\/2023\/10\/26\/seca-deixa-comunidades-indigenas-isoladas-apos-vazante-historica-no-amazonas\/\">n\u00edvel mais baixo observado desde que os registros come\u00e7aram, em 1902<\/a>.<\/p>\n<p class=\"has-dark-gray-color has-text-color has-link-color has-normal-font-size wp-elements-0374cb9ad1bb455a6d15833dbc14f7b8\">Cargueiros vindos do oceano Atl\u00e2ntico \u2014 a principal fonte de suprimentos da cidade \u2014 foram bloqueados por bancos de areia. As f\u00e1bricas colocaram os trabalhadores de licen\u00e7a.<\/p>\n<p class=\"has-link-color has-normal-font-size wp-elements-76ebf62b4c32b1b60e6284c183fb779c\">Para piorar, a seca coincidiu com uma s\u00e9rie de ondas de calor prolongadas. Em setembro e outubro, as condi\u00e7\u00f5es meteorol\u00f3gicas no estado do Amazonas continuavam devastadoras e as temperaturas atingiam picos de 39\u00baC, 6 graus acima do padr\u00e3o hist\u00f3rico. \u00c1reas secas da floresta, incendiadas por fazendeiros, envolveram a cidade numa espessa e sufocante nuvem de fuma\u00e7a. Ent\u00e3o, no epis\u00f3dio mais inesperado da esta\u00e7\u00e3o, uma tempestade de areia varreu Manaus, bloqueando grande parte da luz solar em algumas regi\u00f5es.<\/p>\n<div class=\"wp-block-group alignfull\">\n<div class=\"wp-block-group__inner-container is-layout-constrained wp-block-group-is-layout-constrained\">\n<div class=\"wp-block-cover alignfull is-light\">\n<div class=\"wp-block-cover__inner-container is-layout-constrained wp-block-cover-is-layout-constrained\">\n<div class=\"wp-block-columns is-layout-flex wp-container-core-columns-is-layout-2 wp-block-columns-is-layout-flex\">\n<div class=\"wp-block-column is-layout-flow wp-block-column-is-layout-flow\"><\/div>\n<div class=\"wp-block-column is-layout-flow wp-block-column-is-layout-flow\">\n<p class=\"has-white-color has-text-color has-link-color wp-elements-c645e628e62f8fbab9d9726851472d16\">\n<\/div>\n<\/div>\n<\/div>\n<\/div>\n<\/div>\n<\/div>\n<p class=\"has-dark-gray-color has-text-color has-link-color has-normal-font-size wp-elements-7e4a146fce1eb7890fcb4384f1eabebd\">Seca, poeira e calor, no entanto, s\u00e3o somente a metade das mudan\u00e7as em curso no cora\u00e7\u00e3o da maior floresta \u00famida do planeta. As pesquisas de Sch\u00f6ngart e seus colaboradores sobre o rio Amazonas apontam que, por d\u00e9cadas, ao mesmo tempo que o n\u00edvel das \u00e1guas na esta\u00e7\u00e3o seca tem sido cada vez mais baixo, a esta\u00e7\u00e3o chuvosa est\u00e1 cada vez mais volumosa. Manaus tem experimentado inunda\u00e7\u00f5es severas mais frequentes nos anos recentes devido \u00e0s chuvas intensas ao longo de toda a bacia Amaz\u00f4nica, for\u00e7ando as autoridades a construir passarelas tempor\u00e1rias de madeira sobre as ruas da hist\u00f3rica avenida Beira-Mar.<\/p>\n<p class=\"has-dark-gray-color has-text-color has-link-color has-normal-font-size wp-elements-644584d688eb9636a465dd7d21720672\">Sch\u00f6ngart e outros pesquisadores acreditam que tais mudan\u00e7as tendem a ser intensificadas \u00e0 medida que o clima global passe a atingir temperaturas mais altas. A seca atual oferece um vislumbre sombrio dessas mudan\u00e7as, com mortandade de peixes e\u00a0<a href=\"https:\/\/infoamazonia.org\/2023\/10\/11\/as-perguntas-que-os-cientistas-tentam-responder-sobre-a-morte-dos-botos-no-amazonas\/\">botos<\/a>, e\u00a0<a href=\"https:\/\/infoamazonia.org\/2023\/10\/26\/seca-deixa-comunidades-indigenas-isoladas-apos-vazante-historica-no-amazonas\/\">amea\u00e7a a seguran\u00e7a alimentar<\/a>\u00a0e a pr\u00f3pria sobreviv\u00eancia de muitas comunidades ribeirinhas.<\/p>\n<figure class=\"wp-block-gallery alignfull has-nested-images columns-2 is-cropped wp-block-gallery-3 is-layout-flex wp-block-gallery-is-layout-flex\">\n<figure class=\"wp-block-image size-large\"><img data-recalc-dims=\"1\" loading=\"lazy\" decoding=\"async\" class=\"wp-image-186073\" src=\"https:\/\/i0.wp.com\/infoamazonia.org\/wp-content\/uploads\/2024\/06\/DGRIOEMFLUXOINFOAMAZONIA102X-1024x683.jpg?resize=600%2C400&#038;ssl=1\" sizes=\"auto, (max-width: 1024px) 100vw, 1024px\" srcset=\"https:\/\/infoamazonia.org\/wp-content\/uploads\/2024\/06\/DGRIOEMFLUXOINFOAMAZONIA102X-1024x683.jpg 1024w, https:\/\/infoamazonia.org\/wp-content\/uploads\/2024\/06\/DGRIOEMFLUXOINFOAMAZONIA102X-300x200.jpg 300w, https:\/\/infoamazonia.org\/wp-content\/uploads\/2024\/06\/DGRIOEMFLUXOINFOAMAZONIA102X-768x512.jpg 768w, https:\/\/infoamazonia.org\/wp-content\/uploads\/2024\/06\/DGRIOEMFLUXOINFOAMAZONIA102X-1536x1024.jpg 1536w, https:\/\/infoamazonia.org\/wp-content\/uploads\/2024\/06\/DGRIOEMFLUXOINFOAMAZONIA102X-2048x1365.jpg 2048w, https:\/\/infoamazonia.org\/wp-content\/uploads\/2024\/06\/DGRIOEMFLUXOINFOAMAZONIA102X-1200x800.jpg 1200w, https:\/\/infoamazonia.org\/wp-content\/uploads\/2024\/06\/DGRIOEMFLUXOINFOAMAZONIA102X-1568x1045.jpg 1568w, https:\/\/infoamazonia.org\/wp-content\/uploads\/2024\/06\/DGRIOEMFLUXOINFOAMAZONIA102X-400x267.jpg 400w\" alt=\"\" width=\"600\" height=\"400\" data-id=\"186073\" \/><\/figure>\n<figure class=\"wp-block-image size-large\"><img data-recalc-dims=\"1\" loading=\"lazy\" decoding=\"async\" class=\"wp-image-186076\" src=\"https:\/\/i0.wp.com\/infoamazonia.org\/wp-content\/uploads\/2024\/06\/DGRIOEMFLUXOINFOAMAZONIA104X-1024x683.jpg?resize=600%2C400&#038;ssl=1\" sizes=\"auto, (max-width: 1024px) 100vw, 1024px\" srcset=\"https:\/\/infoamazonia.org\/wp-content\/uploads\/2024\/06\/DGRIOEMFLUXOINFOAMAZONIA104X-1024x683.jpg 1024w, https:\/\/infoamazonia.org\/wp-content\/uploads\/2024\/06\/DGRIOEMFLUXOINFOAMAZONIA104X-300x200.jpg 300w, https:\/\/infoamazonia.org\/wp-content\/uploads\/2024\/06\/DGRIOEMFLUXOINFOAMAZONIA104X-768x512.jpg 768w, https:\/\/infoamazonia.org\/wp-content\/uploads\/2024\/06\/DGRIOEMFLUXOINFOAMAZONIA104X-1536x1024.jpg 1536w, https:\/\/infoamazonia.org\/wp-content\/uploads\/2024\/06\/DGRIOEMFLUXOINFOAMAZONIA104X-2048x1365.jpg 2048w, https:\/\/infoamazonia.org\/wp-content\/uploads\/2024\/06\/DGRIOEMFLUXOINFOAMAZONIA104X-1200x800.jpg 1200w, https:\/\/infoamazonia.org\/wp-content\/uploads\/2024\/06\/DGRIOEMFLUXOINFOAMAZONIA104X-1568x1045.jpg 1568w, https:\/\/infoamazonia.org\/wp-content\/uploads\/2024\/06\/DGRIOEMFLUXOINFOAMAZONIA104X-400x267.jpg 400w\" alt=\"\" width=\"600\" height=\"400\" data-id=\"186076\" \/><figcaption class=\"wp-element-caption\">\n<\/figcaption><\/figure><figcaption class=\"blocks-gallery-caption wp-element-caption\">\u00c0 esquerda, grupo de estivadores \u00e9 transportado ap\u00f3s um dia de trabalho no porto improvisado junto ao leito ressecado do Lago Tef\u00e9. \u00c0 direita, garoto descansa ao lado de pacotes para entregas, incluindo um filtro de \u00e1gua, das margens de Tef\u00e9 para comunidades do interior no estado do Amazonas, que enfrentavam secas severas em setembro de 2023. Fotos: Dado Galdieri\/Hilaea Media<\/figcaption><\/figure>\n<p class=\"has-link-color has-normal-font-size wp-elements-06bdda3f44b3aaba788961c7e81f7de2\">Se a combina\u00e7\u00e3o de n\u00edveis de cheia e vazante cada vez mais extremos se tornar a regra, as ramifica\u00e7\u00f5es desse novo regime podem se estender por toda a bacia Amaz\u00f4nica e al\u00e9m dela, amea\u00e7ando a exist\u00eancia da floresta \u2013 que concentra grande parte da biodiversidade do planeta, influencia o clima regional e global, al\u00e9m de sustentar milh\u00f5es de pessoas.<\/p>\n<p>\u201cEstamos presenciando mudan\u00e7as massivas no ciclo hidrol\u00f3gico\u201d da bacia Amaz\u00f4nica, Sch\u00f6ngart pontua. A quest\u00e3o \u00e9, como ele diz, se o ecossistema e as pessoas podem se adaptar a isso.<\/p>\n<div class=\"wp-block-cover alignfull has-parallax\">\n<div class=\"wp-block-cover__image-background wp-image-184289 has-parallax\"><\/div>\n<div class=\"wp-block-cover__inner-container is-layout-constrained wp-block-cover-is-layout-constrained\">\n<div class=\"wp-block-columns is-layout-flex wp-container-core-columns-is-layout-3 wp-block-columns-is-layout-flex\">\n<div class=\"wp-block-column is-layout-flow wp-block-column-is-layout-flow\">\n<p id=\"block-727110b7-e0a2-4523-a413-89f3e6860312\" class=\"has-background has-normal-font-size\"><strong>Golfinhos sofrem com a seca<\/strong><\/p>\n<p>Tentando ganhar do ronco do motor de popa, Ayan Fleischmann grita ordens ao barqueiro de um bote que navega pelas \u00e1guas do lago Tef\u00e9, em outubro de 2023. Fleischmann \u00e9 hidrologista no Instituto Mamirau\u00e1, em Tef\u00e9, no Amazonas. A cidade de 70.000 habitantes fica \u00e0 beira do lago e o pesquisador est\u00e1 monitorando as condi\u00e7\u00f5es extremas na Amaz\u00f4nia central, 600 quil\u00f4metros rio acima de Manaus, em uma das regi\u00f5es mais afetadas pela seca.<\/p>\n<p>Navegamos at\u00e9 o que parece ser o resqu\u00edcio de uma cerca \u2014 um poste de madeira torto e esbranqui\u00e7ado, sobressaindo acima da superf\u00edcie do lago. Poucos suspeitavam que ele guardava uma esta\u00e7\u00e3o de monitoramento de temperatura. \u00c9 intencional, diz Fleischmann. \u201cColocamos nesse tipo de poste para que ningu\u00e9m ache que \u00e9 importante\u201d, diz ele, sorrindo.<\/p>\n<\/div>\n<div class=\"wp-block-column is-layout-flow wp-block-column-is-layout-flow\"><\/div>\n<div class=\"wp-block-column is-layout-flow wp-block-column-is-layout-flow\"><\/div>\n<\/div>\n<\/div>\n<\/div>\n<p class=\"has-dark-gray-color has-white-background-color has-text-color has-background has-link-color has-normal-font-size wp-elements-583ec0427eafa0ff8f7ae0b1e5135c91\">Ele agarra o poste sem gra\u00e7a e puxa um registrador de dados do tamanho de um rel\u00f3gio de pulso, amarrado a um peda\u00e7o de barbante. A temperatura m\u00e9dia da \u00e1gua para esta \u00e9poca do ano \u00e9 de 30\u00b0C, mas o sensor recentemente registrou um pico de 39,1\u00b0C. Fleischmann diz que as partes mais rasas do lago podem ter atingido 41\u00b0C no final de setembro. O ar em outubro tamb\u00e9m estava quente, cerca de 1,5\u00b0C acima da m\u00e9dia. Ao mesmo tempo, a seca reduziu o lago; at\u00e9 o final do m\u00eas, a superf\u00edcie do lago Tef\u00e9 ainda iria diminuir 6,5 metros abaixo da m\u00e9dia anual. Combinados, o n\u00edvel extremamente baixo d\u2019 \u00e1gua e a alta temperatura do ar cobraram um pre\u00e7o mortal \u00e0 vida da floresta.<\/p>\n<p>N\u00e3o muito longe do sensor de Fleischmann, quatro figuras agachadas deslizam ao longo da margem do lago Tef\u00e9 em uma voadeira, com os rostos cobertos por m\u00e1scaras cir\u00fargicas. Encalham o barco em um banco de lama e carregam para a terra um pacote envolto em uma lona azul. Ao desenrol\u00e1-lo em uma tenda que serve como uma sala cir\u00fargica improvisada na margem do rio, um golfinho morto cai sobre a mesa de disseca\u00e7\u00e3o de metal. O cheiro de carne podre exala do cad\u00e1ver descascado e descolorido. Meia d\u00fazia de pessoas que relaxavam \u00e0 sombra da barraca se apressam para vestir trajes Tyvek, luvas de borracha e m\u00e1scaras.<\/p>\n<div class=\"wp-block-image\">\n<figure class=\"aligncenter size-full is-resized\"><img data-recalc-dims=\"1\" loading=\"lazy\" decoding=\"async\" class=\"wp-image-184739\" src=\"https:\/\/i0.wp.com\/infoamazonia.org\/wp-content\/uploads\/2024\/06\/DGRIOEMFLUXOINFOAMAZONIA108X-scaled.jpg?resize=600%2C400&#038;ssl=1\" sizes=\"auto, (max-width: 2560px) 100vw, 2560px\" srcset=\"https:\/\/infoamazonia.org\/wp-content\/uploads\/2024\/06\/DGRIOEMFLUXOINFOAMAZONIA108X-scaled.jpg 2560w, https:\/\/infoamazonia.org\/wp-content\/uploads\/2024\/06\/DGRIOEMFLUXOINFOAMAZONIA108X-300x200.jpg 300w, https:\/\/infoamazonia.org\/wp-content\/uploads\/2024\/06\/DGRIOEMFLUXOINFOAMAZONIA108X-1024x683.jpg 1024w, https:\/\/infoamazonia.org\/wp-content\/uploads\/2024\/06\/DGRIOEMFLUXOINFOAMAZONIA108X-768x512.jpg 768w, https:\/\/infoamazonia.org\/wp-content\/uploads\/2024\/06\/DGRIOEMFLUXOINFOAMAZONIA108X-1536x1024.jpg 1536w, https:\/\/infoamazonia.org\/wp-content\/uploads\/2024\/06\/DGRIOEMFLUXOINFOAMAZONIA108X-2048x1365.jpg 2048w, https:\/\/infoamazonia.org\/wp-content\/uploads\/2024\/06\/DGRIOEMFLUXOINFOAMAZONIA108X-1200x800.jpg 1200w, https:\/\/infoamazonia.org\/wp-content\/uploads\/2024\/06\/DGRIOEMFLUXOINFOAMAZONIA108X-1568x1045.jpg 1568w, https:\/\/infoamazonia.org\/wp-content\/uploads\/2024\/06\/DGRIOEMFLUXOINFOAMAZONIA108X-400x267.jpg 400w\" alt=\"\" width=\"600\" height=\"400\" \/><figcaption class=\"wp-element-caption\">Uma equipe de pesquisadores e veterin\u00e1rios do Instituto Mamirau\u00e1 atende ao corpo de um Tucuxi morto, uma esp\u00e9cie de golfinho de rio, em Tef\u00e9, no estado do Amazonas. Foto: Dado Galdieri\/Hilaea Media<\/figcaption><\/figure>\n<\/div>\n<p class=\"has-dark-gray-color has-text-color has-link-color has-normal-font-size wp-elements-05fa181ca402d531e5d67c73d1bc77d1\">Uma delas, Mariana Lobato, pesquisadora no Mamirau\u00e1, diz que o mam\u00edfero \u00e9 uma f\u00eamea de tucuxi (<em>Sotalia fluviatilis<\/em>), a menor das duas esp\u00e9cies de golfinhos de \u00e1gua doce que vivem na regi\u00e3o. Provavelmente, est\u00e1 em decomposi\u00e7\u00e3o h\u00e1 um ou dois dias, ela diz. Lobato pega um bisturi e corta o abd\u00f4men do animal. \u201cEstamos medindo a gordura\u201d, diz, apontando para uma camada castanha t\u00e3o grossa quanto seu polegar. Abundante, indica que este tucuxi n\u00e3o morreu de fome. Ela e seus colegas cortam mais fundo, retirando peda\u00e7os do pulm\u00e3o, c\u00e9rebro e outros \u00f3rg\u00e3os para estudos posteriores.<\/p>\n<p class=\"has-dark-gray-color has-text-color has-link-color has-normal-font-size wp-elements-eddf6f2f541cfc46676438dadb945faf\">Os corpos dos golfinhos come\u00e7aram a aparecer no final de setembro, lembra a ocean\u00f3grafa Miriam Marmontel, que lidera o grupo de estudos de mam\u00edferos aqu\u00e1ticos do Mamirau\u00e1. A partir de informa\u00e7\u00f5es dos barqueiros, a equipe retirou 19 carca\u00e7as do lago. Nos dias seguintes, Marmontel diz, seus trabalhadores descobriram golfinhos \u201cem agonia, girando no mesmo lugar e incapazes de mergulhar\u201d.<\/p>\n<p>Eles morreram r\u00e1pido.<\/p>\n<p class=\"has-dark-gray-color has-text-color has-link-color has-normal-font-size wp-elements-033f544cad26033670126cfb780cf69d\">Em 28 de setembro, o dia em que o sensor de Fleischmann registrou o recorde de calor, foram descobertos mais 70 corpos. Ao todo, foram coletados mais de 200 botos mortos, incluindo as duas esp\u00e9cies locais \u2014 cerca de 15% da popula\u00e7\u00e3o do lago \u2014 no per\u00edodo de algumas semanas. \u201cFoi algo que nunca poder\u00edamos esperar. Realmente foi um golpe duro\u201d, diz Marmontel.<\/p>\n<div class=\"wp-block-cover alignfull has-parallax\">\n<div class=\"wp-block-cover__image-background wp-image-184715 has-parallax\"><\/div>\n<div class=\"wp-block-cover__inner-container is-layout-constrained wp-block-cover-is-layout-constrained\">\n<div class=\"wp-block-columns is-layout-flex wp-container-core-columns-is-layout-4 wp-block-columns-is-layout-flex\">\n<div class=\"wp-block-column is-layout-flow wp-block-column-is-layout-flow\"><\/div>\n<div class=\"wp-block-column is-layout-flow wp-block-column-is-layout-flow\">\n<p class=\"has-white-color has-text-color has-link-color wp-elements-c645e628e62f8fbab9d9726851472d16\">\n<p class=\"has-white-color has-text-color has-link-color wp-elements-c645e628e62f8fbab9d9726851472d16\">\n<\/div>\n<div class=\"wp-block-column is-layout-flow wp-block-column-is-layout-flow\">\n<figure class=\"wp-block-pullquote alignwide has-text-align-left is-style-jeo has-white-color has-text-color has-link-color wp-elements-461bf081ffa6ac6d61e5f1511f723165\">\n<blockquote><p>Foi algo que nunca<br \/>\npoder\u00edamos esperar.<br \/>\nRealmente foi um golpe duro.<\/p>\n<p><cite>Miriam Marmontel, ocean\u00f3grafa<\/cite><\/p><\/blockquote>\n<\/figure>\n<\/div>\n<\/div>\n<\/div>\n<\/div>\n<p class=\"has-dark-gray-color has-text-color has-link-color has-normal-font-size wp-elements-063a7f37579e2d3c30e6b69a4daa20d4\">Os recordes de temperatura na \u00e1gua eram os suspeitos mais \u00f3bvios da calamidade, mas Marmontel e sua equipe ainda assim conduziram mais de 100 necropsias para tentar eliminar outras possibilidades. Nenhuma evid\u00eancia de doen\u00e7as infecciosas ou mesmo de uma toxina foi encontrada. \u201cAcreditamos que o maior culpado aqui \u00e9 realmente a mudan\u00e7a clim\u00e1tica\u201d. Isso, segundo Marmontel, \u00e9 preocupante, j\u00e1 que seria a \u00fanica causa sem uma solu\u00e7\u00e3o local.<\/p>\n<p class=\"has-dark-gray-color has-text-color has-link-color has-normal-font-size wp-elements-ef4dc8d7b700891f3d9a7d6cfe7861b6\">No mesmo dia infernal de setembro, cardumes de peixes mortos cobriram largas extens\u00f5es da superf\u00edcie do lago Tef\u00e9 \u2013 provavelmente v\u00edtimas do calor intenso. Um time de pesquisadores do INPA demonstrou que peixes amaz\u00f4nicos n\u00e3o toleram temperaturas acima de 35 a 37\u00baC. \u201cQualquer coisa acima disso \u00e9 inadmiss\u00edvel\u201d, pontua Alexandre Pucci Cercos, l\u00edder do grupo de pesquisa em ecologia e biologia de peixes do Instituto Mamirau\u00e1. \u201cUm grau a mais pode n\u00e3o parecer muito, mas faz uma enorme diferen\u00e7a. Hoje, o lago Tef\u00e9 tem dezenas de esp\u00e9cies de peixe. Mas, como j\u00e1 foi dito, se essas condi\u00e7\u00f5es desfavor\u00e1veis se tornam mais frequentes, algumas esp\u00e9cies migrar\u00e3o e outras ser\u00e3o extintas\u201d.<\/p>\n<div class=\"wp-block-cover alignfull is-light\">\n<div class=\"wp-block-cover__inner-container is-layout-constrained wp-block-cover-is-layout-constrained\">\n<div class=\"wp-block-columns alignwide is-layout-flex wp-container-core-columns-is-layout-5 wp-block-columns-is-layout-flex\">\n<div class=\"wp-block-column is-vertically-aligned-stretch is-layout-flow wp-block-column-is-layout-flow\">\n<figure class=\"wp-block-image alignwide size-full\"><img data-recalc-dims=\"1\" loading=\"lazy\" decoding=\"async\" class=\"wp-image-186085\" src=\"https:\/\/i0.wp.com\/infoamazonia.org\/wp-content\/uploads\/2024\/06\/DGRIOEMFLUXOINFOAMAZONIA121X-scaled.jpg?resize=600%2C338&#038;ssl=1\" sizes=\"auto, (max-width: 2560px) 100vw, 2560px\" srcset=\"https:\/\/infoamazonia.org\/wp-content\/uploads\/2024\/06\/DGRIOEMFLUXOINFOAMAZONIA121X-scaled.jpg 2560w, https:\/\/infoamazonia.org\/wp-content\/uploads\/2024\/06\/DGRIOEMFLUXOINFOAMAZONIA121X-300x169.jpg 300w, https:\/\/infoamazonia.org\/wp-content\/uploads\/2024\/06\/DGRIOEMFLUXOINFOAMAZONIA121X-1024x576.jpg 1024w, https:\/\/infoamazonia.org\/wp-content\/uploads\/2024\/06\/DGRIOEMFLUXOINFOAMAZONIA121X-768x432.jpg 768w, https:\/\/infoamazonia.org\/wp-content\/uploads\/2024\/06\/DGRIOEMFLUXOINFOAMAZONIA121X-1536x864.jpg 1536w, https:\/\/infoamazonia.org\/wp-content\/uploads\/2024\/06\/DGRIOEMFLUXOINFOAMAZONIA121X-2048x1152.jpg 2048w, https:\/\/infoamazonia.org\/wp-content\/uploads\/2024\/06\/DGRIOEMFLUXOINFOAMAZONIA121X-1200x675.jpg 1200w, https:\/\/infoamazonia.org\/wp-content\/uploads\/2024\/06\/DGRIOEMFLUXOINFOAMAZONIA121X-1568x882.jpg 1568w, https:\/\/infoamazonia.org\/wp-content\/uploads\/2024\/06\/DGRIOEMFLUXOINFOAMAZONIA121X-400x225.jpg 400w\" alt=\"\" width=\"600\" height=\"338\" \/><figcaption class=\"wp-element-caption\">Duas meninas brincam nos pequenos lagos deixados pelas \u00e1guas recuadas, enquanto seu pai, Jair Oliveira se dedica \u00e0 pesca nas proximidades, perto de Porto Praia, no Amazonas, em outubro de 2023. Foto: Dado Galdieri\/Hilaea Media<\/figcaption><\/figure>\n<\/div>\n<div class=\"wp-block-column is-vertically-aligned-stretch is-layout-flow wp-block-column-is-layout-flow\">\n<figure class=\"wp-block-pullquote alignwide has-text-align-center is-style-jeo has-dark-gray-color has-text-color has-link-color has-small-font-size wp-elements-fb7468274f336df05462c424e6e55a37\">\n<blockquote><p>Um grau a mais pode n\u00e3o parecer muito, mas faz uma enorme diferen\u00e7a. Hoje, o lago Tef\u00e9 tem dezenas de esp\u00e9cies de peixe. Mas, como j\u00e1 foi dito, se essas condi\u00e7\u00f5es desfavor\u00e1veis se tornam mais frequentes, algumas esp\u00e9cies migrar\u00e3o e outras ser\u00e3o extintas.<\/p>\n<p><cite>Alexandre Pucci Cercos, pesquisador Instituto Mamirau\u00e1<\/cite><\/p><\/blockquote>\n<\/figure>\n<\/div>\n<\/div>\n<\/div>\n<\/div>\n<h2 id=\"h-um-problema-que-nao-e-isolado\" class=\"wp-block-heading\"><strong>Um problema que n\u00e3o \u00e9 isolado<\/strong><\/h2>\n<p class=\"has-dark-gray-color has-text-color has-link-color has-normal-font-size wp-elements-73be9205558f25f21f11df448f665591\">Manaus e Tef\u00e9 n\u00e3o s\u00e3o anomalias. O n\u00edvel dos rios da bacia Amaz\u00f4nica caiu dramaticamente na maioria dos lugares e secou completamente em setembro e outubro, diz Jos\u00e9 Marengo, cientista do clima no Centro Nacional de Monitoramento e Alerta de Desastres Naturais (Cemaden). O calor abafou 60% da floresta, com eleva\u00e7\u00e3o de temperatura oscilando entre 2 e 5\u00baC acima das m\u00e9dias hist\u00f3ricas.<\/p>\n<p class=\"has-dark-gray-color has-text-color has-link-color has-normal-font-size wp-elements-adea8399f333e6f1619bf8df7b85c1c8\">As causas imediatas, segundo os cientistas, est\u00e3o, no entanto, a milhares de quil\u00f4metros dali, nas correntes de \u00e1gua anormalmente aquecidas, nos oceanos Pac\u00edfico e Atl\u00e2ntico.Uma influ\u00eancia bem estabelecida sobre a temperatura e a precipita\u00e7\u00e3o na Amaz\u00f4nia \u00e9 a Oscila\u00e7\u00e3o Sul-El Ni\u00f1o, uma flutua\u00e7\u00e3o c\u00edclica nas temperaturas superficiais no oceano Pac\u00edfico equatorial central e oriental. Em sua fase quente, o El Ni\u00f1o esquenta essas regi\u00f5es mais do que o normal, criando zonas de baixa press\u00e3o na atmosfera superior, que desviam o ar \u00famido respons\u00e1vel pela chuva de seus caminhos normais \u2014 e, frequentemente, para longe da Amaz\u00f4nia. O\u00a0<a href=\"https:\/\/infoamazonia.org\/2023\/07\/20\/formacao-de-el-nino-deixa-cientistas-e-autoridades-em-alerta-na-amazonia\/\" target=\"_blank\" rel=\"noreferrer noopener\">El Ni\u00f1o, que come\u00e7ou em 2023<\/a>, apareceu de forma incomum e \u00e9 previsto para ser um dos mais fortes j\u00e1 registrados at\u00e9 o seu t\u00e9rmino.<\/p>\n<div class=\"wp-block-cover alignwide is-light\">\n<div class=\"wp-block-cover__inner-container is-layout-constrained wp-block-cover-is-layout-constrained\">\n<div class=\"wp-block-columns is-layout-flex wp-container-core-columns-is-layout-6 wp-block-columns-is-layout-flex\">\n<div class=\"wp-block-column is-layout-flow wp-block-column-is-layout-flow\"><\/div>\n<\/div>\n<div class=\"wp-block-image\">\n<figure class=\"aligncenter size-full is-resized\"><img data-recalc-dims=\"1\" loading=\"lazy\" decoding=\"async\" class=\"wp-image-184798\" src=\"https:\/\/i0.wp.com\/infoamazonia.org\/wp-content\/uploads\/2024\/06\/0216_NF_AmazonBasin_reuse_CB-1.jpg?resize=600%2C1179&#038;ssl=1\" sizes=\"auto, (max-width: 954px) 100vw, 954px\" srcset=\"https:\/\/infoamazonia.org\/wp-content\/uploads\/2024\/06\/0216_NF_AmazonBasin_reuse_CB-1.jpg 954w, https:\/\/infoamazonia.org\/wp-content\/uploads\/2024\/06\/0216_NF_AmazonBasin_reuse_CB-1-153x300.jpg 153w, https:\/\/infoamazonia.org\/wp-content\/uploads\/2024\/06\/0216_NF_AmazonBasin_reuse_CB-1-521x1024.jpg 521w, https:\/\/infoamazonia.org\/wp-content\/uploads\/2024\/06\/0216_NF_AmazonBasin_reuse_CB-1-768x1509.jpg 768w, https:\/\/infoamazonia.org\/wp-content\/uploads\/2024\/06\/0216_NF_AmazonBasin_reuse_CB-1-782x1536.jpg 782w, https:\/\/infoamazonia.org\/wp-content\/uploads\/2024\/06\/0216_NF_AmazonBasin_reuse_CB-1-400x786.jpg 400w\" alt=\"\" width=\"600\" height=\"1179\" \/><figcaption class=\"wp-element-caption\">Gr\u00e1fico: Um futuro de Extremos, por D. AN-PHAM\/SCIENCE*<sup class=\"fn\" data-fn=\"d0c4ff90-23f7-465e-93f9-4ac9db0004e3\"><a id=\"d0c4ff90-23f7-465e-93f9-4ac9db0004e3-link\" href=\"https:\/\/infoamazonia.org\/2024\/06\/20\/rio-em-fluxo\/#d0c4ff90-23f7-465e-93f9-4ac9db0004e3\">1<\/a><\/sup><\/figcaption><\/figure>\n<\/div>\n<\/div>\n<\/div>\n<p class=\"has-normal-font-size\">Outro fator que influenciou a seca do ano passado foi o aquecimento at\u00edpico no Atl\u00e2ntico, logo ao norte da Linha do Equador, que, assim como o El Ni\u00f1o, desvia o ar \u00famido de sua rota e tem sido associado a secas anteriores na Amaz\u00f4nia. O\u00a0<a href=\"https:\/\/www.researchgate.net\/publication\/357187893_Amazon_Assessment_Report_2021\">Relat\u00f3rio de Avalia\u00e7\u00e3o da Amaz\u00f4nia 2021<\/a>, uma avalia\u00e7\u00e3o enciclop\u00e9dica da popula\u00e7\u00e3o, ecologia e clima da Amaz\u00f4nia, aponta que, das 15 megassecas registradas entre 1906 e 2021, seis coincidiram com o El Ni\u00f1o e tr\u00eas com as \u00e1guas quentes do Atl\u00e2ntico Tropical Norte. Adicionando a seca de 2023, todas as quatro secas deste s\u00e9culo ocorreram quando ambas as regi\u00f5es oce\u00e2nicas estavam aquecidas.<\/p>\n<p class=\"has-normal-font-size\">A mudan\u00e7a clim\u00e1tica \u00e9 a principal suspeita pelas altera\u00e7\u00f5es observadas nas condi\u00e7\u00f5es oce\u00e2nicas que propiciam as secas, embora os mecanismos subjacentes ao seu papel n\u00e3o sejam claros. Algumas\u00a0<a href=\"https:\/\/www.science.org\/content\/article\/remote-pacific-island-clues-el-ninos-future-preserved-ancient-reefs\">pesquisas sugerem que o aquecimento global pode estar aumentando a intensidade e a frequ\u00eancia dos El Ni\u00f1os<\/a>. Al\u00e9m disso, o aumento mais amplo nas temperaturas oce\u00e2nicas causado pelo aquecimento global tamb\u00e9m pode estar contribuindo, criando um contexto para \u00e1reas an\u00f4malas de \u00e1gua mais quente no Atl\u00e2ntico e no Pac\u00edfico. As temperaturas m\u00e9dias da superf\u00edcie do mar global t\u00eam aumentado constantemente por mais de um s\u00e9culo, mas, em 2023, a m\u00e9dia global quebrou recordes anteriores em todos os meses a partir de abril, uma tend\u00eancia que continuou neste ano.<\/p>\n<p class=\"has-dark-gray-color has-text-color has-normal-font-size\">Um experimento de modelagem divulgado em janeiro pela World Weather Attribution, uma colabora\u00e7\u00e3o internacional de cientistas clim\u00e1ticos, descobriu que as mudan\u00e7as clim\u00e1ticas aumentaram em 10 vezes a probabilidade de precipita\u00e7\u00e3o observada na Bacia Amaz\u00f4nica em 2023. Seu impacto foi ainda maior na probabilidade de uma seca agr\u00edcola, na qual a baixa precipita\u00e7\u00e3o e as altas temperaturas combinam-se para ressecar o solo, estressando as planta\u00e7\u00f5es e as florestas ao mesmo tempo. A modelagem concluiu que as mudan\u00e7as clim\u00e1ticas aumentaram em 30 vezes a probabilidade de uma seca agr\u00edcola t\u00e3o profunda quanto a de 2023.<\/p>\n<p class=\"has-dark-gray-color has-text-color has-normal-font-size\">De maneira mais simples, a seca teria sido improv\u00e1vel se as mudan\u00e7as clim\u00e1ticas n\u00e3o tivessem aquecido o planeta. Marengo ainda n\u00e3o est\u00e1 pronto para dizer que a seca foi causada pelas mudan\u00e7as clim\u00e1ticas, mas ele a v\u00ea como uma \u201camostra\u201d do que est\u00e1 por vir. \u201cParece que agora estamos olhando para algumas dessas coisas que poderiam acontecer nas pr\u00f3ximas d\u00e9cadas.\u201d, diz.<\/p>\n<div class=\"wp-block-cover alignwide is-light\">\n<div class=\"wp-block-cover__inner-container is-layout-constrained wp-block-cover-is-layout-constrained\">\n<div class=\"wp-block-columns is-layout-flex wp-container-core-columns-is-layout-7 wp-block-columns-is-layout-flex\">\n<div class=\"wp-block-column is-layout-flow wp-block-column-is-layout-flow\"><\/div>\n<\/div>\n<div class=\"wp-block-image\">\n<figure class=\"aligncenter size-full is-resized\"><img data-recalc-dims=\"1\" loading=\"lazy\" decoding=\"async\" class=\"wp-image-185914\" src=\"https:\/\/i0.wp.com\/infoamazonia.org\/wp-content\/uploads\/2024\/06\/DGRIOEMFLUXOINFOAMAZONIA113X-scaled.jpg?resize=600%2C400&#038;ssl=1\" sizes=\"auto, (max-width: 2560px) 100vw, 2560px\" srcset=\"https:\/\/infoamazonia.org\/wp-content\/uploads\/2024\/06\/DGRIOEMFLUXOINFOAMAZONIA113X-scaled.jpg 2560w, https:\/\/infoamazonia.org\/wp-content\/uploads\/2024\/06\/DGRIOEMFLUXOINFOAMAZONIA113X-300x200.jpg 300w, https:\/\/infoamazonia.org\/wp-content\/uploads\/2024\/06\/DGRIOEMFLUXOINFOAMAZONIA113X-1024x683.jpg 1024w, https:\/\/infoamazonia.org\/wp-content\/uploads\/2024\/06\/DGRIOEMFLUXOINFOAMAZONIA113X-768x512.jpg 768w, https:\/\/infoamazonia.org\/wp-content\/uploads\/2024\/06\/DGRIOEMFLUXOINFOAMAZONIA113X-1536x1024.jpg 1536w, https:\/\/infoamazonia.org\/wp-content\/uploads\/2024\/06\/DGRIOEMFLUXOINFOAMAZONIA113X-2048x1365.jpg 2048w, https:\/\/infoamazonia.org\/wp-content\/uploads\/2024\/06\/DGRIOEMFLUXOINFOAMAZONIA113X-1200x800.jpg 1200w, https:\/\/infoamazonia.org\/wp-content\/uploads\/2024\/06\/DGRIOEMFLUXOINFOAMAZONIA113X-1568x1045.jpg 1568w, https:\/\/infoamazonia.org\/wp-content\/uploads\/2024\/06\/DGRIOEMFLUXOINFOAMAZONIA113X-400x267.jpg 400w\" alt=\"\" width=\"600\" height=\"400\" \/><figcaption class=\"wp-element-caption\">Quezia, uma menina ind\u00edgena, mostra sinais de suor intenso devido ao calor forte, consequ\u00eancia de seu tempo de brincadeira no leito seco do Rio Solim\u00f5es perto de sua casa em Boarazinho, uma aldeia ribeirinha no estado do Amazonas, Brasil. Foto: Dado Galdieri\/Hilaea Media<\/figcaption><\/figure>\n<\/div>\n<\/div>\n<\/div>\n<p class=\"has-dark-gray-color has-text-color has-link-color has-normal-font-size wp-elements-ef1f6b29cf6726c359ace7389f16ccb1\">A mudan\u00e7a clim\u00e1tica tamb\u00e9m \u00e9 uma das respons\u00e1veis pelas chuvas extremas que t\u00eam ocorrido durante as esta\u00e7\u00f5es chuvosas. Das 18 \u201cemerg\u00eancias\u201d declaradas por enchentes em Manaus desde 1902, metade, incluindo as quatro maiores, ocorreram desde 2000. \u201c<a href=\"https:\/\/www.science.org\/doi\/10.1126\/sciadv.aat8785\">As enchentes recentes n\u00e3o apenas ocorrem mais frequentemente, mas tamb\u00e9m se tornaram mais severas<\/a>\u201d, escreveram Sch\u00f6ngart e colegas em um artigo de 2018 na revista Science Advances.<\/p>\n<p class=\"has-dark-gray-color has-text-color has-link-color has-normal-font-size wp-elements-75087d9fa3191f4f01610cd3a0ec25cc\">Independentemente de suas causas exatas, as enchentes est\u00e3o causando estragos. Em junho de 2021, o rio atingiu um n\u00edvel hist\u00f3rico alt\u00edssimo em Manaus, inundando dezenas de milhares de casas e levando as autoridades a construir 9 quil\u00f4metros de passarelas sobre as ruas. Moradores pr\u00f3ximos ao lago Tef\u00e9 dizem que as estacas sobre as quais suas casas s\u00e3o constru\u00eddas nem sempre s\u00e3o altas o suficiente para mant\u00ea-las secas durante as enchentes. Durante esta\u00e7\u00f5es chuvosas at\u00edpicas, algumas fam\u00edlias instalam pisos tempor\u00e1rios, 1 metro ou mais acima do original, e entram pelas janelas em vez da porta da frente.<\/p>\n<p class=\"has-dark-gray-color has-text-color has-link-color has-normal-font-size wp-elements-7b261ec6c02ce947e1d26dcd19e30978\">As florestas tamb\u00e9m podem estar em risco. Algumas \u00e1rvores nas plan\u00edcies alagadas da Amaz\u00f4nia e seus afluentes est\u00e3o adaptadas para suportar at\u00e9 10 meses de inunda\u00e7\u00e3o, muito mais do que as \u00e1rvores normais conseguem aguentar. No entanto,\u00a0<a href=\"https:\/\/www.newscientist.com\/article\/mg24332480-200-deliberate-drowning-of-brazils-rainforest-is-worsening-climate-change\/\">at\u00e9 essas \u00e1rvores t\u00eam seus limites<\/a>. Em um estudo de 2020, Sch\u00f6ngart e colegas documentaram um padr\u00e3o de mortalidade arb\u00f3rea coincidindo com anos de inunda\u00e7\u00f5es extremas no Parque Nacional do Ja\u00fa, no Amazonas, concluindo que os alagamentos mais intensos das \u00faltimas d\u00e9cadas j\u00e1 est\u00e3o danificando essas \u00e1rvores.<\/p>\n<div class=\"wp-block-cover alignwide is-light\">\n<div class=\"wp-block-cover__inner-container is-layout-constrained wp-block-cover-is-layout-constrained\">\n<div class=\"wp-block-columns is-layout-flex wp-container-core-columns-is-layout-8 wp-block-columns-is-layout-flex\">\n<div class=\"wp-block-column is-layout-flow wp-block-column-is-layout-flow\"><\/div>\n<\/div>\n<div class=\"wp-block-image\">\n<figure class=\"aligncenter size-full is-resized\"><img data-recalc-dims=\"1\" loading=\"lazy\" decoding=\"async\" class=\"wp-image-186406\" src=\"https:\/\/i0.wp.com\/infoamazonia.org\/wp-content\/uploads\/2024\/06\/0216_NF_AmazonLocator_reuse_CB.jpeg?resize=600%2C440&#038;ssl=1\" sizes=\"auto, (max-width: 1175px) 100vw, 1175px\" srcset=\"https:\/\/infoamazonia.org\/wp-content\/uploads\/2024\/06\/0216_NF_AmazonLocator_reuse_CB.jpeg 1175w, https:\/\/infoamazonia.org\/wp-content\/uploads\/2024\/06\/0216_NF_AmazonLocator_reuse_CB-300x220.jpeg 300w, https:\/\/infoamazonia.org\/wp-content\/uploads\/2024\/06\/0216_NF_AmazonLocator_reuse_CB-1024x750.jpeg 1024w, https:\/\/infoamazonia.org\/wp-content\/uploads\/2024\/06\/0216_NF_AmazonLocator_reuse_CB-768x563.jpeg 768w, https:\/\/infoamazonia.org\/wp-content\/uploads\/2024\/06\/0216_NF_AmazonLocator_reuse_CB-400x293.jpeg 400w\" alt=\"\" width=\"600\" height=\"440\" \/><figcaption class=\"wp-element-caption\">Gr\u00e1fico: Uma \u00e1rea duramente atingida, por D. AN-PHAM\/SCIENCE*<\/figcaption><\/figure>\n<\/div>\n<\/div>\n<\/div>\n<p class=\"has-normal-font-size\">No futuro, n\u00edveis muito altos de \u00e1gua tamb\u00e9m podem amea\u00e7ar algumas esp\u00e9cies da fauna amaz\u00f4nica, diz Rafael Rabelo, coordenador de pesquisa no Instituto Mamirau\u00e1. Ele est\u00e1 particularmente preocupado com o macaco-de-cheiro-preto (<em>Saimiri vanzolinii<\/em>), que vive apenas perto de Tef\u00e9 em 800 quil\u00f4metros quadrados de floresta sazonalmente inundada, chamada igap\u00f3. Um estudo de modelagem est\u00e1 explorando se as \u00e1guas de enchente mais altas esperadas no futuro prejudicar\u00e3o o igap\u00f3, o que poderia colocar os pr\u00f3prios primatas em risco.<\/p>\n<h2 id=\"h-inseguranca-alimentar\" class=\"wp-block-heading\">Inseguran\u00e7a alimentar<\/h2>\n<div class=\"wp-block-cover alignfull has-parallax has-white-color has-text-color has-link-color wp-duotone-unset-4 wp-elements-56597872e4f7b033989fd0c4a7a60596\">\n<div class=\"wp-block-cover__image-background wp-image-184826 has-parallax\"><\/div>\n<div class=\"wp-block-cover__inner-container is-layout-constrained wp-block-cover-is-layout-constrained\">\n<div class=\"wp-block-columns is-layout-flex wp-container-core-columns-is-layout-9 wp-block-columns-is-layout-flex\">\n<div class=\"wp-block-column is-layout-flow wp-block-column-is-layout-flow\">\n<figure class=\"wp-block-pullquote alignwide is-style-jeo has-light-gray-color has-text-color has-background has-link-color has-normal-font-size wp-elements-6a688aa3540944e9d9f1dc442f288fd7\">\n<blockquote><p>Se esta seca continuar, nossa preocupa\u00e7\u00e3o \u00e9 ficar sem comida<\/p>\n<p><cite>M\u00e1rcio da Silva Santos, o tuxaua, ou chefe, da aldeia ind\u00edgena de Betel.\u00a0<\/cite><\/p><\/blockquote>\n<\/figure>\n<\/div>\n<div class=\"wp-block-column is-layout-flow wp-block-column-is-layout-flow\"><\/div>\n<div class=\"wp-block-column is-layout-flow wp-block-column-is-layout-flow\">Uma escadaria de concreto e terra compactada com 130 degraus desce abruptamente desde a aldeia, situada em um barranco com vista para o rio Amazonas, perto de Tef\u00e9, at\u00e9 o leito seco do rio. Os degraus s\u00e3o a primeira etapa de uma viagem \u00e1rdua tornada necess\u00e1ria pela seca.<\/div>\n<\/div>\n<\/div>\n<\/div>\n<div class=\"wp-block-cover alignfull has-parallax has-white-color has-text-color has-link-color wp-duotone-unset-5 wp-elements-d3fe46d2f87f147c9fe799a5b4df180c\">\n<div class=\"wp-block-cover__inner-container is-layout-constrained wp-block-cover-is-layout-constrained\">\n<div class=\"wp-block-columns is-layout-flex wp-container-core-columns-is-layout-10 wp-block-columns-is-layout-flex\">\n<div class=\"wp-block-column is-layout-flow wp-block-column-is-layout-flow\">\n<p class=\"has-light-gray-color has-text-color has-background has-link-color has-normal-font-size wp-elements-d6eac3d384835f4773f927836d874bf1\">\nSantos resmunga ante o peso de uma canoa de madeira feita \u00e0 m\u00e3o, que ele e outros tr\u00eas membros do povo Kambeba se revezam carregando, dois de cada vez, ladeira abaixo.<br \/>\nQuando chegam \u00e0 \u00e1gua, eles posicionam a canoa nos banquinhos de uma voadeira, atravessam o rio Amazonas, depois levantam a canoa novamente sobre os ombros e a transportam atrav\u00e9s da floresta. Finalmente, chegam a um longo e estreito corpo d\u2019\u00e1gua, o lago Catuano, um antigo caminho deixado para tr\u00e1s quando o Amazonas mudou de curso h\u00e1 muito tempo. Lan\u00e7am redes e linhas de pesca, na esperan\u00e7a de capturar cestos cheios de pacu, piranha, curimat\u00e3 e outros peixes.<\/p>\n<\/div>\n<\/div>\n<\/div>\n<\/div>\n<div class=\"wp-block-cover alignfull has-parallax has-white-color has-text-color has-link-color wp-duotone-unset-6 wp-elements-af157c68bb03c0ddbb12b47ebbec028c\">\n<div class=\"wp-block-cover__inner-container is-layout-constrained wp-block-cover-is-layout-constrained\">\n<div class=\"wp-block-columns is-layout-flex wp-container-core-columns-is-layout-11 wp-block-columns-is-layout-flex\">\n<div class=\"wp-block-column is-layout-flow wp-block-column-is-layout-flow\">Santos diz que preferiria pescar pr\u00f3ximo de sua aldeia, no pr\u00f3prio rio Amazonas. Mas, desde que a seca se intensificou, h\u00e1 muita concorr\u00eancia dos pescadores comerciais que abandonaram a pesca no agora escaldante lago Tef\u00e9 \u2014 e dos botos que permanecem nas po\u00e7as remanescentes do rio onde os peixes se re\u00fanem.<\/div>\n<\/div>\n<\/div>\n<\/div>\n<p class=\"has-dark-gray-color has-text-color has-link-color has-normal-font-size wp-elements-542bb43eb574070beb08be08d428ae3a\">Os golfinhos implacavelmente rasgam as redes e roubam a pesca, a menos que sejam constantemente afugentados \u2014 ou repelidos com um porrete que os pescadores carregam para esse fim.<\/p>\n<div class=\"wp-block-cover alignwide is-light\">\n<div class=\"wp-block-cover__inner-container is-layout-constrained wp-block-cover-is-layout-constrained\">\n<div class=\"wp-block-columns is-layout-flex wp-container-core-columns-is-layout-13 wp-block-columns-is-layout-flex\">\n<div class=\"wp-block-column is-layout-flow wp-block-column-is-layout-flow\"><\/div>\n<\/div>\n<div class=\"wp-block-image\">\n<figure class=\"aligncenter size-full is-resized\"><img data-recalc-dims=\"1\" loading=\"lazy\" decoding=\"async\" class=\"wp-image-185911\" src=\"https:\/\/i0.wp.com\/infoamazonia.org\/wp-content\/uploads\/2024\/06\/DGRIOEMFLUXOINFOAMAZONIA112X-1-scaled.jpg?resize=600%2C400&#038;ssl=1\" sizes=\"auto, (max-width: 2560px) 100vw, 2560px\" srcset=\"https:\/\/infoamazonia.org\/wp-content\/uploads\/2024\/06\/DGRIOEMFLUXOINFOAMAZONIA112X-1-scaled.jpg 2560w, https:\/\/infoamazonia.org\/wp-content\/uploads\/2024\/06\/DGRIOEMFLUXOINFOAMAZONIA112X-1-300x200.jpg 300w, https:\/\/infoamazonia.org\/wp-content\/uploads\/2024\/06\/DGRIOEMFLUXOINFOAMAZONIA112X-1-1024x683.jpg 1024w, https:\/\/infoamazonia.org\/wp-content\/uploads\/2024\/06\/DGRIOEMFLUXOINFOAMAZONIA112X-1-768x512.jpg 768w, https:\/\/infoamazonia.org\/wp-content\/uploads\/2024\/06\/DGRIOEMFLUXOINFOAMAZONIA112X-1-1536x1024.jpg 1536w, https:\/\/infoamazonia.org\/wp-content\/uploads\/2024\/06\/DGRIOEMFLUXOINFOAMAZONIA112X-1-2048x1365.jpg 2048w, https:\/\/infoamazonia.org\/wp-content\/uploads\/2024\/06\/DGRIOEMFLUXOINFOAMAZONIA112X-1-1200x800.jpg 1200w, https:\/\/infoamazonia.org\/wp-content\/uploads\/2024\/06\/DGRIOEMFLUXOINFOAMAZONIA112X-1-1568x1045.jpg 1568w, https:\/\/infoamazonia.org\/wp-content\/uploads\/2024\/06\/DGRIOEMFLUXOINFOAMAZONIA112X-1-400x267.jpg 400w\" alt=\"\" width=\"600\" height=\"400\" \/><figcaption class=\"wp-element-caption\">Vanuza exibe uma rede rasgada por golfinhos cor-de-rosa que conseguiram capturar a pesca em Boarazinho, no Amazonas. A a engenhosidade desses mam\u00edferos aqu\u00e1ticos \u00e9 um dos desafios enfrentados pelos pescadores locais enquanto precisam lidar com as severas secas que impactam a Amaz\u00f4nia. Foto: Dado Galdieri\/Hilaea Media<\/figcaption><\/figure>\n<\/div>\n<\/div>\n<\/div>\n<p class=\"has-dark-gray-color has-text-color has-link-color has-normal-font-size wp-elements-5f0cbae428403686eb5ca2cb7ca7d92f\">N\u00e3o \u00e9 apenas a pesca que se tornou mais dif\u00edcil. O plantio e a colheita da mandioca, carboidrato b\u00e1sico e parte da cultura de subsist\u00eancia para muitos dos povos ind\u00edgenas da regi\u00e3o, tamb\u00e9m foram interrompidos. Em Betel, o calor nesta temporada \u00e9 t\u00e3o intenso que os agricultores n\u00e3o conseguem trabalhar nos campos depois das 9 horas da manh\u00e3. Santos diz que os pequenos riachos pr\u00f3ximos, que fornecem a \u00e1gua usada para moer a raiz da mandioca e transform\u00e1-la em farinha, secaram, for\u00e7ando os moradores a esperar pelo fim da seca para processar o alimento.<\/p>\n<p class=\"has-dark-gray-color has-text-color has-link-color has-normal-font-size wp-elements-93bb91495d31af13f0bda1aed6d18c0d\">No entanto, o que mais preocupa Santos \u00e9 um inc\u00eandio florestal sem precedentes que ocorreu em uma noite em setembro. Como de costume, os produtores ind\u00edgenas preparavam um campo de mandioca, cortando os talos remanescentes da colheita anterior e deixando-os secar antes de atear fogo. Esse m\u00e9todo tradicional de corte e queima elimina a vegeta\u00e7\u00e3o descartada, mata as ervas daninhas e produz cinzas ricas em nutrientes.<\/p>\n<div class=\"wp-block-cover alignfull is-light\">\n<div class=\"wp-block-cover__inner-container is-layout-constrained wp-block-cover-is-layout-constrained\">\n<div class=\"wp-block-columns is-layout-flex wp-container-core-columns-is-layout-14 wp-block-columns-is-layout-flex\">\n<div class=\"wp-block-column is-layout-flow wp-block-column-is-layout-flow\">\n<div class=\"wp-block-cover\"><img data-recalc-dims=\"1\" loading=\"lazy\" decoding=\"async\" class=\"wp-block-cover__image-background wp-image-184692\" src=\"https:\/\/i0.wp.com\/infoamazonia.org\/wp-content\/uploads\/2024\/06\/DGRIOEMFLUXOINFOAMAZONIA118X-1024x683.jpg?resize=600%2C400&#038;ssl=1\" sizes=\"auto, (max-width: 1024px) 100vw, 1024px\" srcset=\"https:\/\/infoamazonia.org\/wp-content\/uploads\/2024\/06\/DGRIOEMFLUXOINFOAMAZONIA118X-1024x683.jpg 1024w, https:\/\/infoamazonia.org\/wp-content\/uploads\/2024\/06\/DGRIOEMFLUXOINFOAMAZONIA118X-300x200.jpg 300w, https:\/\/infoamazonia.org\/wp-content\/uploads\/2024\/06\/DGRIOEMFLUXOINFOAMAZONIA118X-768x512.jpg 768w, https:\/\/infoamazonia.org\/wp-content\/uploads\/2024\/06\/DGRIOEMFLUXOINFOAMAZONIA118X-1536x1024.jpg 1536w, https:\/\/infoamazonia.org\/wp-content\/uploads\/2024\/06\/DGRIOEMFLUXOINFOAMAZONIA118X-2048x1365.jpg 2048w, https:\/\/infoamazonia.org\/wp-content\/uploads\/2024\/06\/DGRIOEMFLUXOINFOAMAZONIA118X-1200x800.jpg 1200w, https:\/\/infoamazonia.org\/wp-content\/uploads\/2024\/06\/DGRIOEMFLUXOINFOAMAZONIA118X-1568x1045.jpg 1568w, https:\/\/infoamazonia.org\/wp-content\/uploads\/2024\/06\/DGRIOEMFLUXOINFOAMAZONIA118X-400x267.jpg 400w\" alt=\"\" width=\"600\" height=\"400\" data-object-fit=\"cover\" \/><\/p>\n<div class=\"wp-block-cover__inner-container is-layout-flow wp-block-cover-is-layout-flow\">\n<p class=\"has-text-align-center has-small-font-size\">\n<\/div>\n<\/div>\n<\/div>\n<div class=\"wp-block-column is-layout-flow wp-block-column-is-layout-flow\">\n<div class=\"wp-block-cover\"><img data-recalc-dims=\"1\" loading=\"lazy\" decoding=\"async\" class=\"wp-block-cover__image-background wp-image-184698\" src=\"https:\/\/i0.wp.com\/infoamazonia.org\/wp-content\/uploads\/2024\/06\/DGRIOEMFLUXOINFOAMAZONIA116X-1024x576.jpg?resize=600%2C338&#038;ssl=1\" sizes=\"auto, (max-width: 1024px) 100vw, 1024px\" srcset=\"https:\/\/infoamazonia.org\/wp-content\/uploads\/2024\/06\/DGRIOEMFLUXOINFOAMAZONIA116X-1024x576.jpg 1024w, https:\/\/infoamazonia.org\/wp-content\/uploads\/2024\/06\/DGRIOEMFLUXOINFOAMAZONIA116X-300x169.jpg 300w, https:\/\/infoamazonia.org\/wp-content\/uploads\/2024\/06\/DGRIOEMFLUXOINFOAMAZONIA116X-768x432.jpg 768w, https:\/\/infoamazonia.org\/wp-content\/uploads\/2024\/06\/DGRIOEMFLUXOINFOAMAZONIA116X-1536x864.jpg 1536w, https:\/\/infoamazonia.org\/wp-content\/uploads\/2024\/06\/DGRIOEMFLUXOINFOAMAZONIA116X-2048x1152.jpg 2048w, https:\/\/infoamazonia.org\/wp-content\/uploads\/2024\/06\/DGRIOEMFLUXOINFOAMAZONIA116X-1200x675.jpg 1200w, https:\/\/infoamazonia.org\/wp-content\/uploads\/2024\/06\/DGRIOEMFLUXOINFOAMAZONIA116X-1568x882.jpg 1568w, https:\/\/infoamazonia.org\/wp-content\/uploads\/2024\/06\/DGRIOEMFLUXOINFOAMAZONIA116X-400x225.jpg 400w\" alt=\"\" width=\"600\" height=\"338\" data-object-fit=\"cover\" \/><\/p>\n<div class=\"wp-block-cover__inner-container is-layout-flow wp-block-cover-is-layout-flow\">\n<p class=\"has-text-align-center has-large-font-size\">\n<\/div>\n<\/div>\n<\/div>\n<\/div>\n<\/div>\n<\/div>\n<p class=\"has-dark-gray-color has-text-color has-link-color has-normal-font-size wp-elements-583fd2e92fd7827a20f52665cb4f7259\">Normalmente, essas queimadas se extinguem onde o campo preparado termina e a floresta prim\u00e1ria circundante come\u00e7a. Mas desta vez as chamas continuaram. Primeiro, elas se espalharam para um campo vizinho, destruindo um trecho de mudas de a\u00e7a\u00ed que eventualmente produziriam frutos para consumo local e venda para o mercado internacional. Depois, pela primeira vez desde que a cidade foi fundada h\u00e1 53 anos, o fogo escapou para a floresta nativa. \u201cNunca t\u00ednhamos visto fogo assim\u201d, diz Santos. \u201cN\u00e3o conseguimos explicar\u201d.<\/p>\n<div class=\"wp-block-cover alignfull has-parallax wp-duotone-unset-8\">\n<div class=\"wp-block-cover__image-background wp-image-185899 has-parallax\"><strong>Saara do Amazonas<\/strong><\/div>\n<div class=\"wp-block-cover__inner-container is-layout-constrained wp-block-cover-is-layout-constrained\">\n<div class=\"wp-block-columns is-layout-flex wp-container-core-columns-is-layout-15 wp-block-columns-is-layout-flex\">\n<div class=\"wp-block-column is-layout-flow wp-block-column-is-layout-flow\">\n<p class=\"has-white-color has-text-color has-link-color has-normal-font-size wp-elements-1eabf77273fc8981f800bda68bc28116\">\nA poucos minutos de barco pelo Amazonas, partindo de Betel, outra comunidade ind\u00edgena, Porto Praia, enfrentou uma mistura diferente de problemas. Uma ilha na frente da cidade cria um canal de um quil\u00f4metro de largura que separa a aldeia do leito principal do Amazonas. Em setembro, este canal secou completamente, revelando uma extens\u00e3o de dunas de areia t\u00e3o altas quanto uma pessoa. Fleischmann chama essas dunas de \u201cSaara do Amazonas\u201d.<\/p>\n<p class=\"has-white-color has-text-color has-link-color has-normal-font-size wp-elements-d438c9ad2c3f8fe12255d7da60fc5904\">Esta\u00e7\u00f5es secas e \u00famidas mais exacerbadas est\u00e3o contribuindo para produzir essas dunas, ele diz. Alimentadas pelas chuvas extremas da esta\u00e7\u00e3o \u00famida nas cabeceiras, as enchentes est\u00e3o escavando os leitos dos rios com mais for\u00e7a, erodindo as margens rio acima e carregando cargas mais pesadas de sedimentos que s\u00e3o depositados onde a corrente diminui, como perto de Porto Praia.<\/p>\n<p class=\"has-white-color has-text-color has-link-color has-normal-font-size wp-elements-8b60a2812634f846d4a1d9aab166e5ac\">Logo depois, estas dunas s\u00e3o expostas pela seca. Na cidade, elas apareceram pela primeira vez durante a esta\u00e7\u00e3o seca de 2022, mas foi com a seca de 2023 que elas tornaram a \u00e1rea ribeirinha isolada pela primeira vez.<\/p>\n<\/div>\n<div class=\"wp-block-column is-layout-flow wp-block-column-is-layout-flow\">At\u00e9 que as chuvas retornem e o rio suba novamente, os moradores de Porto Praia \u2014 que n\u00e3o t\u00eam acesso rodovi\u00e1rio a Tef\u00e9, a \u00e1rea comercial mais pr\u00f3xima \u2014 ter\u00e3o que caminhar 1 hora para chegar a um barco, dobrando seu tempo de viagem.<\/div>\n<\/div>\n<\/div>\n<\/div>\n<p class=\"has-normal-font-size\">A \u00fanica escola de Porto Praia fechou porque a maioria de seus professores viaja de Tef\u00e9. Os moradores tamb\u00e9m passaram a pescar \u00e0 noite, pois transportar equipamentos e cestas de peixe pelas dunas at\u00e9 o lago preferido durante o calor do dia \u00e9 insuport\u00e1vel. \u201c\u00c9 dif\u00edcil pescar durante o dia hoje em dia por causa do calor\u201d, diz Anilton Bras da Silva, chefe de Porto Praia. \u201cEm secas passadas, n\u00f3s conseguimos nos virar.\u201d<\/p>\n<div class=\"wp-block-cover alignwide is-light\">\n<div class=\"wp-block-cover__inner-container is-layout-constrained wp-block-cover-is-layout-constrained\">\n<div class=\"wp-block-columns is-layout-flex wp-container-core-columns-is-layout-16 wp-block-columns-is-layout-flex\">\n<div class=\"wp-block-column is-layout-flow wp-block-column-is-layout-flow\"><\/div>\n<\/div>\n<div class=\"wp-block-image\">\n<figure class=\"aligncenter size-full is-resized\"><img data-recalc-dims=\"1\" loading=\"lazy\" decoding=\"async\" class=\"wp-image-185926\" src=\"https:\/\/i0.wp.com\/infoamazonia.org\/wp-content\/uploads\/2024\/06\/DGRIOEMFLUXOINFOAMAZONIA127X-scaled.jpg?resize=600%2C400&#038;ssl=1\" sizes=\"auto, (max-width: 2560px) 100vw, 2560px\" srcset=\"https:\/\/infoamazonia.org\/wp-content\/uploads\/2024\/06\/DGRIOEMFLUXOINFOAMAZONIA127X-scaled.jpg 2560w, https:\/\/infoamazonia.org\/wp-content\/uploads\/2024\/06\/DGRIOEMFLUXOINFOAMAZONIA127X-300x200.jpg 300w, https:\/\/infoamazonia.org\/wp-content\/uploads\/2024\/06\/DGRIOEMFLUXOINFOAMAZONIA127X-1024x683.jpg 1024w, https:\/\/infoamazonia.org\/wp-content\/uploads\/2024\/06\/DGRIOEMFLUXOINFOAMAZONIA127X-768x512.jpg 768w, https:\/\/infoamazonia.org\/wp-content\/uploads\/2024\/06\/DGRIOEMFLUXOINFOAMAZONIA127X-1536x1024.jpg 1536w, https:\/\/infoamazonia.org\/wp-content\/uploads\/2024\/06\/DGRIOEMFLUXOINFOAMAZONIA127X-2048x1365.jpg 2048w, https:\/\/infoamazonia.org\/wp-content\/uploads\/2024\/06\/DGRIOEMFLUXOINFOAMAZONIA127X-1200x800.jpg 1200w, https:\/\/infoamazonia.org\/wp-content\/uploads\/2024\/06\/DGRIOEMFLUXOINFOAMAZONIA127X-1568x1045.jpg 1568w, https:\/\/infoamazonia.org\/wp-content\/uploads\/2024\/06\/DGRIOEMFLUXOINFOAMAZONIA127X-400x267.jpg 400w\" alt=\"\" width=\"600\" height=\"400\" \/><figcaption class=\"wp-element-caption\">Jair Oliveira Xavier, pescador de 37 anos e residente ind\u00edgena de Porto Praia, retorna \u00e0 aldeia ap\u00f3s procurar peixes em um lago formado pelas \u00e1guas recuadas de um bra\u00e7o do Rio Solim\u00f5es. Foto: Dado Galdieri\/Hilaea Media<\/figcaption><\/figure>\n<\/div>\n<\/div>\n<\/div>\n<h2 id=\"h-previsoes-nada-otimistas\" class=\"wp-block-heading\">Previs\u00f5es nada otimistas<\/h2>\n<p class=\"has-normal-font-size\">Bruce Forsberg, um ecologista que estuda a Amaz\u00f4nia h\u00e1 mais de quatro d\u00e9cadas, diz que Porto Praia e Betel provavelmente passar\u00e3o por condi\u00e7\u00f5es clim\u00e1ticas piores. Ele dirige o\u00a0<a href=\"https:\/\/daac.ornl.gov\/cgi-bin\/dataset_lister.pl?p=11\" target=\"_blank\" rel=\"noreferrer noopener\">Experimento de Grande Escala da Biosfera-Atmosfera<\/a>, uma colabora\u00e7\u00e3o internacional de longa dura\u00e7\u00e3o focada nas liga\u00e7\u00f5es entre a floresta amaz\u00f4nica e o clima global. Forsberg e uma equipe de cientistas brasileiros e americanos modelaram como o aquecimento devido ao cont\u00ednuo aumento das emiss\u00f5es de combust\u00edveis f\u00f3sseis afetaria os fluxos dos rios.<\/p>\n<div class=\"wp-block-cover alignfull is-light\">\n<div class=\"wp-block-cover__inner-container is-layout-constrained wp-block-cover-is-layout-constrained\">\n<p class=\"has-text-align-center has-large-font-size\">Em um grande monitor em seu escrit\u00f3rio em Manaus, ele exibe mapas da regi\u00e3o, com os rios codificados por cores para indicar as mudan\u00e7as projetadas no fluxo de \u00e1gua para as \u00faltimas tr\u00eas d\u00e9cadas deste s\u00e9culo. Um mapa da esta\u00e7\u00e3o \u00famida mostra a maioria dos afluentes da Amaz\u00f4nia como linhas sinuosas em azul escuro e verde-azulado, indicando a previs\u00e3o do modelo de que quase todas as cabeceiras da Amaz\u00f4nia nos Andes despejar\u00e3o de 20% a 50% mais \u00e1gua at\u00e9 o final do s\u00e9culo. O despejo na esta\u00e7\u00e3o \u00famida no curso principal da pr\u00f3pria Amaz\u00f4nia aumentar\u00e1 em at\u00e9 20% ao longo da maior parte de seu comprimento, sugerindo inunda\u00e7\u00f5es graves em Manaus e grande parte do restante da regi\u00e3o.<\/p>\n<\/div>\n<\/div>\n<div class=\"wp-block-cover alignfull is-light\">\n<div class=\"wp-block-cover__inner-container is-layout-constrained wp-block-cover-is-layout-constrained\">\n<p class=\"has-dark-gray-color has-text-color has-link-color has-normal-font-size wp-elements-6152df4695b42007981347dece0e0d41\">Em contraste, tons avermelhados colorem os rios em um mapa que mostra os fluxos na esta\u00e7\u00e3o seca. De acordo com o modelo, a descarga de \u00e1gua de cada rio principal na bacia diminuir\u00e1 mais de 20% ao longo da maior parte de seus comprimentos. O n\u00edvel de \u00e1gua mais baixo, na maior parte do rio Xingu, diminuir\u00e1 mais de 50%. Isso poderia subverter a l\u00f3gica financeira para o rec\u00e9m conclu\u00eddo complexo de Belo Monte, uma das maiores usinas hidrel\u00e9tricas do mundo, diz Forsberg. A equipe publicou esses resultados de modelagem na revista\u00a0<em>Climatic Change<\/em>\u00a0em 2016, e Forsberg diz que eventos como a seca do ano passado sugerem que o padr\u00e3o b\u00e1sico que eles previram est\u00e1 come\u00e7ando a ocorrer agora.<\/p>\n<\/div>\n<\/div>\n<div class=\"wp-block-cover alignfull has-parallax\">\n<div class=\"wp-block-cover__image-background wp-image-186082 has-parallax\">Um artigo publicado no ano passado no <em>Journal of Hydrology<\/em>\u00a0apresenta um quadro semelhante. Olhando 40 anos \u00e0 frente, a modelagem baseada em quatro modelos clim\u00e1ticos distintos prev\u00ea que muitas regi\u00f5es de cabeceira experimentar\u00e3o aumentos de inunda\u00e7\u00e3o de mais de 50%, enquanto as \u00e1guas baixas atingir\u00e3o mais duramente as regi\u00f5es a jusante, com diminui\u00e7\u00f5es de fluxo de mais de 33%. Essas mudan\u00e7as graves aparecem na modelagem mesmo com uma redu\u00e7\u00e3o substancial no uso global de combust\u00edveis f\u00f3sseis.<\/div>\n<div class=\"wp-block-cover__inner-container is-layout-constrained wp-block-cover-is-layout-constrained\">\n<div class=\"wp-block-columns is-layout-flex wp-container-core-columns-is-layout-17 wp-block-columns-is-layout-flex\">\n<div class=\"wp-block-column is-layout-flow wp-block-column-is-layout-flow\">\n<p class=\"has-white-color has-text-color has-background has-link-color has-normal-font-size wp-elements-3bfc3d261b25e8d3aac41a83d9add804\">\nForsberg diz que eventos extremos semelhantes provavelmente afetar\u00e3o o sul do Brasil e outras partes da Am\u00e9rica do Sul, porque as condi\u00e7\u00f5es na Bacia Amaz\u00f4nica influenciam os padr\u00f5es de chuva por milhares de quil\u00f4metros ao redor. Um artigo de 2019 no\u00a0<em>Journal of Climate<\/em>\u00a0estimou que \u201crios voadores\u201d de umidade da Amaz\u00f4nia contribuem com 16% da chuva na Bacia do Rio da Prata, uma das maiores bacias hidrogr\u00e1ficas do mundo, estendendo-se da borda sul da Bacia Amaz\u00f4nica por mais de 2000 quil\u00f4metros at\u00e9 Buenos Aires, Argentina. Esses fluxos a\u00e9reos est\u00e3o agora em perigo, diz Forsberg, o que poderia encolher rios, secar planta\u00e7\u00f5es e prejudicar hidrel\u00e9tricas das quais milh\u00f5es de pessoas dependem. \u201cIsso ter\u00e1 efeitos desastrosos\u2026 que v\u00e3o se espalhar por toda a Am\u00e9rica do Sul.\u201d<\/p>\n<\/div>\n<\/div>\n<\/div>\n<\/div>\n<p class=\"has-normal-font-size\">Antes de deixar o Brasil, Santos, o tuxaua de Betel, me convidou para uma refei\u00e7\u00e3o. Ele acendeu uma fogueira e espetou um jaraqui, um peixe do tamanho de um prato de jantar e fino como a minha palma, em um galho verde fino. Enquanto ele assava o alimento sobre a brasa, minha int\u00e9rprete, Diana Mayra K\u00f6hler, disse: \u201cComeu jaraqui, n\u00e3o sai mais daqui\u201d, um ditado local.<\/p>\n<p class=\"has-normal-font-size\">Antes, Santos podia contar com a Amaz\u00f4nia para fornecer bastante jaraqui e outras iguarias. Agora, ele teme que as mudan\u00e7as que est\u00e3o assolando a regi\u00e3o possam desencadear uma competi\u00e7\u00e3o desastrosa pelos recursos. Ele est\u00e1 disposto a evitar a pesca no rio para ajudar os golfinhos a sobreviverem.<\/p>\n<p class=\"has-normal-font-size\">\u201cN\u00e3o os perturbamos para que eles n\u00e3o tenham que sofrer mais\u201d. Mas ele est\u00e1 preocupado que a intensifica\u00e7\u00e3o da pesca no fino lago Catuano possa colocar Betel em conflito com outros vilarejos, que tamb\u00e9m \u00e0s vezes dependem dele. \u201cEsta \u00e9 uma situa\u00e7\u00e3o delicada para n\u00f3s\u201d.<\/p>\n<p class=\"has-normal-font-size\">O mesmo pode ser dito do grande rio que passa pela aldeia e da floresta ao redor.<\/p>\n<figure class=\"wp-block-embed aligncenter is-type-video is-provider-youtube wp-block-embed-youtube wp-embed-aspect-16-9 wp-has-aspect-ratio\">\n<div class=\"wp-block-embed__wrapper\"><iframe loading=\"lazy\" title=\"A seca no rio Solim\u00f5es\" src=\"https:\/\/www.youtube.com\/embed\/-EbXsiD6hN4?feature=oembed\" width=\"1200\" height=\"675\" frameborder=\"0\" allowfullscreen=\"allowfullscreen\"><\/iframe><\/div>\n<\/figure>\n<p class=\"has-normal-font-size\"><strong>Fotos:\u00a0<\/strong>Dado Galdieri\/Hilaea Media<br \/>\n<strong>V\u00eddeos:\u00a0<\/strong>Dado Galdieri e Patrick Vanier\/Hilaea Media<\/p>\n<hr class=\"wp-block-separator has-alpha-channel-opacity\" \/>\n<p><em>Esta reportagem \u00e9 uma vers\u00e3o da hist\u00f3ria publicada originalmente em ingl\u00eas na\u00a0<\/em><a href=\"https:\/\/www.science.org\/content\/article\/amazon-river-may-altered-forever-climate-change\"><em>revista Science<\/em><\/a><em>, produzida com apoio de uma\u00a0<\/em><a href=\"https:\/\/pulitzercenter.org\/stories\/river-flux\"><em>bolsa do Pulitzer Center<\/em><\/a><em>.<\/em><\/p>\n<p>&nbsp;<\/p>\n<\/div>\n<\/div>\n<\/div>\n","protected":false},"excerpt":{"rendered":"<p>Enquanto a m\u00e9dia da temperatura do planeta aumenta, as cidades da Amaz\u00f4nia brasileira sentem as esta\u00e7\u00f5es chuvosas e secas cada vez mais intensas, com amea\u00e7a \u00e0 seguran\u00e7a alimentar e \u00e0 pr\u00f3pria sobreviv\u00eancia de muitas comunidades ribeirinhas, al\u00e9m do aumento da mortalidade de peixes e botos.<\/p>\n","protected":false},"author":1,"featured_media":0,"comment_status":"closed","ping_status":"open","sticky":false,"template":"","format":"standard","meta":{"_exactmetrics_skip_tracking":false,"_exactmetrics_sitenote_active":false,"_exactmetrics_sitenote_note":"","_exactmetrics_sitenote_category":0,"jetpack_post_was_ever_published":false,"_jetpack_newsletter_access":"","_jetpack_dont_email_post_to_subs":false,"_jetpack_newsletter_tier_id":0,"_jetpack_memberships_contains_paywalled_content":false,"_jetpack_memberships_contains_paid_content":false,"footnotes":"","jetpack_publicize_message":"","jetpack_publicize_feature_enabled":true,"jetpack_social_post_already_shared":true,"jetpack_social_options":{"image_generator_settings":{"template":"highway","enabled":false},"version":2}},"categories":[1],"tags":[252,938,914,864],"class_list":["post-35346","post","type-post","status-publish","format-standard","hentry","category-notas","tag-amazonia","tag-chuva","tag-rios","tag-seca"],"jetpack_publicize_connections":[],"jetpack_sharing_enabled":true,"jetpack_featured_media_url":"","jetpack_shortlink":"https:\/\/wp.me\/p7wKYW-9c6","jetpack-related-posts":[],"_links":{"self":[{"href":"http:\/\/blogdalucianaoliveira.com.br\/blog\/wp-json\/wp\/v2\/posts\/35346","targetHints":{"allow":["GET"]}}],"collection":[{"href":"http:\/\/blogdalucianaoliveira.com.br\/blog\/wp-json\/wp\/v2\/posts"}],"about":[{"href":"http:\/\/blogdalucianaoliveira.com.br\/blog\/wp-json\/wp\/v2\/types\/post"}],"author":[{"embeddable":true,"href":"http:\/\/blogdalucianaoliveira.com.br\/blog\/wp-json\/wp\/v2\/users\/1"}],"replies":[{"embeddable":true,"href":"http:\/\/blogdalucianaoliveira.com.br\/blog\/wp-json\/wp\/v2\/comments?post=35346"}],"version-history":[{"count":3,"href":"http:\/\/blogdalucianaoliveira.com.br\/blog\/wp-json\/wp\/v2\/posts\/35346\/revisions"}],"predecessor-version":[{"id":35350,"href":"http:\/\/blogdalucianaoliveira.com.br\/blog\/wp-json\/wp\/v2\/posts\/35346\/revisions\/35350"}],"wp:attachment":[{"href":"http:\/\/blogdalucianaoliveira.com.br\/blog\/wp-json\/wp\/v2\/media?parent=35346"}],"wp:term":[{"taxonomy":"category","embeddable":true,"href":"http:\/\/blogdalucianaoliveira.com.br\/blog\/wp-json\/wp\/v2\/categories?post=35346"},{"taxonomy":"post_tag","embeddable":true,"href":"http:\/\/blogdalucianaoliveira.com.br\/blog\/wp-json\/wp\/v2\/tags?post=35346"}],"curies":[{"name":"wp","href":"https:\/\/api.w.org\/{rel}","templated":true}]}}