{"id":35368,"date":"2024-06-24T10:29:00","date_gmt":"2024-06-24T14:29:00","guid":{"rendered":"http:\/\/blogdalucianaoliveira.com.br\/blog\/?p=35368"},"modified":"2024-06-24T10:29:00","modified_gmt":"2024-06-24T14:29:00","slug":"extrema-direita-captura-insatisfacao-global-diz-professor","status":"publish","type":"post","link":"http:\/\/blogdalucianaoliveira.com.br\/blog\/2024\/06\/24\/extrema-direita-captura-insatisfacao-global-diz-professor\/","title":{"rendered":"Extrema direita captura insatisfa\u00e7\u00e3o global, diz professor"},"content":{"rendered":"<p><img data-recalc-dims=\"1\" loading=\"lazy\" decoding=\"async\" data-attachment-id=\"35370\" data-permalink=\"http:\/\/blogdalucianaoliveira.com.br\/blog\/2024\/06\/24\/extrema-direita-captura-insatisfacao-global-diz-professor\/img_5721\/\" data-orig-file=\"https:\/\/i0.wp.com\/blogdalucianaoliveira.com.br\/blog\/wp-content\/uploads\/2024\/06\/IMG_5721.jpeg?fit=1170%2C1131\" data-orig-size=\"1170,1131\" data-comments-opened=\"0\" data-image-meta=\"{&quot;aperture&quot;:&quot;0&quot;,&quot;credit&quot;:&quot;&quot;,&quot;camera&quot;:&quot;&quot;,&quot;caption&quot;:&quot;&quot;,&quot;created_timestamp&quot;:&quot;0&quot;,&quot;copyright&quot;:&quot;&quot;,&quot;focal_length&quot;:&quot;0&quot;,&quot;iso&quot;:&quot;0&quot;,&quot;shutter_speed&quot;:&quot;0&quot;,&quot;title&quot;:&quot;&quot;,&quot;orientation&quot;:&quot;1&quot;}\" data-image-title=\"IMG_5721\" data-image-description=\"\" data-image-caption=\"\" data-medium-file=\"https:\/\/i0.wp.com\/blogdalucianaoliveira.com.br\/blog\/wp-content\/uploads\/2024\/06\/IMG_5721.jpeg?fit=300%2C290\" data-large-file=\"https:\/\/i0.wp.com\/blogdalucianaoliveira.com.br\/blog\/wp-content\/uploads\/2024\/06\/IMG_5721.jpeg?fit=600%2C580\" class=\"alignnone size-full wp-image-35370\" src=\"https:\/\/i0.wp.com\/blogdalucianaoliveira.com.br\/blog\/wp-content\/uploads\/2024\/06\/IMG_5721.jpeg?resize=600%2C580\" alt=\"\" width=\"600\" height=\"580\" srcset=\"https:\/\/i0.wp.com\/blogdalucianaoliveira.com.br\/blog\/wp-content\/uploads\/2024\/06\/IMG_5721.jpeg?w=1170 1170w, https:\/\/i0.wp.com\/blogdalucianaoliveira.com.br\/blog\/wp-content\/uploads\/2024\/06\/IMG_5721.jpeg?resize=300%2C290 300w, https:\/\/i0.wp.com\/blogdalucianaoliveira.com.br\/blog\/wp-content\/uploads\/2024\/06\/IMG_5721.jpeg?resize=1024%2C990 1024w, https:\/\/i0.wp.com\/blogdalucianaoliveira.com.br\/blog\/wp-content\/uploads\/2024\/06\/IMG_5721.jpeg?resize=768%2C742 768w, https:\/\/i0.wp.com\/blogdalucianaoliveira.com.br\/blog\/wp-content\/uploads\/2024\/06\/IMG_5721.jpeg?resize=310%2C300 310w\" sizes=\"auto, (max-width: 600px) 100vw, 600px\" \/><\/p>\n<p data-pf_style_display=\"block\" data-pf_style_visibility=\"visible\"><span class=\"text-node\"><strong>A P\u00fablica<\/strong> &#8211; O crescimento da extrema direita no <\/span><a href=\"https:\/\/g1.globo.com\/jornal-nacional\/noticia\/2024\/06\/10\/crescimento-de-partidos-de-extrema-direita-no-parlamento-europeu-provoca-preocupacao-internacional.ghtml\" target=\"_blank\" rel=\"noreferrer noopener\" data-pf_style_display=\"inline\" data-pf_style_visibility=\"visible\"><span class=\"text-node\">Parlamento Europeu<\/span><\/a><span class=\"text-node\">ap\u00f3s as elei\u00e7\u00f5es deste ano, com partidos extremistas como o espanhol Vox, o alem\u00e3o AfD e o portugu\u00eas Chega!, indica uma insatisfa\u00e7\u00e3o dos europeus com a pol\u00edtica, analisa o professor David Magalh\u00e3es. Doutor em rela\u00e7\u00f5es internacionais, Magalh\u00e3es tem concentrado suas pesquisas no tema da transnacionaliza\u00e7\u00e3o da direita radical e na pol\u00edtica externa de governos ultradireitistas.\u00a0<\/span><!--more--><\/p>\n<p data-pf_style_display=\"block\" data-pf_style_visibility=\"visible\"><span class=\"text-node\">Em entrevista ao podcast Pauta P\u00fablica, Magalh\u00e3es discute a capacidade da direita de conseguir capturar o sentimento de insatisfa\u00e7\u00e3o com o sistema, n\u00e3o s\u00f3 na Europa, mas tamb\u00e9m no Brasil e nos Estados Unidos. Para ele, apesar das diferen\u00e7as nas plataformas eleitorais em cada pa\u00eds, as elei\u00e7\u00f5es europeias \u201cimpactam e d\u00e3o uma certa revitalidade aos grupos de extrema direita brasileira que comemoraram a vit\u00f3ria dos europeus no Parlamento\u201d.\u00a0<\/span><\/p>\n<p data-pf_style_display=\"block\" data-pf_style_visibility=\"visible\"><span class=\"text-node\">Na discuss\u00e3o, Magalh\u00e3es ressalta que, do ponto de vista das \u201cdireitas\u201d, a Europa \u00e9 historicamente muito distante do Brasil. Por isso, desde a redemocratiza\u00e7\u00e3o, o movimento brasileiro tem se espelhado na direita americana. Atualmente, essa tend\u00eancia continua, com o alinhamento a Donald Trump e ao movimento nacional populista, buscando replicar a sua forma e conte\u00fado.\u00a0<\/span><\/p>\n<p data-pf_style_display=\"block\" data-pf_style_visibility=\"visible\"><span class=\"text-node\">Leia os principais pontos da entrevista e ou\u00e7a o podcast completo abaixo.<\/span><\/p>\n<p data-pf_style_display=\"block\" data-pf_style_visibility=\"visible\"><strong data-pf_style_display=\"inline\" data-pf_style_visibility=\"visible\"><span class=\"text-node\">[Andrea Dip] Aqui, na Alemanha, percebemos nitidamente como a quest\u00e3o migrat\u00f3ria tem sido significativa para o avan\u00e7o da extrema direita. Ao menos desde 2014, essa xenofobia foi intensificada e deu mais poder para a extrema direita. Nas minhas investiga\u00e7\u00f5es, eu tenho percebido como esses discursos xen\u00f3fobos t\u00eam se tornado cada vez mais violentos. Como, por exemplo, os discursos do primeiro-ministro da Hungria, Viktor Orb\u00e1n. Como esse aumento do discurso violento e anti-imigra\u00e7\u00e3o interfere nessas elei\u00e7\u00f5es?\u00a0<\/span><\/strong><\/p>\n<p data-pf_style_display=\"block\" data-pf_style_visibility=\"visible\"><span class=\"text-node\">No caso da Alemanha, a AfD foi fundada em 2013 por ex-membros do partido da ex-primeira-ministra Angela Merkel, a Uni\u00e3o Democrata Crist\u00e3 (CDU). Esse momento, segundo o cientista pol\u00edtico holand\u00eas Cas Mudde, \u00e9 chamado de \u201cquarta onda\u201d, onde <\/span><span class=\"highlighter\" data-pf_style_display=\"inline\" data-pf_style_visibility=\"visible\"><span class=\"text-node\">houve uma normaliza\u00e7\u00e3o das ideias e pr\u00e1ticas da ultradireita. Tudo aquilo que era visto como marginal foi trazido para o centro, moldando o comportamento dos partidos tradicionais de direita<\/span><\/span><span class=\"text-node\">. J\u00e1 na Espanha, o partido Vox foi fundado por ex-membros do Partido Popular (PP), que \u00e9 historicamente de centro-direita. Esse partido \u00e9 conservador, mas tradicional, assim como a CDU alem\u00e3.\u00a0<\/span><\/p>\n<p data-pf_style_display=\"block\" data-pf_style_visibility=\"visible\"><span class=\"text-node\">Em um primeiro momento, o AfD tinha pautas mais econ\u00f4micas, com um perfil mais tecnocr\u00e1tico, porque seus membros eram economistas de carreira. Esses membros tinham discursos fundamentalmente contra a zona do euro e contra a ajuda que a Alemanha vinha dando para pa\u00edses que foram abalados pela crise econ\u00f4mica financeira, como a Gr\u00e9cia e a Espanha. <\/span><span class=\"highlighter\" data-pf_style_display=\"inline\" data-pf_style_visibility=\"visible\"><span class=\"text-node\">Com a crise migrat\u00f3ria de 2014 e 2015, quando houve um influxo significativo da popula\u00e7\u00e3o vinda do Oriente M\u00e9dio (especificamente s\u00edrios e afeg\u00e3os), houve um impacto grande na mudan\u00e7a da agenda dessas organiza\u00e7\u00f5es.\u00a0<\/span><\/span><\/p>\n<p data-pf_style_display=\"block\" data-pf_style_visibility=\"visible\"><span class=\"text-node\">N\u00e3o digo que a AfD j\u00e1 tinha uma agenda nativista [pol\u00edtica de favorecer os habitantes nativos de algum pa\u00eds], xen\u00f3foba e anti-imigra\u00e7\u00e3o, mas o fluxo migrat\u00f3rio potencializou e redirecionou a agenda para um aspecto que tornou-se a principal \u00eanfase da AfD de 2014 em diante. A partir disso, surgiu o Der Fl\u00fcgel, ala mais pr\u00f3xima \u00e0 extrema direita neonazista alem\u00e3, que tem muita for\u00e7a na regi\u00e3o da Tur\u00edngia, na Alemanha Oriental.\u00a0<\/span><\/p>\n<p data-pf_style_display=\"block\" data-pf_style_visibility=\"visible\"><span class=\"text-node\">A mesma coisa aconteceu na Hungria. A plataforma eleitoral de Viktor Orb\u00e1n em 2010, ano em que foi eleito, era basicamente o discurso contra o Partido Social Democr\u00e1tico que havia ficado por oito anos no poder. A corrup\u00e7\u00e3o do Partido Social Democr\u00e1tico \u00e9 vinculada \u00e0 crise econ\u00f4mica de 2009, que foi muito impactante para o pa\u00eds. \u00c0 \u00e9poca, ainda n\u00e3o havia a quest\u00e3o da imigra\u00e7\u00e3o no discurso de Orb\u00e1n.\u00a0<\/span><\/p>\n<p data-pf_style_display=\"block\" data-pf_style_visibility=\"visible\"><span class=\"text-node\">Isso muda de maneira substancial ap\u00f3s seu segundo mandato, quando a Hungria vira um dos corredores de imigra\u00e7\u00e3o porque alguns refugiados acabaram ficando (ainda que de maneira provis\u00f3ria) quando passaram pela fronteira com a S\u00e9rvia. O pa\u00eds tinha menos de 1% de popula\u00e7\u00e3o imigrante, ou seja, boa parte da popula\u00e7\u00e3o do pa\u00eds n\u00e3o sabia exatamente o que era imigra\u00e7\u00e3o.\u00a0<\/span><\/p>\n<p data-pf_style_display=\"block\" data-pf_style_visibility=\"visible\"><span class=\"text-node\">Orb\u00e1n come\u00e7ou a mudar a sua agenda do ponto de vista do nativismo e xenofobia, da pol\u00edtica de imigra\u00e7\u00e3o. Ele aprofundou essas conex\u00f5es entre a ideia de uma identidade h\u00fangara tradicionalista e cat\u00f3lica, amea\u00e7ada pelos imigrantes. Ele passa a culpar as for\u00e7as internacionais por apoiar o processo migrat\u00f3rio. A figura do filantropo George Soros, um judeu h\u00fangaro, aparece justamente como \u201cbode expiat\u00f3rio\u201d da destrui\u00e7\u00e3o da identidade h\u00fangara. A partir disso, houve uma campanha muito forte contra as ONGs que protegem refugiados.\u00a0<\/span><\/p>\n<p data-pf_style_display=\"block\" data-pf_style_visibility=\"visible\"><span class=\"highlighter\" data-pf_style_display=\"inline\" data-pf_style_visibility=\"visible\"><span class=\"text-node\">No Brasil, a direita radical n\u00e3o tem agenda nativista e xenof\u00f3bica porque a imigra\u00e7\u00e3o n\u00e3o \u00e9 uma quest\u00e3o de relev\u00e2ncia<\/span><\/span><span class=\"text-node\">. No pa\u00eds tamb\u00e9m temos taxas de imigra\u00e7\u00e3o abaixo de 1%, em termos de refugiados e imigrantes. Temos muito mais a agenda xenof\u00f3bica inter-regional, que seria o preconceito contra pessoas de origem nordestina. O preconceito no Brasil com imigrantes j\u00e1 aconteceu na regi\u00e3o Norte do pa\u00eds com refugiados venezuelanos. Mas aqui o nativismo e xenofobia n\u00e3o fazem parte da pauta porque realmente a imigra\u00e7\u00e3o n\u00e3o \u00e9 um tema da conjuntura brasileira.\u00a0<\/span><\/p>\n<p data-pf_style_display=\"block\" data-pf_style_visibility=\"visible\"><strong data-pf_style_display=\"inline\" data-pf_style_visibility=\"visible\"><span class=\"text-node\">[Andrea Dip] Sabemos que existem diferen\u00e7as entre a extrema direita na Europa e no Brasil, como, por exemplo, a agenda da xenofobia posto por voc\u00ea. Mas tamb\u00e9m existem as semelhan\u00e7as. Quais conex\u00f5es voc\u00ea v\u00ea entre a extrema direita europeia e a brasileira?<\/span><\/strong><\/p>\n<p data-pf_style_display=\"block\" data-pf_style_visibility=\"visible\"><span class=\"text-node\">Primeiro, eu queria tentar distinguir o que \u00e9 a extrema direita europeia, porque podemos compreender nessa extrema direita qual parte mais se aproxima da brasileira. Por exemplo, eu vejo uma diferen\u00e7a muito grande ao comparar Holanda e Fran\u00e7a, porque s\u00e3o dois pa\u00edses que t\u00eam uma cultura secular, laica, com tradi\u00e7\u00e3o liberal iluminista muito forte. De maneira que o discurso de um nacionalismo de identidade religiosa pega muito pouco nesses pa\u00edses.\u00a0<\/span><\/p>\n<p data-pf_style_display=\"block\" data-pf_style_visibility=\"visible\"><span class=\"text-node\">Eu estou acompanhando bastante a campanha do Jordan Bardella, estrela da direita radical francesa, que pode se tornar o primeiro-ministro franc\u00eas durante as Olimp\u00edadas. O candidato franc\u00eas praticamente n\u00e3o comenta quest\u00f5es como ideologia de g\u00eanero, destrui\u00e7\u00e3o da fam\u00edlia tradicional etc. N\u00e3o h\u00e1 discurso anti-LGBTQIA+ e antiaborto (aprovado como direito constitucional na Fran\u00e7a). O mesmo acontece na Holanda. Geert Wilders, do Partido da Liberdade (PVV), que agora est\u00e1 formando o governo, em momento algum usa discurso religioso ou crist\u00e3o.\u00a0<\/span><\/p>\n<p data-pf_style_display=\"block\" data-pf_style_visibility=\"visible\"><span class=\"text-node\">Mas, <\/span><span class=\"highlighter\" data-pf_style_display=\"inline\" data-pf_style_visibility=\"visible\"><span class=\"text-node\">se pegarmos pa\u00edses que t\u00eam um contexto hist\u00f3rico religioso e crist\u00e3o, como o caso da Hungria, Pol\u00f4nia, Espanha e It\u00e1lia, conseguimos encontrar alguns tra\u00e7os muito parecidos com a direita radical brasileira<\/span><\/span><span class=\"text-node\">. A direita do nosso pa\u00eds fez algo no contexto do bolsonarismo, falar de cristianismo e n\u00e3o falar de catolicismo nem de protestantismo. Ou seja, foi uma alian\u00e7a de conveni\u00eancia que aconteceu \u00e0s v\u00e9speras da ascens\u00e3o do Bolsonaro como for\u00e7a pol\u00edtica.\u00a0<\/span><\/p>\n<p data-pf_style_display=\"block\" data-pf_style_visibility=\"visible\"><span class=\"text-node\">Antes de Bolsonaro surgir como candidato \u00e0 unifica\u00e7\u00e3o dos dois grupos, o Olavo de Carvalho vivia atacando o Edir Macedo e os grupos neopentecostais e os pentecostais no Brasil, houve uma alian\u00e7a para viabilizar essa candidatura religiosa crist\u00e3 brasileira. Esse \u00e9 um tra\u00e7o muito comum que possibilita a interlocu\u00e7\u00e3o global desses grupos.\u00a0<\/span><\/p>\n<p data-pf_style_display=\"block\" data-pf_style_visibility=\"visible\"><span class=\"highlighter\" data-pf_style_display=\"inline\" data-pf_style_visibility=\"visible\"><a href=\"https:\/\/apublica.org\/2023\/08\/eduardo-bolsonaro-teve-125-reunioes-com-membros-da-extrema-direita-do-continente\/\" target=\"_blank\" rel=\"noreferrer noopener\" data-pf_style_display=\"inline\" data-pf_style_visibility=\"visible\"><span class=\"text-node\">Eduardo Bolsonaro<\/span><\/a><span class=\"text-node\">tornou-se, de certa forma, o elemento de internacionaliza\u00e7\u00e3o da direita brasileira.<\/span><\/span><span class=\"text-node\"> Foi ele quem se aproximou do Steve Bannon junto com Filipe Martins, que est\u00e1 preso agora, mas foi assessor de rela\u00e7\u00f5es internacionais da Presid\u00eancia. As duas figuras transnacionalizaram as rela\u00e7\u00f5es do bolsonarismo com grupos e organiza\u00e7\u00f5es de ultradireita. Eduardo Bolsonaro se aproximou do partido portugu\u00eas Chega!, de Andr\u00e9 Aventura, e tamb\u00e9m do partido espanhol Vox, de Santiago Abascal.\u00a0<\/span><\/p>\n<p data-pf_style_display=\"block\" data-pf_style_visibility=\"visible\"><span class=\"text-node\">Inclusive, o Brasil faz parte de uma organiza\u00e7\u00e3o conhecida como F\u00f3rum de Madri. Essa organiza\u00e7\u00e3o teria sido criada para ser uma oposi\u00e7\u00e3o ao Foro de S\u00e3o Paulo \u2013 suposta organiza\u00e7\u00e3o de esquerda de teor conspiracionista \u2013 por\u00e9m o F\u00f3rum de Madri \u00e9 uma organiza\u00e7\u00e3o de direita conservadora, claramente radical.\u00a0<\/span><\/p>\n<p data-pf_style_display=\"block\" data-pf_style_visibility=\"visible\"><span class=\"highlighter\" data-pf_style_display=\"inline\" data-pf_style_visibility=\"visible\"><span class=\"text-node\">A reivindica\u00e7\u00e3o de uma identidade mobiliza um senso de cristianismo e tradi\u00e7\u00e3o de fam\u00edlia cat\u00f3lica ou protestante. O caso brasileiro oscila de um lado para o outro, mas de certa forma reivindica a mesma tradi\u00e7\u00e3o crist\u00e3.<\/span><\/span><span class=\"text-node\"> Ou seja, a ideia de identidade n\u00e3o \u00e9 nacional secular, como \u00e9 observado na Fran\u00e7a ou Holanda, \u00e9 uma identidade que quer recuperar uma tradi\u00e7\u00e3o crist\u00e3. Como \u00e9 visto na discuss\u00e3o em torno do aborto no pa\u00eds, esse elemento vem de uma reivindica\u00e7\u00e3o identit\u00e1ria crist\u00e3 muito importante nesses grupos.\u00a0<\/span><\/p>\n<p data-pf_style_display=\"block\" data-pf_style_visibility=\"visible\"><strong data-pf_style_display=\"inline\" data-pf_style_visibility=\"visible\"><span class=\"text-node\">[Andrea Dip] David, voc\u00ea trouxe alguns elementos muito importantes. Eu gostaria de saber como as elei\u00e7\u00f5es europeias refletem no Brasil?\u00a0<\/span><\/strong><\/p>\n<p data-pf_style_display=\"block\" data-pf_style_visibility=\"visible\"><span class=\"text-node\">Eu ouvi alguma milit\u00e2ncia digital de grupos bolsonaristas celebrando a vit\u00f3ria da direita radical, embora eles n\u00e3o entendam exatamente essas diferen\u00e7as relatadas. No momento que souberem que o partido de Marine Le Pen, a Rassemblement National, \u00e9 em massa a favor do aborto, v\u00e3o come\u00e7ar a cham\u00e1-la de esquerdista. <\/span><span class=\"highlighter\" data-pf_style_display=\"inline\" data-pf_style_visibility=\"visible\"><span class=\"text-node\">A vis\u00e3o que eles t\u00eam \u00e9 de um grupo conservador crescendo. Independente de essa percep\u00e7\u00e3o ser verdadeira ou n\u00e3o, ela impacta e d\u00e1 uma certa revitalidade a esses grupos, como se houvesse uma janela de oportunidades de crescimento.\u00a0\u00a0<\/span><\/span><\/p>\n<p data-pf_style_display=\"block\" data-pf_style_visibility=\"visible\"><span class=\"highlighter\" data-pf_style_display=\"inline\" data-pf_style_visibility=\"visible\"><span class=\"text-node\">N\u00e3o estamos diante de uma direita conservadora normal, mas de grupos verdadeiramente extremistas e hostis \u00e0 democracia.<\/span><\/span><span class=\"text-node\"> Eu acredito que existem alguns elementos que fortalecem os movimentos com um discurso geralmente contra o sistema. A direita populista radical na Europa adota uma postura que \u00e9, em certa medida, contra o sistema, envolvendo tanto a centro-esquerda quanto a centro-direita. As elei\u00e7\u00f5es europeias t\u00eam mostrado isso: h\u00e1 um cansa\u00e7o com o p\u00eandulo centro-esquerda e centro-direita.\u00a0<\/span><\/p>\n<p data-pf_style_display=\"block\" data-pf_style_visibility=\"visible\"><span class=\"text-node\">Os problemas tamb\u00e9m adv\u00e9m da democracia liberal, que se mostrou bastante incapaz de resolver problemas fundamentais de origem social, econ\u00f4mica e de desigualdade. H\u00e1 uma sensa\u00e7\u00e3o de insatisfa\u00e7\u00e3o. Houve, por mais de uma d\u00e9cada, uma coaliz\u00e3o na Alemanha entre centro-esquerda e centro-direita com o Partido Social-Democrata (SPD) e a Uni\u00e3o Democrata Crist\u00e3 (CDU), que governaram juntos desde a \u00e9poca da Alemanha Ocidental.\u00a0<\/span><\/p>\n<p data-pf_style_display=\"block\" data-pf_style_visibility=\"visible\"><span class=\"text-node\">Na Espanha, com o Partido Socialista Obrero (PSOE), h\u00e1 a mesma altern\u00e2ncia entre os dois grupos. <\/span><span class=\"highlighter\" data-pf_style_display=\"inline\" data-pf_style_visibility=\"visible\"><span class=\"text-node\">Existe uma sensa\u00e7\u00e3o de desgaste geral em rela\u00e7\u00e3o ao sistema, o consenso liberal que une centro-direita e centro-esquerda est\u00e1 sendo questionado. A esquerda n\u00e3o conseguiu capturar essa energia. J\u00e1 a direita consegue capturar esse sentimento na Europa, Estados Unidos e tamb\u00e9m aqui no Brasil.<\/span><\/span><span class=\"text-node\"> Esse \u00e9 um ponto que tende a refor\u00e7ar o discurso antissistema.\u00a0<\/span><\/p>\n<p data-pf_style_display=\"block\" data-pf_style_visibility=\"visible\"><span class=\"text-node\">Por\u00e9m nada se compara com a possibilidade de Donald Trump vencer as elei\u00e7\u00f5es americanas. <\/span><span class=\"highlighter\" data-pf_style_display=\"inline\" data-pf_style_visibility=\"visible\"><span class=\"text-node\">O cen\u00e1rio eleitoral nos Estados Unidos tende a ser muito mais impactante para a direita brasileira do que o cen\u00e1rio europeu.<\/span><\/span><span class=\"text-node\"> A Europa, do ponto de vista \u201cdas direitas\u201d \u00e9 muito distante historicamente, por isso a direita brasileira tem mimetizado a direita norte-americana. Desde o processo de redemocratiza\u00e7\u00e3o, o principal farol das nossas direitas radicais tem sido os EUA.\u00a0<\/span><\/p>\n<p data-pf_style_display=\"block\" data-pf_style_visibility=\"visible\"><span class=\"text-node\">Desde o per\u00edodo do neoconservadorismo, com o ex-presidente americano George W. Bush e a Guerra do Iraque, at\u00e9 quando a direita come\u00e7a a virar uma direita nacional populista com o tamb\u00e9m ex-presidente Donald Trump. Inclusive, a extrema direita tenta copiar a forma e o conte\u00fado da <\/span><em data-pf_style_display=\"inline\" data-pf_style_visibility=\"visible\"><span class=\"text-node\">alt-right<\/span><\/em><span class=\"text-node\"> que ascende com o supremacista branco Richard Spencer. Em termos de pacto, temos que prestar muito mais aten\u00e7\u00e3o no que vai acontecer nas elei\u00e7\u00f5es dos Estados Unidos agora no final do ano do que nas elei\u00e7\u00f5es europeias. A Europa \u00e9 vista como algo muito distante da direita radical brasileira.<\/span><\/p>\n","protected":false},"excerpt":{"rendered":"<p>A P\u00fablica &#8211; O crescimento da extrema direita no Parlamento Europeuap\u00f3s as elei\u00e7\u00f5es deste ano, com partidos extremistas como o espanhol Vox, o alem\u00e3o AfD e o portugu\u00eas Chega!, indica uma insatisfa\u00e7\u00e3o dos europeus com a pol\u00edtica, analisa o professor David Magalh\u00e3es. Doutor em rela\u00e7\u00f5es internacionais, Magalh\u00e3es tem concentrado suas pesquisas no tema da transnacionaliza\u00e7\u00e3o&#8230;<a class=\"more-link\" href=\"http:\/\/blogdalucianaoliveira.com.br\/blog\/2024\/06\/24\/extrema-direita-captura-insatisfacao-global-diz-professor\/\">Continue a leitura <span class=\"meta-nav\">&raquo;<\/span><\/a><\/p>\n","protected":false},"author":1,"featured_media":0,"comment_status":"closed","ping_status":"open","sticky":false,"template":"","format":"standard","meta":{"_exactmetrics_skip_tracking":false,"_exactmetrics_sitenote_active":false,"_exactmetrics_sitenote_note":"","_exactmetrics_sitenote_category":0,"jetpack_post_was_ever_published":false,"_jetpack_newsletter_access":"","_jetpack_dont_email_post_to_subs":false,"_jetpack_newsletter_tier_id":0,"_jetpack_memberships_contains_paywalled_content":false,"_jetpack_memberships_contains_paid_content":false,"footnotes":"","jetpack_publicize_message":"","jetpack_publicize_feature_enabled":true,"jetpack_social_post_already_shared":true,"jetpack_social_options":{"image_generator_settings":{"template":"highway","enabled":false},"version":2}},"categories":[1],"tags":[1020,973,1021],"class_list":["post-35368","post","type-post","status-publish","format-standard","hentry","category-notas","tag-avanco","tag-extrema-direita","tag-sistema-politico"],"jetpack_publicize_connections":[],"jetpack_sharing_enabled":true,"jetpack_featured_media_url":"","jetpack_shortlink":"https:\/\/wp.me\/p7wKYW-9cs","jetpack-related-posts":[],"_links":{"self":[{"href":"http:\/\/blogdalucianaoliveira.com.br\/blog\/wp-json\/wp\/v2\/posts\/35368","targetHints":{"allow":["GET"]}}],"collection":[{"href":"http:\/\/blogdalucianaoliveira.com.br\/blog\/wp-json\/wp\/v2\/posts"}],"about":[{"href":"http:\/\/blogdalucianaoliveira.com.br\/blog\/wp-json\/wp\/v2\/types\/post"}],"author":[{"embeddable":true,"href":"http:\/\/blogdalucianaoliveira.com.br\/blog\/wp-json\/wp\/v2\/users\/1"}],"replies":[{"embeddable":true,"href":"http:\/\/blogdalucianaoliveira.com.br\/blog\/wp-json\/wp\/v2\/comments?post=35368"}],"version-history":[{"count":2,"href":"http:\/\/blogdalucianaoliveira.com.br\/blog\/wp-json\/wp\/v2\/posts\/35368\/revisions"}],"predecessor-version":[{"id":35371,"href":"http:\/\/blogdalucianaoliveira.com.br\/blog\/wp-json\/wp\/v2\/posts\/35368\/revisions\/35371"}],"wp:attachment":[{"href":"http:\/\/blogdalucianaoliveira.com.br\/blog\/wp-json\/wp\/v2\/media?parent=35368"}],"wp:term":[{"taxonomy":"category","embeddable":true,"href":"http:\/\/blogdalucianaoliveira.com.br\/blog\/wp-json\/wp\/v2\/categories?post=35368"},{"taxonomy":"post_tag","embeddable":true,"href":"http:\/\/blogdalucianaoliveira.com.br\/blog\/wp-json\/wp\/v2\/tags?post=35368"}],"curies":[{"name":"wp","href":"https:\/\/api.w.org\/{rel}","templated":true}]}}