{"id":35380,"date":"2024-06-24T12:20:06","date_gmt":"2024-06-24T16:20:06","guid":{"rendered":"http:\/\/blogdalucianaoliveira.com.br\/blog\/?p=35380"},"modified":"2024-06-24T12:20:06","modified_gmt":"2024-06-24T16:20:06","slug":"8o-encontro-nacional-de-comunicadores-e-ativistas-digitais-divulga-programacao-completa-inscreva-se","status":"publish","type":"post","link":"http:\/\/blogdalucianaoliveira.com.br\/blog\/2024\/06\/24\/8o-encontro-nacional-de-comunicadores-e-ativistas-digitais-divulga-programacao-completa-inscreva-se\/","title":{"rendered":"8\u00ba Encontro Nacional de Comunicadores e Ativistas Digitais divulga programa\u00e7\u00e3o completa; inscreva-se!"},"content":{"rendered":"<p><img data-recalc-dims=\"1\" loading=\"lazy\" decoding=\"async\" data-attachment-id=\"35381\" data-permalink=\"http:\/\/blogdalucianaoliveira.com.br\/blog\/2024\/06\/24\/8o-encontro-nacional-de-comunicadores-e-ativistas-digitais-divulga-programacao-completa-inscreva-se\/design-sem-nome-1\/\" data-orig-file=\"https:\/\/i0.wp.com\/blogdalucianaoliveira.com.br\/blog\/wp-content\/uploads\/2024\/06\/IMG_5723.jpeg?fit=800%2C400\" data-orig-size=\"800,400\" data-comments-opened=\"0\" data-image-meta=\"{&quot;aperture&quot;:&quot;0&quot;,&quot;credit&quot;:&quot;Canal do Barao&quot;,&quot;camera&quot;:&quot;&quot;,&quot;caption&quot;:&quot;&quot;,&quot;created_timestamp&quot;:&quot;0&quot;,&quot;copyright&quot;:&quot;&quot;,&quot;focal_length&quot;:&quot;0&quot;,&quot;iso&quot;:&quot;0&quot;,&quot;shutter_speed&quot;:&quot;0&quot;,&quot;title&quot;:&quot;Design sem nome - 1&quot;,&quot;orientation&quot;:&quot;1&quot;}\" data-image-title=\"Design sem nome &amp;#8211; 1\" data-image-description=\"\" data-image-caption=\"\" data-medium-file=\"https:\/\/i0.wp.com\/blogdalucianaoliveira.com.br\/blog\/wp-content\/uploads\/2024\/06\/IMG_5723.jpeg?fit=300%2C150\" data-large-file=\"https:\/\/i0.wp.com\/blogdalucianaoliveira.com.br\/blog\/wp-content\/uploads\/2024\/06\/IMG_5723.jpeg?fit=600%2C300\" class=\"alignnone size-full wp-image-35381\" src=\"https:\/\/i0.wp.com\/blogdalucianaoliveira.com.br\/blog\/wp-content\/uploads\/2024\/06\/IMG_5723.jpeg?resize=600%2C300\" alt=\"\" width=\"600\" height=\"300\" srcset=\"https:\/\/i0.wp.com\/blogdalucianaoliveira.com.br\/blog\/wp-content\/uploads\/2024\/06\/IMG_5723.jpeg?w=800 800w, https:\/\/i0.wp.com\/blogdalucianaoliveira.com.br\/blog\/wp-content\/uploads\/2024\/06\/IMG_5723.jpeg?resize=300%2C150 300w, https:\/\/i0.wp.com\/blogdalucianaoliveira.com.br\/blog\/wp-content\/uploads\/2024\/06\/IMG_5723.jpeg?resize=768%2C384 768w, https:\/\/i0.wp.com\/blogdalucianaoliveira.com.br\/blog\/wp-content\/uploads\/2024\/06\/IMG_5723.jpeg?resize=600%2C300 600w\" sizes=\"auto, (max-width: 600px) 100vw, 600px\" \/><\/p>\n<p><strong style=\"font-size: 16px;\">O 8\u00ba Encontro Nacional de Comunicadores e Ativistas Digitais <\/strong><span style=\"font-size: 16px;\">contar\u00e1 com uma programa\u00e7\u00e3o bastante completa sobre os debates mais importantes da atualidade no que diz respeito \u00e0 democratiza\u00e7\u00e3o da comunica\u00e7\u00e3o no Brasil.<\/span><br \/>\n<!--more--><\/p>\n<p>O fortalecimento das m\u00eddias alternativas e comunit\u00e1rias, a rela\u00e7\u00e3o da juventude com a comunica\u00e7\u00e3o, a regula\u00e7\u00e3o das plataformas digitais e os desafios colocados pela intelig\u00eancia artificial ser\u00e3o os principais assuntos a serem discutidos nos dias 5 e 6 de julho, em S\u00e3o Paulo. O evento \u00e9 presencial e ocorre no audit\u00f3rio do Sindicato dos Jornalistas do Estado de S\u00e3o Paulo (rua Rego Freitas, 530 \u2013 pr\u00f3ximo \u00e0 esta\u00e7\u00e3o Rep\u00fablica do metr\u00f4).<\/p>\n<p>&nbsp;<\/p>\n<p>Jornalistas, comunicadores, criadores de conte\u00fado digital, estudantes, ativistas e interessados em geral podem se inscrever para dialogar com o tima\u00e7o de especialistas escalados pelo Bar\u00e3o para formar as mesas de debates.\u00a0As inscri\u00e7\u00f5es podem ser feitas por meio do pagamento da taxa de ades\u00e3o no valor de R$ 100 (inteira) e R$ 50 (estudantes).Garanta j\u00e1 a sua vaga!\u00a0<a href=\"https:\/\/doity.com.br\/8blogprog\" target=\"_blank\" rel=\"noopener\">Fa\u00e7a a inscri\u00e7\u00e3o clicando neste link.<\/a><\/p>\n<p>Confira a programa\u00e7\u00e3o completa a seguir.<\/p>\n<p><em><strong>Programa\u00e7\u00e3o<\/strong><\/em><\/p>\n<p><strong>05 de julho\u00a0\u2013 sexta-feira<\/strong><\/p>\n<p><strong>18h\u00a0\u2013 Abertura oficial<\/strong><br \/>\n<em>Apresenta\u00e7\u00e3o dos objetivos e din\u00e2mica do evento, com Cido Cidoli e Larissa Gould<\/em><\/p>\n<p><strong>18h30\u00a0\u2013 Comunica\u00e7\u00e3o e Conjuntura<\/strong><br \/>\n<em>Renata Mielli \u2013 Coordenadora CGI Comit\u00ea Gestor da Internet<br \/>\nAdmirson Ferro (Greg) \u2013 Coordenador do F\u00f3rum Nacional pela Democratiza\u00e7\u00e3o da Comunica\u00e7\u00e3o (FNDC);<br \/>\nRicardo Zamora \u2013 Secret\u00e1rio-executivo da Secretaria de Comunica\u00e7\u00e3o Social da Presid\u00eancia da Rep\u00fablica (Secom\/PR)<\/em><\/p>\n<p><strong>20h30 \u2013 Os desafios da intelig\u00eancia artificial<\/strong><br \/>\n<em>Julie Ricard \u2013 Consultora da Secom\/PR, diretora de tecnologia e democracia na Data-Pop Alliance e consultora da Unesco<\/em><br \/>\n<em>Ergon Cugler \u2013 Bar\u00e3o de Itarar\u00e9<\/em><br \/>\n<em>Ana Mielke \u2013 Coletivo Intervozes<\/em><\/p>\n<p><strong>06 de julho \u2013 S\u00e1bado<\/strong><\/p>\n<p><strong>9h\u00a0\u2013 Como fortalecer a comunica\u00e7\u00e3o p\u00fablica e financiar a m\u00eddia alternativa<\/strong><br \/>\n<em>Jean Lima\u00a0\u2013 presidente da Empresa Brasil de Comunica\u00e7\u00e3o (EBC)<\/em><br \/>\n<em>Geremias dos Santos \u2013 presidente da Associa\u00e7\u00e3o Brasileira de R\u00e1dios Comunit\u00e1rias (Abra\u00e7o Brasil)*<\/em><br \/>\n<em>Fernando Mauro \u2013 presidente da Associa\u00e7\u00e3o Brasileira de Canais Comunit\u00e1rios (ABCCOM)<\/em><br \/>\n<em>Samira Castro \u2013 presidenta da Federa\u00e7\u00e3o Nacional de Jornalistas (Fenaj)*<\/em><\/p>\n<p><strong>11h\u00a0\u2013\u00a0Comunica\u00e7\u00e3o e Juventude<\/strong><br \/>\n<em>Marina Caixeta \u2013 Portal Desacato<\/em><br \/>\n<em>Anderson Moraes \u2013 Jornal Empoderado<\/em><\/p>\n<p><strong>13h\u00a0\u2013 Pausa para almo\u00e7o<\/strong><\/p>\n<p><strong>14h \u2013 Reuni\u00e3o em grupos para troca de experi\u00eancia e debate sobre a Carta de SP<\/strong><\/p>\n<p><strong>16h \u2013 Plen\u00e1ria final<\/strong><br \/>\n<em>\u2013 Apresenta\u00e7\u00e3o dos relat\u00f3rios dos grupos;<\/em><br \/>\n<em>\u2013 Discuss\u00e3o e aprova\u00e7\u00e3o da Carta de SP<\/em><br \/>\n<em>\u2013 Elei\u00e7\u00e3o da nova Comiss\u00e3o Nacional de Comunicadores e Ativistas Digitais<\/em><\/p>\n","protected":false},"excerpt":{"rendered":"<p>O 8\u00ba Encontro Nacional de Comunicadores e Ativistas Digitais contar\u00e1 com uma programa\u00e7\u00e3o bastante completa sobre os debates mais importantes da atualidade no que diz respeito \u00e0 democratiza\u00e7\u00e3o da comunica\u00e7\u00e3o no Brasil.<\/p>\n","protected":false},"author":1,"featured_media":0,"comment_status":"closed","ping_status":"open","sticky":false,"template":"","format":"standard","meta":{"_exactmetrics_skip_tracking":false,"_exactmetrics_sitenote_active":false,"_exactmetrics_sitenote_note":"","_exactmetrics_sitenote_category":0,"jetpack_post_was_ever_published":false,"_jetpack_newsletter_access":"","_jetpack_dont_email_post_to_subs":false,"_jetpack_newsletter_tier_id":0,"_jetpack_memberships_contains_paywalled_content":false,"_jetpack_memberships_contains_paid_content":false,"footnotes":"","jetpack_publicize_message":"","jetpack_publicize_feature_enabled":true,"jetpack_social_post_already_shared":true,"jetpack_social_options":{"image_generator_settings":{"template":"highway","enabled":false},"version":2}},"categories":[1],"tags":[71,1023,1022,1024],"class_list":["post-35380","post","type-post","status-publish","format-standard","hentry","category-notas","tag-blogprog","tag-comunicadores-digitais","tag-encontro","tag-midia-alternativa"],"jetpack_publicize_connections":[],"jetpack_sharing_enabled":true,"jetpack_featured_media_url":"","jetpack_shortlink":"https:\/\/wp.me\/p7wKYW-9cE","jetpack-related-posts":[],"_links":{"self":[{"href":"http:\/\/blogdalucianaoliveira.com.br\/blog\/wp-json\/wp\/v2\/posts\/35380","targetHints":{"allow":["GET"]}}],"collection":[{"href":"http:\/\/blogdalucianaoliveira.com.br\/blog\/wp-json\/wp\/v2\/posts"}],"about":[{"href":"http:\/\/blogdalucianaoliveira.com.br\/blog\/wp-json\/wp\/v2\/types\/post"}],"author":[{"embeddable":true,"href":"http:\/\/blogdalucianaoliveira.com.br\/blog\/wp-json\/wp\/v2\/users\/1"}],"replies":[{"embeddable":true,"href":"http:\/\/blogdalucianaoliveira.com.br\/blog\/wp-json\/wp\/v2\/comments?post=35380"}],"version-history":[{"count":1,"href":"http:\/\/blogdalucianaoliveira.com.br\/blog\/wp-json\/wp\/v2\/posts\/35380\/revisions"}],"predecessor-version":[{"id":35382,"href":"http:\/\/blogdalucianaoliveira.com.br\/blog\/wp-json\/wp\/v2\/posts\/35380\/revisions\/35382"}],"wp:attachment":[{"href":"http:\/\/blogdalucianaoliveira.com.br\/blog\/wp-json\/wp\/v2\/media?parent=35380"}],"wp:term":[{"taxonomy":"category","embeddable":true,"href":"http:\/\/blogdalucianaoliveira.com.br\/blog\/wp-json\/wp\/v2\/categories?post=35380"},{"taxonomy":"post_tag","embeddable":true,"href":"http:\/\/blogdalucianaoliveira.com.br\/blog\/wp-json\/wp\/v2\/tags?post=35380"}],"curies":[{"name":"wp","href":"https:\/\/api.w.org\/{rel}","templated":true}]}}