{"id":35383,"date":"2024-06-25T08:09:02","date_gmt":"2024-06-25T12:09:02","guid":{"rendered":"http:\/\/blogdalucianaoliveira.com.br\/blog\/?p=35383"},"modified":"2024-06-25T08:09:02","modified_gmt":"2024-06-25T12:09:02","slug":"247-foro-social-pan-amazonico","status":"publish","type":"post","link":"http:\/\/blogdalucianaoliveira.com.br\/blog\/2024\/06\/25\/247-foro-social-pan-amazonico\/","title":{"rendered":"247: Foro Social Pan-Amaz\u00f4nico"},"content":{"rendered":"<p><img data-recalc-dims=\"1\" loading=\"lazy\" decoding=\"async\" data-attachment-id=\"35384\" data-permalink=\"http:\/\/blogdalucianaoliveira.com.br\/blog\/2024\/06\/25\/247-foro-social-pan-amazonico\/d7d8595b-4144-44f6-994f-4570c1ee1c07\/\" data-orig-file=\"https:\/\/i0.wp.com\/blogdalucianaoliveira.com.br\/blog\/wp-content\/uploads\/2024\/06\/d7d8595b-4144-44f6-994f-4570c1ee1c07.jpeg?fit=1600%2C900\" data-orig-size=\"1600,900\" data-comments-opened=\"0\" data-image-meta=\"{&quot;aperture&quot;:&quot;0&quot;,&quot;credit&quot;:&quot;&quot;,&quot;camera&quot;:&quot;&quot;,&quot;caption&quot;:&quot;&quot;,&quot;created_timestamp&quot;:&quot;1719252729&quot;,&quot;copyright&quot;:&quot;&quot;,&quot;focal_length&quot;:&quot;0&quot;,&quot;iso&quot;:&quot;0&quot;,&quot;shutter_speed&quot;:&quot;0&quot;,&quot;title&quot;:&quot;&quot;,&quot;orientation&quot;:&quot;1&quot;}\" data-image-title=\"d7d8595b-4144-44f6-994f-4570c1ee1c07\" data-image-description=\"\" data-image-caption=\"\" data-medium-file=\"https:\/\/i0.wp.com\/blogdalucianaoliveira.com.br\/blog\/wp-content\/uploads\/2024\/06\/d7d8595b-4144-44f6-994f-4570c1ee1c07.jpeg?fit=300%2C169\" data-large-file=\"https:\/\/i0.wp.com\/blogdalucianaoliveira.com.br\/blog\/wp-content\/uploads\/2024\/06\/d7d8595b-4144-44f6-994f-4570c1ee1c07.jpeg?fit=600%2C338\" class=\"alignnone size-full wp-image-35384\" src=\"https:\/\/i0.wp.com\/blogdalucianaoliveira.com.br\/blog\/wp-content\/uploads\/2024\/06\/d7d8595b-4144-44f6-994f-4570c1ee1c07.jpeg?resize=600%2C338\" alt=\"\" width=\"600\" height=\"338\" srcset=\"https:\/\/i0.wp.com\/blogdalucianaoliveira.com.br\/blog\/wp-content\/uploads\/2024\/06\/d7d8595b-4144-44f6-994f-4570c1ee1c07.jpeg?w=1600 1600w, https:\/\/i0.wp.com\/blogdalucianaoliveira.com.br\/blog\/wp-content\/uploads\/2024\/06\/d7d8595b-4144-44f6-994f-4570c1ee1c07.jpeg?resize=300%2C169 300w, https:\/\/i0.wp.com\/blogdalucianaoliveira.com.br\/blog\/wp-content\/uploads\/2024\/06\/d7d8595b-4144-44f6-994f-4570c1ee1c07.jpeg?resize=1024%2C576 1024w, https:\/\/i0.wp.com\/blogdalucianaoliveira.com.br\/blog\/wp-content\/uploads\/2024\/06\/d7d8595b-4144-44f6-994f-4570c1ee1c07.jpeg?resize=768%2C432 768w, https:\/\/i0.wp.com\/blogdalucianaoliveira.com.br\/blog\/wp-content\/uploads\/2024\/06\/d7d8595b-4144-44f6-994f-4570c1ee1c07.jpeg?resize=1536%2C864 1536w, https:\/\/i0.wp.com\/blogdalucianaoliveira.com.br\/blog\/wp-content\/uploads\/2024\/06\/d7d8595b-4144-44f6-994f-4570c1ee1c07.jpeg?resize=533%2C300 533w, https:\/\/i0.wp.com\/blogdalucianaoliveira.com.br\/blog\/wp-content\/uploads\/2024\/06\/d7d8595b-4144-44f6-994f-4570c1ee1c07.jpeg?w=1200 1200w\" sizes=\"auto, (max-width: 600px) 100vw, 600px\" \/><\/p>\n<p>Estamos em Rurrenabaque, na Bol\u00edvia, cidade que abrigou o XI F\u00d3RUM SOCIAL PAN AMAZONICO. Um evento que reuniu representantes de 9 pa\u00edses da bacia amaz\u00f4nica.<br \/>\nO principal objetivo do FOSPA \u00e9 fortalecer alian\u00e7as entre atores sociais da regi\u00e3o para troca de experi\u00eancias e constru\u00e7\u00e3o de estrat\u00e9gias de a\u00e7\u00e3o em defesa da Amaz\u00f4nia.<!--more--><\/p>\n<p>A\u00e7\u00f5es que gerem impacto nos n\u00edveis local, nacional<\/p>\n<p>Estamos no sop\u00e9 da cordilheira dos Andes e \u00e0s margens do rio Beni.<\/p>\n<p>Veja a reportagem no Brasil 247 e em breve, na estatal R\u00e1dio Internacional da China \ud83c\udde8\ud83c\uddf3<\/p>\n<p>assista:<\/p>\n<p>&nbsp;<\/p>\n<div class=\"jetpack-video-wrapper\"><iframe loading=\"lazy\" title=\"Um pacto de a\u00e7\u00e3o em defesa da Amaz\u00f4nia\" width=\"600\" height=\"338\" src=\"https:\/\/www.youtube.com\/embed\/OresTQGF2aA?feature=oembed\" frameborder=\"0\" allow=\"accelerometer; autoplay; clipboard-write; encrypted-media; gyroscope; picture-in-picture; web-share\" referrerpolicy=\"strict-origin-when-cross-origin\" allowfullscreen><\/iframe><\/div>\n","protected":false},"excerpt":{"rendered":"<p>Estamos em Rurrenabaque, na Bol\u00edvia, cidade que abrigou o XI F\u00d3RUM SOCIAL PAN AMAZONICO. Um evento que reuniu representantes de 9 pa\u00edses da bacia amaz\u00f4nica. O principal objetivo do FOSPA \u00e9 fortalecer alian\u00e7as entre atores sociais da regi\u00e3o para troca de experi\u00eancias e constru\u00e7\u00e3o de estrat\u00e9gias de a\u00e7\u00e3o em defesa da Amaz\u00f4nia.<\/p>\n","protected":false},"author":1,"featured_media":0,"comment_status":"closed","ping_status":"open","sticky":false,"template":"","format":"standard","meta":{"_exactmetrics_skip_tracking":false,"_exactmetrics_sitenote_active":false,"_exactmetrics_sitenote_note":"","_exactmetrics_sitenote_category":0,"jetpack_post_was_ever_published":false,"_jetpack_newsletter_access":"","_jetpack_dont_email_post_to_subs":false,"_jetpack_newsletter_tier_id":0,"_jetpack_memberships_contains_paywalled_content":false,"_jetpack_memberships_contains_paid_content":false,"footnotes":"","jetpack_publicize_message":"","jetpack_publicize_feature_enabled":true,"jetpack_social_post_already_shared":true,"jetpack_social_options":{"image_generator_settings":{"template":"highway","enabled":false},"version":2}},"categories":[1],"tags":[252,1025,703,1013],"class_list":["post-35383","post","type-post","status-publish","format-standard","hentry","category-notas","tag-amazonia","tag-natureza","tag-povos-originarios","tag-xi-fospa"],"jetpack_publicize_connections":[],"jetpack_sharing_enabled":true,"jetpack_featured_media_url":"","jetpack_shortlink":"https:\/\/wp.me\/p7wKYW-9cH","jetpack-related-posts":[],"_links":{"self":[{"href":"http:\/\/blogdalucianaoliveira.com.br\/blog\/wp-json\/wp\/v2\/posts\/35383","targetHints":{"allow":["GET"]}}],"collection":[{"href":"http:\/\/blogdalucianaoliveira.com.br\/blog\/wp-json\/wp\/v2\/posts"}],"about":[{"href":"http:\/\/blogdalucianaoliveira.com.br\/blog\/wp-json\/wp\/v2\/types\/post"}],"author":[{"embeddable":true,"href":"http:\/\/blogdalucianaoliveira.com.br\/blog\/wp-json\/wp\/v2\/users\/1"}],"replies":[{"embeddable":true,"href":"http:\/\/blogdalucianaoliveira.com.br\/blog\/wp-json\/wp\/v2\/comments?post=35383"}],"version-history":[{"count":1,"href":"http:\/\/blogdalucianaoliveira.com.br\/blog\/wp-json\/wp\/v2\/posts\/35383\/revisions"}],"predecessor-version":[{"id":35385,"href":"http:\/\/blogdalucianaoliveira.com.br\/blog\/wp-json\/wp\/v2\/posts\/35383\/revisions\/35385"}],"wp:attachment":[{"href":"http:\/\/blogdalucianaoliveira.com.br\/blog\/wp-json\/wp\/v2\/media?parent=35383"}],"wp:term":[{"taxonomy":"category","embeddable":true,"href":"http:\/\/blogdalucianaoliveira.com.br\/blog\/wp-json\/wp\/v2\/categories?post=35383"},{"taxonomy":"post_tag","embeddable":true,"href":"http:\/\/blogdalucianaoliveira.com.br\/blog\/wp-json\/wp\/v2\/tags?post=35383"}],"curies":[{"name":"wp","href":"https:\/\/api.w.org\/{rel}","templated":true}]}}