{"id":35391,"date":"2024-06-27T08:13:58","date_gmt":"2024-06-27T12:13:58","guid":{"rendered":"http:\/\/blogdalucianaoliveira.com.br\/blog\/?p=35391"},"modified":"2024-06-27T08:13:58","modified_gmt":"2024-06-27T12:13:58","slug":"tentativa-de-golpe-na-bolivia-o-que-se-sabe-sobre-acao-denunciada-por-presidente","status":"publish","type":"post","link":"http:\/\/blogdalucianaoliveira.com.br\/blog\/2024\/06\/27\/tentativa-de-golpe-na-bolivia-o-que-se-sabe-sobre-acao-denunciada-por-presidente\/","title":{"rendered":"Tentativa de golpe na Bol\u00edvia: o que se sabe sobre a\u00e7\u00e3o denunciada por presidente"},"content":{"rendered":"<div class=\"bbc-19j92fr ebmt73l0\" dir=\"ltr\" data-pf_style_display=\"block\" data-pf_style_visibility=\"visible\">\n<p class=\"bbc-hhl7in e17g058b0 added-to-list1\" dir=\"ltr\" data-pf_style_display=\"block\" data-pf_style_visibility=\"visible\"><span class=\"text-node\"><img data-recalc-dims=\"1\" loading=\"lazy\" decoding=\"async\" data-attachment-id=\"35401\" data-permalink=\"http:\/\/blogdalucianaoliveira.com.br\/blog\/2024\/06\/27\/tentativa-de-golpe-na-bolivia-o-que-se-sabe-sobre-acao-denunciada-por-presidente\/img_5871\/\" data-orig-file=\"https:\/\/i0.wp.com\/blogdalucianaoliveira.com.br\/blog\/wp-content\/uploads\/2024\/06\/IMG_5871.jpeg?fit=1170%2C622\" data-orig-size=\"1170,622\" data-comments-opened=\"0\" data-image-meta=\"{&quot;aperture&quot;:&quot;0&quot;,&quot;credit&quot;:&quot;&quot;,&quot;camera&quot;:&quot;&quot;,&quot;caption&quot;:&quot;&quot;,&quot;created_timestamp&quot;:&quot;0&quot;,&quot;copyright&quot;:&quot;&quot;,&quot;focal_length&quot;:&quot;0&quot;,&quot;iso&quot;:&quot;0&quot;,&quot;shutter_speed&quot;:&quot;0&quot;,&quot;title&quot;:&quot;&quot;,&quot;orientation&quot;:&quot;1&quot;}\" data-image-title=\"IMG_5871\" data-image-description=\"\" data-image-caption=\"\" data-medium-file=\"https:\/\/i0.wp.com\/blogdalucianaoliveira.com.br\/blog\/wp-content\/uploads\/2024\/06\/IMG_5871.jpeg?fit=300%2C159\" data-large-file=\"https:\/\/i0.wp.com\/blogdalucianaoliveira.com.br\/blog\/wp-content\/uploads\/2024\/06\/IMG_5871.jpeg?fit=600%2C319\" class=\"alignnone size-full wp-image-35401\" src=\"https:\/\/i0.wp.com\/blogdalucianaoliveira.com.br\/blog\/wp-content\/uploads\/2024\/06\/IMG_5871.jpeg?resize=600%2C319\" alt=\"\" width=\"600\" height=\"319\" srcset=\"https:\/\/i0.wp.com\/blogdalucianaoliveira.com.br\/blog\/wp-content\/uploads\/2024\/06\/IMG_5871.jpeg?w=1170 1170w, https:\/\/i0.wp.com\/blogdalucianaoliveira.com.br\/blog\/wp-content\/uploads\/2024\/06\/IMG_5871.jpeg?resize=300%2C159 300w, https:\/\/i0.wp.com\/blogdalucianaoliveira.com.br\/blog\/wp-content\/uploads\/2024\/06\/IMG_5871.jpeg?resize=1024%2C544 1024w, https:\/\/i0.wp.com\/blogdalucianaoliveira.com.br\/blog\/wp-content\/uploads\/2024\/06\/IMG_5871.jpeg?resize=768%2C408 768w, https:\/\/i0.wp.com\/blogdalucianaoliveira.com.br\/blog\/wp-content\/uploads\/2024\/06\/IMG_5871.jpeg?resize=564%2C300 564w\" sizes=\"auto, (max-width: 600px) 100vw, 600px\" \/><br \/>\nBBC &#8211; A Bol\u00edvia viveu horas de incerteza nesta quarta-feira (26) depois que um grupo de militares se mobilizou no centro de La Paz, algo que o presidente <\/span><span class=\"text-node\">Luis Arce<\/span><span class=\"text-node\"> descreveu como uma tentativa de \u201cgolpe de Estado\u201d.<\/span><\/p>\n<\/div>\n<p><!--more--><\/p>\n<div class=\"bbc-19j92fr ebmt73l0\" dir=\"ltr\" data-pf_style_display=\"block\" data-pf_style_visibility=\"visible\">\n<p class=\"bbc-hhl7in e17g058b0 added-to-list1\" dir=\"ltr\" data-pf_style_display=\"block\" data-pf_style_visibility=\"visible\"><span class=\"text-node\">Soldados e ve\u00edculos militares tomaram por algumas horas o controle da Plaza Murillo, em La Paz, e entraram no Pal\u00e1cio Quemado, sede do governo, liderados pelo general Juan Jos\u00e9 Z\u00fa\u00f1iga.<\/span><\/p>\n<\/div>\n<div class=\"bbc-19j92fr ebmt73l0\" dir=\"ltr\" data-pf_style_display=\"block\" data-pf_style_visibility=\"visible\">\n<p class=\"bbc-hhl7in e17g058b0 added-to-list1\" dir=\"ltr\" data-pf_style_display=\"block\" data-pf_style_visibility=\"visible\"><span class=\"text-node\">Horas depois, Z\u00fa\u00f1iga foi preso pela pol\u00edcia. <\/span><\/p>\n<\/div>\n<div class=\"bbc-19j92fr ebmt73l0\" dir=\"ltr\" data-pf_style_display=\"block\" data-pf_style_visibility=\"visible\">\n<p class=\"bbc-hhl7in e17g058b0 added-to-list1\" dir=\"ltr\" data-pf_style_display=\"block\" data-pf_style_visibility=\"visible\"><span class=\"text-node\">Ele havia sido destitu\u00eddo do cargo de chefe do Ex\u00e9rcito boliviano no dia anterior, ter\u00e7a-feira (25), por algumas declara\u00e7\u00f5es que fez sobre o ex-presidente <\/span><span class=\"text-node\">Evo Morales<\/span><span class=\"text-node\">.<\/span><\/p>\n<\/div>\n<section class=\"bbc-geybui\" role=\"region\" aria-label=\"Publicidade 2\" aria-hidden=\"true\" data-e2e=\"advertisement\" data-pf_style_display=\"block\" data-pf_style_visibility=\"visible\"><\/section>\n<div class=\"bbc-19j92fr ebmt73l0\" dir=\"ltr\" data-pf_style_display=\"block\" data-pf_style_visibility=\"visible\">\n<p class=\"bbc-hhl7in e17g058b0 added-to-list1\" dir=\"ltr\" data-pf_style_display=\"block\" data-pf_style_visibility=\"visible\"><span class=\"text-node\">Os soldados e ve\u00edculos que haviam tomado a Plaza Murillo iniciaram a retirada minutos depois.<\/span><\/p>\n<\/div>\n<div class=\"bbc-19j92fr ebmt73l0\" dir=\"ltr\" data-pf_style_display=\"block\" data-pf_style_visibility=\"visible\">\n<p class=\"bbc-hhl7in e17g058b0 added-to-list1\" dir=\"ltr\" data-pf_style_display=\"block\" data-pf_style_visibility=\"visible\"><span class=\"text-node\">Em algumas cidades bolivianas, inclusive em La Paz, a popula\u00e7\u00e3o foi \u00e0 rua protestar contra a tentativa de golpe. <\/span><\/p>\n<\/div>\n<div class=\"bbc-19j92fr ebmt73l0\" dir=\"ltr\" data-pf_style_display=\"block\" data-pf_style_visibility=\"visible\">\n<p class=\"bbc-hhl7in e17g058b0 added-to-list1\" dir=\"ltr\" data-pf_style_display=\"block\" data-pf_style_visibility=\"visible\"><span class=\"text-node\">Ap\u00f3s o incidente, o presidente Arce fez um discurso televisionado, rodeado por membros de seu gabinete.<\/span><\/p>\n<\/div>\n<div class=\"bbc-19j92fr ebmt73l0\" dir=\"ltr\" data-pf_style_display=\"block\" data-pf_style_visibility=\"visible\">\n<p class=\"bbc-hhl7in e17g058b0 added-to-list1\" dir=\"ltr\" data-pf_style_display=\"block\" data-pf_style_visibility=\"visible\"><span class=\"text-node\">\u201cEstamos firmes para enfrentar qualquer tentativa de golpe\u201d, disse.<\/span><\/p>\n<\/div>\n<div class=\"bbc-19j92fr ebmt73l0\" dir=\"ltr\" data-pf_style_display=\"block\" data-pf_style_visibility=\"visible\">\n<p class=\"bbc-hhl7in e17g058b0 added-to-list1\" dir=\"ltr\" data-pf_style_display=\"block\" data-pf_style_visibility=\"visible\"><span class=\"text-node\">\u201cQueremos exortar todos a defenderem a democracia e aqui estamos com todo o gabinete, com nossas organiza\u00e7\u00f5es sociais. Saudamos voc\u00eas, organiza\u00e7\u00f5es sociais, e cordialmente os convidamos a mostrar mais uma vez a democracia ao povo boliviano\u201d, ele disse.<\/span><\/p>\n<p dir=\"ltr\" data-pf_style_display=\"block\" data-pf_style_visibility=\"visible\"><img data-recalc-dims=\"1\" loading=\"lazy\" decoding=\"async\" data-attachment-id=\"35392\" data-permalink=\"http:\/\/blogdalucianaoliveira.com.br\/blog\/2024\/06\/27\/tentativa-de-golpe-na-bolivia-o-que-se-sabe-sobre-acao-denunciada-por-presidente\/img_5866\/\" data-orig-file=\"https:\/\/i0.wp.com\/blogdalucianaoliveira.com.br\/blog\/wp-content\/uploads\/2024\/06\/IMG_5866.webp?fit=640%2C346\" data-orig-size=\"640,346\" data-comments-opened=\"0\" data-image-meta=\"{&quot;aperture&quot;:&quot;0&quot;,&quot;credit&quot;:&quot;&quot;,&quot;camera&quot;:&quot;&quot;,&quot;caption&quot;:&quot;&quot;,&quot;created_timestamp&quot;:&quot;0&quot;,&quot;copyright&quot;:&quot;&quot;,&quot;focal_length&quot;:&quot;0&quot;,&quot;iso&quot;:&quot;0&quot;,&quot;shutter_speed&quot;:&quot;0&quot;,&quot;title&quot;:&quot;&quot;,&quot;orientation&quot;:&quot;0&quot;}\" data-image-title=\"IMG_5866\" data-image-description=\"\" data-image-caption=\"\" data-medium-file=\"https:\/\/i0.wp.com\/blogdalucianaoliveira.com.br\/blog\/wp-content\/uploads\/2024\/06\/IMG_5866.webp?fit=300%2C162\" data-large-file=\"https:\/\/i0.wp.com\/blogdalucianaoliveira.com.br\/blog\/wp-content\/uploads\/2024\/06\/IMG_5866.webp?fit=600%2C324\" class=\"alignnone size-full wp-image-35392\" src=\"https:\/\/i0.wp.com\/blogdalucianaoliveira.com.br\/blog\/wp-content\/uploads\/2024\/06\/IMG_5866.webp?resize=600%2C324\" alt=\"\" width=\"600\" height=\"324\" srcset=\"https:\/\/i0.wp.com\/blogdalucianaoliveira.com.br\/blog\/wp-content\/uploads\/2024\/06\/IMG_5866.webp?w=640 640w, https:\/\/i0.wp.com\/blogdalucianaoliveira.com.br\/blog\/wp-content\/uploads\/2024\/06\/IMG_5866.webp?resize=300%2C162 300w, https:\/\/i0.wp.com\/blogdalucianaoliveira.com.br\/blog\/wp-content\/uploads\/2024\/06\/IMG_5866.webp?resize=555%2C300 555w\" sizes=\"auto, (max-width: 600px) 100vw, 600px\" \/><\/p>\n<div class=\"bbc-19j92fr ebmt73l0\" dir=\"ltr\" data-pf_style_display=\"block\" data-pf_style_visibility=\"visible\">\n<p class=\"bbc-hhl7in e17g058b0 added-to-list1\" dir=\"ltr\" data-pf_style_display=\"block\" data-pf_style_visibility=\"visible\"><span class=\"text-node\">Z\u00fa\u00f1iga disse \u00e0 imprensa que houve uma \u201cmobiliza\u00e7\u00e3o de todas as unidades militares\u201d devido \u201c\u00e0 situa\u00e7\u00e3o do pa\u00eds\u201d.<\/span><\/p>\n<\/div>\n<div class=\"bbc-19j92fr ebmt73l0\" dir=\"ltr\" data-pf_style_display=\"block\" data-pf_style_visibility=\"visible\">\n<p class=\"bbc-hhl7in e17g058b0 added-to-list1\" dir=\"ltr\" data-pf_style_display=\"block\" data-pf_style_visibility=\"visible\"><span class=\"text-node\">&#8220;Estamos ouvindo o grito do povo. Porque h\u00e1 muitos anos uma elite toma conta do pa\u00eds. Donos do Estado, os v\u00e2ndalos est\u00e3o nas diferentes estruturas do Estado, destruindo a p\u00e1tria. As For\u00e7as Armadas pretendem reestruturar democracia&#8221;, declarou Z\u00fa\u00f1iga, que anunciou a liberta\u00e7\u00e3o de &#8220;todos os presos pol\u00edticos&#8221;.<\/span><\/p>\n<\/div>\n<div class=\"bbc-19j92fr ebmt73l0\" dir=\"ltr\" data-pf_style_display=\"block\" data-pf_style_visibility=\"visible\">\n<p class=\"bbc-hhl7in e17g058b0 added-to-list1\" dir=\"ltr\" data-pf_style_display=\"block\" data-pf_style_visibility=\"visible\"><span class=\"text-node\">Imagens nas redes sociais mostraram posteriormente Arce dentro da sede do governo enfrentando Z\u00fa\u00f1iga e ordenando a retirada dos militares, que haviam acessado o Pal\u00e1cio Quemado for\u00e7ando o port\u00e3o com um ve\u00edculo blindado.<\/span><\/p>\n<\/div>\n<div class=\"bbc-19j92fr ebmt73l0\" dir=\"ltr\" data-pf_style_display=\"block\" data-pf_style_visibility=\"visible\">\n<p class=\"bbc-hhl7in e17g058b0 added-to-list1\" dir=\"ltr\" data-pf_style_display=\"block\" data-pf_style_visibility=\"visible\"><span class=\"text-node\">Mais tarde, em cerim\u00f4nia televisionada na Casa Grande del Pueblo, Arce nomeou novos l\u00edderes militares. Entre eles, o general Jos\u00e9 Wilson S\u00e1nchez, que assumiu o comando geral do Ex\u00e9rcito.<\/span><\/p>\n<\/div>\n<div class=\"bbc-19j92fr ebmt73l0\" dir=\"ltr\" data-pf_style_display=\"block\" data-pf_style_visibility=\"visible\">\n<p class=\"bbc-hhl7in e17g058b0 added-to-list1\" dir=\"ltr\" data-pf_style_display=\"block\" data-pf_style_visibility=\"visible\"><span class=\"text-node\">Ap\u00f3s ser empossado, o militar declarou: \u201cNingu\u00e9m quer ver a imagem que estamos vendo nas ruas. \u00c9 por isso que agora na qualidade de comandante&#8230; pe\u00e7o, ordeno que todo o pessoal que estiver mobilizado nas ruas retorne \u00e0s suas unidades.&#8221;<\/span><\/p>\n<\/div>\n<div class=\"bbc-19j92fr ebmt73l0\" dir=\"ltr\" data-pf_style_display=\"block\" data-pf_style_visibility=\"visible\">\n<p class=\"bbc-hhl7in e17g058b0 added-to-list1\" dir=\"ltr\" data-pf_style_display=\"block\" data-pf_style_visibility=\"visible\"><span class=\"text-node\">Enquanto o evento acontecia na sede do governo, os militares que haviam se mobilizado no centro de La Paz come\u00e7aram a deixar a Plaza Murillo.<\/span><\/p>\n<\/div>\n<div class=\"bbc-19j92fr ebmt73l0\" dir=\"ltr\" data-pf_style_display=\"block\" data-pf_style_visibility=\"visible\">\n<p class=\"bbc-hhl7in e17g058b0 added-to-list1\" dir=\"ltr\" data-pf_style_display=\"block\" data-pf_style_visibility=\"visible\"><span class=\"text-node\">Ap\u00f3s a retirada das tropas, Luis Arce saiu \u00e0 varanda presidencial e, diante de uma multid\u00e3o, agradeceu aos cidad\u00e3os que se mobilizaram.<\/span><\/p>\n<\/div>\n<div class=\"bbc-19j92fr ebmt73l0\" dir=\"ltr\" data-pf_style_display=\"block\" data-pf_style_visibility=\"visible\">\n<p class=\"bbc-hhl7in e17g058b0 added-to-list1\" dir=\"ltr\" data-pf_style_display=\"block\" data-pf_style_visibility=\"visible\"><span class=\"text-node\">\u201cCom voc\u00eas, com o povo, nunca desistiremos. Ningu\u00e9m pode tirar a democracia que conquistamos nas urnas e com o sangue do povo boliviano\u201d, afirmou Arce.<\/span><\/p>\n<p dir=\"ltr\" data-pf_style_display=\"block\" data-pf_style_visibility=\"visible\"><img data-recalc-dims=\"1\" loading=\"lazy\" decoding=\"async\" data-attachment-id=\"35393\" data-permalink=\"http:\/\/blogdalucianaoliveira.com.br\/blog\/2024\/06\/27\/tentativa-de-golpe-na-bolivia-o-que-se-sabe-sobre-acao-denunciada-por-presidente\/img_5867\/\" data-orig-file=\"https:\/\/i0.wp.com\/blogdalucianaoliveira.com.br\/blog\/wp-content\/uploads\/2024\/06\/IMG_5867.webp?fit=640%2C426\" data-orig-size=\"640,426\" data-comments-opened=\"0\" data-image-meta=\"{&quot;aperture&quot;:&quot;0&quot;,&quot;credit&quot;:&quot;&quot;,&quot;camera&quot;:&quot;&quot;,&quot;caption&quot;:&quot;&quot;,&quot;created_timestamp&quot;:&quot;0&quot;,&quot;copyright&quot;:&quot;&quot;,&quot;focal_length&quot;:&quot;0&quot;,&quot;iso&quot;:&quot;0&quot;,&quot;shutter_speed&quot;:&quot;0&quot;,&quot;title&quot;:&quot;&quot;,&quot;orientation&quot;:&quot;0&quot;}\" data-image-title=\"IMG_5867\" data-image-description=\"\" data-image-caption=\"\" data-medium-file=\"https:\/\/i0.wp.com\/blogdalucianaoliveira.com.br\/blog\/wp-content\/uploads\/2024\/06\/IMG_5867.webp?fit=300%2C200\" data-large-file=\"https:\/\/i0.wp.com\/blogdalucianaoliveira.com.br\/blog\/wp-content\/uploads\/2024\/06\/IMG_5867.webp?fit=600%2C399\" class=\"alignnone size-full wp-image-35393\" src=\"https:\/\/i0.wp.com\/blogdalucianaoliveira.com.br\/blog\/wp-content\/uploads\/2024\/06\/IMG_5867.webp?resize=600%2C399\" alt=\"\" width=\"600\" height=\"399\" srcset=\"https:\/\/i0.wp.com\/blogdalucianaoliveira.com.br\/blog\/wp-content\/uploads\/2024\/06\/IMG_5867.webp?w=640 640w, https:\/\/i0.wp.com\/blogdalucianaoliveira.com.br\/blog\/wp-content\/uploads\/2024\/06\/IMG_5867.webp?resize=300%2C200 300w, https:\/\/i0.wp.com\/blogdalucianaoliveira.com.br\/blog\/wp-content\/uploads\/2024\/06\/IMG_5867.webp?resize=451%2C300 451w\" sizes=\"auto, (max-width: 600px) 100vw, 600px\" \/><\/p>\n<h2 id=\"Autogolpe-diz-general\" class=\"bbc-1f03ibc eglt09e0\" tabindex=\"-1\" data-pf_style_display=\"block\" data-pf_style_visibility=\"visible\"><span class=\"text-node\">&#8216;Autogolpe&#8217;, diz general<\/span><\/h2>\n<div class=\"bbc-19j92fr ebmt73l0\" dir=\"ltr\" data-pf_style_display=\"block\" data-pf_style_visibility=\"visible\">\n<p class=\"bbc-hhl7in e17g058b0 added-to-list1\" dir=\"ltr\" data-pf_style_display=\"block\" data-pf_style_visibility=\"visible\"><span class=\"text-node\">Z\u00fa\u00f1iga foi detido depois que o minist\u00e9rio p\u00fablico emitiu uma ordem para sua apreens\u00e3o. No momento da deten\u00e7\u00e3o, o militar acusou Arce de orquestrar a tentativa de golpe para &#8220;levantar sua popularidade&#8221;.<\/span><\/p>\n<\/div>\n<div class=\"bbc-19j92fr ebmt73l0\" dir=\"ltr\" data-pf_style_display=\"block\" data-pf_style_visibility=\"visible\">\n<p class=\"bbc-hhl7in e17g058b0 added-to-list1\" dir=\"ltr\" data-pf_style_display=\"block\" data-pf_style_visibility=\"visible\"><span class=\"text-node\">&#8220;No domingo no col\u00e9gio La Salle me reuni com o presidente e ele me disse que &#8216;a situa\u00e7\u00e3o est\u00e1 muito ferrada, esta semana ser\u00e1 cr\u00edtica. Ent\u00e3o \u00e9 preciso preparar algo para levantar minha popularidade'&#8221;, disse Z\u00fa\u00f1iga para as c\u00e2meras, quando estava sendo preso.<\/span><\/p>\n<\/div>\n<div class=\"bbc-19j92fr ebmt73l0\" dir=\"ltr\" data-pf_style_display=\"block\" data-pf_style_visibility=\"visible\">\n<p class=\"bbc-hhl7in e17g058b0 added-to-list1\" dir=\"ltr\" data-pf_style_display=\"block\" data-pf_style_visibility=\"visible\"><span class=\"text-node\">O general disse ter perguntado a Arce se deveria &#8220;colocar os tanques&#8221; nas ruas, ao que o presidente teria respondido que sim. O militar disse que os preparativos come\u00e7aram no domingo \u00e0 noite.<\/span><\/p>\n<\/div>\n<div class=\"bbc-19j92fr ebmt73l0\" dir=\"ltr\" data-pf_style_display=\"block\" data-pf_style_visibility=\"visible\">\n<p class=\"bbc-hhl7in e17g058b0 added-to-list1\" dir=\"ltr\" data-pf_style_display=\"block\" data-pf_style_visibility=\"visible\"><span class=\"text-node\">Segundo Z\u00fa\u00f1iga, o que aconteceu foi uma tentativa de &#8220;autogolpe&#8221;.<\/span><\/p>\n<\/div>\n<div class=\"bbc-19j92fr ebmt73l0\" dir=\"ltr\" data-pf_style_display=\"block\" data-pf_style_visibility=\"visible\">\n<p class=\"bbc-hhl7in e17g058b0 added-to-list1\" dir=\"ltr\" data-pf_style_display=\"block\" data-pf_style_visibility=\"visible\"><span class=\"text-node\">A imprensa local est\u00e1 noticiando que o general ser\u00e1 processado por terrorismo e atentado armado contra a seguran\u00e7a e soberania do Estado.<\/span><\/p>\n<\/div>\n<div class=\"bbc-19j92fr ebmt73l0\" dir=\"ltr\" data-pf_style_display=\"block\" data-pf_style_visibility=\"visible\">\n<p class=\"bbc-hhl7in e17g058b0 added-to-list1\" dir=\"ltr\" data-pf_style_display=\"block\" data-pf_style_visibility=\"visible\"><span class=\"text-node\">As autoridades anunciaram a deten\u00e7\u00e3o de um segundo envolvido \u2014 o ex-comandante da Marinha boliviana Juan Arnez Salvador.<\/span><\/p>\n<p dir=\"ltr\" data-pf_style_display=\"block\" data-pf_style_visibility=\"visible\"><img data-recalc-dims=\"1\" loading=\"lazy\" decoding=\"async\" data-attachment-id=\"35394\" data-permalink=\"http:\/\/blogdalucianaoliveira.com.br\/blog\/2024\/06\/27\/tentativa-de-golpe-na-bolivia-o-que-se-sabe-sobre-acao-denunciada-por-presidente\/img_5868\/\" data-orig-file=\"https:\/\/i0.wp.com\/blogdalucianaoliveira.com.br\/blog\/wp-content\/uploads\/2024\/06\/IMG_5868.webp?fit=640%2C426\" data-orig-size=\"640,426\" data-comments-opened=\"0\" data-image-meta=\"{&quot;aperture&quot;:&quot;0&quot;,&quot;credit&quot;:&quot;&quot;,&quot;camera&quot;:&quot;&quot;,&quot;caption&quot;:&quot;&quot;,&quot;created_timestamp&quot;:&quot;0&quot;,&quot;copyright&quot;:&quot;&quot;,&quot;focal_length&quot;:&quot;0&quot;,&quot;iso&quot;:&quot;0&quot;,&quot;shutter_speed&quot;:&quot;0&quot;,&quot;title&quot;:&quot;&quot;,&quot;orientation&quot;:&quot;0&quot;}\" data-image-title=\"IMG_5868\" data-image-description=\"\" data-image-caption=\"\" data-medium-file=\"https:\/\/i0.wp.com\/blogdalucianaoliveira.com.br\/blog\/wp-content\/uploads\/2024\/06\/IMG_5868.webp?fit=300%2C200\" data-large-file=\"https:\/\/i0.wp.com\/blogdalucianaoliveira.com.br\/blog\/wp-content\/uploads\/2024\/06\/IMG_5868.webp?fit=600%2C399\" class=\"alignnone size-full wp-image-35394\" src=\"https:\/\/i0.wp.com\/blogdalucianaoliveira.com.br\/blog\/wp-content\/uploads\/2024\/06\/IMG_5868.webp?resize=600%2C399\" alt=\"\" width=\"600\" height=\"399\" srcset=\"https:\/\/i0.wp.com\/blogdalucianaoliveira.com.br\/blog\/wp-content\/uploads\/2024\/06\/IMG_5868.webp?w=640 640w, https:\/\/i0.wp.com\/blogdalucianaoliveira.com.br\/blog\/wp-content\/uploads\/2024\/06\/IMG_5868.webp?resize=300%2C200 300w, https:\/\/i0.wp.com\/blogdalucianaoliveira.com.br\/blog\/wp-content\/uploads\/2024\/06\/IMG_5868.webp?resize=451%2C300 451w\" sizes=\"auto, (max-width: 600px) 100vw, 600px\" \/><\/p>\n<div class=\"bbc-19j92fr ebmt73l0\" dir=\"ltr\" data-pf_style_display=\"block\" data-pf_style_visibility=\"visible\">\n<p class=\"bbc-hhl7in e17g058b0 added-to-list1\" dir=\"ltr\" data-pf_style_display=\"block\" data-pf_style_visibility=\"visible\"><span class=\"text-node\">\u201cA democracia deve ser respeitada\u201d, escreveu ele em sua conta na rede social X.<\/span><\/p>\n<\/div>\n<div class=\"bbc-19j92fr ebmt73l0\" dir=\"ltr\" data-pf_style_display=\"block\" data-pf_style_visibility=\"visible\">\n<p class=\"bbc-hhl7in e17g058b0 added-to-list1\" dir=\"ltr\" data-pf_style_display=\"block\" data-pf_style_visibility=\"visible\"><span class=\"text-node\">A m\u00eddia local mostrou ent\u00e3o imagens de tropas posicionadas na Plaza Murillo e de militares entrando no pal\u00e1cio do governo.<\/span><\/p>\n<\/div>\n<div class=\"bbc-19j92fr ebmt73l0\" dir=\"ltr\" data-pf_style_display=\"block\" data-pf_style_visibility=\"visible\">\n<p class=\"bbc-hhl7in e17g058b0 added-to-list1\" dir=\"ltr\" data-pf_style_display=\"block\" data-pf_style_visibility=\"visible\"><span class=\"text-node\">Os militares montaram barricadas para impedir a entrada de cidad\u00e3os na pra\u00e7a e dispararam g\u00e1s lacrimog\u00eaneo.<\/span><\/p>\n<\/div>\n<div class=\"bbc-19j92fr ebmt73l0\" dir=\"ltr\" data-pf_style_display=\"block\" data-pf_style_visibility=\"visible\">\n<p class=\"bbc-hhl7in e17g058b0 added-to-list1\" dir=\"ltr\" data-pf_style_display=\"block\" data-pf_style_visibility=\"visible\"><span class=\"text-node\">Em suas redes sociais, o ex-presidente Evo Morales, l\u00edder do partido governante Movimento ao Socialismo (MAS), descreveu o ocorrido como \u201cum golpe de estado\u201d em andamento.<\/span><\/p>\n<\/div>\n<div class=\"bbc-19j92fr ebmt73l0\" dir=\"ltr\" data-pf_style_display=\"block\" data-pf_style_visibility=\"visible\">\n<p class=\"bbc-hhl7in e17g058b0 added-to-list1\" dir=\"ltr\" data-pf_style_display=\"block\" data-pf_style_visibility=\"visible\"><span class=\"text-node\">Juan Jos\u00e9 Z\u00fa\u00f1iga foi demitido do cargo de chefe do Ex\u00e9rcito na ter\u00e7a-feira depois de afirmar que Morales \u201cn\u00e3o pode mais ser presidente deste pa\u00eds\u201d.<\/span><\/p>\n<div class=\"bbc-19j92fr ebmt73l0\" dir=\"ltr\" data-pf_style_display=\"block\" data-pf_style_visibility=\"visible\">\n<p class=\"bbc-hhl7in e17g058b0 added-to-list1\" dir=\"ltr\" data-pf_style_display=\"block\" data-pf_style_visibility=\"visible\"><span class=\"text-node\">\u201cSe for necess\u00e1rio, n\u00e3o permitirei que ele pise na Constitui\u00e7\u00e3o, desobede\u00e7a ao mandato do povo\u201d, disse Z\u00fa\u00f1iga numa entrevista na TV, amea\u00e7ando prender Morales.<\/span><\/p>\n<\/div>\n<div class=\"bbc-19j92fr ebmt73l0\" dir=\"ltr\" data-pf_style_display=\"block\" data-pf_style_visibility=\"visible\">\n<p class=\"bbc-hhl7in e17g058b0 added-to-list1\" dir=\"ltr\" data-pf_style_display=\"block\" data-pf_style_visibility=\"visible\"><span class=\"text-node\">Morales deixou o poder em 2019, ap\u00f3s uma revolta militar que se seguiu ao primeiro turno das elei\u00e7\u00f5es presidenciais. Ele ent\u00e3o deixou o pa\u00eds com o apoio do M\u00e9xico, mas retornou quando Arce levou o MAS de volta ao poder.<\/span><\/p>\n<\/div>\n<div class=\"bbc-19j92fr ebmt73l0\" dir=\"ltr\" data-pf_style_display=\"block\" data-pf_style_visibility=\"visible\">\n<p class=\"bbc-hhl7in e17g058b0 added-to-list1\" dir=\"ltr\" data-pf_style_display=\"block\" data-pf_style_visibility=\"visible\"><span class=\"text-node\">Entretanto, Arce e Morales, outrora aliados, t\u00eam tido uma disputa pol\u00edtica nos \u00faltimos meses sobre o futuro do MAS e a tentativa do ex-presidente de concorrer a um novo mandato.<\/span><\/p>\n<\/div>\n<div class=\"bbc-19j92fr ebmt73l0\" dir=\"ltr\" data-pf_style_display=\"block\" data-pf_style_visibility=\"visible\">\n<p class=\"bbc-hhl7in e17g058b0 added-to-list1\" dir=\"ltr\" data-pf_style_display=\"block\" data-pf_style_visibility=\"visible\"><span class=\"text-node\">Em diversas declara\u00e7\u00f5es p\u00fablicas, Arce j\u00e1 disse ser alvo de um \u201cgolpe suave\u201d que visa \u201cencurtar mandatos\u201d, e por tr\u00e1s do qual estariam os seguidores de Morales.<\/span><\/p>\n<\/div>\n<div class=\"bbc-19j92fr ebmt73l0\" dir=\"ltr\" data-pf_style_display=\"block\" data-pf_style_visibility=\"visible\">\n<p class=\"bbc-hhl7in e17g058b0 added-to-list1\" dir=\"ltr\" data-pf_style_display=\"block\" data-pf_style_visibility=\"visible\"><span class=\"text-node\">Por sua vez, o ex-presidente denunciou que Arce, ao assumir a lideran\u00e7a do MAS, tentaria minar as suas aspira\u00e7\u00f5es a uma nova candidatura presidencial.<\/span><\/p>\n<\/div>\n<div class=\"bbc-19j92fr ebmt73l0\" dir=\"ltr\" data-pf_style_display=\"block\" data-pf_style_visibility=\"visible\">\n<p class=\"bbc-hhl7in e17g058b0 added-to-list1\" dir=\"ltr\" data-pf_style_display=\"block\" data-pf_style_visibility=\"visible\"><span class=\"text-node\">Paralelamente, a Bol\u00edvia enfrenta uma grave crise econ\u00f4mica devido \u00e0 falta de combust\u00edvel e \u00e0 escassez de divisas. Isto gerou mobiliza\u00e7\u00f5es sindicais pelas quais Arce culpa Morales.<\/span><\/p>\n<\/div>\n<p class=\"bbc-19j92fr ebmt73l0 added-to-list1\">\n<h2 id=\"Lula-Golpe-nunca-deu-certo\" class=\"bbc-1f03ibc eglt09e0\" tabindex=\"-1\" data-pf_style_display=\"block\" data-pf_style_visibility=\"visible\"><span class=\"text-node\">Lula: &#8216;Golpe nunca deu certo&#8217;<\/span><\/h2>\n<p><img data-recalc-dims=\"1\" loading=\"lazy\" decoding=\"async\" data-attachment-id=\"35395\" data-permalink=\"http:\/\/blogdalucianaoliveira.com.br\/blog\/2024\/06\/27\/tentativa-de-golpe-na-bolivia-o-que-se-sabe-sobre-acao-denunciada-por-presidente\/img_5869\/\" data-orig-file=\"https:\/\/i0.wp.com\/blogdalucianaoliveira.com.br\/blog\/wp-content\/uploads\/2024\/06\/IMG_5869.webp?fit=640%2C360\" data-orig-size=\"640,360\" data-comments-opened=\"0\" data-image-meta=\"{&quot;aperture&quot;:&quot;0&quot;,&quot;credit&quot;:&quot;&quot;,&quot;camera&quot;:&quot;&quot;,&quot;caption&quot;:&quot;&quot;,&quot;created_timestamp&quot;:&quot;0&quot;,&quot;copyright&quot;:&quot;&quot;,&quot;focal_length&quot;:&quot;0&quot;,&quot;iso&quot;:&quot;0&quot;,&quot;shutter_speed&quot;:&quot;0&quot;,&quot;title&quot;:&quot;&quot;,&quot;orientation&quot;:&quot;0&quot;}\" data-image-title=\"IMG_5869\" data-image-description=\"\" data-image-caption=\"\" data-medium-file=\"https:\/\/i0.wp.com\/blogdalucianaoliveira.com.br\/blog\/wp-content\/uploads\/2024\/06\/IMG_5869.webp?fit=300%2C169\" data-large-file=\"https:\/\/i0.wp.com\/blogdalucianaoliveira.com.br\/blog\/wp-content\/uploads\/2024\/06\/IMG_5869.webp?fit=600%2C338\" class=\"alignnone size-full wp-image-35395\" src=\"https:\/\/i0.wp.com\/blogdalucianaoliveira.com.br\/blog\/wp-content\/uploads\/2024\/06\/IMG_5869.webp?resize=600%2C338\" alt=\"\" width=\"600\" height=\"338\" srcset=\"https:\/\/i0.wp.com\/blogdalucianaoliveira.com.br\/blog\/wp-content\/uploads\/2024\/06\/IMG_5869.webp?w=640 640w, https:\/\/i0.wp.com\/blogdalucianaoliveira.com.br\/blog\/wp-content\/uploads\/2024\/06\/IMG_5869.webp?resize=300%2C169 300w, https:\/\/i0.wp.com\/blogdalucianaoliveira.com.br\/blog\/wp-content\/uploads\/2024\/06\/IMG_5869.webp?resize=533%2C300 533w\" sizes=\"auto, (max-width: 600px) 100vw, 600px\" \/><\/p>\n<div class=\"bbc-19j92fr ebmt73l0\" dir=\"ltr\" data-pf_style_display=\"block\" data-pf_style_visibility=\"visible\">\n<p class=\"bbc-hhl7in e17g058b0 added-to-list1\" dir=\"ltr\" data-pf_style_display=\"block\" data-pf_style_visibility=\"visible\"><span class=\"text-node\">Diante dos \u00faltimos acontecimentos, o secret\u00e1rio-geral da Organiza\u00e7\u00e3o dos Estados Americanos (OEA), Luis Almagro, disse que condena &#8220;da forma mais contundente&#8221; o que aconteceu no pa\u00eds sul-americano.<\/span><\/p>\n<\/div>\n<div class=\"bbc-19j92fr ebmt73l0\" dir=\"ltr\" data-pf_style_display=\"block\" data-pf_style_visibility=\"visible\">\n<p class=\"bbc-hhl7in e17g058b0 added-to-list1\" dir=\"ltr\" data-pf_style_display=\"block\" data-pf_style_visibility=\"visible\"><span class=\"text-node\">&#8220;O Ex\u00e9rcito deve submeter-se ao poder civil legitimamente eleito. Enviamos nossa solidariedade ao presidente da Bol\u00edvia, Luis Arce Catacora, ao seu governo e a todo o povo boliviano&#8221;, disse Almagro.<\/span><\/p>\n<\/div>\n<div class=\"bbc-19j92fr ebmt73l0\" dir=\"ltr\" data-pf_style_display=\"block\" data-pf_style_visibility=\"visible\">\n<p class=\"bbc-hhl7in e17g058b0 added-to-list1\" dir=\"ltr\" data-pf_style_display=\"block\" data-pf_style_visibility=\"visible\"><span class=\"text-node\">&#8220;A comunidade internacional, a OEA e a Secretaria-Geral n\u00e3o tolerar\u00e3o qualquer viola\u00e7\u00e3o da ordem constitucional leg\u00edtima na Bol\u00edvia ou em qualquer outro lugar.&#8221;<\/span><\/p>\n<\/div>\n<div class=\"bbc-19j92fr ebmt73l0\" dir=\"ltr\" data-pf_style_display=\"block\" data-pf_style_visibility=\"visible\">\n<p class=\"bbc-hhl7in e17g058b0 added-to-list1\" dir=\"ltr\" data-pf_style_display=\"block\" data-pf_style_visibility=\"visible\"><span class=\"text-node\">Questionado por jornalistas sobre o tema na quarta-feira, o presidente Luiz In\u00e1cio Lula da Silva afirmou ter pedido informa\u00e7\u00f5es ao Itamaraty sobre o tema e ressaltou ser necess\u00e1rio primeira ter certeza sobre o que ocorre no pa\u00eds .<\/span><\/p>\n<\/div>\n<div class=\"bbc-19j92fr ebmt73l0\" dir=\"ltr\" data-pf_style_display=\"block\" data-pf_style_visibility=\"visible\">\n<p class=\"bbc-hhl7in e17g058b0 added-to-list1\" dir=\"ltr\" data-pf_style_display=\"block\" data-pf_style_visibility=\"visible\"><span class=\"text-node\">&#8220;Eu o ministro Mauro [Vieira, de Rela\u00e7\u00f5es Exteriores] ligar para a Bol\u00edvia, ligar para o presidente [boliviano], ligar para o embaixador brasileiro, para a gente ter certeza, para ter uma posi\u00e7\u00e3o&#8221;, disse Lula durante uma visita a uma exposi\u00e7\u00e3o de \u00f4nibus escolares do Programa Caminho da Escola-Novo PAC.<\/span><\/p>\n<\/div>\n<div class=\"bbc-19j92fr ebmt73l0\" dir=\"ltr\" data-pf_style_display=\"block\" data-pf_style_visibility=\"visible\">\n<p class=\"bbc-hhl7in e17g058b0 added-to-list1\" dir=\"ltr\" data-pf_style_display=\"block\" data-pf_style_visibility=\"visible\"><span class=\"text-node\">&#8220;Mas, como eu sou um amante da democracia, eu quero que a democracia prevale\u00e7a na Am\u00e9rica Latina, golpe nunca deu certo.&#8221;<\/span><\/p>\n<\/div>\n<div class=\"bbc-19j92fr ebmt73l0\" dir=\"ltr\" data-pf_style_display=\"block\" data-pf_style_visibility=\"visible\">\n<p class=\"bbc-hhl7in e17g058b0 added-to-list1\" dir=\"ltr\" data-pf_style_display=\"block\" data-pf_style_visibility=\"visible\"><span class=\"text-node\">Depois, em sua conta oficial na rede social X, Lula afirmou que &#8220;a posi\u00e7\u00e3o do Brasil \u00e9 clara&#8221;. <\/span><\/p>\n<\/div>\n<div class=\"bbc-19j92fr ebmt73l0\" dir=\"ltr\" data-pf_style_display=\"block\" data-pf_style_visibility=\"visible\">\n<p class=\"bbc-hhl7in e17g058b0 added-to-list1\" dir=\"ltr\" data-pf_style_display=\"block\" data-pf_style_visibility=\"visible\"><span class=\"text-node\">&#8220;Condenamos qualquer forma de golpe de Estado na Bol\u00edvia e reafirmamos nosso compromisso com o povo e a democracia no pa\u00eds irm\u00e3o&#8221;, disse o presidente brasileiro.<\/span><\/p>\n<\/div>\n<div class=\"bbc-19j92fr ebmt73l0\" dir=\"ltr\" data-pf_style_display=\"block\" data-pf_style_visibility=\"visible\">\n<p class=\"bbc-hhl7in e17g058b0 added-to-list1\" dir=\"ltr\" data-pf_style_display=\"block\" data-pf_style_visibility=\"visible\"><span class=\"text-node\">O Itamaraty disse em nota \u00e0 imprensa que o governo brasileiro &#8220;condena nos mais firmes termos a tentativa de golpe de estado em curso na Bol\u00edvia, que envolve mobiliza\u00e7\u00e3o irregular de tropas do Ex\u00e9rcito, em clara amea\u00e7a ao Estado democr\u00e1tico de Direito no pa\u00eds&#8221;.<\/span><\/p>\n<\/div>\n<div class=\"bbc-19j92fr ebmt73l0\" dir=\"ltr\" data-pf_style_display=\"block\" data-pf_style_visibility=\"visible\">\n<p class=\"bbc-hhl7in e17g058b0 added-to-list1\" dir=\"ltr\" data-pf_style_display=\"block\" data-pf_style_visibility=\"visible\"><span class=\"text-node\">&#8220;O governo brasileiro manifesta seu apoio e solidariedade ao presidente Luis Arce e ao governo e povo bolivianos&#8221;, disse a pasta. <\/span><\/p>\n<\/div>\n<div class=\"bbc-19j92fr ebmt73l0\" dir=\"ltr\" data-pf_style_display=\"block\" data-pf_style_visibility=\"visible\">\n<p class=\"bbc-hhl7in e17g058b0 added-to-list1\" dir=\"ltr\" data-pf_style_display=\"block\" data-pf_style_visibility=\"visible\"><span class=\"text-node\">&#8220;Nesse contexto, estar\u00e1 em interlocu\u00e7\u00e3o permanente com as autoridades leg\u00edtimas bolivianas e com os governos dos demais pa\u00edses da Am\u00e9rica do Sul no sentido de recha\u00e7ar essa grave viola\u00e7\u00e3o da ordem constitucional na Bol\u00edvia e reafirmar seu compromisso com a plena vig\u00eancia da democracia na regi\u00e3o. Esses fatos s\u00e3o incompat\u00edveis com os compromissos da Bol\u00edvia perante o Mercosul, sob a \u00e9gide do Protocolo de Ushuaia.&#8221;<\/span><\/p>\n<\/div>\n<div class=\"bbc-19j92fr ebmt73l0\" dir=\"ltr\" data-pf_style_display=\"block\" data-pf_style_visibility=\"visible\">\n<p class=\"bbc-hhl7in e17g058b0 added-to-list1\" dir=\"ltr\" data-pf_style_display=\"block\" data-pf_style_visibility=\"visible\"><span class=\"text-node\">Diplomatas brasileiros ouvidos pela reportagem em car\u00e1ter reservado informaram que a situa\u00e7\u00e3o est\u00e1 sendo analisada pela c\u00fapula do Itamaraty, em Bras\u00edlia. <\/span><\/p>\n<\/div>\n<div class=\"bbc-19j92fr ebmt73l0\" dir=\"ltr\" data-pf_style_display=\"block\" data-pf_style_visibility=\"visible\">\n<p class=\"bbc-hhl7in e17g058b0 added-to-list1\" dir=\"ltr\" data-pf_style_display=\"block\" data-pf_style_visibility=\"visible\"><span class=\"text-node\">A equipe da assessoria internacional da Presid\u00eancia da Rep\u00fablica tamb\u00e9m est\u00e1 avaliando os acontecimentos em La Paz. <\/span><\/p>\n<\/div>\n<div class=\"bbc-19j92fr ebmt73l0\" dir=\"ltr\" data-pf_style_display=\"block\" data-pf_style_visibility=\"visible\">\n<p class=\"bbc-hhl7in e17g058b0 added-to-list1\" dir=\"ltr\" data-pf_style_display=\"block\" data-pf_style_visibility=\"visible\"><span class=\"text-node\">A movimenta\u00e7\u00e3o militar na Bol\u00edvia acontece a pouco mais de 15 dias da viagem prevista de Lula ao pa\u00eds, para onde o petista tem viagem agendada para 9 de julho. <\/span><\/p>\n<\/div>\n<div class=\"bbc-19j92fr ebmt73l0\" dir=\"ltr\" data-pf_style_display=\"block\" data-pf_style_visibility=\"visible\">\n<p class=\"bbc-hhl7in e17g058b0 added-to-list1\" dir=\"ltr\" data-pf_style_display=\"block\" data-pf_style_visibility=\"visible\"><span class=\"text-node\">A BBC News Brasil indagou ao Itamaraty se a viagem de Lula a Bol\u00edvia est\u00e1 mantida e se o governo fez alguma orienta\u00e7\u00e3o espec\u00edfica aos cidad\u00e3os brasileiros que vivem no pa\u00eds, mas at\u00e9 agora nenhuma resposta havia sido enviada.<\/span><\/p>\n<\/div>\n<\/div>\n<\/div>\n<\/div>\n<\/div>\n","protected":false},"excerpt":{"rendered":"<p>BBC &#8211; A Bol\u00edvia viveu horas de incerteza nesta quarta-feira (26) depois que um grupo de militares se mobilizou no centro de La Paz, algo que o presidente Luis Arce descreveu como uma tentativa de \u201cgolpe de Estado\u201d.<\/p>\n","protected":false},"author":1,"featured_media":0,"comment_status":"closed","ping_status":"open","sticky":false,"template":"","format":"standard","meta":{"_exactmetrics_skip_tracking":false,"_exactmetrics_sitenote_active":false,"_exactmetrics_sitenote_note":"","_exactmetrics_sitenote_category":0,"jetpack_post_was_ever_published":false,"_jetpack_newsletter_access":"","_jetpack_dont_email_post_to_subs":false,"_jetpack_newsletter_tier_id":0,"_jetpack_memberships_contains_paywalled_content":false,"_jetpack_memberships_contains_paid_content":false,"footnotes":"","jetpack_publicize_message":"","jetpack_publicize_feature_enabled":true,"jetpack_social_post_already_shared":true,"jetpack_social_options":{"image_generator_settings":{"template":"highway","enabled":false},"version":2}},"categories":[1],"tags":[452,39,1026],"class_list":["post-35391","post","type-post","status-publish","format-standard","hentry","category-notas","tag-bolivia","tag-golpe","tag-litio"],"jetpack_publicize_connections":[],"jetpack_sharing_enabled":true,"jetpack_featured_media_url":"","jetpack_shortlink":"https:\/\/wp.me\/p7wKYW-9cP","jetpack-related-posts":[],"_links":{"self":[{"href":"http:\/\/blogdalucianaoliveira.com.br\/blog\/wp-json\/wp\/v2\/posts\/35391","targetHints":{"allow":["GET"]}}],"collection":[{"href":"http:\/\/blogdalucianaoliveira.com.br\/blog\/wp-json\/wp\/v2\/posts"}],"about":[{"href":"http:\/\/blogdalucianaoliveira.com.br\/blog\/wp-json\/wp\/v2\/types\/post"}],"author":[{"embeddable":true,"href":"http:\/\/blogdalucianaoliveira.com.br\/blog\/wp-json\/wp\/v2\/users\/1"}],"replies":[{"embeddable":true,"href":"http:\/\/blogdalucianaoliveira.com.br\/blog\/wp-json\/wp\/v2\/comments?post=35391"}],"version-history":[{"count":5,"href":"http:\/\/blogdalucianaoliveira.com.br\/blog\/wp-json\/wp\/v2\/posts\/35391\/revisions"}],"predecessor-version":[{"id":35402,"href":"http:\/\/blogdalucianaoliveira.com.br\/blog\/wp-json\/wp\/v2\/posts\/35391\/revisions\/35402"}],"wp:attachment":[{"href":"http:\/\/blogdalucianaoliveira.com.br\/blog\/wp-json\/wp\/v2\/media?parent=35391"}],"wp:term":[{"taxonomy":"category","embeddable":true,"href":"http:\/\/blogdalucianaoliveira.com.br\/blog\/wp-json\/wp\/v2\/categories?post=35391"},{"taxonomy":"post_tag","embeddable":true,"href":"http:\/\/blogdalucianaoliveira.com.br\/blog\/wp-json\/wp\/v2\/tags?post=35391"}],"curies":[{"name":"wp","href":"https:\/\/api.w.org\/{rel}","templated":true}]}}