{"id":354,"date":"2016-05-06T19:15:36","date_gmt":"2016-05-06T23:15:36","guid":{"rendered":"http:\/\/blogdalucianaoliveira.com.br\/blog\/?p=354"},"modified":"2016-05-06T19:15:36","modified_gmt":"2016-05-06T23:15:36","slug":"novo-tipo-penal-segundo-capez","status":"publish","type":"post","link":"http:\/\/blogdalucianaoliveira.com.br\/blog\/2016\/05\/06\/novo-tipo-penal-segundo-capez\/","title":{"rendered":"Novo tipo penal, segundo Capez"},"content":{"rendered":"<p><img data-recalc-dims=\"1\" loading=\"lazy\" decoding=\"async\" data-attachment-id=\"355\" data-permalink=\"http:\/\/blogdalucianaoliveira.com.br\/blog\/2016\/05\/06\/novo-tipo-penal-segundo-capez\/image-60\/\" data-orig-file=\"https:\/\/i0.wp.com\/blogdalucianaoliveira.com.br\/blog\/wp-content\/uploads\/2016\/05\/image-56.jpeg?fit=718%2C377\" data-orig-size=\"718,377\" data-comments-opened=\"0\" data-image-meta=\"{&quot;aperture&quot;:&quot;0&quot;,&quot;credit&quot;:&quot;&quot;,&quot;camera&quot;:&quot;&quot;,&quot;caption&quot;:&quot;&quot;,&quot;created_timestamp&quot;:&quot;0&quot;,&quot;copyright&quot;:&quot;&quot;,&quot;focal_length&quot;:&quot;0&quot;,&quot;iso&quot;:&quot;0&quot;,&quot;shutter_speed&quot;:&quot;0&quot;,&quot;title&quot;:&quot;&quot;,&quot;orientation&quot;:&quot;0&quot;}\" data-image-title=\"image\" data-image-description=\"\" data-image-caption=\"\" data-medium-file=\"https:\/\/i0.wp.com\/blogdalucianaoliveira.com.br\/blog\/wp-content\/uploads\/2016\/05\/image-56.jpeg?fit=300%2C158\" data-large-file=\"https:\/\/i0.wp.com\/blogdalucianaoliveira.com.br\/blog\/wp-content\/uploads\/2016\/05\/image-56.jpeg?fit=600%2C315\" src=\"https:\/\/i0.wp.com\/blogdalucianaoliveira.com.br\/blog\/wp-content\/uploads\/2016\/05\/image-56.jpeg?resize=600%2C315\" alt=\"image\" width=\"600\" height=\"315\" class=\"alignnone size-full wp-image-355\" srcset=\"https:\/\/i0.wp.com\/blogdalucianaoliveira.com.br\/blog\/wp-content\/uploads\/2016\/05\/image-56.jpeg?w=718 718w, https:\/\/i0.wp.com\/blogdalucianaoliveira.com.br\/blog\/wp-content\/uploads\/2016\/05\/image-56.jpeg?resize=300%2C158 300w, https:\/\/i0.wp.com\/blogdalucianaoliveira.com.br\/blog\/wp-content\/uploads\/2016\/05\/image-56.jpeg?resize=571%2C300 571w\" sizes=\"auto, (max-width: 600px) 100vw, 600px\" \/><\/p>\n<p>INVESTIGADO PELO MP, CAPEZ TRANSFORMOU EM CRIME A D\u00daVIDA DOS ESTUDANTES SOBRE ONDE FOI PARAR A MERENDA<\/p>\n<p>O presidente da Casa, Fernando Capez (PSDB), foi quem pediu a reintegra\u00e7\u00e3o de posse no plen\u00e1rio da Assembleia. Capez tamb\u00e9m entrou com uma a\u00e7\u00e3o judicial contra a presidenta da UBES, Camila Lanes. O tucano \u00e9 um dos investigados pelo Minist\u00e9rio P\u00fablico.<\/p>\n<p>Caso n\u00e3o deixassem a Alesp, os estudantes teriam de pagar multa di\u00e1ria e individual de 30 mil reais para cada ocupante da casa.<\/p>\n<p>Capez afirmou que o valor estipulado da multa \u00e9 justific\u00e1vel porque ele tem fotos de estudantes com computadores da Apple de R$ 20 mil e viu estudantes chegarem de carro blindado na assembl\u00e9ia.<\/p>\n<p>Querer entender onde foi parar a merenda virou crime em S\u00e3o Paulo.<\/p>\n<p>Fonte: Jornalistas Livres <\/p>\n","protected":false},"excerpt":{"rendered":"<p>INVESTIGADO PELO MP, CAPEZ TRANSFORMOU EM CRIME A D\u00daVIDA DOS ESTUDANTES SOBRE ONDE FOI PARAR A MERENDA O presidente da Casa, Fernando Capez (PSDB), foi quem pediu a reintegra\u00e7\u00e3o de posse no plen\u00e1rio da Assembleia. Capez tamb\u00e9m entrou com uma a\u00e7\u00e3o judicial contra a presidenta da UBES, Camila Lanes. O tucano \u00e9 um dos investigados&#8230;<a class=\"more-link\" href=\"http:\/\/blogdalucianaoliveira.com.br\/blog\/2016\/05\/06\/novo-tipo-penal-segundo-capez\/\">Continue a leitura <span class=\"meta-nav\">&raquo;<\/span><\/a><\/p>\n","protected":false},"author":1,"featured_media":0,"comment_status":"closed","ping_status":"open","sticky":false,"template":"","format":"standard","meta":{"_exactmetrics_skip_tracking":false,"_exactmetrics_sitenote_active":false,"_exactmetrics_sitenote_note":"","_exactmetrics_sitenote_category":0,"jetpack_post_was_ever_published":false,"_jetpack_newsletter_access":"","_jetpack_dont_email_post_to_subs":false,"_jetpack_newsletter_tier_id":0,"_jetpack_memberships_contains_paywalled_content":false,"_jetpack_memberships_contains_paid_content":false,"footnotes":"","jetpack_publicize_message":"","jetpack_publicize_feature_enabled":true,"jetpack_social_post_already_shared":false,"jetpack_social_options":{"image_generator_settings":{"template":"highway","enabled":false},"version":2}},"categories":[1],"tags":[],"class_list":["post-354","post","type-post","status-publish","format-standard","hentry","category-notas"],"jetpack_publicize_connections":[],"jetpack_sharing_enabled":true,"jetpack_featured_media_url":"","jetpack_shortlink":"https:\/\/wp.me\/p7wKYW-5I","jetpack-related-posts":[],"_links":{"self":[{"href":"http:\/\/blogdalucianaoliveira.com.br\/blog\/wp-json\/wp\/v2\/posts\/354","targetHints":{"allow":["GET"]}}],"collection":[{"href":"http:\/\/blogdalucianaoliveira.com.br\/blog\/wp-json\/wp\/v2\/posts"}],"about":[{"href":"http:\/\/blogdalucianaoliveira.com.br\/blog\/wp-json\/wp\/v2\/types\/post"}],"author":[{"embeddable":true,"href":"http:\/\/blogdalucianaoliveira.com.br\/blog\/wp-json\/wp\/v2\/users\/1"}],"replies":[{"embeddable":true,"href":"http:\/\/blogdalucianaoliveira.com.br\/blog\/wp-json\/wp\/v2\/comments?post=354"}],"version-history":[{"count":2,"href":"http:\/\/blogdalucianaoliveira.com.br\/blog\/wp-json\/wp\/v2\/posts\/354\/revisions"}],"predecessor-version":[{"id":357,"href":"http:\/\/blogdalucianaoliveira.com.br\/blog\/wp-json\/wp\/v2\/posts\/354\/revisions\/357"}],"wp:attachment":[{"href":"http:\/\/blogdalucianaoliveira.com.br\/blog\/wp-json\/wp\/v2\/media?parent=354"}],"wp:term":[{"taxonomy":"category","embeddable":true,"href":"http:\/\/blogdalucianaoliveira.com.br\/blog\/wp-json\/wp\/v2\/categories?post=354"},{"taxonomy":"post_tag","embeddable":true,"href":"http:\/\/blogdalucianaoliveira.com.br\/blog\/wp-json\/wp\/v2\/tags?post=354"}],"curies":[{"name":"wp","href":"https:\/\/api.w.org\/{rel}","templated":true}]}}