{"id":35413,"date":"2024-06-28T10:03:41","date_gmt":"2024-06-28T14:03:41","guid":{"rendered":"http:\/\/blogdalucianaoliveira.com.br\/blog\/?p=35413"},"modified":"2024-06-28T10:03:41","modified_gmt":"2024-06-28T14:03:41","slug":"multa-de-r-176-mil-projeto-que-torna-doacao-de-comida-a-moradores-de-rua-mais-rigorosa-avanca-em-sao-paulo","status":"publish","type":"post","link":"http:\/\/blogdalucianaoliveira.com.br\/blog\/2024\/06\/28\/multa-de-r-176-mil-projeto-que-torna-doacao-de-comida-a-moradores-de-rua-mais-rigorosa-avanca-em-sao-paulo\/","title":{"rendered":"Multa de R$ 17,6 mil: projeto que torna doa\u00e7\u00e3o de comida a moradores de rua mais rigorosa avan\u00e7a em S\u00e3o Paulo"},"content":{"rendered":"<p class=\"post__excerpt\"><img data-recalc-dims=\"1\" decoding=\"async\" src=\"https:\/\/i0.wp.com\/www.cnnbrasil.com.br\/wp-content\/uploads\/sites\/12\/2023\/02\/PHO20230209017.jpg?w=600&#038;ssl=1\" alt=\"Barracas de moradores em situa\u00e7\u00e3o de rua em S\u00e3o Paulo\" \/><\/p>\n<picture class=\"img__destaque\"><source srcset=\"https:\/\/www.cnnbrasil.com.br\/wp-content\/uploads\/sites\/12\/2023\/02\/PHO20230209017.jpg?w=420&amp;h=240&amp;crop=1\" media=\"(max-width: 799px)\" \/><source srcset=\"https:\/\/www.cnnbrasil.com.br\/wp-content\/uploads\/sites\/12\/2023\/02\/PHO20230209017.jpg?w=1220&amp;h=674&amp;crop=1\" media=\"(min-width: 800px)\" \/><\/picture>\n<p class=\"post__excerpt\">Texto ainda precisa ser votado em segundo turno por vereadores para ser levado \u00e0 san\u00e7\u00e3o do prefeito Ricardo Nunes (MDB)<!--more--><\/p>\n<picture class=\"img__destaque\"><source srcset=\"https:\/\/www.cnnbrasil.com.br\/wp-content\/uploads\/sites\/12\/2023\/02\/PHO20230209017.jpg?w=420&amp;h=240&amp;crop=1\" media=\"(max-width: 799px)\" \/><source srcset=\"https:\/\/www.cnnbrasil.com.br\/wp-content\/uploads\/sites\/12\/2023\/02\/PHO20230209017.jpg?w=1220&amp;h=674&amp;crop=1\" media=\"(min-width: 800px)\" \/><\/picture>\n<p><strong>CNN<\/strong> &#8211; A C\u00e2mara de Vereadores de S\u00e3o Paulo aprovou nesta quarta-feira (27), em primeiro turno, o Projeto de Lei 445\/2023 que prev\u00ea a possibilidade de aplica\u00e7\u00e3o de uma <strong>multa de R$ 17.680<\/strong>\u00a0para quem descumprir regras para doa\u00e7\u00e3o de alimentos a moradores de rua.<\/p>\n<div id=\"ads-banner-1\" class=\"ad__area\">\n<div id=\"mid2\" data-google-query-id=\"CI2R9si6_oYDFWEAuQYdPxcAoA\">\n<p>A regra se aplicaria a Organiza\u00e7\u00f5es N\u00e3o Governamentais (ONGs), entidades assemelhadas e quaisquer cidad\u00e3os que desejem doar alimentos.<\/p>\n<p>O texto aprovado nesta quinta-feira (27) ainda precisa ser votado em segundo turno para ser levado \u00e0 san\u00e7\u00e3o do prefeito Ricardo Nunes (MDB).<\/p>\n<aside class=\"read__too\">\n<div class=\"read__title\">\n<p>Entre os regramentos aplicados \u00e0s ONGs para que seja poss\u00edvel a doa\u00e7\u00e3o de alimentos, est\u00e3o:<\/p>\n<ul>\n<li>Regularidade da raz\u00e3o social<\/li>\n<li>Atualiza\u00e7\u00e3o do quadro administrativo<\/li>\n<li>Obrigatoriedade de zeladoria urbana<\/li>\n<li>Autoriza\u00e7\u00e3o da Secretaria Municipal da Subprefeitura<\/li>\n<li>Autoriza\u00e7\u00e3o da Secretaria Municipal de Assist\u00eancia e Desenvolvimento Social<\/li>\n<li>Cadastro atualizado de volunt\u00e1rios e tamb\u00e9m de pessoas em situa\u00e7\u00e3o de vulnerabilidade social<\/li>\n<\/ul>\n<p>\u00c9 obrigat\u00f3rio, ainda, o uso de crach\u00e1s de identifica\u00e7\u00e3o.<\/p>\n<p>No caso das pessoas f\u00edsicas, quatro normas muito semelhantes foram aplicadas. Entre eles, est\u00e1 o de obrigatoriedade de zeladoria urbana. Sendo assim, \u00e9 necess\u00e1rio que a pessoa promova a limpeza do local e ofere\u00e7a uma estrutura adequada, com mesa, cadeira, talheres, pratos e copos ao oferecer os alimentos.<\/p>\n<p>O projeto de lei \u00e9 de autoria do vereador Rubinho Nunes, do Uni\u00e3o Brasil. Em 2023, o vereador chegou a tentar a instaura\u00e7\u00e3o de uma Comiss\u00e3o Parlamentar de Inqu\u00e9rito (CPI) que investigaria o que ele chamava de \u201cm\u00e1fia da mis\u00e9ria\u201d. Um dos nomes apontados pelo vereador como respons\u00e1veis pelas a\u00e7\u00f5es seria o do Padre J\u00falio Lancelotti. No entanto, as den\u00fancias n\u00e3o avan\u00e7aram.<\/p>\n<div class=\"tags__topics\">\n<div class=\"tags__topics__content\"><\/div>\n<\/div>\n<\/div>\n<\/aside>\n<\/div>\n<\/div>\n","protected":false},"excerpt":{"rendered":"<p>Texto ainda precisa ser votado em segundo turno por vereadores para ser levado \u00e0 san\u00e7\u00e3o do prefeito Ricardo Nunes (MDB)<\/p>\n","protected":false},"author":1,"featured_media":0,"comment_status":"closed","ping_status":"open","sticky":false,"template":"","format":"standard","meta":{"_exactmetrics_skip_tracking":false,"_exactmetrics_sitenote_active":false,"_exactmetrics_sitenote_note":"","_exactmetrics_sitenote_category":0,"jetpack_post_was_ever_published":false,"_jetpack_newsletter_access":"","_jetpack_dont_email_post_to_subs":false,"_jetpack_newsletter_tier_id":0,"_jetpack_memberships_contains_paywalled_content":false,"_jetpack_memberships_contains_paid_content":false,"footnotes":"","jetpack_publicize_message":"","jetpack_publicize_feature_enabled":true,"jetpack_social_post_already_shared":true,"jetpack_social_options":{"image_generator_settings":{"template":"highway","enabled":false},"version":2}},"categories":[1],"tags":[243,1027,1029,1028],"class_list":["post-35413","post","type-post","status-publish","format-standard","hentry","category-notas","tag-comida","tag-morador-de-rua","tag-multa","tag-projeto"],"jetpack_publicize_connections":[],"jetpack_sharing_enabled":true,"jetpack_featured_media_url":"","jetpack_shortlink":"https:\/\/wp.me\/p7wKYW-9db","jetpack-related-posts":[],"_links":{"self":[{"href":"http:\/\/blogdalucianaoliveira.com.br\/blog\/wp-json\/wp\/v2\/posts\/35413","targetHints":{"allow":["GET"]}}],"collection":[{"href":"http:\/\/blogdalucianaoliveira.com.br\/blog\/wp-json\/wp\/v2\/posts"}],"about":[{"href":"http:\/\/blogdalucianaoliveira.com.br\/blog\/wp-json\/wp\/v2\/types\/post"}],"author":[{"embeddable":true,"href":"http:\/\/blogdalucianaoliveira.com.br\/blog\/wp-json\/wp\/v2\/users\/1"}],"replies":[{"embeddable":true,"href":"http:\/\/blogdalucianaoliveira.com.br\/blog\/wp-json\/wp\/v2\/comments?post=35413"}],"version-history":[{"count":2,"href":"http:\/\/blogdalucianaoliveira.com.br\/blog\/wp-json\/wp\/v2\/posts\/35413\/revisions"}],"predecessor-version":[{"id":35416,"href":"http:\/\/blogdalucianaoliveira.com.br\/blog\/wp-json\/wp\/v2\/posts\/35413\/revisions\/35416"}],"wp:attachment":[{"href":"http:\/\/blogdalucianaoliveira.com.br\/blog\/wp-json\/wp\/v2\/media?parent=35413"}],"wp:term":[{"taxonomy":"category","embeddable":true,"href":"http:\/\/blogdalucianaoliveira.com.br\/blog\/wp-json\/wp\/v2\/categories?post=35413"},{"taxonomy":"post_tag","embeddable":true,"href":"http:\/\/blogdalucianaoliveira.com.br\/blog\/wp-json\/wp\/v2\/tags?post=35413"}],"curies":[{"name":"wp","href":"https:\/\/api.w.org\/{rel}","templated":true}]}}