{"id":35417,"date":"2024-06-28T10:26:05","date_gmt":"2024-06-28T14:26:05","guid":{"rendered":"http:\/\/blogdalucianaoliveira.com.br\/blog\/?p=35417"},"modified":"2024-06-28T10:26:05","modified_gmt":"2024-06-28T14:26:05","slug":"no-coracao-do-agro-lgbtqia-enfrentam-violencia-e-discriminacao","status":"publish","type":"post","link":"http:\/\/blogdalucianaoliveira.com.br\/blog\/2024\/06\/28\/no-coracao-do-agro-lgbtqia-enfrentam-violencia-e-discriminacao\/","title":{"rendered":"No cora\u00e7\u00e3o do agro, LGBTQIA+ enfrentam viol\u00eancia e discrimina\u00e7\u00e3o"},"content":{"rendered":"<p><img data-recalc-dims=\"1\" decoding=\"async\" src=\"https:\/\/i0.wp.com\/reporterbrasil.org.br\/wp-content\/uploads\/2024\/06\/Parada-da-Diversidade-Matheus-Carvalho-Cidadania.jpeg?w=600&#038;ssl=1\" alt=\"Comunidade LGBTQIA+ lota as ruas de Campo Grande (MS) na Parada da Cidadania e do Orgulho (Foto: Matheus Carvalho\/Secretaria de Estado da Cidadania do MS)\" \/><\/p>\n<p><strong>Rep\u00f3rter Brasil<\/strong> &#8211; Pesquisa aponta rotina de<a href=\"https:\/\/www.ihu.unisinos.br\/categorias\/618695-mortes-por-lgbtfobia-crescem-33-em-um-ano\" target=\"_blank\" rel=\"noopener noreferrer\">\u00a0discrimina\u00e7\u00e3o da popula\u00e7\u00e3o LGBTQIA+<\/a>\u00a0no Centro-Oeste, especialmente em \u00e1reas rurais, e falta de pol\u00edticas p\u00fablicas para combater a viol\u00eancia na regi\u00e3o.<!--more--><\/p>\n<p>A reportagem \u00e9 de<strong>\u00a0Beatriz Vit\u00f3ria<\/strong>, publicada por\u00a0<a href=\"https:\/\/reporterbrasil.org.br\/\" target=\"_blank\" rel=\"noopener noreferrer\">Rep\u00f3rter Brasil<\/a>, 28-06-2024.<\/p>\n<p>\u201cAs pessoas realmente compraram essa ideia de que professores est\u00e3o transformando os estudantes em\u00a0<strong>LGBTs<\/strong>\u00a0ou indo contra os valores da fam\u00edlia\u201d, diz a soci\u00f3loga e professora\u00a0<strong>Daniele Rehling<\/strong>, demitida de uma escola particular de\u00a0<strong>Campo Grande<\/strong>\u00a0(<strong>MS<\/strong>), junto com outros dois colegas, acusados de promover a chamada \u201c<a href=\"https:\/\/www.ihu.unisinos.br\/categorias\/637390-quem-tem-medo-do-genero-artigo-de-judith-butler\" target=\"_blank\" rel=\"noopener noreferrer\">ideologia de g\u00eanero<\/a>\u201d.<\/p>\n<p><strong>Rehling<\/strong>\u00a0conta que eles sofreram persegui\u00e7\u00e3o na escola por debaterem\u00a0<a href=\"https:\/\/www.ihu.unisinos.br\/categorias\/620114-sexualidade-e-questao-de-genero-entrevista-com-dom-giovanni-del-missier\" target=\"_blank\" rel=\"noopener noreferrer\">quest\u00f5es de g\u00eanero<\/a>\u00a0em sala de aula e defenderem direitos de alunos trans, como o uso do nome social e do banheiro de acordo com a identidade de g\u00eanero. Segundo a professora, que dava aula para o\u00a0<strong>Ensino M\u00e9dio<\/strong>, mesmo o uso de roupas coloridas era visto como um problema.<\/p>\n<p>O relato de\u00a0<strong>Rehling<\/strong>\u00a0n\u00e3o \u00e9 um caso isolado, como mostra relat\u00f3rio do\u00a0<strong>Projeto Pajub\u00e1<\/strong>\u00a0que analisou a situa\u00e7\u00e3o dos\u00a0<strong>coletivos<\/strong>\u00a0<strong>LGBTQIA+<\/strong>\u00a0no Brasil. Idealizado pelas organiza\u00e7\u00f5es\u00a0<strong>Abong<\/strong>,\u00a0<strong>Antra<\/strong>\u00a0e\u00a0<strong>ABGLT<\/strong>, o estudo aponta que, no\u00a0<strong>Centro-Oeste<\/strong>, h\u00e1 uma rotina de discrimina\u00e7\u00e3o de\u00a0<strong>pessoas<\/strong>\u00a0<strong>LGBTQIA+<\/strong>, especialmente em \u00e1reas rurais.<\/p>\n<p>Dados do\u00a0<strong>Disque 100<\/strong>, do Minist\u00e9rio dos Direitos Humanos e da Cidadania, confirmam essa situa\u00e7\u00e3o de risco. Distrito Federal, Mato Grosso do Sul e Goi\u00e1s foram as unidades federativas que mais receberam den\u00fancias de viola\u00e7\u00f5es de direitos humanos contra\u00a0<a href=\"https:\/\/www.ihu.unisinos.br\/categorias\/628097-de-onde-vem-livro-investiga-raizes-da-lgbtqia-fobia-em-lares-cristaos-do-brasil\" target=\"_blank\" rel=\"noopener noreferrer\">LGBTQIA+<\/a>\u00a0no primeiro trimestre de 2024, proporcionalmente ao n\u00famero de habitantes.<\/p>\n<p><strong>Igor Marangon<\/strong>, secret\u00e1rio de organiza\u00e7\u00e3o do coletivo LGBTQIA+ de\u00a0<a href=\"https:\/\/www.ihu.unisinos.br\/categorias\/186-noticias-2017\/564942-sinop-onde-a-amazonia-virou-asfalto-e-soja\" target=\"_blank\" rel=\"noopener noreferrer\">Sinop<\/a>, no interior de\u00a0<strong>Mato Grosso<\/strong>, diz que \u00e9 comum o coletivo receber relatos de preconceito no ambiente de trabalho. Segundo ele, h\u00e1 uma cultura muito forte de \u201cvaloriza\u00e7\u00e3o da heteronormatividade\u201d, sobretudo em locais onde o\u00a0<a href=\"https:\/\/ihu.unisinos.br\/614537-latifundio-arma-mortifera-de-exploracao\" target=\"_blank\" rel=\"noopener noreferrer\">agroneg\u00f3cio<\/a>\u00a0\u00e9 muito forte, como a cidade, que se autointitula \u201ccapital do Nort\u00e3o do Mato Grosso\u201d, regi\u00e3o que mais produz soja no pa\u00eds.<\/p>\n<p>\u201cRecentemente, um rapaz entregou curr\u00edculo em uma empresa de\u00a0<strong>agroneg\u00f3cio<\/strong>, mas n\u00e3o foi contratado por ser, segundo as palavras [de um funcion\u00e1rio] da empresa, \u2018muito afeminado\u2019\u201d, exemplifica. O agro pode ser tudo, menos diverso.<\/p>\n<p>Outro trabalhador\u00a0<strong>LGBTQIA+<\/strong>\u00a0do agroneg\u00f3cio na regi\u00e3o de\u00a0<strong>Sinop<\/strong>\u00a0denunciou ao coletivo que recebeu diversos ataques homof\u00f3bicos, ap\u00f3s um perfil do Instagram vazar um v\u00eddeo seu, inicialmente enviado a um grupo privado do WhatsApp, no qual ele mostra sua rotina de trabalho em uma fazenda.<\/p>\n<p>Uma professora do munic\u00edpio de\u00a0<strong>Ju\u00edna<\/strong>\u00a0(MT) tamb\u00e9m relatou ao coletivo ter sido demitida ap\u00f3s levar uma palestra sobre g\u00eanero para a escola, em junho do ano passado.<\/p>\n<p>\u201cA falta de pol\u00edticas p\u00fablicas inclusivas e a resist\u00eancia de setores da sociedade em reconhecer e combater a\u00a0<strong>discrimina\u00e7\u00e3o<\/strong>\u00a0contribuem para a perpetua\u00e7\u00e3o da viol\u00eancia\u201d, diz trecho do relat\u00f3rio.<\/p>\n<h2>Projetos de lei tentam limitar ainda mais os direitos<\/h2>\n<p>A rotina de discrimina\u00e7\u00e3o vivida por essas popula\u00e7\u00f5es pode se agravar ainda mais. Um levantamento realizado pela\u00a0<strong>Rep\u00f3rter Brasil<\/strong>\u00a0nos sites das Assembleias Legislativas do\u00a0<strong>Mato Gross<\/strong>o,\u00a0<strong>Mato Grosso do Sul<\/strong>\u00a0e\u00a0<strong>Goi\u00e1s<\/strong>\u00a0com os termos \u201cg\u00eanero\u201d, \u201cidentidade de g\u00eanero\u201d e \u201cLGBT\u201d encontrou ao menos 22 projetos de leis que buscam restringir direitos relacionados \u00e0\u00a0<strong><a href=\"https:\/\/www.ihu.unisinos.br\/categorias\/636196-uma-pessoa-lgbtqia-foi-assassinada-a-cada-34-horas-em-2023\" target=\"_blank\" rel=\"noopener noreferrer\">popula\u00e7\u00e3o LGBTQIA+<\/a><\/strong>\u00a0[<a href=\"https:\/\/reporterbrasil.org.br\/wp-content\/uploads\/2024\/06\/Projetos-de-lei-anti-LGBT-no-Centro-Oeste-Pagina1-1.pdf\" target=\"_blank\" rel=\"noopener noreferrer\">confira aqui a lista completa<\/a>].<\/p>\n<p>Entre eles, est\u00e1 o projeto de lei 538\/2023 do deputado do PSD de Goi\u00e1s\u00a0<strong>Cairo Salim<\/strong>, que pro\u00edbe a participa\u00e7\u00e3o de crian\u00e7as e adolescentes menores de 18 anos nas\u00a0<strong>paradas de orgulho LGBTQIAPN+<\/strong>\u00a0no estado, com a justificativa de que esse tipo de evento explora \u201cerotiza\u00e7\u00e3o infantil, independentemente da presen\u00e7a dos pais ou respons\u00e1veis legais\u201d.<\/p>\n<p>J\u00e1 no\u00a0<strong>Mato Grosso<\/strong>, o projeto de lei 99\/2023, de autoria do deputado\u00a0<strong>Thiago Silva\u00a0<\/strong>(MDB), pro\u00edbe a \u201c<strong>ideologia de g\u00eaneros<\/strong>\u201d nas escolas, argumentando que \u201co Estado n\u00e3o pode usar o sistema de ensino para promover uma determinada moralidade desmedida sem pr\u00e9via autoriza\u00e7\u00e3o de seus pais e respons\u00e1veis\u201d, sem definir, por\u00e9m, o que seria essa ideologia em si.<\/p>\n<p>A falta de pol\u00edticas p\u00fablicas e os desafios na capta\u00e7\u00e3o de recursos para manter organiza\u00e7\u00f5es voltadas a essa comunidade s\u00e3o outros problemas recorrentes identificados pela pesquisa do\u00a0<strong>Projeto Pajub\u00e1<\/strong>.<\/p>\n<p><strong>Roberta Fernandes<\/strong>, presidente da\u00a0<strong>Associa\u00e7\u00e3o de Travestis, Transexuais e Transg\u00eaneros de Goi\u00e1s\u00a0<\/strong>(<strong>Astral<\/strong>), destaca que a articula\u00e7\u00e3o com\u00a0<a href=\"https:\/\/www.ihu.unisinos.br\/categorias\/637394-debates-e-lutas-do-feminismo-latino-americano-artigo-de-silvana-aiudi\" target=\"_blank\" rel=\"noopener noreferrer\">movimentos feministas<\/a>\u00a0\u00e9 essencial para a sobreviv\u00eancia da associa\u00e7\u00e3o, facilitando a capta\u00e7\u00e3o de recursos atrav\u00e9s de organiza\u00e7\u00f5es focadas em mulheres de todos os g\u00eaneros e sexualidades.<\/p>\n<p>Segundo ela, apesar de o\u00a0<strong>estado de Goi\u00e1s<\/strong>\u00a0ter pelo menos 30\u00a0<strong>coletivos<\/strong>\u00a0<strong>LGBTQIA+<\/strong>, apenas a\u00a0<strong>Astral<\/strong>\u00a0e outra organiza\u00e7\u00e3o possuem recursos para manter uma sede fixa.<\/p>\n<p>\u201cTem que se apoiar em movimento feminista para que a associa\u00e7\u00e3o de<a href=\"https:\/\/www.ihu.unisinos.br\/categorias\/160-cepat\/627929-vidas-trans-importam-vozes-trans-importam\" target=\"_blank\" rel=\"noopener noreferrer\">\u00a0travestis e transexuais<\/a>\u00a0tenha um lugar para atendimento. Porque se voc\u00ea pegar a palavra travestis e transexuais, os pol\u00edticos n\u00e3o atendem\u201d, explica.<\/p>\n","protected":false},"excerpt":{"rendered":"<p>Rep\u00f3rter Brasil &#8211; Pesquisa aponta rotina de\u00a0discrimina\u00e7\u00e3o da popula\u00e7\u00e3o LGBTQIA+\u00a0no Centro-Oeste, especialmente em \u00e1reas rurais, e falta de pol\u00edticas p\u00fablicas para combater a viol\u00eancia na regi\u00e3o.<\/p>\n","protected":false},"author":1,"featured_media":0,"comment_status":"closed","ping_status":"open","sticky":false,"template":"","format":"standard","meta":{"_exactmetrics_skip_tracking":false,"_exactmetrics_sitenote_active":false,"_exactmetrics_sitenote_note":"","_exactmetrics_sitenote_category":0,"jetpack_post_was_ever_published":false,"_jetpack_newsletter_access":"","_jetpack_dont_email_post_to_subs":false,"_jetpack_newsletter_tier_id":0,"_jetpack_memberships_contains_paywalled_content":false,"_jetpack_memberships_contains_paid_content":false,"footnotes":"","jetpack_publicize_message":"","jetpack_publicize_feature_enabled":true,"jetpack_social_post_already_shared":true,"jetpack_social_options":{"image_generator_settings":{"template":"highway","enabled":false},"version":2}},"categories":[1],"tags":[607,723,1030],"class_list":["post-35417","post","type-post","status-publish","format-standard","hentry","category-notas","tag-agro","tag-lgbtqia-2","tag-preconceito"],"jetpack_publicize_connections":[],"jetpack_sharing_enabled":true,"jetpack_featured_media_url":"","jetpack_shortlink":"https:\/\/wp.me\/p7wKYW-9df","jetpack-related-posts":[],"_links":{"self":[{"href":"http:\/\/blogdalucianaoliveira.com.br\/blog\/wp-json\/wp\/v2\/posts\/35417","targetHints":{"allow":["GET"]}}],"collection":[{"href":"http:\/\/blogdalucianaoliveira.com.br\/blog\/wp-json\/wp\/v2\/posts"}],"about":[{"href":"http:\/\/blogdalucianaoliveira.com.br\/blog\/wp-json\/wp\/v2\/types\/post"}],"author":[{"embeddable":true,"href":"http:\/\/blogdalucianaoliveira.com.br\/blog\/wp-json\/wp\/v2\/users\/1"}],"replies":[{"embeddable":true,"href":"http:\/\/blogdalucianaoliveira.com.br\/blog\/wp-json\/wp\/v2\/comments?post=35417"}],"version-history":[{"count":1,"href":"http:\/\/blogdalucianaoliveira.com.br\/blog\/wp-json\/wp\/v2\/posts\/35417\/revisions"}],"predecessor-version":[{"id":35418,"href":"http:\/\/blogdalucianaoliveira.com.br\/blog\/wp-json\/wp\/v2\/posts\/35417\/revisions\/35418"}],"wp:attachment":[{"href":"http:\/\/blogdalucianaoliveira.com.br\/blog\/wp-json\/wp\/v2\/media?parent=35417"}],"wp:term":[{"taxonomy":"category","embeddable":true,"href":"http:\/\/blogdalucianaoliveira.com.br\/blog\/wp-json\/wp\/v2\/categories?post=35417"},{"taxonomy":"post_tag","embeddable":true,"href":"http:\/\/blogdalucianaoliveira.com.br\/blog\/wp-json\/wp\/v2\/tags?post=35417"}],"curies":[{"name":"wp","href":"https:\/\/api.w.org\/{rel}","templated":true}]}}